{"id":1086,"date":"2014-11-17T20:41:39","date_gmt":"2014-11-17T19:41:39","guid":{"rendered":"http:\/\/www.volen.pl\/?p=1086"},"modified":"2014-11-27T19:00:10","modified_gmt":"2014-11-27T18:00:10","slug":"ninka","status":"publish","type":"post","link":"https:\/\/www.volen.pl\/?p=1086","title":{"rendered":"Dzieciaki"},"content":{"rendered":"<p>Cud stworzenia.<\/p>\n<p>Jedyny dost\u0119pny &#8222;od r\u0119ki&#8221;.<\/p>\n<p>Malutka, kruchutka, s\u0142odziutka&#8230; Ninka! I taki\u017c Jasio :)<\/p>\n<p><code>\t\t\t\t\t<div class=\"gallery_box_single\">\n\t\t\t\t\t\t<p class=\"not_found\">Sorry, nothing found.<\/p>\n\t\t\t\t\t<\/div><!-- .gallery_box_single -->\n\t\t\t\t\t<\/code><\/p>\n<p>&nbsp;<\/p>\n","protected":false},"excerpt":{"rendered":"<p>Cud stworzenia. Jedyny dost\u0119pny &#8222;od r\u0119ki&#8221;. Malutka, kruchutka, s\u0142odziutka&#8230; Ninka! I taki\u017c Jasio :) &nbsp;<\/p>\n","protected":false},"author":1,"featured_media":1081,"comment_status":"closed","ping_status":"closed","sticky":false,"template":"","format":"standard","meta":{"_crdt_document":"","jetpack_post_was_ever_published":false,"_jetpack_newsletter_access":"","_jetpack_dont_email_post_to_subs":false,"_jetpack_newsletter_tier_id":0,"_jetpack_memberships_contains_paywalled_content":false,"_jetpack_memberships_contains_paid_content":false,"footnotes":"","jetpack_publicize_message":"","jetpack_publicize_feature_enabled":true,"jetpack_social_post_already_shared":true,"jetpack_social_options":{"image_generator_settings":{"template":"highway","default_image_id":0,"font":"","enabled":false},"version":2}},"categories":[18],"tags":[204,21,173,120],"class_list":["post-1086","post","type-post","status-publish","format-standard","has-post-thumbnail","hentry","category-dreptak","tag-dreptak","tag-dzieci","tag-ninka","tag-portret","excerpt","zoom","full-without-featured","even","excerpt-0"],"jetpack_publicize_connections":[],"jetpack_featured_media_url":"https:\/\/i0.wp.com\/www.volen.pl\/wp-content\/uploads\/2014\/11\/nogossak-_DSC2547s.jpg?fit=1976%2C1309&ssl=1","jetpack_shortlink":"https:\/\/wp.me\/s4lAri-ninka","jetpack_sharing_enabled":true,"jetpack-related-posts":[{"id":615,"url":"https:\/\/www.volen.pl\/?p=615","url_meta":{"origin":1086,"position":0},"title":"choco","author":"volen","date":"2014-09-27","format":"gallery","excerpt":"","rel":"","context":"W \u201edreptak&quot;","block_context":{"text":"dreptak","link":"https:\/\/www.volen.pl\/?cat=18"},"img":{"alt_text":"","src":"https:\/\/i0.wp.com\/www.volen.pl\/wp-content\/uploads\/2014\/09\/zakole-bursztyn-_DSC3064s.jpg?fit=1200%2C795&ssl=1&resize=350%2C200","width":350,"height":200,"srcset":"https:\/\/i0.wp.com\/www.volen.pl\/wp-content\/uploads\/2014\/09\/zakole-bursztyn-_DSC3064s.jpg?fit=1200%2C795&ssl=1&resize=350%2C200 1x, https:\/\/i0.wp.com\/www.volen.pl\/wp-content\/uploads\/2014\/09\/zakole-bursztyn-_DSC3064s.jpg?fit=1200%2C795&ssl=1&resize=525%2C300 1.5x, https:\/\/i0.wp.com\/www.volen.pl\/wp-content\/uploads\/2014\/09\/zakole-bursztyn-_DSC3064s.jpg?fit=1200%2C795&ssl=1&resize=700%2C400 2x, https:\/\/i0.wp.com\/www.volen.pl\/wp-content\/uploads\/2014\/09\/zakole-bursztyn-_DSC3064s.jpg?fit=1200%2C795&ssl=1&resize=1050%2C600 3x"},"classes":[]},{"id":112,"url":"https:\/\/www.volen.pl\/?p=112","url_meta":{"origin":1086,"position":1},"title":"Sobieszewo","author":"volen","date":"2014-02-14","format":"gallery","excerpt":"","rel":"","context":"W \u201edreptak&quot;","block_context":{"text":"dreptak","link":"https:\/\/www.volen.pl\/?cat=18"},"img":{"alt_text":"","src":"https:\/\/i0.wp.com\/www.volen.pl\/wp-content\/uploads\/2014\/02\/Sobieszewo-trzcina-_DSC1294.jpg?fit=1200%2C795&ssl=1&resize=350%2C200","width":350,"height":200,"srcset":"https:\/\/i0.wp.com\/www.volen.pl\/wp-content\/uploads\/2014\/02\/Sobieszewo-trzcina-_DSC1294.jpg?fit=1200%2C795&ssl=1&resize=350%2C200 1x, https:\/\/i0.wp.com\/www.volen.pl\/wp-content\/uploads\/2014\/02\/Sobieszewo-trzcina-_DSC1294.jpg?fit=1200%2C795&ssl=1&resize=525%2C300 1.5x, https:\/\/i0.wp.com\/www.volen.pl\/wp-content\/uploads\/2014\/02\/Sobieszewo-trzcina-_DSC1294.jpg?fit=1200%2C795&ssl=1&resize=700%2C400 2x, https:\/\/i0.wp.com\/www.volen.pl\/wp-content\/uploads\/2014\/02\/Sobieszewo-trzcina-_DSC1294.jpg?fit=1200%2C795&ssl=1&resize=1050%2C600 3x"},"classes":[]},{"id":1092,"url":"https:\/\/www.volen.pl\/?p=1092","url_meta":{"origin":1086,"position":2},"title":"Portrety","author":"volen","date":"2014-11-20","format":false,"excerpt":"","rel":"","context":"W \u201edreptak&quot;","block_context":{"text":"dreptak","link":"https:\/\/www.volen.pl\/?cat=18"},"img":{"alt_text":"","src":"https:\/\/i0.wp.com\/www.volen.pl\/wp-content\/uploads\/2014\/11\/bandw_DSC_7373.jpg?fit=1200%2C803&ssl=1&resize=350%2C200","width":350,"height":200,"srcset":"https:\/\/i0.wp.com\/www.volen.pl\/wp-content\/uploads\/2014\/11\/bandw_DSC_7373.jpg?fit=1200%2C803&ssl=1&resize=350%2C200 1x, https:\/\/i0.wp.com\/www.volen.pl\/wp-content\/uploads\/2014\/11\/bandw_DSC_7373.jpg?fit=1200%2C803&ssl=1&resize=525%2C300 1.5x, https:\/\/i0.wp.com\/www.volen.pl\/wp-content\/uploads\/2014\/11\/bandw_DSC_7373.jpg?fit=1200%2C803&ssl=1&resize=700%2C400 2x, https:\/\/i0.wp.com\/www.volen.pl\/wp-content\/uploads\/2014\/11\/bandw_DSC_7373.jpg?fit=1200%2C803&ssl=1&resize=1050%2C600 3x"},"classes":[]},{"id":1101,"url":"https:\/\/www.volen.pl\/?p=1101","url_meta":{"origin":1086,"position":3},"title":"krajobrazy","author":"volen","date":"2014-11-30","format":false,"excerpt":"","rel":"","context":"W \u201edreptak&quot;","block_context":{"text":"dreptak","link":"https:\/\/www.volen.pl\/?cat=18"},"img":{"alt_text":"","src":"https:\/\/i0.wp.com\/www.volen.pl\/wp-content\/uploads\/2014\/11\/tree-trees-_DSC3832c.jpg?fit=1200%2C706&ssl=1&resize=350%2C200","width":350,"height":200,"srcset":"https:\/\/i0.wp.com\/www.volen.pl\/wp-content\/uploads\/2014\/11\/tree-trees-_DSC3832c.jpg?fit=1200%2C706&ssl=1&resize=350%2C200 1x, https:\/\/i0.wp.com\/www.volen.pl\/wp-content\/uploads\/2014\/11\/tree-trees-_DSC3832c.jpg?fit=1200%2C706&ssl=1&resize=525%2C300 1.5x, https:\/\/i0.wp.com\/www.volen.pl\/wp-content\/uploads\/2014\/11\/tree-trees-_DSC3832c.jpg?fit=1200%2C706&ssl=1&resize=700%2C400 2x, https:\/\/i0.wp.com\/www.volen.pl\/wp-content\/uploads\/2014\/11\/tree-trees-_DSC3832c.jpg?fit=1200%2C706&ssl=1&resize=1050%2C600 3x"},"classes":[]},{"id":104,"url":"https:\/\/www.volen.pl\/?p=104","url_meta":{"origin":1086,"position":4},"title":"Skrzyczne","author":"volen","date":"2014-02-14","format":"gallery","excerpt":"","rel":"","context":"W \u201edreptak&quot;","block_context":{"text":"dreptak","link":"https:\/\/www.volen.pl\/?cat=18"},"img":{"alt_text":"","src":"https:\/\/i0.wp.com\/www.volen.pl\/wp-content\/uploads\/2014\/02\/Skrzyczne-2014-_DSC0672.jpg?fit=1200%2C795&ssl=1&resize=350%2C200","width":350,"height":200,"srcset":"https:\/\/i0.wp.com\/www.volen.pl\/wp-content\/uploads\/2014\/02\/Skrzyczne-2014-_DSC0672.jpg?fit=1200%2C795&ssl=1&resize=350%2C200 1x, https:\/\/i0.wp.com\/www.volen.pl\/wp-content\/uploads\/2014\/02\/Skrzyczne-2014-_DSC0672.jpg?fit=1200%2C795&ssl=1&resize=525%2C300 1.5x, https:\/\/i0.wp.com\/www.volen.pl\/wp-content\/uploads\/2014\/02\/Skrzyczne-2014-_DSC0672.jpg?fit=1200%2C795&ssl=1&resize=700%2C400 2x, https:\/\/i0.wp.com\/www.volen.pl\/wp-content\/uploads\/2014\/02\/Skrzyczne-2014-_DSC0672.jpg?fit=1200%2C795&ssl=1&resize=1050%2C600 3x"},"classes":[]},{"id":536,"url":"https:\/\/www.volen.pl\/?p=536","url_meta":{"origin":1086,"position":5},"title":"no title \/ bez tytu\u0142u","author":"volen","date":"2014-05-04","format":"gallery","excerpt":"","rel":"","context":"W \u201edreptak&quot;","block_context":{"text":"dreptak","link":"https:\/\/www.volen.pl\/?cat=18"},"img":{"alt_text":"","src":"https:\/\/i0.wp.com\/www.volen.pl\/wp-content\/uploads\/2014\/05\/drzewo-rodzinne-_DSC0621.jpg?fit=1200%2C795&ssl=1&resize=350%2C200","width":350,"height":200,"srcset":"https:\/\/i0.wp.com\/www.volen.pl\/wp-content\/uploads\/2014\/05\/drzewo-rodzinne-_DSC0621.jpg?fit=1200%2C795&ssl=1&resize=350%2C200 1x, https:\/\/i0.wp.com\/www.volen.pl\/wp-content\/uploads\/2014\/05\/drzewo-rodzinne-_DSC0621.jpg?fit=1200%2C795&ssl=1&resize=525%2C300 1.5x, https:\/\/i0.wp.com\/www.volen.pl\/wp-content\/uploads\/2014\/05\/drzewo-rodzinne-_DSC0621.jpg?fit=1200%2C795&ssl=1&resize=700%2C400 2x, https:\/\/i0.wp.com\/www.volen.pl\/wp-content\/uploads\/2014\/05\/drzewo-rodzinne-_DSC0621.jpg?fit=1200%2C795&ssl=1&resize=1050%2C600 3x"},"classes":[]}],"_links":{"self":[{"href":"https:\/\/www.volen.pl\/index.php?rest_route=\/wp\/v2\/posts\/1086","targetHints":{"allow":["GET"]}}],"collection":[{"href":"https:\/\/www.volen.pl\/index.php?rest_route=\/wp\/v2\/posts"}],"about":[{"href":"https:\/\/www.volen.pl\/index.php?rest_route=\/wp\/v2\/types\/post"}],"author":[{"embeddable":true,"href":"https:\/\/www.volen.pl\/index.php?rest_route=\/wp\/v2\/users\/1"}],"replies":[{"embeddable":true,"href":"https:\/\/www.volen.pl\/index.php?rest_route=%2Fwp%2Fv2%2Fcomments&post=1086"}],"version-history":[{"count":2,"href":"https:\/\/www.volen.pl\/index.php?rest_route=\/wp\/v2\/posts\/1086\/revisions"}],"predecessor-version":[{"id":1097,"href":"https:\/\/www.volen.pl\/index.php?rest_route=\/wp\/v2\/posts\/1086\/revisions\/1097"}],"wp:featuredmedia":[{"embeddable":true,"href":"https:\/\/www.volen.pl\/index.php?rest_route=\/wp\/v2\/media\/1081"}],"wp:attachment":[{"href":"https:\/\/www.volen.pl\/index.php?rest_route=%2Fwp%2Fv2%2Fmedia&parent=1086"}],"wp:term":[{"taxonomy":"category","embeddable":true,"href":"https:\/\/www.volen.pl\/index.php?rest_route=%2Fwp%2Fv2%2Fcategories&post=1086"},{"taxonomy":"post_tag","embeddable":true,"href":"https:\/\/www.volen.pl\/index.php?rest_route=%2Fwp%2Fv2%2Ftags&post=1086"}],"curies":[{"name":"wp","href":"https:\/\/api.w.org\/{rel}","templated":true}]}}