{"id":1092,"date":"2014-11-20T19:08:41","date_gmt":"2014-11-20T18:08:41","guid":{"rendered":"http:\/\/www.volen.pl\/?p=1092"},"modified":"2014-11-20T19:08:41","modified_gmt":"2014-11-20T18:08:41","slug":"portrety","status":"publish","type":"post","link":"https:\/\/www.volen.pl\/?p=1092","title":{"rendered":"Portrety"},"content":{"rendered":"<p><code>\t\t\t\t\t<div class=\"gallery_box_single\">\n\t\t\t\t\t\t<p class=\"not_found\">Sorry, nothing found.<\/p>\n\t\t\t\t\t<\/div><!-- .gallery_box_single -->\n\t\t\t\t\t<\/code><\/p>\n","protected":false},"excerpt":{"rendered":"","protected":false},"author":1,"featured_media":1090,"comment_status":"closed","ping_status":"closed","sticky":false,"template":"","format":"standard","meta":{"_crdt_document":"","jetpack_post_was_ever_published":false,"_jetpack_newsletter_access":"","_jetpack_dont_email_post_to_subs":false,"_jetpack_newsletter_tier_id":0,"_jetpack_memberships_contains_paywalled_content":false,"_jetpack_memberships_contains_paid_content":false,"footnotes":"","jetpack_publicize_message":"","jetpack_publicize_feature_enabled":true,"jetpack_social_post_already_shared":true,"jetpack_social_options":{"image_generator_settings":{"template":"highway","default_image_id":0,"font":"","enabled":false},"version":2}},"categories":[18],"tags":[95,112,120],"class_list":["post-1092","post","type-post","status-publish","format-standard","has-post-thumbnail","hentry","category-dreptak","tag-ania","tag-blackandwhite","tag-portret","excerpt","zoom","full-without-featured","even","excerpt-0"],"jetpack_publicize_connections":[],"jetpack_featured_media_url":"https:\/\/i0.wp.com\/www.volen.pl\/wp-content\/uploads\/2014\/11\/bandw_DSC_7373.jpg?fit=1976%2C1323&ssl=1","jetpack_shortlink":"https:\/\/wp.me\/s4lAri-portrety","jetpack_sharing_enabled":true,"jetpack-related-posts":[{"id":1101,"url":"https:\/\/www.volen.pl\/?p=1101","url_meta":{"origin":1092,"position":0},"title":"krajobrazy","author":"volen","date":"2014-11-30","format":false,"excerpt":"","rel":"","context":"W \u201edreptak&quot;","block_context":{"text":"dreptak","link":"https:\/\/www.volen.pl\/?cat=18"},"img":{"alt_text":"","src":"https:\/\/i0.wp.com\/www.volen.pl\/wp-content\/uploads\/2014\/11\/tree-trees-_DSC3832c.jpg?fit=1200%2C706&ssl=1&resize=350%2C200","width":350,"height":200,"srcset":"https:\/\/i0.wp.com\/www.volen.pl\/wp-content\/uploads\/2014\/11\/tree-trees-_DSC3832c.jpg?fit=1200%2C706&ssl=1&resize=350%2C200 1x, https:\/\/i0.wp.com\/www.volen.pl\/wp-content\/uploads\/2014\/11\/tree-trees-_DSC3832c.jpg?fit=1200%2C706&ssl=1&resize=525%2C300 1.5x, https:\/\/i0.wp.com\/www.volen.pl\/wp-content\/uploads\/2014\/11\/tree-trees-_DSC3832c.jpg?fit=1200%2C706&ssl=1&resize=700%2C400 2x, https:\/\/i0.wp.com\/www.volen.pl\/wp-content\/uploads\/2014\/11\/tree-trees-_DSC3832c.jpg?fit=1200%2C706&ssl=1&resize=1050%2C600 3x"},"classes":[]},{"id":1086,"url":"https:\/\/www.volen.pl\/?p=1086","url_meta":{"origin":1092,"position":1},"title":"Dzieciaki","author":"volen","date":"2014-11-17","format":false,"excerpt":"Cud stworzenia. Jedyny dost\u0119pny \"od r\u0119ki\". Malutka, kruchutka, s\u0142odziutka... Ninka! I taki\u017c Jasio :) \u00a0","rel":"","context":"W \u201edreptak&quot;","block_context":{"text":"dreptak","link":"https:\/\/www.volen.pl\/?cat=18"},"img":{"alt_text":"","src":"https:\/\/i0.wp.com\/www.volen.pl\/wp-content\/uploads\/2014\/11\/nogossak-_DSC2547s.jpg?fit=1200%2C795&ssl=1&resize=350%2C200","width":350,"height":200,"srcset":"https:\/\/i0.wp.com\/www.volen.pl\/wp-content\/uploads\/2014\/11\/nogossak-_DSC2547s.jpg?fit=1200%2C795&ssl=1&resize=350%2C200 1x, https:\/\/i0.wp.com\/www.volen.pl\/wp-content\/uploads\/2014\/11\/nogossak-_DSC2547s.jpg?fit=1200%2C795&ssl=1&resize=525%2C300 1.5x, https:\/\/i0.wp.com\/www.volen.pl\/wp-content\/uploads\/2014\/11\/nogossak-_DSC2547s.jpg?fit=1200%2C795&ssl=1&resize=700%2C400 2x, https:\/\/i0.wp.com\/www.volen.pl\/wp-content\/uploads\/2014\/11\/nogossak-_DSC2547s.jpg?fit=1200%2C795&ssl=1&resize=1050%2C600 3x"},"classes":[]},{"id":1067,"url":"https:\/\/www.volen.pl\/?p=1067","url_meta":{"origin":1092,"position":2},"title":"martwy dom","author":"volen","date":"2014-11-16","format":false,"excerpt":"Pi\u0119kny drewniany dom, miejsce niegdy\u015b t\u0119tni\u0105ce \u017cyciem, dzi\u015b popadaj\u0105cy z wolna w ruin\u0119: porozbijane szyby, wyrwane drzwi i pod\u0142ogi, wal\u0105ce si\u0119 \u015bciany - doskona\u0142e miejsce na szybk\u0105 sesj\u0119. Nie psujcie opuszczonych dom\u00f3w... \u00a0","rel":"","context":"W \u201eschizofretka&quot;","block_context":{"text":"schizofretka","link":"https:\/\/www.volen.pl\/?cat=4"},"img":{"alt_text":"","src":"https:\/\/i0.wp.com\/www.volen.pl\/wp-content\/uploads\/2014\/11\/DSC2811s.jpg?fit=1200%2C795&ssl=1&resize=350%2C200","width":350,"height":200,"srcset":"https:\/\/i0.wp.com\/www.volen.pl\/wp-content\/uploads\/2014\/11\/DSC2811s.jpg?fit=1200%2C795&ssl=1&resize=350%2C200 1x, https:\/\/i0.wp.com\/www.volen.pl\/wp-content\/uploads\/2014\/11\/DSC2811s.jpg?fit=1200%2C795&ssl=1&resize=525%2C300 1.5x, https:\/\/i0.wp.com\/www.volen.pl\/wp-content\/uploads\/2014\/11\/DSC2811s.jpg?fit=1200%2C795&ssl=1&resize=700%2C400 2x, https:\/\/i0.wp.com\/www.volen.pl\/wp-content\/uploads\/2014\/11\/DSC2811s.jpg?fit=1200%2C795&ssl=1&resize=1050%2C600 3x"},"classes":[]},{"id":528,"url":"https:\/\/www.volen.pl\/?p=528","url_meta":{"origin":1092,"position":3},"title":"Wielka Sobota","author":"volen","date":"2014-04-20","format":false,"excerpt":"Po porannym wy\u015bwi\u0119ceniu jajeczek przyszed\u0142 czas na spacerek w czerni i bieli...","rel":"","context":"W \u201edreptak&quot;","block_context":{"text":"dreptak","link":"https:\/\/www.volen.pl\/?cat=18"},"img":{"alt_text":"","src":"https:\/\/i0.wp.com\/www.volen.pl\/wp-content\/uploads\/2014\/04\/DSC8997_small.jpg?fit=1200%2C795&ssl=1&resize=350%2C200","width":350,"height":200,"srcset":"https:\/\/i0.wp.com\/www.volen.pl\/wp-content\/uploads\/2014\/04\/DSC8997_small.jpg?fit=1200%2C795&ssl=1&resize=350%2C200 1x, https:\/\/i0.wp.com\/www.volen.pl\/wp-content\/uploads\/2014\/04\/DSC8997_small.jpg?fit=1200%2C795&ssl=1&resize=525%2C300 1.5x, https:\/\/i0.wp.com\/www.volen.pl\/wp-content\/uploads\/2014\/04\/DSC8997_small.jpg?fit=1200%2C795&ssl=1&resize=700%2C400 2x, https:\/\/i0.wp.com\/www.volen.pl\/wp-content\/uploads\/2014\/04\/DSC8997_small.jpg?fit=1200%2C795&ssl=1&resize=1050%2C600 3x"},"classes":[]},{"id":597,"url":"https:\/\/www.volen.pl\/?p=597","url_meta":{"origin":1092,"position":4},"title":"dreamin&#8217; of a summer love","author":"volen","date":"2014-09-02","format":"gallery","excerpt":"Co tu du\u017co m\u00f3wi\u0107. Czasem los jest dla nas \u0142askawy i opr\u00f3cz k\u0142\u00f3d, pod nogi rzuca nam te\u017c anio\u0142a.","rel":"","context":"W \u201edreptak&quot;","block_context":{"text":"dreptak","link":"https:\/\/www.volen.pl\/?cat=18"},"img":{"alt_text":"","src":"https:\/\/i0.wp.com\/www.volen.pl\/wp-content\/uploads\/2014\/09\/wspomnienie-lata-_DSC8092s.jpg?fit=1200%2C1200&ssl=1&resize=350%2C200","width":350,"height":200,"srcset":"https:\/\/i0.wp.com\/www.volen.pl\/wp-content\/uploads\/2014\/09\/wspomnienie-lata-_DSC8092s.jpg?fit=1200%2C1200&ssl=1&resize=350%2C200 1x, https:\/\/i0.wp.com\/www.volen.pl\/wp-content\/uploads\/2014\/09\/wspomnienie-lata-_DSC8092s.jpg?fit=1200%2C1200&ssl=1&resize=525%2C300 1.5x, https:\/\/i0.wp.com\/www.volen.pl\/wp-content\/uploads\/2014\/09\/wspomnienie-lata-_DSC8092s.jpg?fit=1200%2C1200&ssl=1&resize=700%2C400 2x, https:\/\/i0.wp.com\/www.volen.pl\/wp-content\/uploads\/2014\/09\/wspomnienie-lata-_DSC8092s.jpg?fit=1200%2C1200&ssl=1&resize=1050%2C600 3x"},"classes":[]},{"id":574,"url":"https:\/\/www.volen.pl\/?p=574","url_meta":{"origin":1092,"position":5},"title":"Zosia","author":"volen","date":"2014-07-01","format":false,"excerpt":"by\u0142 pi\u0119kny dzie\u0144, s\u0142o\u0144ce \u015bwieci\u0142o, deszcz pada\u0142, wiatr powiewa\u0142 uroczo kosmykami w\u0142os\u00f3w a my, zanurzeni w bezmiarze przestrzeni, kradli\u015bmy przyrodzie to, co najlepsze oto moja ju\u017cNieTakaMalusia Zosia kochany szkrabek, lat 7 i troch\u0119, par\u0119 z\u0119b\u00f3w, czekoladowe oczy i serce pe\u0142ne mi\u0142o\u015bci dziecko zmienia si\u0119 niezauwa\u017cenie, podczas gdy my wci\u0105\u017c staramy\u2026","rel":"","context":"W \u201edreptak&quot;","block_context":{"text":"dreptak","link":"https:\/\/www.volen.pl\/?cat=18"},"img":{"alt_text":"","src":"https:\/\/i0.wp.com\/www.volen.pl\/wp-content\/uploads\/2014\/07\/wietrzny-portret-_DSC3662s.jpg?fit=1200%2C795&ssl=1&resize=350%2C200","width":350,"height":200,"srcset":"https:\/\/i0.wp.com\/www.volen.pl\/wp-content\/uploads\/2014\/07\/wietrzny-portret-_DSC3662s.jpg?fit=1200%2C795&ssl=1&resize=350%2C200 1x, https:\/\/i0.wp.com\/www.volen.pl\/wp-content\/uploads\/2014\/07\/wietrzny-portret-_DSC3662s.jpg?fit=1200%2C795&ssl=1&resize=525%2C300 1.5x, https:\/\/i0.wp.com\/www.volen.pl\/wp-content\/uploads\/2014\/07\/wietrzny-portret-_DSC3662s.jpg?fit=1200%2C795&ssl=1&resize=700%2C400 2x, https:\/\/i0.wp.com\/www.volen.pl\/wp-content\/uploads\/2014\/07\/wietrzny-portret-_DSC3662s.jpg?fit=1200%2C795&ssl=1&resize=1050%2C600 3x"},"classes":[]}],"_links":{"self":[{"href":"https:\/\/www.volen.pl\/index.php?rest_route=\/wp\/v2\/posts\/1092","targetHints":{"allow":["GET"]}}],"collection":[{"href":"https:\/\/www.volen.pl\/index.php?rest_route=\/wp\/v2\/posts"}],"about":[{"href":"https:\/\/www.volen.pl\/index.php?rest_route=\/wp\/v2\/types\/post"}],"author":[{"embeddable":true,"href":"https:\/\/www.volen.pl\/index.php?rest_route=\/wp\/v2\/users\/1"}],"replies":[{"embeddable":true,"href":"https:\/\/www.volen.pl\/index.php?rest_route=%2Fwp%2Fv2%2Fcomments&post=1092"}],"version-history":[{"count":1,"href":"https:\/\/www.volen.pl\/index.php?rest_route=\/wp\/v2\/posts\/1092\/revisions"}],"predecessor-version":[{"id":1093,"href":"https:\/\/www.volen.pl\/index.php?rest_route=\/wp\/v2\/posts\/1092\/revisions\/1093"}],"wp:featuredmedia":[{"embeddable":true,"href":"https:\/\/www.volen.pl\/index.php?rest_route=\/wp\/v2\/media\/1090"}],"wp:attachment":[{"href":"https:\/\/www.volen.pl\/index.php?rest_route=%2Fwp%2Fv2%2Fmedia&parent=1092"}],"wp:term":[{"taxonomy":"category","embeddable":true,"href":"https:\/\/www.volen.pl\/index.php?rest_route=%2Fwp%2Fv2%2Fcategories&post=1092"},{"taxonomy":"post_tag","embeddable":true,"href":"https:\/\/www.volen.pl\/index.php?rest_route=%2Fwp%2Fv2%2Ftags&post=1092"}],"curies":[{"name":"wp","href":"https:\/\/api.w.org\/{rel}","templated":true}]}}