{"id":1231,"date":"2015-05-27T19:40:58","date_gmt":"2015-05-27T17:40:58","guid":{"rendered":"http:\/\/www.volen.pl\/?p=1231"},"modified":"2015-05-27T19:46:18","modified_gmt":"2015-05-27T17:46:18","slug":"malta","status":"publish","type":"post","link":"https:\/\/www.volen.pl\/?p=1231","title":{"rendered":"Malta"},"content":{"rendered":"<p>Ostatnimi czasy wypadli\u015bmy na Malt\u0119. W\u0142a\u015bciwie, by odpocz\u0105\u0107, ale podobnie, jak ka\u017cdy szanuj\u0105cy si\u0119 alkoholik zawsze znajdzie okazj\u0119, by wypi\u0107, tak i ja znalaz\u0142em okazj\u0119 do porobienia zdj\u0119\u0107.<\/p>\n<p>Otrzyma\u0142em od redakcji fotopolis.pl do przetestowania obiektyw Tamron 16-300 mm f\/3.5-6.3 Di II VC PZD MACRO, kt\u00f3ry przypi\u0105\u0142em do aparatu i&#8230; testowa\u0142em. Ju\u017c nied\u0142ugo &#8211; mam nadziej\u0119, uka\u017ce si\u0119 tam m\u00f3j artyku\u0142 i wra\u017cenia zwi\u0105zane z u\u017cytkowaniem tego obiektywu, o czym, w pr\u00f3\u017cno\u015bci swojej, nie omieszkam poinformowa\u0107 :)<\/p>\n<p>Za\u015b co do samej Malty&#8230;<\/p>\n<p>Cho\u0107bym nawet i bardzo chcia\u0142, na Malcie ciekawa jest tylko natura, a i to wy\u0142\u0105cznie ta, kt\u00f3ra tapla si\u0119 na skraju morza. Czasem, bardzo wyj\u0105tkowo, zachwyci umiarkowanie architektura&#8230;<\/p>\n<p>Jestem taki <span id=\"result_box\" class=\"short_text\" lang=\"fr\"><span class=\"hps\">blas\u00e9<\/span><\/span>&#8230;<\/p>\n<p>[Best_Wordpress_Gallery id=&#8221;20&#8243; gal_title=&#8221;nawariata: Malta&#8221;]<\/p>\n","protected":false},"excerpt":{"rendered":"<p>Ostatnimi czasy wypadli\u015bmy na Malt\u0119. W\u0142a\u015bciwie, by odpocz\u0105\u0107, ale podobnie, jak ka\u017cdy szanuj\u0105cy si\u0119 alkoholik&#8230;<\/p>\n<div class=\"more-link-wrapper\"><a class=\"more-link\" href=\"https:\/\/www.volen.pl\/?p=1231\">Read the post<span class=\"screen-reader-text\">Malta<\/span><\/a><\/div>\n","protected":false},"author":1,"featured_media":1232,"comment_status":"closed","ping_status":"closed","sticky":false,"template":"","format":"standard","meta":{"_crdt_document":"","jetpack_post_was_ever_published":false,"_jetpack_newsletter_access":"","_jetpack_dont_email_post_to_subs":false,"_jetpack_newsletter_tier_id":0,"_jetpack_memberships_contains_paywalled_content":false,"_jetpack_memberships_contains_paid_content":false,"footnotes":"","jetpack_publicize_message":"","jetpack_publicize_feature_enabled":true,"jetpack_social_post_already_shared":true,"jetpack_social_options":{"image_generator_settings":{"template":"highway","default_image_id":0,"font":"","enabled":false},"version":2}},"categories":[190,93],"tags":[192,191,205,193],"class_list":["post-1231","post","type-post","status-publish","format-standard","has-post-thumbnail","hentry","category-malta","category-nawariata","tag-192","tag-malta","tag-nawariata","tag-tamron","excerpt","zoom","full-without-featured","even","excerpt-0"],"jetpack_publicize_connections":[],"jetpack_featured_media_url":"https:\/\/i0.wp.com\/www.volen.pl\/wp-content\/uploads\/2015\/05\/DSC2841.jpg?fit=1922%2C1273&ssl=1","jetpack_shortlink":"https:\/\/wp.me\/s4lAri-malta","jetpack_sharing_enabled":true,"jetpack-related-posts":[{"id":2584,"url":"https:\/\/www.volen.pl\/?p=2584","url_meta":{"origin":1231,"position":0},"title":"Kanion Szary\u0144ski","author":"volen","date":"2018-06-21","format":false,"excerpt":"W zasadzie ca\u0142y ten dzie\u0144 up\u0142yn\u0105\u0142 pod znakiem kanionu Szary\u0144skiego. Pi\u0119kne miejsce, warte odwiedzenia. Przy wyje\u017adzie spotkali\u015bmy dw\u00f3ch Polak\u00f3w na motorach, troch\u0119 pogadali\u015bmy i pop\u0119dzili\u015bmy w stron\u0119 granicy z Rosj\u0105. Nocleg, po\u0142\u0105czony z nieudan\u0105 pr\u00f3b\u0105 sklejenia zawiasu klapy, zrobili\u015bmy na polu nale\u017c\u0105cym do jakiej\u015b modliszki. Nie chcia\u0142a si\u0119 ode mnie\u2026","rel":"","context":"W \u201enawariata&quot;","block_context":{"text":"nawariata","link":"https:\/\/www.volen.pl\/?cat=93"},"img":{"alt_text":"","src":"https:\/\/i0.wp.com\/www.volen.pl\/wp-content\/uploads\/2018\/06\/20180603_192034.jpg?fit=1200%2C600&ssl=1&resize=350%2C200","width":350,"height":200,"srcset":"https:\/\/i0.wp.com\/www.volen.pl\/wp-content\/uploads\/2018\/06\/20180603_192034.jpg?fit=1200%2C600&ssl=1&resize=350%2C200 1x, https:\/\/i0.wp.com\/www.volen.pl\/wp-content\/uploads\/2018\/06\/20180603_192034.jpg?fit=1200%2C600&ssl=1&resize=525%2C300 1.5x, https:\/\/i0.wp.com\/www.volen.pl\/wp-content\/uploads\/2018\/06\/20180603_192034.jpg?fit=1200%2C600&ssl=1&resize=700%2C400 2x, https:\/\/i0.wp.com\/www.volen.pl\/wp-content\/uploads\/2018\/06\/20180603_192034.jpg?fit=1200%2C600&ssl=1&resize=1050%2C600 3x"},"classes":[]},{"id":244,"url":"https:\/\/www.volen.pl\/?p=244","url_meta":{"origin":1231,"position":1},"title":"Ryga","author":"volen","date":"2012-10-03","format":false,"excerpt":"Po wyj\u015bciu z samolotu zrobili\u015bmy zrzut\u0119 z dwiema Rosjankami na taks\u00f3wk\u0119 do centrum miasta. Mamy par\u0119 godzin przed lotem do Tbilisi. W Rydze, do\u015b\u0107 tradycyjnie dla mnie, spotka\u0142em mojego nowego przyjaciela, bardzo potrzebuj\u0105cego wsparcia finansowego. Zgodzi\u0142 si\u0119 uprzejmie na zdj\u0119cia, wi\u0119c mam go ustrzelonego na wieki :) Podczas wa\u0142\u0119sania si\u0119\u2026","rel":"","context":"W \u201e7000km - 2012&quot;","block_context":{"text":"7000km - 2012","link":"https:\/\/www.volen.pl\/?cat=135"},"img":{"alt_text":"","src":"https:\/\/i0.wp.com\/www.volen.pl\/wp-content\/uploads\/2012\/10\/DSC_5998.jpg?fit=1200%2C795&ssl=1&resize=350%2C200","width":350,"height":200,"srcset":"https:\/\/i0.wp.com\/www.volen.pl\/wp-content\/uploads\/2012\/10\/DSC_5998.jpg?fit=1200%2C795&ssl=1&resize=350%2C200 1x, https:\/\/i0.wp.com\/www.volen.pl\/wp-content\/uploads\/2012\/10\/DSC_5998.jpg?fit=1200%2C795&ssl=1&resize=525%2C300 1.5x, https:\/\/i0.wp.com\/www.volen.pl\/wp-content\/uploads\/2012\/10\/DSC_5998.jpg?fit=1200%2C795&ssl=1&resize=700%2C400 2x, https:\/\/i0.wp.com\/www.volen.pl\/wp-content\/uploads\/2012\/10\/DSC_5998.jpg?fit=1200%2C795&ssl=1&resize=1050%2C600 3x"},"classes":[]},{"id":2535,"url":"https:\/\/www.volen.pl\/?p=2535","url_meta":{"origin":1231,"position":2},"title":"Put&#8217; mat&#8217; czertowa","author":"volen","date":"2018-06-15","format":false,"excerpt":"Pojechali\u015bmy do Kyzy\u0142ordy, gdzie znowu mieli\u015bmy przygody z policj\u0105, ale w ko\u0144cu pojechali\u015bmy wzd\u0142u\u017c po\u0142udniowej granicy Kazachstanu na wsch\u00f3d. Generalnie Kazaki to spoko ch\u0142opy, \u017caden nie garnie si\u0119 do roboty, byle odsun\u0105\u0107 od siebie - w ten spos\u00f3b ostateczne rozdanie odb\u0119dzie si\u0119 na granicy. Zobaczymy. Dzie\u0144 drogowy. Asfalt i my.\u2026","rel":"","context":"W \u201enawariata&quot;","block_context":{"text":"nawariata","link":"https:\/\/www.volen.pl\/?cat=93"},"img":{"alt_text":"","src":"https:\/\/i0.wp.com\/www.volen.pl\/wp-content\/uploads\/2018\/06\/20180601_132216.jpg?fit=1200%2C600&ssl=1&resize=350%2C200","width":350,"height":200,"srcset":"https:\/\/i0.wp.com\/www.volen.pl\/wp-content\/uploads\/2018\/06\/20180601_132216.jpg?fit=1200%2C600&ssl=1&resize=350%2C200 1x, https:\/\/i0.wp.com\/www.volen.pl\/wp-content\/uploads\/2018\/06\/20180601_132216.jpg?fit=1200%2C600&ssl=1&resize=525%2C300 1.5x, https:\/\/i0.wp.com\/www.volen.pl\/wp-content\/uploads\/2018\/06\/20180601_132216.jpg?fit=1200%2C600&ssl=1&resize=700%2C400 2x, https:\/\/i0.wp.com\/www.volen.pl\/wp-content\/uploads\/2018\/06\/20180601_132216.jpg?fit=1200%2C600&ssl=1&resize=1050%2C600 3x"},"classes":[]},{"id":1495,"url":"https:\/\/www.volen.pl\/?p=1495","url_meta":{"origin":1231,"position":3},"title":"Czarny baran","author":"volen","date":"2015-10-08","format":false,"excerpt":"Noc w ko\u0144cu ciep\u0142a. Za to rozbijane po ciemku namioty le\u017ca\u0142y w takich miejscach, \u017ce generalnie nie mo\u017ana by\u0142o przyj\u0105\u0107 wygodnej pozycji. Wyjechali\u015bmy o \u015bwicie (czyli oko\u0142o 9.30) i pami\u0119taj\u0105c z wczoraj pasiek\u0119, pojechali\u015bmy kupi\u0107 miodu. Bardzo smaczny. Zw\u0142aszcza ten z py\u0142kiem kwiatowym w \u015brodku. Kobieta okaza\u0142a si\u0119 oporna na\u2026","rel":"","context":"W \u201ematuszka Rosja&quot;","block_context":{"text":"matuszka Rosja","link":"https:\/\/www.volen.pl\/?cat=210"},"img":{"alt_text":"","src":"https:\/\/i0.wp.com\/www.volen.pl\/wp-content\/uploads\/2015\/10\/VOL3315.jpg?fit=1200%2C795&ssl=1&resize=350%2C200","width":350,"height":200,"srcset":"https:\/\/i0.wp.com\/www.volen.pl\/wp-content\/uploads\/2015\/10\/VOL3315.jpg?fit=1200%2C795&ssl=1&resize=350%2C200 1x, https:\/\/i0.wp.com\/www.volen.pl\/wp-content\/uploads\/2015\/10\/VOL3315.jpg?fit=1200%2C795&ssl=1&resize=525%2C300 1.5x, https:\/\/i0.wp.com\/www.volen.pl\/wp-content\/uploads\/2015\/10\/VOL3315.jpg?fit=1200%2C795&ssl=1&resize=700%2C400 2x, https:\/\/i0.wp.com\/www.volen.pl\/wp-content\/uploads\/2015\/10\/VOL3315.jpg?fit=1200%2C795&ssl=1&resize=1050%2C600 3x"},"classes":[]},{"id":2259,"url":"https:\/\/www.volen.pl\/?p=2259","url_meta":{"origin":1231,"position":4},"title":"Syzyfowe prace","author":"volen","date":"2018-05-17","format":false,"excerpt":"Tak, wiem. Co\u015b mi pad\u0142o na m\u00f3zg z tym s\u0142o\u0144cem. I to wcale nie od gor\u0105ca, ale do rzeczy.Pi\u0119kny wsch\u00f3d s\u0142o\u0144ca.\u0141otwa wsch\u00f3d s\u0142o\u0144ca from Przemys\u0142aw Wollenszleger on Vimeo.Pawe\u0142 wsta\u0142 bardzo rano i dokrzycza\u0142 si\u0119 do mojej \u015bwiadomo\u015bci wystarczaj\u0105co wcze\u015bnie, bym z\u0142apa\u0142 go (wsch\u00f3d, nie Paw\u0142a) obiektywem.Bardzo spokojnie pojechali\u015bmy na przej\u015bcie\u2026","rel":"","context":"W \u201enawariata&quot;","block_context":{"text":"nawariata","link":"https:\/\/www.volen.pl\/?cat=93"},"img":{"alt_text":"","src":"https:\/\/i0.wp.com\/www.volen.pl\/wp-content\/uploads\/2018\/05\/20180517_162354-01.jpeg?fit=1200%2C600&ssl=1&resize=350%2C200","width":350,"height":200,"srcset":"https:\/\/i0.wp.com\/www.volen.pl\/wp-content\/uploads\/2018\/05\/20180517_162354-01.jpeg?fit=1200%2C600&ssl=1&resize=350%2C200 1x, https:\/\/i0.wp.com\/www.volen.pl\/wp-content\/uploads\/2018\/05\/20180517_162354-01.jpeg?fit=1200%2C600&ssl=1&resize=525%2C300 1.5x, https:\/\/i0.wp.com\/www.volen.pl\/wp-content\/uploads\/2018\/05\/20180517_162354-01.jpeg?fit=1200%2C600&ssl=1&resize=700%2C400 2x, https:\/\/i0.wp.com\/www.volen.pl\/wp-content\/uploads\/2018\/05\/20180517_162354-01.jpeg?fit=1200%2C600&ssl=1&resize=1050%2C600 3x"},"classes":[]},{"id":2276,"url":"https:\/\/www.volen.pl\/?p=2276","url_meta":{"origin":1231,"position":5},"title":"Rosja","author":"volen","date":"2018-05-18","format":false,"excerpt":"Dzisiaj nic si\u0119 nie dzia\u0142o. Ot wstali, pojechali, auto weso\u0142o warcza\u0142o... Trasa, jak trasa, rosyjska puta falowana i koleinowana wed\u0142ug zmiennych gust\u00f3w nast\u0119puj\u0105cych po sobie pokole\u0144 kierowc\u00f3w. Z nud\u00f3w, na przystanku, poszed\u0142em na normalny, zwyk\u0142y, dzieci\u0119cy plac zabaw, jakich wiele na ca\u0142ym \u015bwiecie. Za\u0142\u0105czam zdj\u0119cia dla potomno\u015bci. Bardzo fajne miejsce,\u2026","rel":"","context":"W \u201enawariata&quot;","block_context":{"text":"nawariata","link":"https:\/\/www.volen.pl\/?cat=93"},"img":{"alt_text":"","src":"https:\/\/i0.wp.com\/www.volen.pl\/wp-content\/uploads\/2018\/05\/20180518_130720.jpg?fit=1200%2C600&ssl=1&resize=350%2C200","width":350,"height":200,"srcset":"https:\/\/i0.wp.com\/www.volen.pl\/wp-content\/uploads\/2018\/05\/20180518_130720.jpg?fit=1200%2C600&ssl=1&resize=350%2C200 1x, https:\/\/i0.wp.com\/www.volen.pl\/wp-content\/uploads\/2018\/05\/20180518_130720.jpg?fit=1200%2C600&ssl=1&resize=525%2C300 1.5x, https:\/\/i0.wp.com\/www.volen.pl\/wp-content\/uploads\/2018\/05\/20180518_130720.jpg?fit=1200%2C600&ssl=1&resize=700%2C400 2x, https:\/\/i0.wp.com\/www.volen.pl\/wp-content\/uploads\/2018\/05\/20180518_130720.jpg?fit=1200%2C600&ssl=1&resize=1050%2C600 3x"},"classes":[]}],"_links":{"self":[{"href":"https:\/\/www.volen.pl\/index.php?rest_route=\/wp\/v2\/posts\/1231","targetHints":{"allow":["GET"]}}],"collection":[{"href":"https:\/\/www.volen.pl\/index.php?rest_route=\/wp\/v2\/posts"}],"about":[{"href":"https:\/\/www.volen.pl\/index.php?rest_route=\/wp\/v2\/types\/post"}],"author":[{"embeddable":true,"href":"https:\/\/www.volen.pl\/index.php?rest_route=\/wp\/v2\/users\/1"}],"replies":[{"embeddable":true,"href":"https:\/\/www.volen.pl\/index.php?rest_route=%2Fwp%2Fv2%2Fcomments&post=1231"}],"version-history":[{"count":2,"href":"https:\/\/www.volen.pl\/index.php?rest_route=\/wp\/v2\/posts\/1231\/revisions"}],"predecessor-version":[{"id":1235,"href":"https:\/\/www.volen.pl\/index.php?rest_route=\/wp\/v2\/posts\/1231\/revisions\/1235"}],"wp:featuredmedia":[{"embeddable":true,"href":"https:\/\/www.volen.pl\/index.php?rest_route=\/wp\/v2\/media\/1232"}],"wp:attachment":[{"href":"https:\/\/www.volen.pl\/index.php?rest_route=%2Fwp%2Fv2%2Fmedia&parent=1231"}],"wp:term":[{"taxonomy":"category","embeddable":true,"href":"https:\/\/www.volen.pl\/index.php?rest_route=%2Fwp%2Fv2%2Fcategories&post=1231"},{"taxonomy":"post_tag","embeddable":true,"href":"https:\/\/www.volen.pl\/index.php?rest_route=%2Fwp%2Fv2%2Ftags&post=1231"}],"curies":[{"name":"wp","href":"https:\/\/api.w.org\/{rel}","templated":true}]}}