{"id":126,"date":"2014-02-20T19:15:07","date_gmt":"2014-02-20T18:15:07","guid":{"rendered":"http:\/\/www.volen.pl\/?p=126"},"modified":"2014-02-20T19:21:13","modified_gmt":"2014-02-20T18:21:13","slug":"126","status":"publish","type":"post","link":"https:\/\/www.volen.pl\/?p=126","title":{"rendered":"\u015bwiat"},"content":{"rendered":"<div>\n<blockquote>\n<div>Ja bo, prosz\u0119 Pana, bardzo d\u0142ugo nie \u015bmia\u0142em zdecydowa\u0107 si\u0119 na posiadanie dziecka i wraz z \u017bon\u0105 mieli\u015bmy tu opory w\u0142a\u015bciwe ludziom zarazem przywyk\u0142ym do my\u015blenia i takim, kt\u00f3rzy przetrzymali okupacj\u0119 niemieck\u0105, bo te\u017c \u015bwiat wydaje si\u0119 na og\u00f3\u0142 miejscem b. kiepsko urz\u0105dzonym na przyj\u0119cie ludzi, szczeg\u00f3lnie kiedy si\u0119 mia\u0142o w\u0142a\u015bnie takie do\u015bwiadczenia, kt\u00f3re sta\u0142y si\u0119 naszym udzia\u0142em.<\/div>\n<\/blockquote>\n<div>Stanis\u0142aw Lem w li\u015bcie do Michaela Kandla, Krak\u00f3w 1 sierpnia 1972r<\/div>\n<\/div>\n","protected":false},"excerpt":{"rendered":"<p>Ja bo, prosz\u0119 Pana, bardzo d\u0142ugo nie \u015bmia\u0142em zdecydowa\u0107 si\u0119 na posiadanie dziecka i wraz&#8230;<\/p>\n<div class=\"more-link-wrapper\"><a class=\"more-link\" href=\"https:\/\/www.volen.pl\/?p=126\">Read the post<span class=\"screen-reader-text\">\u015bwiat<\/span><\/a><\/div>\n","protected":false},"author":1,"featured_media":0,"comment_status":"closed","ping_status":"closed","sticky":false,"template":"","format":"standard","meta":{"_crdt_document":"","jetpack_post_was_ever_published":false,"_jetpack_newsletter_access":"","_jetpack_dont_email_post_to_subs":false,"_jetpack_newsletter_tier_id":0,"_jetpack_memberships_contains_paywalled_content":false,"_jetpack_memberships_contains_paid_content":false,"footnotes":"","jetpack_publicize_message":"","jetpack_publicize_feature_enabled":true,"jetpack_social_post_already_shared":true,"jetpack_social_options":{"image_generator_settings":{"template":"highway","default_image_id":0,"font":"","enabled":false},"version":2}},"categories":[17],"tags":[20,21,19,22],"class_list":["post-126","post","type-post","status-publish","format-standard","hentry","category-cytaty","tag-cytat","tag-dzieci","tag-lem","tag-swiat","excerpt","zoom","full-without-featured","even","excerpt-0"],"jetpack_publicize_connections":[],"jetpack_featured_media_url":"","jetpack_shortlink":"https:\/\/wp.me\/s4lAri-126","jetpack_sharing_enabled":true,"jetpack-related-posts":[{"id":1797,"url":"https:\/\/www.volen.pl\/?p=1797","url_meta":{"origin":126,"position":0},"title":"\u017bycie, przemijanie, nostalgia","author":"volen","date":"2016-03-07","format":false,"excerpt":"(...) ale powoli tamten \u015bwiat zaciera\u0142 si\u0119, przestawa\u0142 istnie\u0107. Bo \u015bwiat, w rzeczy samej, nie zosta\u0142 na dany - raz, kiedy\u015b - ale wci\u0105\u017c, nieprzerwanie, staje si\u0119, w naszej obecno\u015bci. Przesz\u0142o\u015b\u0107, z biegiem czasu, obumiera, jak nasza pami\u0119\u0107, albo jeszcze wcze\u015bniej, a miejsce, w kt\u00f3rym byli\u015bmy przedwczoraj, przestaje istnie\u0107 tak\u2026","rel":"","context":"W \u201ez\u0142ote g\u0142oski&quot;","block_context":{"text":"z\u0142ote g\u0142oski","link":"https:\/\/www.volen.pl\/?cat=17"},"img":{"alt_text":"","src":"","width":0,"height":0},"classes":[]},{"id":138,"url":"https:\/\/www.volen.pl\/?p=138","url_meta":{"origin":126,"position":1},"title":"zaufanie","author":"volen","date":"2014-02-20","format":false,"excerpt":"...bo tylko zaufanie jest po\u017cywne, tylko z zaufania co\u015b da si\u0119 zbudowa\u0107, a niezaufanie to tylko destrukcja i zniszczenie, rozbijacka robota, a co tu jeszcze, na lito\u015b\u0107 bosk\u0105, mo\u017cna rozbi\u0107 na tych ruinach, kt\u00f3re nas otaczaj\u0105? Z listu Mro\u017cka do Lema, Chiavari, 20 pa\u017adziernika 1964r","rel":"","context":"W \u201ez\u0142ote g\u0142oski&quot;","block_context":{"text":"z\u0142ote g\u0142oski","link":"https:\/\/www.volen.pl\/?cat=17"},"img":{"alt_text":"","src":"","width":0,"height":0},"classes":[]},{"id":144,"url":"https:\/\/www.volen.pl\/?p=144","url_meta":{"origin":126,"position":2},"title":"zrozumienie","author":"volen","date":"2014-02-20","format":false,"excerpt":"I naprawd\u0119, kiedy ogl\u0105dam bajeczne rozk\u0142ad\u00f3wki na kredowym papierze zup konkuruj\u0105cych ze soba, kiedy najwa\u017cniejszym problemem czlowieka w Europie jest, aby obe\u017cre\u0107 si\u0119 jak \u015bwinia, ale \u017ceby przy tym nie uty\u0107, kiedy nami\u0119tnie mi szepcz\u0105 w ucho, \u017ce powinienem tylko nabywa\u0107, kupowa\u0107 i rozrywa\u0107 si\u0119, to budzi si\u0119 we mnie\u2026","rel":"","context":"W \u201ez\u0142ote g\u0142oski&quot;","block_context":{"text":"z\u0142ote g\u0142oski","link":"https:\/\/www.volen.pl\/?cat=17"},"img":{"alt_text":"","src":"","width":0,"height":0},"classes":[]},{"id":3591,"url":"https:\/\/www.volen.pl\/?p=3591","url_meta":{"origin":126,"position":3},"title":"Paluszek i g\u0142\u00f3wka","author":"volen","date":"2024-09-19","format":false,"excerpt":"Na dobry pocz\u0105tek spu\u015bci\u0142em sobie z rana na du\u017cy palec u nogi kawa\u0142ek, wydawa\u0142oby si\u0119, niewielkiej p\u0142yty pil\u015bniowej. Do wieczora palec zgranatowia\u0142 i boli jak cholera. Wsiad\u0142em w poci\u0105g relacji Gdynia G\u0142\u00f3wna - Krynica-Zdr\u00f3j o 19tej, taki wagonik bydl\u0119cy, bez przedzia\u0142\u00f3w, fotele sztywne, jarzeni\u00f3wka ca\u0142\u0105 noc na pe\u0142n\u0105 par\u0119, nie\u2026","rel":"","context":"W \u201eGSB&quot;","block_context":{"text":"GSB","link":"https:\/\/www.volen.pl\/?cat=457"},"img":{"alt_text":"","src":"https:\/\/i0.wp.com\/www.volen.pl\/wp-content\/uploads\/2025\/01\/OW_IMG_20240919_145008-scaled.jpg?fit=1200%2C900&ssl=1&resize=350%2C200","width":350,"height":200,"srcset":"https:\/\/i0.wp.com\/www.volen.pl\/wp-content\/uploads\/2025\/01\/OW_IMG_20240919_145008-scaled.jpg?fit=1200%2C900&ssl=1&resize=350%2C200 1x, https:\/\/i0.wp.com\/www.volen.pl\/wp-content\/uploads\/2025\/01\/OW_IMG_20240919_145008-scaled.jpg?fit=1200%2C900&ssl=1&resize=525%2C300 1.5x, https:\/\/i0.wp.com\/www.volen.pl\/wp-content\/uploads\/2025\/01\/OW_IMG_20240919_145008-scaled.jpg?fit=1200%2C900&ssl=1&resize=700%2C400 2x, https:\/\/i0.wp.com\/www.volen.pl\/wp-content\/uploads\/2025\/01\/OW_IMG_20240919_145008-scaled.jpg?fit=1200%2C900&ssl=1&resize=1050%2C600 3x"},"classes":[]},{"id":239,"url":"https:\/\/www.volen.pl\/?p=239","url_meta":{"origin":126,"position":4},"title":"Tbilisi","author":"volen","date":"2012-10-04","format":false,"excerpt":"Po niezwykle m\u0119cz\u0105cym locie wpadli\u015bmy nad ranem, ok. 4.30 na tbilisia\u0144skie lotnisko. Wbrew hiobowym, apokaliptycznym przepowiedniom, taks\u00f3wkarz nas nie okrad\u0142, nie zabi\u0142, tylko zawi\u00f3z\u0142 ulic\u0105 Lecha Kaczy\u0144skiego do bardzo fajnej miejsc\u00f3wki, roboczo przez niego nazwanej \u201cnasrane turistow\u201d (chodzi o restauracj\u0119 fon. \u2018maczahela\u2019) i poparte na migi o\u015bwiadczeniem o jej ca\u0142odobowej\u2026","rel":"","context":"W \u201e7000km - 2012&quot;","block_context":{"text":"7000km - 2012","link":"https:\/\/www.volen.pl\/?cat=135"},"img":{"alt_text":"","src":"https:\/\/i0.wp.com\/www.volen.pl\/wp-content\/uploads\/2016\/01\/DSC_6202s.jpg?fit=1200%2C795&ssl=1&resize=350%2C200","width":350,"height":200,"srcset":"https:\/\/i0.wp.com\/www.volen.pl\/wp-content\/uploads\/2016\/01\/DSC_6202s.jpg?fit=1200%2C795&ssl=1&resize=350%2C200 1x, https:\/\/i0.wp.com\/www.volen.pl\/wp-content\/uploads\/2016\/01\/DSC_6202s.jpg?fit=1200%2C795&ssl=1&resize=525%2C300 1.5x, https:\/\/i0.wp.com\/www.volen.pl\/wp-content\/uploads\/2016\/01\/DSC_6202s.jpg?fit=1200%2C795&ssl=1&resize=700%2C400 2x, https:\/\/i0.wp.com\/www.volen.pl\/wp-content\/uploads\/2016\/01\/DSC_6202s.jpg?fit=1200%2C795&ssl=1&resize=1050%2C600 3x"},"classes":[]},{"id":195,"url":"https:\/\/www.volen.pl\/?p=195","url_meta":{"origin":126,"position":5},"title":"Oczi cziorne","author":"volen","date":"2013-08-24","format":false,"excerpt":"Gospodyni wci\u0105\u017c staje na wysoko\u015bci zadania, robi\u0105c nam co rano pyszn\u0105 domow\u0105 fusiar\u0119. O godzinie 8.00 z regularno\u015bci\u0105 Polskich Kolei Pa\u0144stwowych w\u0142azi na g\u00f3r\u0119 i puka delikatnie do drzwi, a jej pojawienie si\u0119 zwiastuje zapach kawy.Sobota. Imieniny kota. Zupe\u0142nie leniwy dzie\u0144: dzia\u0142o si\u0119 ma\u0142o, ale bardzo intensywnie. Nie b\u0119dziemy zachwyca\u0107\u2026","rel":"","context":"W \u201eMontenegro 2013&quot;","block_context":{"text":"Montenegro 2013","link":"https:\/\/www.volen.pl\/?cat=134"},"img":{"alt_text":"","src":"","width":0,"height":0},"classes":[]}],"_links":{"self":[{"href":"https:\/\/www.volen.pl\/index.php?rest_route=\/wp\/v2\/posts\/126","targetHints":{"allow":["GET"]}}],"collection":[{"href":"https:\/\/www.volen.pl\/index.php?rest_route=\/wp\/v2\/posts"}],"about":[{"href":"https:\/\/www.volen.pl\/index.php?rest_route=\/wp\/v2\/types\/post"}],"author":[{"embeddable":true,"href":"https:\/\/www.volen.pl\/index.php?rest_route=\/wp\/v2\/users\/1"}],"replies":[{"embeddable":true,"href":"https:\/\/www.volen.pl\/index.php?rest_route=%2Fwp%2Fv2%2Fcomments&post=126"}],"version-history":[{"count":2,"href":"https:\/\/www.volen.pl\/index.php?rest_route=\/wp\/v2\/posts\/126\/revisions"}],"predecessor-version":[{"id":135,"href":"https:\/\/www.volen.pl\/index.php?rest_route=\/wp\/v2\/posts\/126\/revisions\/135"}],"wp:attachment":[{"href":"https:\/\/www.volen.pl\/index.php?rest_route=%2Fwp%2Fv2%2Fmedia&parent=126"}],"wp:term":[{"taxonomy":"category","embeddable":true,"href":"https:\/\/www.volen.pl\/index.php?rest_route=%2Fwp%2Fv2%2Fcategories&post=126"},{"taxonomy":"post_tag","embeddable":true,"href":"https:\/\/www.volen.pl\/index.php?rest_route=%2Fwp%2Fv2%2Ftags&post=126"}],"curies":[{"name":"wp","href":"https:\/\/api.w.org\/{rel}","templated":true}]}}