{"id":1260,"date":"2015-08-04T07:28:59","date_gmt":"2015-08-04T05:28:59","guid":{"rendered":"http:\/\/www.volen.pl\/?p=1260"},"modified":"2015-08-09T08:34:50","modified_gmt":"2015-08-09T06:34:50","slug":"oskarzenie","status":"publish","type":"post","link":"https:\/\/www.volen.pl\/?p=1260","title":{"rendered":"Oskar\u017cenie"},"content":{"rendered":"<p>Tak si\u0119 dzisiaj zastanawiali\u015bmy z Anulk\u0105, czemu takie przygody nas spotykaj\u0105? To znaczy, innych spotykaj\u0105 mniej, a nawet w og\u00f3le, ale my zawsze musimy co\u015b takiego zrobi\u0107, \u017ceby by\u0142o ciekawiej.<\/p>\n<p>W ka\u017cdym razie, poznali\u015bmy przez telefon polskiego konsula, stan\u0119li\u015bmy przed i zostali\u015bmy zwolnieni z zarzut\u00f3w przez serbski s\u0105d, ob\u0142o\u017ceni kar\u0105 w wysoko\u015bci 6000 dinar\u00f3w + 1000 dinar\u00f3w op\u0142at s\u0105dowych ale uda\u0142o nam si\u0119 odzyska\u0107 paszporty i wyjecha\u0107 z Serbii&#8230;<\/p>\n<p>Wyszli\u015bmy rano z hotelu w poszukiwaniu \u015bniadania, kt\u00f3re znale\u017ali\u015bmy w linii prostej jakie\u015b 20m od drzwi, kawiarnia znajdowa\u0142a si\u0119 kolejne 20m dalej, wi\u0119c problem\u00f3w z zaopatrzeniem nie by\u0142o. Podejrzewam, \u017ce wi\u0119kszo\u015b\u0107 tzw. ludzi cywilizowanych nie zajrza\u0142a by nawet do wn\u0119trza tej restauracji po\u0142\u0105czonej ze sklepem, ale widzieli\u015bmy t\u0142umy serbskich robotnik\u00f3w, kt\u00f3re wali\u0142y do \u015brodka, a to nam wystarczy\u0142o za rekomendacj\u0119. Zjedli\u015bmy kawa\u0142 chleba posypany s\u0142onym\u00a0 twarogiem, na co rzucono jajkiem, a ca\u0142o\u015b\u0107 wrzucono do pieca, pychota, palce liza\u0107!<\/p>\n<p>Posileni ruszyli\u015bmy w stron\u0119 Uvac, po drodze zawi\u0105zuj\u0105c dozgonne przyja\u017anie i p\u0142osz\u0105c owieczki. Przed Cajetin\u0105 wzi\u0119li\u015bmy autostopowicza, kt\u00f3ry z wdzi\u0119czno\u015bci przeprowadzi\u0142 nas przez miasto i poleca\u0142 ca\u0142ym sercem kanion Uvac, jako \u017ce urodzi\u0142 si\u0119 tam w pobli\u017cu i wychowa\u0142.<\/p>\n<p><a href=\"https:\/\/i0.wp.com\/www.volen.pl\/wp-content\/uploads\/2015\/08\/VOL0146.jpg?ssl=1\"><img data-recalc-dims=\"1\" loading=\"lazy\" decoding=\"async\" data-attachment-id=\"1261\" data-permalink=\"https:\/\/www.volen.pl\/?attachment_id=1261\" data-orig-file=\"https:\/\/i0.wp.com\/www.volen.pl\/wp-content\/uploads\/2015\/08\/VOL0146.jpg?fit=2464%2C1632&amp;ssl=1\" data-orig-size=\"2464,1632\" data-comments-opened=\"0\" data-image-meta=\"{&quot;aperture&quot;:&quot;8&quot;,&quot;credit&quot;:&quot;Przemyslaw &#039;volen&#039; Wollenszleger&quot;,&quot;camera&quot;:&quot;NIKON D7000&quot;,&quot;caption&quot;:&quot;&quot;,&quot;created_timestamp&quot;:&quot;1438680840&quot;,&quot;copyright&quot;:&quot;&quot;,&quot;focal_length&quot;:&quot;26&quot;,&quot;iso&quot;:&quot;100&quot;,&quot;shutter_speed&quot;:&quot;0.02&quot;,&quot;title&quot;:&quot;&quot;,&quot;orientation&quot;:&quot;1&quot;}\" data-image-title=\"_VOL0146\" data-image-description=\"\" data-image-caption=\"\" data-large-file=\"https:\/\/i0.wp.com\/www.volen.pl\/wp-content\/uploads\/2015\/08\/VOL0146.jpg?fit=2048%2C1356&amp;ssl=1\" class=\"alignnone size-medium wp-image-1261\" src=\"https:\/\/i0.wp.com\/www.volen.pl\/wp-content\/uploads\/2015\/08\/VOL0146.jpg?resize=1024%2C678&#038;ssl=1\" alt=\"_VOL0146\" width=\"1024\" height=\"678\" srcset=\"https:\/\/i0.wp.com\/www.volen.pl\/wp-content\/uploads\/2015\/08\/VOL0146.jpg?resize=1024%2C678&amp;ssl=1 1024w, https:\/\/i0.wp.com\/www.volen.pl\/wp-content\/uploads\/2015\/08\/VOL0146.jpg?resize=2048%2C1356&amp;ssl=1 2048w, https:\/\/i0.wp.com\/www.volen.pl\/wp-content\/uploads\/2015\/08\/VOL0146.jpg?resize=528%2C350&amp;ssl=1 528w\" sizes=\"auto, (max-width: 1000px) 100vw, 1000px\" \/><\/a><\/p>\n<p>Rzeka Uvac zosta\u0142a przegrodzone tam\u0105, co pozwoli\u0142o na takie spi\u0119trzenie w\u00f3d, i\u017cby powsta\u0142o ca\u0142kiem sensowne jeziorko, kt\u00f3re obeszli\u015bmy z grubsza w dw\u00f3ch miejscach, mocz\u0105c przy tym w lodowatej wodzie st\u00f3pki.<\/p>\n<p><a href=\"https:\/\/i0.wp.com\/www.volen.pl\/wp-content\/uploads\/2015\/08\/VOL0166.jpg?ssl=1\"><img data-recalc-dims=\"1\" loading=\"lazy\" decoding=\"async\" data-attachment-id=\"1263\" data-permalink=\"https:\/\/www.volen.pl\/?attachment_id=1263\" data-orig-file=\"https:\/\/i0.wp.com\/www.volen.pl\/wp-content\/uploads\/2015\/08\/VOL0166.jpg?fit=2464%2C1632&amp;ssl=1\" data-orig-size=\"2464,1632\" data-comments-opened=\"0\" data-image-meta=\"{&quot;aperture&quot;:&quot;11&quot;,&quot;credit&quot;:&quot;Przemyslaw &#039;volen&#039; Wollenszleger&quot;,&quot;camera&quot;:&quot;NIKON D7000&quot;,&quot;caption&quot;:&quot;&quot;,&quot;created_timestamp&quot;:&quot;1438690571&quot;,&quot;copyright&quot;:&quot;&quot;,&quot;focal_length&quot;:&quot;66&quot;,&quot;iso&quot;:&quot;100&quot;,&quot;shutter_speed&quot;:&quot;0.076923076923077&quot;,&quot;title&quot;:&quot;&quot;,&quot;orientation&quot;:&quot;1&quot;}\" data-image-title=\"_VOL0166\" data-image-description=\"\" data-image-caption=\"\" data-large-file=\"https:\/\/i0.wp.com\/www.volen.pl\/wp-content\/uploads\/2015\/08\/VOL0166.jpg?fit=2048%2C1356&amp;ssl=1\" class=\"alignnone size-medium wp-image-1263\" src=\"https:\/\/i0.wp.com\/www.volen.pl\/wp-content\/uploads\/2015\/08\/VOL0166.jpg?resize=1024%2C678&#038;ssl=1\" alt=\"_VOL0166\" width=\"1024\" height=\"678\" srcset=\"https:\/\/i0.wp.com\/www.volen.pl\/wp-content\/uploads\/2015\/08\/VOL0166.jpg?resize=1024%2C678&amp;ssl=1 1024w, https:\/\/i0.wp.com\/www.volen.pl\/wp-content\/uploads\/2015\/08\/VOL0166.jpg?resize=2048%2C1356&amp;ssl=1 2048w, https:\/\/i0.wp.com\/www.volen.pl\/wp-content\/uploads\/2015\/08\/VOL0166.jpg?resize=528%2C350&amp;ssl=1 528w\" sizes=\"auto, (max-width: 1000px) 100vw, 1000px\" \/><\/a><\/p>\n<p>Cudne widoki, kt\u00f3rych na zdj\u0119ciach nie jestem w stanie odda\u0107.<\/p>\n<p><a href=\"https:\/\/i0.wp.com\/www.volen.pl\/wp-content\/uploads\/2015\/08\/VOL0181.jpg?ssl=1\"><img data-recalc-dims=\"1\" loading=\"lazy\" decoding=\"async\" data-attachment-id=\"1264\" data-permalink=\"https:\/\/www.volen.pl\/?attachment_id=1264\" data-orig-file=\"https:\/\/i0.wp.com\/www.volen.pl\/wp-content\/uploads\/2015\/08\/VOL0181.jpg?fit=2464%2C1632&amp;ssl=1\" data-orig-size=\"2464,1632\" data-comments-opened=\"0\" data-image-meta=\"{&quot;aperture&quot;:&quot;11&quot;,&quot;credit&quot;:&quot;Przemyslaw &#039;volen&#039; Wollenszleger&quot;,&quot;camera&quot;:&quot;NIKON D7000&quot;,&quot;caption&quot;:&quot;&quot;,&quot;created_timestamp&quot;:&quot;1438691995&quot;,&quot;copyright&quot;:&quot;&quot;,&quot;focal_length&quot;:&quot;105&quot;,&quot;iso&quot;:&quot;100&quot;,&quot;shutter_speed&quot;:&quot;0.066666666666667&quot;,&quot;title&quot;:&quot;&quot;,&quot;orientation&quot;:&quot;1&quot;}\" data-image-title=\"_VOL0181\" data-image-description=\"\" data-image-caption=\"\" data-large-file=\"https:\/\/i0.wp.com\/www.volen.pl\/wp-content\/uploads\/2015\/08\/VOL0181.jpg?fit=2048%2C1356&amp;ssl=1\" class=\"alignnone size-medium wp-image-1264\" src=\"https:\/\/i0.wp.com\/www.volen.pl\/wp-content\/uploads\/2015\/08\/VOL0181.jpg?resize=1024%2C678&#038;ssl=1\" alt=\"_VOL0181\" width=\"1024\" height=\"678\" srcset=\"https:\/\/i0.wp.com\/www.volen.pl\/wp-content\/uploads\/2015\/08\/VOL0181.jpg?resize=1024%2C678&amp;ssl=1 1024w, https:\/\/i0.wp.com\/www.volen.pl\/wp-content\/uploads\/2015\/08\/VOL0181.jpg?resize=2048%2C1356&amp;ssl=1 2048w, https:\/\/i0.wp.com\/www.volen.pl\/wp-content\/uploads\/2015\/08\/VOL0181.jpg?resize=528%2C350&amp;ssl=1 528w\" sizes=\"auto, (max-width: 1000px) 100vw, 1000px\" \/><\/a><\/p>\n<p>Minuty mija\u0142y, dzie\u0144 dojrzewa\u0142, ile mo\u017cna ogl\u0105da\u0107 nawet i 8-my cud \u015bwiata? Postanowili\u015bmy ruszy\u0107 do Albanii przez Nova Varos i Sjenic\u0119 zupe\u0142nie pomijaj\u0105c diabelskie miasto, poniewa\u017c nie zanotowali\u015bmy sobie dok\u0142anych koordynat. Trasa z pocz\u0105tku nie dostarcza\u0142a wi\u0119kszych emocji, zakr\u0119t w lewo, zakr\u0119t w prawo&#8230; Co ciekawe, z Serbami dzielimy lewo (znaczy, \u017ce mamy wsp\u00f3lne), ale nasze prawo to ich 'desnoj&#8217;, a ich 'prawo&#8217; to nasze prosto. Dowiedzieli\u015bmy si\u0119 tego podczas jazdy z serbskim stra\u017cnikiem granicznym&#8230;<\/p>\n<p>W naiwno\u015bci swojej wybrali\u015bmy ciekawie wygl\u0105daj\u0105c\u0105 tras\u0119 wychodz\u0105c\u0105 ze Sjenicy na po\u0142udniowy wsch\u00f3d, by potem skr\u0119ci\u0107 na po\u0142udnie tras\u0105 197 i przekroczy\u0107 granic\u0119 z Czarnog\u00f3r\u0105 i t\u0119dy przejecha\u0107 do Albanii. Droga, na pocz\u0105tku w miar\u0119 dobra, wr\u0119cz asfaltowa, zmieni\u0142a swoje oblicze po paru kilometrach, a tu\u017c przed granic\u0105 zamieni\u0142a si\u0119 w bie\u017cni\u0119 dla g\u00f3rkich kozic. Jechali\u015bmy dnem wyschni\u0119tego strumienia. Ka\u017cdy normalny cz\u0142owiek w tym momencie odpu\u015bci\u0142by sobie dalsz\u0105 jazd\u0119, ale nam by\u0142o \u017cal przejechanych kilometr\u00f3w, nie chcia\u0142o nam si\u0119 wraca\u0107 taki kraj \u015bwiata, wi\u0119c zamienili\u015bmy si\u0119 miejscami (bo kijanka s\u0142ucha mnie odrobin\u0119 bardziej ni\u017c Anulki), w\u0142\u0105czyli\u015bmy nap\u0119d terenowy i &#8211; utwierdzeni w s\u0142uszno\u015bci swojej decyzji podczas kr\u00f3tkiej pogaw\u0119dki z napotkanym kowbojem &#8211; wpakowali\u015bmy si\u0119 po stromi\u017anie wprost w obj\u0119cia stra\u017cy granicznej Serbii oraz Czarnog\u00f3ry. Na g\u00f3rce sta\u0142o lub siedzia\u0142o popijaj\u0105c sobie wsp\u00f3lnie rakij\u0119 ze 7-miu go\u015bci w mundurach&#8230;<\/p>\n<p><iframe loading=\"lazy\" src=\"https:\/\/player.vimeo.com\/video\/135438128\" width=\"500\" height=\"281\" frameborder=\"0\" allowfullscreen=\"allowfullscreen\"><\/iframe><\/p>\n<p><a href=\"https:\/\/vimeo.com\/135438128\">droga do granicy Serbii z Czarnog\u00f3r\u0105<\/a> &#8211; <a href=\"https:\/\/vimeo.com\/user26646847\">Przemys\u0142aw Wollenszleger<\/a> on <a href=\"https:\/\/vimeo.com\">Vimeo<\/a>.<\/p>\n<p>Przyzwyczajeni do swobodnego traktowania granic nie spodziewali\u015bmy si\u0119, \u017ce Serbowie na s\u0142u\u017cbie s\u0105 w og\u00f3le wyprani z poczucia humoru. Wzi\u0119li od nas paszporty, a po dwudziestu minutach przekomarzania si\u0119 w r\u00f3\u017cnych j\u0119zykach i na r\u00f3\u017cne sposoby, jeden z nich wsiad\u0142 z nami do samochodu wraz z paszportami, a drugi eskortowa\u0142 nas \u0141ad\u0105 Niv\u0105 z powrotem do Sjenicy. Kolesie, w trosce o przysz\u0142o\u015b\u0107 swojego zawodu, wykr\u0119cili mi\u0119dzynarodow\u0105 mini afer\u0119 z pr\u00f3b\u0105 nielegalnego forsowania granicy. W trakcie jazdy Anulka poprosi\u0142a sms-em mojego brata o telefon do konsulatu, co spowodowa\u0142o dodatkow\u0105 porcj\u0119 zamieszania, gdy\u017c brat od razu zacz\u0105\u0142 rozkr\u0119ca\u0107 afer\u0119 dyplomatyczn\u0105, zadzwoni\u0142 do konsula i si\u0119 zacz\u0119\u0142o&#8230;<\/p>\n<p>Na posterunku w centrum Sjenicy (cho\u0107 w\u0142a\u015bciwie ca\u0142a Sjenica to centrum) funkcjonariusze powoli zaczynali zdawa\u0107 sobie spraw\u0119 z rozmiaru afery, jak\u0105 wsp\u00f3lnie bez sensu zrobili, zamiast nas po prostu odes\u0142a\u0107. Z ma\u0142ego incydentu granicznego, kt\u00f3ry mo\u017cna by\u0142o zamie\u015b\u0107 pod dywan, wyr\u00f3s\u0142 wielki biurokratyczny zagwozd. Zadzwoni\u0142 konsul, wyt\u0142umaczy\u0142 nasze prawa i obowi\u0105zki, porozmawia\u0142 ze stra\u017cnikami. Stra\u017cnicy w odwecie postanowili postawi\u0107 nas przed s\u0105dem, ale ju\u017c nie mieli odwagi czy ch\u0119ci, by pozbawi\u0107 nas wolno\u015bci. Dostali\u015bmy kaw\u0119, Anula wysz\u0142a kupi\u0107 co\u015b do jedzenia, a ja s\u0142ucha\u0142em z rozdziawion\u0105 buzi\u0105 (prosz\u0119 si\u0119 nie dziwi\u0107, po prostu lepiej rozumiem obce narzecza, gdy w\u0142\u0105cz\u0119 trzecie ucho).<\/p>\n<p>Protok\u00f3\u0142 pisa\u0142o trzech stra\u017cnik\u00f3w, z czego jeden nawet by\u0142 podczas incydentu; poprawiano go kilka razy.<\/p>\n<p>Gdy stra\u017cnicy zorientowali si\u0119, \u017ce rozumiem, co m\u00f3wi\u0105 mi\u0119dzy sob\u0105, na narady zacz\u0119li wychodzi\u0107 do innego pomieszczenia. W mi\u0119dzyczasie na posterunek zwalili si\u0119 chyba wszyscy funcjonariusze i jeden z nich, znaj\u0105cy troch\u0119 angielski, zabawia\u0142 nas rozmow\u0105. Generalnie w tym momencie wszyscy ju\u017c zacz\u0119li\u015bmy robi\u0107 dobr\u0105 min\u0119 do z\u0142ej gry. Anulka najedzona nie wyci\u0105ga tak ch\u0119tnie pazurk\u00f3w, mnie jaki\u015b \u015bmiech pusty ogarnia\u0142 (mo\u017ce po tej kawie, kt\u00f3r\u0105 dosta\u0142em?), atmosfera zel\u017ca\u0142a.<\/p>\n<p>W ko\u0144cu policja graniczna osi\u0105gn\u0119\u0142a stan umiarkowanego zadowolenia z protoko\u0142u, pojechali\u015bmy do s\u0105du (sic!). Wyobra\u017acie sobie s\u0119dziego w Polsce, kt\u00f3ry przyje\u017cd\u017ca o 20-tej do s\u0105du, bo ma dw\u00f3ch obcokrajowc\u00f3w do przes\u0105dzenia. No nie da rady. Ju\u017c to widzimy, jak polska magnateria rusza spe\u0142nia\u0107 obowi\u0105zek&#8230;<\/p>\n<p>W Serbii si\u0119 da\u0142o, przyjecha\u0142a s\u0119dzina, zarzuci\u0142a nam to i owo, po czym usprawiedliwi\u0142a przed sob\u0105, \u017ce oznacze\u0144 nie ma \u017cadnych po drodze, wi\u0119c jeste\u015bmy niewinni. Skoro za\u015b jeste\u015bmy niewinni, to poniesiemy najni\u017cszy wymiar kary, gdy\u017c ich kodeks (zakon) przewiduje kar\u0119 finansow\u0105 od&#8230; do&#8230; i nie ma \u017cadnego zapisu, kt\u00f3ry by nas z tego zwalnia\u0142. A przynajmniej my tak to rozumiemy.<\/p>\n<p>Troch\u0119 k\u0142\u00f3ci si\u0119 z logik\u0105, \u017ce niewinni, ale kara, lecz na to spu\u015b\u0107my zas\u0142on\u0119 mi\u0142osiernego milczenia. W mi\u0119dzyczasie Wysoki S\u0105d wraz z policjantami doszed\u0142 do wniosku, \u017ce zostaniemy na noc, bo banki nieczynne, a my na grzywn\u0119 nie mamy, ale uda\u0142o si\u0119 ich przekona\u0107, \u017ce banki mo\u017ce i owszem, nie dzia\u0142aj\u0105, ale ju\u017c bankomaty raczej na pewno, wi\u0119c przeszli\u015bmy si\u0119 jeszcze przez miasto w asy\u015bcie.<\/p>\n<p>W serbskich s\u0105dach jest jak w polskich: nie ma znaczenia stan faktyczny ani logika, wa\u017cne \u017ce si\u0119 papier zgadza. Podpisali\u015bmy wi\u0119c kilka stron protoko\u0142\u00f3w, dokument\u00f3w i odbi\u00f3r wyroku, dostali\u015bmy sporo papieru ze sob\u0105, odzyskali\u015bmy w ko\u0144cu paszporty i pojechali\u015bmy do Czarnog\u00f3ry.<br \/>\nNo i prosz\u0119, jedna ma\u0142a decyzja, a tyle rado\u015bci po drodze.<\/p>\n","protected":false},"excerpt":{"rendered":"<p>Tak si\u0119 dzisiaj zastanawiali\u015bmy z Anulk\u0105, czemu takie przygody nas spotykaj\u0105? To znaczy, innych spotykaj\u0105&#8230;<\/p>\n<div class=\"more-link-wrapper\"><a class=\"more-link\" href=\"https:\/\/www.volen.pl\/?p=1260\">Read the post<span class=\"screen-reader-text\">Oskar\u017cenie<\/span><\/a><\/div>\n","protected":false},"author":1,"featured_media":1265,"comment_status":"closed","ping_status":"closed","sticky":false,"template":"","format":"standard","meta":{"_crdt_document":"","jetpack_post_was_ever_published":false,"_jetpack_newsletter_access":"","_jetpack_dont_email_post_to_subs":false,"_jetpack_newsletter_tier_id":0,"_jetpack_memberships_contains_paywalled_content":false,"_jetpack_memberships_contains_paid_content":false,"footnotes":"","jetpack_publicize_message":"","jetpack_publicize_feature_enabled":true,"jetpack_social_post_already_shared":true,"jetpack_social_options":{"image_generator_settings":{"template":"highway","default_image_id":0,"font":"","enabled":false},"version":2}},"categories":[194,93],"tags":[192,205,44,197],"class_list":["post-1260","post","type-post","status-publish","format-standard","has-post-thumbnail","hentry","category-balkan-express","category-nawariata","tag-192","tag-nawariata","tag-podroz","tag-serbia","excerpt","zoom","full-without-featured","even","excerpt-0"],"jetpack_publicize_connections":[],"jetpack_featured_media_url":"https:\/\/i0.wp.com\/www.volen.pl\/wp-content\/uploads\/2015\/08\/VOL0206-e1439012098278.jpg?fit=1632%2C2464&ssl=1","jetpack_shortlink":"https:\/\/wp.me\/p4lAri-kk","jetpack_sharing_enabled":true,"jetpack-related-posts":[{"id":2438,"url":"https:\/\/www.volen.pl\/?p=2438","url_meta":{"origin":1260,"position":0},"title":"Piasek, woda i gaszenie po\u017caru","author":"volen","date":"2018-06-09","format":false,"excerpt":"Koniki, kt\u00f3re wieczorem nas odwiedzi\u0142y, rano pas\u0142y si\u0119 nieopodal. Ca\u0142y dzie\u0144 w trasie, a trasy kropkowane na naszej nawigacji nie s\u0105 sta\u0142ymi, to raczej z grubsza okre\u015blenie azymutu, sugestia kierunku. Kto\u015b, kto w spos\u00f3b maniakalny b\u0119dzie usi\u0142owa\u0142 trzyma\u0107 si\u0119 drogi z mapy, szybko sko\u0144czy na manowcach. Mi\u0142ym zaskoczeniem naszej trasy\u2026","rel":"","context":"W \u201enawariata&quot;","block_context":{"text":"nawariata","link":"https:\/\/www.volen.pl\/?cat=93"},"img":{"alt_text":"","src":"https:\/\/i0.wp.com\/www.volen.pl\/wp-content\/uploads\/2018\/06\/VOL1261.jpg?resize=350%2C200","width":350,"height":200,"srcset":"https:\/\/i0.wp.com\/www.volen.pl\/wp-content\/uploads\/2018\/06\/VOL1261.jpg?resize=350%2C200 1x, https:\/\/i0.wp.com\/www.volen.pl\/wp-content\/uploads\/2018\/06\/VOL1261.jpg?resize=525%2C300 1.5x, https:\/\/i0.wp.com\/www.volen.pl\/wp-content\/uploads\/2018\/06\/VOL1261.jpg?resize=700%2C400 2x, https:\/\/i0.wp.com\/www.volen.pl\/wp-content\/uploads\/2018\/06\/VOL1261.jpg?resize=1050%2C600 3x, https:\/\/i0.wp.com\/www.volen.pl\/wp-content\/uploads\/2018\/06\/VOL1261.jpg?resize=1400%2C800 4x"},"classes":[]},{"id":3060,"url":"https:\/\/www.volen.pl\/?p=3060","url_meta":{"origin":1260,"position":1},"title":"Z ziemi omskiej do Polski","author":"volen","date":"2018-10-07","format":false,"excerpt":"Z rana, po \u015bniadaniu, Ksenia, menad\u017cerka hostelu, przeprowadzi\u0142a ze mn\u0105 wywiad, kt\u00f3ry podobno nawet gdzie\u015b planowa\u0142a umie\u015bci\u0107 na internetach. Mo\u017cliwe, \u017ce nawet i tak zrobi\u0142a. Wznios\u0142em si\u0119 na wy\u017cyny i gada\u0142em, jak naj\u0119ty, a\u017c si\u0119 okaza\u0142o, \u017ce nie do\u015b\u0107, i\u017c nikt si\u0119 tego nie spodziewa\u0142, to nawet nikt tego nie\u2026","rel":"","context":"W \u201enawariata&quot;","block_context":{"text":"nawariata","link":"https:\/\/www.volen.pl\/?cat=93"},"img":{"alt_text":"","src":"","width":0,"height":0},"classes":[]},{"id":2483,"url":"https:\/\/www.volen.pl\/?p=2483","url_meta":{"origin":1260,"position":2},"title":"Jezioro Aralskie","author":"volen","date":"2018-06-13","format":false,"excerpt":"Po rytualnej k\u0105pieli b\u0142otnej w resztkach jeziora udali\u015bmy si\u0119 jego by\u0142ym dnem w kierunku wschodnim na Bersa - Kelmes, miejsca tajemniczego, groz\u0105 i zw\u0105tpieniem pisanego, kt\u00f3re obecnie jest rezerwatem natury, wcze\u015bniej za\u015b by\u0142o, podobno, skrywanym przez Sowiet\u00f3w tajnym laboratorium badawczym. Niestety, pr\u00f3ba sforsowania jeziora zako\u0144czy\u0142a si\u0119 fiaskiem po tym, jak\u2026","rel":"","context":"W \u201enawariata&quot;","block_context":{"text":"nawariata","link":"https:\/\/www.volen.pl\/?cat=93"},"img":{"alt_text":"","src":"https:\/\/i0.wp.com\/www.volen.pl\/wp-content\/uploads\/2018\/06\/VOL1668.jpg?fit=1200%2C795&ssl=1&resize=350%2C200","width":350,"height":200,"srcset":"https:\/\/i0.wp.com\/www.volen.pl\/wp-content\/uploads\/2018\/06\/VOL1668.jpg?fit=1200%2C795&ssl=1&resize=350%2C200 1x, https:\/\/i0.wp.com\/www.volen.pl\/wp-content\/uploads\/2018\/06\/VOL1668.jpg?fit=1200%2C795&ssl=1&resize=525%2C300 1.5x, https:\/\/i0.wp.com\/www.volen.pl\/wp-content\/uploads\/2018\/06\/VOL1668.jpg?fit=1200%2C795&ssl=1&resize=700%2C400 2x, https:\/\/i0.wp.com\/www.volen.pl\/wp-content\/uploads\/2018\/06\/VOL1668.jpg?fit=1200%2C795&ssl=1&resize=1050%2C600 3x"},"classes":[]},{"id":227,"url":"https:\/\/www.volen.pl\/?p=227","url_meta":{"origin":1260,"position":3},"title":"Trabzon, miasto tureckie","author":"volen","date":"2012-10-10","format":false,"excerpt":"Ko\u0144czy si\u0119 pierwszy ca\u0142kowicie turecki dzie\u0144 wyprawy. \u015aniadanie jak w Europie, do wyboru, st\u00f3\u0142 szwedzki. By\u0142o wszystko, ser, jajka, mortadela itp. ale NIE BY\u0141O KAWY! Dziki kraj. By\u0142a za to herbata, od kt\u00f3rej serce staje. Deszcz w nocy te\u017c usta\u0142. Mieli\u015bmy dzi\u015b jecha\u0107 z dwoma Turkami na zwiedzanie pobliskiego monastyru,\u2026","rel":"","context":"W \u201e7000km - 2012&quot;","block_context":{"text":"7000km - 2012","link":"https:\/\/www.volen.pl\/?cat=135"},"img":{"alt_text":"","src":"https:\/\/i0.wp.com\/www.volen.pl\/wp-content\/uploads\/2012\/10\/DSC_7396.jpg?fit=1200%2C795&ssl=1&resize=350%2C200","width":350,"height":200,"srcset":"https:\/\/i0.wp.com\/www.volen.pl\/wp-content\/uploads\/2012\/10\/DSC_7396.jpg?fit=1200%2C795&ssl=1&resize=350%2C200 1x, https:\/\/i0.wp.com\/www.volen.pl\/wp-content\/uploads\/2012\/10\/DSC_7396.jpg?fit=1200%2C795&ssl=1&resize=525%2C300 1.5x, https:\/\/i0.wp.com\/www.volen.pl\/wp-content\/uploads\/2012\/10\/DSC_7396.jpg?fit=1200%2C795&ssl=1&resize=700%2C400 2x, https:\/\/i0.wp.com\/www.volen.pl\/wp-content\/uploads\/2012\/10\/DSC_7396.jpg?fit=1200%2C795&ssl=1&resize=1050%2C600 3x"},"classes":[]},{"id":207,"url":"https:\/\/www.volen.pl\/?p=207","url_meta":{"origin":1260,"position":4},"title":"Wz\u00f3r na obj\u0119to\u015b\u0107 sto\u017cka","author":"volen","date":"2013-04-30","format":false,"excerpt":"Po wyj\u015bciu ze schroniska wyruszyli\u015bmy rze\u015bko przed siebie. Oczywi\u015bcie by\u0142o mocno pod g\u00f3rk\u0119, wi\u0119c pocz\u0105tkowy zapa\u0142 sko\u0144czy\u0142 si\u0119 po jakich\u015b 300 metrach. Odpoczynek wykorzystali\u015bmy na: przebudzenie si\u0119 zrobienie makija\u017cu beztrosk\u0105 zabaw\u0119 z psiaczkiem Porobili\u015bmy kilka zdj\u0119\u0107, kt\u00f3re po powrocie opublikujemy, a potem w g\u00f3r\u0119, w d\u00f3\u0142, w g\u00f3r\u0119, w d\u00f3\u0142\u2026","rel":"","context":"W \u201eBeskid \u015al\u0105ski 2013&quot;","block_context":{"text":"Beskid \u015al\u0105ski 2013","link":"https:\/\/www.volen.pl\/?cat=136"},"img":{"alt_text":"","src":"","width":0,"height":0},"classes":[]},{"id":3099,"url":"https:\/\/www.volen.pl\/?p=3099","url_meta":{"origin":1260,"position":5},"title":"Droga krzy\u017cowa","author":"volen","date":"2023-01-26","format":false,"excerpt":"G\u0142\u00f3wny Szlak Beskidzki chodzi\u0142 za mn\u0105 i chodzi\u0142 i czarowa\u0142 i urzeka\u0142 i n\u0119ci\u0142 od wielu ju\u017c lat. I jako\u015b tak si\u0119 z\u0142o\u017cy\u0142o, \u017ce w tym roku nadszed\u0142 czas. Nawet nie wiem jak i kiedy, ale poczu\u0142em, \u017ce to w\u0142a\u015bnie teraz. Z paczki moich le\u015bnych ludzi jedynie Daniel wyrazi\u0142 ch\u0119\u0107\u2026","rel":"","context":"W \u201eGSB&quot;","block_context":{"text":"GSB","link":"https:\/\/www.volen.pl\/?cat=457"},"img":{"alt_text":"","src":"https:\/\/i0.wp.com\/www.volen.pl\/wp-content\/uploads\/2023\/02\/IMG_20230126_084152-scaled.jpg?fit=900%2C1200&ssl=1&resize=350%2C200","width":350,"height":200,"srcset":"https:\/\/i0.wp.com\/www.volen.pl\/wp-content\/uploads\/2023\/02\/IMG_20230126_084152-scaled.jpg?fit=900%2C1200&ssl=1&resize=350%2C200 1x, https:\/\/i0.wp.com\/www.volen.pl\/wp-content\/uploads\/2023\/02\/IMG_20230126_084152-scaled.jpg?fit=900%2C1200&ssl=1&resize=525%2C300 1.5x, https:\/\/i0.wp.com\/www.volen.pl\/wp-content\/uploads\/2023\/02\/IMG_20230126_084152-scaled.jpg?fit=900%2C1200&ssl=1&resize=700%2C400 2x"},"classes":[]}],"_links":{"self":[{"href":"https:\/\/www.volen.pl\/index.php?rest_route=\/wp\/v2\/posts\/1260","targetHints":{"allow":["GET"]}}],"collection":[{"href":"https:\/\/www.volen.pl\/index.php?rest_route=\/wp\/v2\/posts"}],"about":[{"href":"https:\/\/www.volen.pl\/index.php?rest_route=\/wp\/v2\/types\/post"}],"author":[{"embeddable":true,"href":"https:\/\/www.volen.pl\/index.php?rest_route=\/wp\/v2\/users\/1"}],"replies":[{"embeddable":true,"href":"https:\/\/www.volen.pl\/index.php?rest_route=%2Fwp%2Fv2%2Fcomments&post=1260"}],"version-history":[{"count":2,"href":"https:\/\/www.volen.pl\/index.php?rest_route=\/wp\/v2\/posts\/1260\/revisions"}],"predecessor-version":[{"id":1266,"href":"https:\/\/www.volen.pl\/index.php?rest_route=\/wp\/v2\/posts\/1260\/revisions\/1266"}],"wp:featuredmedia":[{"embeddable":true,"href":"https:\/\/www.volen.pl\/index.php?rest_route=\/wp\/v2\/media\/1265"}],"wp:attachment":[{"href":"https:\/\/www.volen.pl\/index.php?rest_route=%2Fwp%2Fv2%2Fmedia&parent=1260"}],"wp:term":[{"taxonomy":"category","embeddable":true,"href":"https:\/\/www.volen.pl\/index.php?rest_route=%2Fwp%2Fv2%2Fcategories&post=1260"},{"taxonomy":"post_tag","embeddable":true,"href":"https:\/\/www.volen.pl\/index.php?rest_route=%2Fwp%2Fv2%2Ftags&post=1260"}],"curies":[{"name":"wp","href":"https:\/\/api.w.org\/{rel}","templated":true}]}}