{"id":1267,"date":"2015-08-05T08:00:13","date_gmt":"2015-08-05T06:00:13","guid":{"rendered":"http:\/\/www.volen.pl\/?p=1267"},"modified":"2015-08-09T08:17:46","modified_gmt":"2015-08-09T06:17:46","slug":"albanska-szkola-jazdy","status":"publish","type":"post","link":"https:\/\/www.volen.pl\/?p=1267","title":{"rendered":"Alba\u0144ska szko\u0142a jazdy"},"content":{"rendered":"<p>Ze z\u0142o\u015bci na serbsk\u0105 biurokracj\u0119 postanowili\u015bmy nie tankowa\u0107 w tym &#8211; pi\u0119knym sk\u0105din\u0105d &#8211; kraju. Na pierwszej napotkanej stacji czarnog\u00f3rskiego Wr\u00f3blenu zatankowali\u015bmy do pe\u0142na z niewielk\u0105 g\u00f3rk\u0105, po czym zjechali\u015bmy do Bijelego Polja, zatrzymali\u015bmy si\u0119 w przydro\u017cnym hotelu i poszli\u015bmy spa\u0107.<\/p>\n<p>Trawersata Montenegro by\u0142a czyst\u0105 przyjemno\u015bci\u0105. Prowadzi\u0142 pewn\u0105 \u0142apk\u0105 dzielny Kot czarnog\u00f3rski, zatrzymywali\u015bmy si\u0119 tu i \u00f3wdzie, by pstrykn\u0105\u0107 widoczek albo napi\u0107 si\u0119 kawy&#8230;<\/p>\n<p><a href=\"https:\/\/i0.wp.com\/www.volen.pl\/wp-content\/uploads\/2015\/08\/czarnog%C3%B3ra-_VOL0229.jpg?ssl=1\"><img data-recalc-dims=\"1\" loading=\"lazy\" decoding=\"async\" data-attachment-id=\"1268\" data-permalink=\"https:\/\/www.volen.pl\/?attachment_id=1268\" data-orig-file=\"https:\/\/i0.wp.com\/www.volen.pl\/wp-content\/uploads\/2015\/08\/czarnog%C3%B3ra-_VOL0229.jpg?fit=2010%2C1053&amp;ssl=1\" data-orig-size=\"2010,1053\" data-comments-opened=\"0\" data-image-meta=\"{&quot;aperture&quot;:&quot;9&quot;,&quot;credit&quot;:&quot;Przemyslaw &#039;volen&#039; Wollenszleger&quot;,&quot;camera&quot;:&quot;NIKON D7000&quot;,&quot;caption&quot;:&quot;&quot;,&quot;created_timestamp&quot;:&quot;1438777266&quot;,&quot;copyright&quot;:&quot;&quot;,&quot;focal_length&quot;:&quot;48&quot;,&quot;iso&quot;:&quot;400&quot;,&quot;shutter_speed&quot;:&quot;0.008&quot;,&quot;title&quot;:&quot;&quot;,&quot;orientation&quot;:&quot;1&quot;}\" data-image-title=\"czarnog\u00f3ra _VOL0229\" data-image-description=\"\" data-image-caption=\"\" data-large-file=\"https:\/\/i0.wp.com\/www.volen.pl\/wp-content\/uploads\/2015\/08\/czarnog%C3%B3ra-_VOL0229.jpg?fit=2010%2C1053&amp;ssl=1\" class=\"alignnone size-medium wp-image-1268\" src=\"https:\/\/i0.wp.com\/www.volen.pl\/wp-content\/uploads\/2015\/08\/czarnog%C3%B3ra-_VOL0229.jpg?resize=1024%2C536&#038;ssl=1\" alt=\"czarnog\u00f3ra _VOL0229\" width=\"1024\" height=\"536\" srcset=\"https:\/\/i0.wp.com\/www.volen.pl\/wp-content\/uploads\/2015\/08\/czarnog%C3%B3ra-_VOL0229.jpg?resize=1024%2C536&amp;ssl=1 1024w, https:\/\/i0.wp.com\/www.volen.pl\/wp-content\/uploads\/2015\/08\/czarnog%C3%B3ra-_VOL0229.jpg?resize=668%2C350&amp;ssl=1 668w, https:\/\/i0.wp.com\/www.volen.pl\/wp-content\/uploads\/2015\/08\/czarnog%C3%B3ra-_VOL0229.jpg?w=2010&amp;ssl=1 2010w\" sizes=\"auto, (max-width: 1000px) 100vw, 1000px\" \/><\/a><br \/>\nW mi\u0119dzyczasie dobieg\u0142a mnie \u015bwiadomo\u015b\u0107 o przeczytanej wcze\u015bniej gdzie\u015b, u kogo\u015b, informacji o podr\u00f3\u017cnym sposobie na pranie, kt\u00f3ry to spos\u00f3b postanowi\u0142em od razu wypr\u00f3bowa\u0107: wywalili\u015bmy wszystkie rzeczy z turystycznej lod\u00f3wki, wlali\u015bmy do \u015brodka wod\u0119 z detergentem i wrzucili\u015bmy bielizn\u0119, po czym, zamkn\u0105wszy wszystko szczelnie, ruszyli\u015bmy dalej, ku przeznaczeniu. W tym czasie pranie samo si\u0119 robi\u0142o korzystaj\u0105c ze wstrz\u0105s\u00f3w drogowych. Temperatura, zgodnie z zam\u00f3wieniem wzrasta\u0142a z 27 na starcie do 39 stopni w okolicach Podgoricy (chodzi\u0142o, \u017ceby pranie mia\u0142o odpowiedni\u0105 temperatur\u0119).<\/p>\n<p>Niczym nie zm\u0105cona atmosfera spokoju i przyjemno\u015bci z jazdy sko\u0144czy\u0142a si\u0119 nagle dzi\u0119ki dotarciu do przej\u015bcia granicznego z Albani\u0105. Kolejka do granicy d\u0142uga, a buractwo, w wi\u0119kszo\u015bci &#8211; co z przykro\u015bci\u0105 stwierdzam &#8211; alba\u0144skie &#8211; wyprzedza\u0142o poboczem i wpycha\u0142o si\u0119 przed wszystkimi.<\/p>\n<p><a href=\"https:\/\/i0.wp.com\/www.volen.pl\/wp-content\/uploads\/2015\/08\/VOL0265.jpg?ssl=1\"><img data-recalc-dims=\"1\" loading=\"lazy\" decoding=\"async\" data-attachment-id=\"1270\" data-permalink=\"https:\/\/www.volen.pl\/?attachment_id=1270\" data-orig-file=\"https:\/\/i0.wp.com\/www.volen.pl\/wp-content\/uploads\/2015\/08\/VOL0265.jpg?fit=2464%2C1632&amp;ssl=1\" data-orig-size=\"2464,1632\" data-comments-opened=\"0\" data-image-meta=\"{&quot;aperture&quot;:&quot;8&quot;,&quot;credit&quot;:&quot;Przemyslaw &#039;volen&#039; Wollenszleger&quot;,&quot;camera&quot;:&quot;NIKON D7000&quot;,&quot;caption&quot;:&quot;&quot;,&quot;created_timestamp&quot;:&quot;1438784999&quot;,&quot;copyright&quot;:&quot;&quot;,&quot;focal_length&quot;:&quot;50&quot;,&quot;iso&quot;:&quot;400&quot;,&quot;shutter_speed&quot;:&quot;0.005&quot;,&quot;title&quot;:&quot;&quot;,&quot;orientation&quot;:&quot;1&quot;}\" data-image-title=\"_VOL0265\" data-image-description=\"\" data-image-caption=\"\" data-large-file=\"https:\/\/i0.wp.com\/www.volen.pl\/wp-content\/uploads\/2015\/08\/VOL0265.jpg?fit=2048%2C1356&amp;ssl=1\" class=\"alignnone size-medium wp-image-1270\" src=\"https:\/\/i0.wp.com\/www.volen.pl\/wp-content\/uploads\/2015\/08\/VOL0265.jpg?resize=1024%2C678&#038;ssl=1\" alt=\"_VOL0265\" width=\"1024\" height=\"678\" srcset=\"https:\/\/i0.wp.com\/www.volen.pl\/wp-content\/uploads\/2015\/08\/VOL0265.jpg?resize=1024%2C678&amp;ssl=1 1024w, https:\/\/i0.wp.com\/www.volen.pl\/wp-content\/uploads\/2015\/08\/VOL0265.jpg?resize=2048%2C1356&amp;ssl=1 2048w, https:\/\/i0.wp.com\/www.volen.pl\/wp-content\/uploads\/2015\/08\/VOL0265.jpg?resize=528%2C350&amp;ssl=1 528w\" sizes=\"auto, (max-width: 1000px) 100vw, 1000px\" \/><\/a> W pewnym momencie ju\u017c mnie osobi\u015bcie ponios\u0142o, zacz\u0105\u0142em g\u0142o\u015bno narzeka\u0107, a czasem i ubli\u017ca\u0107, co raczej rzadko si\u0119 zdarza, a w tym czasie Anulka zrobi\u0142a pogrzeb motylkowi, kt\u00f3rego zw\u0142oki znalaz\u0142a w samochodzie. Niewiele brakowa\u0142o, bym, zrozpaczony brakiem kultury, zabra\u0142 si\u0119 do r\u0119koczyn\u00f3w.<\/p>\n<p>S\u0142yszeli\u015bmy pog\u0142oski o skandalicznym zachowaniu alba\u0144czyk\u00f3w na drodze, wi\u0119c od granicy za k\u00f3\u0142kiem siad\u0142em osobi\u015bcie, jego wysoko\u015b\u0107 m\u0142ot Thora, karz\u0105ca r\u0119ka sprawiedliwo\u015bci i lechicki pogromca alba\u0144skiego buractwa drogowego.<\/p>\n<p>Nawykli do przemierzania Europy w tempie galopuj\u0105cego \u017c\u00f3\u0142wia, cieszyli\u015bmy si\u0119 jak dzieci, \u017ce maksymalna dopuszczalna pr\u0119dko\u015b\u0107 w Albanii wynika z og\u00f3lnych warunk\u00f3w panuj\u0105cych na jezdni. Pod wzgl\u0119dem jazdy Albania g\u00f3ruje nad ka\u017cdym innym krajem europejskim, w kt\u00f3rym mia\u0142em przyjemno\u015b\u0107 prowadzi\u0107 auto. Bez dw\u00f3ch zda\u0144 mog\u0119 stwierdzi\u0107, \u017ce jest to kraj, w kt\u00f3rym naprawd\u0119 dobrze mi si\u0119 je\u017adzi. Owszem, trzeba mie\u0107 oczy naoko\u0142o g\u0142owy, trzeba si\u0119 troch\u0119 nagimnastykowa\u0107, ale rado\u015b\u0107 z jazdy w tym kraju mia\u0142em najwi\u0119ksz\u0105. Ludzie je\u017cd\u017c\u0105 w takim weso\u0142ym, bezkompromisowo radosnym stylu. Nie polecamy natomiast przyjazdu tutaj w\u0142asnym pojazdem ludziom, kt\u00f3rym ka\u017cda rysa na lakierze stanowi ujm\u0119 na honorze lub chocia\u017cby psuje humor. Ju\u017c na samym pocz\u0105tku ujrzeli\u015bmy na w\u0142asne zdumione oczy, jak kierowca z Sharana usi\u0142owa\u0142 zrzuci\u0107 z drogi Mercedesa E.<\/p>\n<p>Po przeje\u017adzie przez par\u0119 mil tego wspania\u0142ego kraju dojechali\u015bmy w ko\u0144cu do Durres, takiego alba\u0144skiego Sopotu, w kt\u00f3rym znale\u017ali\u015bmy nocleg w\u0142a\u015bciwie z marszu wchodz\u0105c do hotelu. Po\u0142o\u017cony w trzeciej linii frontu licz\u0105c od morza, oferowa\u0142 fajne warunki za fajn\u0105 cen\u0119.<\/p>\n<p>Zauwa\u017cyli\u015bmy, \u017ce w Durres, a potem i okaza\u0142o si\u0119 to regu\u0142\u0105 dla reszty kraju, s\u0105 i owszem, przej\u015bcia dla pieszych, ale sygnalizacji \u015bwietlnej na nich ju\u017c nie ma, poza tym i tak nikt z przej\u015b\u0107 nie korzysta, gdy\u017c wszyscy i tak przebiegaj\u0105 tam, gdzie akurat maj\u0105 na to ochot\u0119. A kierowcy zupe\u0142nie si\u0119 tym nie przejmuj\u0105. Jedynie czasem, w trosce o zdrowie i \u017cycie pieszego, nale\u017cy odrobin\u0119 przyspieszy\u0107, by nie wpad\u0142 na g\u0142upi pomys\u0142, \u017ce akurat przed nami uda mu si\u0119 przebiec. Cudowny kraj.<\/p>\n<p>Morze w tym miejscu, jak Balaton, p\u0142ytkie, piaszczyste, gor\u0105ce. Nie przynosi och\u0142ody. Wyk\u0105pali\u015bmy si\u0119, zjedli\u015bmy co\u015b i poszli\u015bmy spa\u0107.<\/p>\n","protected":false},"excerpt":{"rendered":"<p>Ze z\u0142o\u015bci na serbsk\u0105 biurokracj\u0119 postanowili\u015bmy nie tankowa\u0107 w tym &#8211; pi\u0119knym sk\u0105din\u0105d &#8211; kraju.&#8230;<\/p>\n<div class=\"more-link-wrapper\"><a class=\"more-link\" href=\"https:\/\/www.volen.pl\/?p=1267\">Read the post<span class=\"screen-reader-text\">Alba\u0144ska szko\u0142a jazdy<\/span><\/a><\/div>\n","protected":false},"author":1,"featured_media":1269,"comment_status":"closed","ping_status":"closed","sticky":false,"template":"","format":"standard","meta":{"_crdt_document":"","jetpack_post_was_ever_published":false,"_jetpack_newsletter_access":"","_jetpack_dont_email_post_to_subs":false,"_jetpack_newsletter_tier_id":0,"_jetpack_memberships_contains_paywalled_content":false,"_jetpack_memberships_contains_paid_content":false,"footnotes":"","jetpack_publicize_message":"","jetpack_publicize_feature_enabled":true,"jetpack_social_post_already_shared":true,"jetpack_social_options":{"image_generator_settings":{"template":"highway","default_image_id":0,"font":"","enabled":false},"version":2}},"categories":[194,93],"tags":[192,199,195,200,58,205,44],"class_list":["post-1267","post","type-post","status-publish","format-standard","has-post-thumbnail","hentry","category-balkan-express","category-nawariata","tag-192","tag-albania","tag-balkany","tag-durres","tag-montenegro","tag-nawariata","tag-podroz","excerpt","zoom","full-without-featured","even","excerpt-0"],"jetpack_publicize_connections":[],"jetpack_featured_media_url":"https:\/\/i0.wp.com\/www.volen.pl\/wp-content\/uploads\/2015\/08\/VOL0251.jpg?fit=2464%2C1632&ssl=1","jetpack_shortlink":"https:\/\/wp.me\/p4lAri-kr","jetpack_sharing_enabled":true,"jetpack-related-posts":[{"id":202,"url":"https:\/\/www.volen.pl\/?p=202","url_meta":{"origin":1267,"position":0},"title":"Lazy day","author":"volen","date":"2013-08-17","format":false,"excerpt":"I tak nadszed\u0142 dzie\u0144 pierwszy naszej wycieczki. Poranek przywita\u0142 nas smrodem rozk\u0142adaj\u0105cych si\u0119 glon\u00f3w, a \u00f3w trwa\u0142 przez ca\u0142y dzie\u0144 i nic nie zapowiada zmian. Z rana postanowili\u015bmy przej\u015b\u0107 si\u0119 odrobink\u0119 brzegiem morza, obejrzeli\u015bmy \u017caglowiec, stoczni\u0119, \u0142odzie podwodne i inne atrakcje, k\u0105pi\u0105c si\u0119 w mi\u0119dzy czasie w solance adriatyckiej. \u017bar\u2026","rel":"","context":"W \u201eMontenegro 2013&quot;","block_context":{"text":"Montenegro 2013","link":"https:\/\/www.volen.pl\/?cat=134"},"img":{"alt_text":"","src":"","width":0,"height":0},"classes":[]},{"id":191,"url":"https:\/\/www.volen.pl\/?p=191","url_meta":{"origin":1267,"position":1},"title":"Wielki Powr\u00f3t do Domu","author":"volen","date":"2013-08-28","format":false,"excerpt":"bo wsz\u0119dzie dobrze, ale w domu najlepiej. Tak wi\u0119c powr\u00f3t rozpocz\u0105\u0142 si\u0119 z rana w Herceg Novi, gdzie bez zb\u0119dnego po\u015bpiechu spakowali\u015bmy si\u0119, zjedli\u015bmy ma\u0142e co nieco oraz zapili\u015bmy kaw\u0105, po czym ruszyli\u015bmy szuka\u0107 transportu do Tivat. W tym miejscu, w Herceg Novi, m\u00f3j Kot postanowi\u0142 po\u017cegna\u0107 swoje ulubione podr\u00f3\u017cne\u2026","rel":"","context":"W \u201eMontenegro 2013&quot;","block_context":{"text":"Montenegro 2013","link":"https:\/\/www.volen.pl\/?cat=134"},"img":{"alt_text":"","src":"","width":0,"height":0},"classes":[]},{"id":201,"url":"https:\/\/www.volen.pl\/?p=201","url_meta":{"origin":1267,"position":2},"title":"\u017bar piekielny","author":"volen","date":"2013-08-18","format":false,"excerpt":"Dzi\u015b o 7.00 obudzi\u0142 nas budzik. Postanowili\u015bmy wyruszy\u0107 do Kotoru, by zobaczy\u0107, z czym to si\u0119 je oraz by zabookowa\u0107 nocleg na nast\u0119pny dzie\u0144. Kr\u00f3tkie poszukiwanie autobusu sko\u0144czy\u0142o si\u0119 (wydawa\u0142o si\u0119 nam - wyj\u0105tkowo) w taks\u00f3wce. Najkr\u00f3tsza droga z Tivat do Kotoru prowadzi d\u0142ugim na ponad 1600 metr\u00f3w tunelem. Podr\u00f3\u017c\u2026","rel":"","context":"W \u201eMontenegro 2013&quot;","block_context":{"text":"Montenegro 2013","link":"https:\/\/www.volen.pl\/?cat=134"},"img":{"alt_text":"","src":"","width":0,"height":0},"classes":[]},{"id":200,"url":"https:\/\/www.volen.pl\/?p=200","url_meta":{"origin":1267,"position":3},"title":"Rakija","author":"volen","date":"2013-08-19","format":false,"excerpt":"Znowu budzik! obudzi\u0142 nas z rana, by pom\u00f3c nam zorganizowa\u0107 dzie\u0144. Kr\u00f3tkie losowanie wskaza\u0142o Budv\u0119 na miejsce nast\u0119pnego spoczynku, tak wi\u0119c ogarn\u0119li\u015bmy apartamiento i siebie i ruszyli\u015bmy na czuja w poszukiwaniu dworca autobusowego. Autobus przyjecha\u0142 po paru minutach, by\u0142 do\u015b\u0107 wiekowy i wygl\u0105da\u0142 na powa\u017cnie traktuj\u0105cego swoj\u0105 prac\u0119. Kurs z\u2026","rel":"","context":"W \u201eMontenegro 2013&quot;","block_context":{"text":"Montenegro 2013","link":"https:\/\/www.volen.pl\/?cat=134"},"img":{"alt_text":"","src":"","width":0,"height":0},"classes":[]},{"id":195,"url":"https:\/\/www.volen.pl\/?p=195","url_meta":{"origin":1267,"position":4},"title":"Oczi cziorne","author":"volen","date":"2013-08-24","format":false,"excerpt":"Gospodyni wci\u0105\u017c staje na wysoko\u015bci zadania, robi\u0105c nam co rano pyszn\u0105 domow\u0105 fusiar\u0119. O godzinie 8.00 z regularno\u015bci\u0105 Polskich Kolei Pa\u0144stwowych w\u0142azi na g\u00f3r\u0119 i puka delikatnie do drzwi, a jej pojawienie si\u0119 zwiastuje zapach kawy.Sobota. Imieniny kota. Zupe\u0142nie leniwy dzie\u0144: dzia\u0142o si\u0119 ma\u0142o, ale bardzo intensywnie. Nie b\u0119dziemy zachwyca\u0107\u2026","rel":"","context":"W \u201eMontenegro 2013&quot;","block_context":{"text":"Montenegro 2013","link":"https:\/\/www.volen.pl\/?cat=134"},"img":{"alt_text":"","src":"","width":0,"height":0},"classes":[]},{"id":203,"url":"https:\/\/www.volen.pl\/?p=203","url_meta":{"origin":1267,"position":5},"title":"Tr\u00f3jmiejska Grupa Wypadowa","author":"volen","date":"2013-08-16","format":false,"excerpt":"I pojechali. Samolotem do Warszawy, gdzie w SO!Coffee spili\u015bmy czytaj\u0105c dziwne jakiesik cuda, a potem r\u00f3wnie\u017c samolotem do Belgradu, gdzie z kolei postanowili\u015bmy za namow\u0105 Miko\u0142aja, obejrze\u0107 fort nad rzek\u0105. Niestety! Cho\u0107by\u015bmy chcieli, nie dali\u015bmy rady, a to ju\u017c z powodu, \u017ce g\u0142\u00f3d straszliwy, a to, \u017ce autobusy je\u017cd\u017c\u0105 okropnie\u2026","rel":"","context":"W \u201eMontenegro 2013&quot;","block_context":{"text":"Montenegro 2013","link":"https:\/\/www.volen.pl\/?cat=134"},"img":{"alt_text":"","src":"","width":0,"height":0},"classes":[]}],"_links":{"self":[{"href":"https:\/\/www.volen.pl\/index.php?rest_route=\/wp\/v2\/posts\/1267","targetHints":{"allow":["GET"]}}],"collection":[{"href":"https:\/\/www.volen.pl\/index.php?rest_route=\/wp\/v2\/posts"}],"about":[{"href":"https:\/\/www.volen.pl\/index.php?rest_route=\/wp\/v2\/types\/post"}],"author":[{"embeddable":true,"href":"https:\/\/www.volen.pl\/index.php?rest_route=\/wp\/v2\/users\/1"}],"replies":[{"embeddable":true,"href":"https:\/\/www.volen.pl\/index.php?rest_route=%2Fwp%2Fv2%2Fcomments&post=1267"}],"version-history":[{"count":1,"href":"https:\/\/www.volen.pl\/index.php?rest_route=\/wp\/v2\/posts\/1267\/revisions"}],"predecessor-version":[{"id":1271,"href":"https:\/\/www.volen.pl\/index.php?rest_route=\/wp\/v2\/posts\/1267\/revisions\/1271"}],"wp:featuredmedia":[{"embeddable":true,"href":"https:\/\/www.volen.pl\/index.php?rest_route=\/wp\/v2\/media\/1269"}],"wp:attachment":[{"href":"https:\/\/www.volen.pl\/index.php?rest_route=%2Fwp%2Fv2%2Fmedia&parent=1267"}],"wp:term":[{"taxonomy":"category","embeddable":true,"href":"https:\/\/www.volen.pl\/index.php?rest_route=%2Fwp%2Fv2%2Fcategories&post=1267"},{"taxonomy":"post_tag","embeddable":true,"href":"https:\/\/www.volen.pl\/index.php?rest_route=%2Fwp%2Fv2%2Ftags&post=1267"}],"curies":[{"name":"wp","href":"https:\/\/api.w.org\/{rel}","templated":true}]}}