{"id":1272,"date":"2015-08-06T18:24:30","date_gmt":"2015-08-06T16:24:30","guid":{"rendered":"http:\/\/www.volen.pl\/?p=1272"},"modified":"2015-08-09T08:41:46","modified_gmt":"2015-08-09T06:41:46","slug":"olimp","status":"publish","type":"post","link":"https:\/\/www.volen.pl\/?p=1272","title":{"rendered":"Olimp"},"content":{"rendered":"<p>W nocy wysch\u0142o pranie. Patent z d\u0142ugimi sznurowad\u0142ami sprawdzi\u0142 si\u0119 po raz kolejny. Jeszcze przed \u015bniadaniem zrobili\u015bmy kolejne pranie, tym razem w hotelu, powiesili\u015bmy jeszcze, by przesch\u0142o i poszli\u015bmy zje\u015b\u0107 i si\u0119 wyk\u0105pa\u0107. Zrobili\u015bmy te\u017c kilka zdj\u0119\u0107, by udowodni\u0107 wszem i wobec, i\u017c alba\u0144ska riwiera istnieje, ale to nie zdj\u0119cia s\u0105 motywem przewodnim naszej wyprawy.<\/p>\n<p><a href=\"https:\/\/i0.wp.com\/www.volen.pl\/wp-content\/uploads\/2015\/08\/VOL0296.jpg?ssl=1\"><img data-recalc-dims=\"1\" loading=\"lazy\" decoding=\"async\" data-attachment-id=\"1273\" data-permalink=\"https:\/\/www.volen.pl\/?attachment_id=1273\" data-orig-file=\"https:\/\/i0.wp.com\/www.volen.pl\/wp-content\/uploads\/2015\/08\/VOL0296.jpg?fit=2464%2C1632&amp;ssl=1\" data-orig-size=\"2464,1632\" data-comments-opened=\"0\" data-image-meta=\"{&quot;aperture&quot;:&quot;8&quot;,&quot;credit&quot;:&quot;Przemyslaw &#039;volen&#039; Wollenszleger&quot;,&quot;camera&quot;:&quot;NIKON D7000&quot;,&quot;caption&quot;:&quot;&quot;,&quot;created_timestamp&quot;:&quot;1438855893&quot;,&quot;copyright&quot;:&quot;&quot;,&quot;focal_length&quot;:&quot;18&quot;,&quot;iso&quot;:&quot;400&quot;,&quot;shutter_speed&quot;:&quot;0.003125&quot;,&quot;title&quot;:&quot;&quot;,&quot;orientation&quot;:&quot;1&quot;}\" data-image-title=\"_VOL0296\" data-image-description=\"\" data-image-caption=\"\" data-large-file=\"https:\/\/i0.wp.com\/www.volen.pl\/wp-content\/uploads\/2015\/08\/VOL0296.jpg?fit=2048%2C1356&amp;ssl=1\" class=\"alignnone size-medium wp-image-1273\" src=\"https:\/\/i0.wp.com\/www.volen.pl\/wp-content\/uploads\/2015\/08\/VOL0296.jpg?resize=1024%2C678&#038;ssl=1\" alt=\"_VOL0296\" width=\"1024\" height=\"678\" srcset=\"https:\/\/i0.wp.com\/www.volen.pl\/wp-content\/uploads\/2015\/08\/VOL0296.jpg?resize=1024%2C678&amp;ssl=1 1024w, https:\/\/i0.wp.com\/www.volen.pl\/wp-content\/uploads\/2015\/08\/VOL0296.jpg?resize=2048%2C1356&amp;ssl=1 2048w, https:\/\/i0.wp.com\/www.volen.pl\/wp-content\/uploads\/2015\/08\/VOL0296.jpg?resize=528%2C350&amp;ssl=1 528w\" sizes=\"auto, (max-width: 1000px) 100vw, 1000px\" \/><\/a><\/p>\n<p>Wydaje si\u0119, \u017ce brak mi by\u0142o od jakiego\u015b czasu takiego jakiego\u015b wym\u0119czenia i poczucia w ko\u015bciach przebytej drogi. W czasie podr\u00f3\u017cy rodzi\u0142 si\u0119, uwidacznia\u0142, a teraz ju\u017c jest w pe\u0142ni dojrza\u0142y motyw przewodni: wyk\u0105pa\u0107 si\u0119 w Adriatyku, Morzu Egejskim i w Morzu Czarnym. Zbieramy sobie r\u00f3wnie\u017c po drodze do kolekcji inne zbiorniki wodne, w kt\u00f3rych mo\u017cna wymoczy\u0107 kuperki. Tak by\u0142o z Balatonem, a dzisiaj postanowili\u015bmy r\u00f3wnie\u017c obada\u0107 jezioro Ochrydzkie, o kt\u00f3rym s\u0142yszeli\u015bmy same superlatywy.<br \/>\nNie wiem, czy inni te\u017c tak maj\u0105, ale my w jaki\u015b taki instynktowny spos\u00f3b czujemy r\u00f3\u017cne zbiorniki wodne: raz jako przyjazne, przyjemne, a innym razem jako oboj\u0119tne, a czasem nawet jako wrogie. Niekt\u00f3re jeziora wygl\u0105daj\u0105 tak, \u017ce od razu odchodzi nam ochota do k\u0105pieli. W przypadku jeziora Ochrydzkiego wszystko m\u00f3wi\u0142o nam: k\u0105p si\u0119! R\u00f3wnie\u017c i napotkane przy okazji, pl\u0105saj\u0105ce jak foczki, alba\u0144skie dzieciaki.<\/p>\n<p><a href=\"https:\/\/i0.wp.com\/www.volen.pl\/wp-content\/uploads\/2015\/08\/VOL0306.jpg?ssl=1\"><img data-recalc-dims=\"1\" loading=\"lazy\" decoding=\"async\" data-attachment-id=\"1274\" data-permalink=\"https:\/\/www.volen.pl\/?attachment_id=1274\" data-orig-file=\"https:\/\/i0.wp.com\/www.volen.pl\/wp-content\/uploads\/2015\/08\/VOL0306.jpg?fit=2464%2C1632&amp;ssl=1\" data-orig-size=\"2464,1632\" data-comments-opened=\"0\" data-image-meta=\"{&quot;aperture&quot;:&quot;11&quot;,&quot;credit&quot;:&quot;Przemyslaw &#039;volen&#039; Wollenszleger&quot;,&quot;camera&quot;:&quot;NIKON D7000&quot;,&quot;caption&quot;:&quot;&quot;,&quot;created_timestamp&quot;:&quot;1438868819&quot;,&quot;copyright&quot;:&quot;&quot;,&quot;focal_length&quot;:&quot;18&quot;,&quot;iso&quot;:&quot;100&quot;,&quot;shutter_speed&quot;:&quot;0.02&quot;,&quot;title&quot;:&quot;&quot;,&quot;orientation&quot;:&quot;1&quot;}\" data-image-title=\"_VOL0306\" data-image-description=\"\" data-image-caption=\"\" data-large-file=\"https:\/\/i0.wp.com\/www.volen.pl\/wp-content\/uploads\/2015\/08\/VOL0306.jpg?fit=2048%2C1356&amp;ssl=1\" class=\"alignnone size-medium wp-image-1274\" src=\"https:\/\/i0.wp.com\/www.volen.pl\/wp-content\/uploads\/2015\/08\/VOL0306.jpg?resize=1024%2C678&#038;ssl=1\" alt=\"_VOL0306\" width=\"1024\" height=\"678\" srcset=\"https:\/\/i0.wp.com\/www.volen.pl\/wp-content\/uploads\/2015\/08\/VOL0306.jpg?resize=1024%2C678&amp;ssl=1 1024w, https:\/\/i0.wp.com\/www.volen.pl\/wp-content\/uploads\/2015\/08\/VOL0306.jpg?resize=2048%2C1356&amp;ssl=1 2048w, https:\/\/i0.wp.com\/www.volen.pl\/wp-content\/uploads\/2015\/08\/VOL0306.jpg?resize=528%2C350&amp;ssl=1 528w\" sizes=\"auto, (max-width: 1000px) 100vw, 1000px\" \/><\/a><br \/>\nRewelacyjne jezioro o ciep\u0142ej, mi\u0142ej, \u015brednioprzejrzystej wodzie, cho\u0107 beznadziejnym brzegu. Przynajmniej w miejscu, w kt\u00f3rym si\u0119 k\u0105pali\u015bmy, czyli przy remontowanej trasie.<br \/>\nPowoli \u017cegnali\u015bmy si\u0119 z Albani\u0105, postanowili\u015bmy wyda\u0107 do ko\u0144ca posiadane przez nas leki (znaczy, ichnie pieni\u0105dze), zam\u00f3wili\u015bmy u zezowatej kelnerki sk\u0105din\u0105d pyszne danie, ale \u017ce dodatkowo \u017ale nas zrozumia\u0142a, dostali\u015bmy je podw\u00f3jne, wi\u0119c musieli\u015bmy i tak, mimo drobiazowych wylicze\u0144, uda\u0107 si\u0119 do bankomatu.<br \/>\nWjechali\u015bmy do Grecji z zamiarem wyl\u0105dowania w okolicach Salonik. Olimpijscy bogowie nie mogli pogodzi\u0107 si\u0119 z przybyciem lechickich kozak\u00f3w, o czym dawali zna\u0107 g\u0142o\u015bno i b\u0142yskownie, zsy\u0142aj\u0105c na nas gigantyczn\u0105 burz\u0119, kt\u00f3ra nie chcia\u0142a si\u0119 uspokoi\u0107 do p\u00f3\u017anej nocy. Nasz tryumfalny wjazd zamieni\u0142 si\u0119 we wp\u0142yw, przep\u0142yn\u0119li\u015bmy greckie autostrady i Saloniki. Na mapach wynale\u017ali\u015bmy Kassandri\u0119, kt\u00f3rej mityczne konotacje wzbudzi\u0142y we mnie pewnego rodzaju czu\u0142o\u015b\u0107 i pojechali\u015bmy w tamtym kierunku, lecz zwiod\u0142y nas, jak \u017ceglarzy Odysa, \u015bwiate\u0142ka \u0107mi\u0105ce w Afytos. Afytos wygra\u0142o, gdy\u017c i le\u017ca\u0142o nad morzem i by\u0142em wystarczaj\u0105co zm\u0119czony prowadzeniem galery od samego Durres.<\/p>\n<p><a href=\"https:\/\/i0.wp.com\/www.volen.pl\/wp-content\/uploads\/2015\/08\/VOL0322.jpg?ssl=1\"><img data-recalc-dims=\"1\" loading=\"lazy\" decoding=\"async\" data-attachment-id=\"1275\" data-permalink=\"https:\/\/www.volen.pl\/?attachment_id=1275\" data-orig-file=\"https:\/\/i0.wp.com\/www.volen.pl\/wp-content\/uploads\/2015\/08\/VOL0322.jpg?fit=4928%2C3264&amp;ssl=1\" data-orig-size=\"4928,3264\" data-comments-opened=\"0\" data-image-meta=\"{&quot;aperture&quot;:&quot;9&quot;,&quot;credit&quot;:&quot;Przemyslaw &#039;volen&#039; Wollenszleger&quot;,&quot;camera&quot;:&quot;NIKON D7000&quot;,&quot;caption&quot;:&quot;&quot;,&quot;created_timestamp&quot;:&quot;1438896039&quot;,&quot;copyright&quot;:&quot;&quot;,&quot;focal_length&quot;:&quot;14&quot;,&quot;iso&quot;:&quot;100&quot;,&quot;shutter_speed&quot;:&quot;1.6&quot;,&quot;title&quot;:&quot;&quot;,&quot;orientation&quot;:&quot;1&quot;}\" data-image-title=\"_VOL0322\" data-image-description=\"\" data-image-caption=\"\" data-large-file=\"https:\/\/i0.wp.com\/www.volen.pl\/wp-content\/uploads\/2015\/08\/VOL0322.jpg?fit=2048%2C1356&amp;ssl=1\" class=\"alignnone size-medium wp-image-1275\" src=\"https:\/\/i0.wp.com\/www.volen.pl\/wp-content\/uploads\/2015\/08\/VOL0322.jpg?resize=1024%2C678&#038;ssl=1\" alt=\"_VOL0322\" width=\"1024\" height=\"678\" srcset=\"https:\/\/i0.wp.com\/www.volen.pl\/wp-content\/uploads\/2015\/08\/VOL0322.jpg?resize=1024%2C678&amp;ssl=1 1024w, https:\/\/i0.wp.com\/www.volen.pl\/wp-content\/uploads\/2015\/08\/VOL0322.jpg?resize=2048%2C1356&amp;ssl=1 2048w, https:\/\/i0.wp.com\/www.volen.pl\/wp-content\/uploads\/2015\/08\/VOL0322.jpg?resize=528%2C350&amp;ssl=1 528w, https:\/\/i0.wp.com\/www.volen.pl\/wp-content\/uploads\/2015\/08\/VOL0322.jpg?w=3000&amp;ssl=1 3000w\" sizes=\"auto, (max-width: 1000px) 100vw, 1000px\" \/><\/a>Poszli\u015bmy obada\u0107 miejsce, a podczas kolacji Zeus znowu pokaza\u0142, i\u017c nie bardzo mu si\u0119 podoba nasze przybycie: zacz\u0105\u0142 si\u0119 denerwowa\u0107 i og\u00f3lnie zrobi\u0142o si\u0119 ma\u0142o przyjemnie, w restauracji szk\u0142o si\u0119 t\u0142uk\u0142o, obrazy wiatr ze \u015bcian zdejmowa\u0142, ludziska z tarasu pouciekali, szale\u0144stwo jakowe\u015b.<br \/>\nCudem znale\u017ali\u015bmy nocleg w noclegowni ok. p\u00f3\u0142nocy, a babcia noclegowa kaza\u0142a nam si\u0119 wymeldowa\u0107 o 8.00 &#8211; wida\u0107 mia\u0142a jakie\u015b konszachty z Olimpem&#8230; Szybki prysznic i spali\u015bmy jak zabici.<\/p>\n","protected":false},"excerpt":{"rendered":"<p>W nocy wysch\u0142o pranie. Patent z d\u0142ugimi sznurowad\u0142ami sprawdzi\u0142 si\u0119 po raz kolejny. Jeszcze przed&#8230;<\/p>\n<div class=\"more-link-wrapper\"><a class=\"more-link\" href=\"https:\/\/www.volen.pl\/?p=1272\">Read the post<span class=\"screen-reader-text\">Olimp<\/span><\/a><\/div>\n","protected":false},"author":1,"featured_media":1277,"comment_status":"closed","ping_status":"closed","sticky":false,"template":"","format":"standard","meta":{"_crdt_document":"","jetpack_post_was_ever_published":false,"_jetpack_newsletter_access":"","_jetpack_dont_email_post_to_subs":false,"_jetpack_newsletter_tier_id":0,"_jetpack_memberships_contains_paywalled_content":false,"_jetpack_memberships_contains_paid_content":false,"footnotes":"","jetpack_publicize_message":"","jetpack_publicize_feature_enabled":true,"jetpack_social_post_already_shared":true,"jetpack_social_options":{"image_generator_settings":{"template":"highway","default_image_id":0,"font":"","enabled":false},"version":2}},"categories":[194,93],"tags":[192,195,201,205,44],"class_list":["post-1272","post","type-post","status-publish","format-standard","has-post-thumbnail","hentry","category-balkan-express","category-nawariata","tag-192","tag-balkany","tag-grecja","tag-nawariata","tag-podroz","excerpt","zoom","full-without-featured","even","excerpt-0"],"jetpack_publicize_connections":[],"jetpack_featured_media_url":"https:\/\/i0.wp.com\/www.volen.pl\/wp-content\/uploads\/2015\/08\/VOL0331.jpg?fit=4928%2C3264&ssl=1","jetpack_shortlink":"https:\/\/wp.me\/s4lAri-olimp","jetpack_sharing_enabled":true,"jetpack-related-posts":[{"id":1279,"url":"https:\/\/www.volen.pl\/?p=1279","url_meta":{"origin":1272,"position":0},"title":"Morze Egejskie","author":"volen","date":"2015-08-07","format":false,"excerpt":"Zmartwychwstanie o tej porze bywa ci\u0119\u017ckim prze\u017cyciem, wida\u0107 po powy\u017cszym obrazku... Ca\u0142e szcz\u0119\u015bcie, kuchnia wyposa\u017cona w garnek pozwoli\u0142a na zrobienie kawy. Na pierwsze \u015bniadanie poszli\u015bmy wyk\u0105pa\u0107 si\u0119 w morzu. Cu. Do. Wnie. Cudownie, Morze Egejskie przywita\u0142o nas ciep\u0142\u0105, przezroczyst\u0105 wod\u0105, w kt\u00f3rej baraszkowali\u015bmy jak m\u0142ode wydry. Po k\u0105pieli Anula szuka\u0142a\u2026","rel":"","context":"W \u201eBalkan eXpress&quot;","block_context":{"text":"Balkan eXpress","link":"https:\/\/www.volen.pl\/?cat=194"},"img":{"alt_text":"","src":"https:\/\/i0.wp.com\/www.volen.pl\/wp-content\/uploads\/2015\/08\/VOL0418.jpg?fit=1200%2C795&ssl=1&resize=350%2C200","width":350,"height":200,"srcset":"https:\/\/i0.wp.com\/www.volen.pl\/wp-content\/uploads\/2015\/08\/VOL0418.jpg?fit=1200%2C795&ssl=1&resize=350%2C200 1x, https:\/\/i0.wp.com\/www.volen.pl\/wp-content\/uploads\/2015\/08\/VOL0418.jpg?fit=1200%2C795&ssl=1&resize=525%2C300 1.5x, https:\/\/i0.wp.com\/www.volen.pl\/wp-content\/uploads\/2015\/08\/VOL0418.jpg?fit=1200%2C795&ssl=1&resize=700%2C400 2x, https:\/\/i0.wp.com\/www.volen.pl\/wp-content\/uploads\/2015\/08\/VOL0418.jpg?fit=1200%2C795&ssl=1&resize=1050%2C600 3x"},"classes":[]},{"id":219,"url":"https:\/\/www.volen.pl\/?p=219","url_meta":{"origin":1272,"position":1},"title":"Pralnia","author":"volen","date":"2012-10-15","format":false,"excerpt":"Istambu\u0142 wkurzy\u0142 nas niesamowicie. Miasto, w kt\u00f3rym z czterech stron \u015bwiata jest po\u0142udnie. Ale najpierw. Po autobusowo-promowej przeprawie przez Morze Marmara posilili\u015bmy si\u0119 w sto\u0142\u00f3wce dla pracownik\u00f3w Pamukkale na Buyuk Otogar. Kupili\u015bmy bilety do Konstancy, a sprzedawca wyekspediowa\u0142 nas dla pewno\u015bci metrem do Aksaray, sk\u0105d mieli\u015bmy mie\u0107 nast\u0119pnego dnia autobus.\u2026","rel":"","context":"W \u201e7000km - 2012&quot;","block_context":{"text":"7000km - 2012","link":"https:\/\/www.volen.pl\/?cat=135"},"img":{"alt_text":"","src":"","width":0,"height":0},"classes":[]},{"id":1297,"url":"https:\/\/www.volen.pl\/?p=1297","url_meta":{"origin":1272,"position":2},"title":"rozterki moralne","author":"volen","date":"2015-08-08","format":false,"excerpt":"Otrzepali\u015bmy si\u0119 wi\u0119c z godno\u015bci\u0105, wytrzepali\u015bmy namiot i \u015bpiwory, wyk\u0105pali\u015bmy si\u0119 raz jeszcze w Morzu Egejskim i Anula znowu dzielnie prowadzi\u0142a do granicy z Bu\u0142gari\u0105, a nawet odrobin\u0119 dalej. Granica grecko - bu\u0142garska zdumia\u0142a nas niepomiernie, gdy\u017c toczka w toczk\u0119 przypomina\u0142a granic\u0119 czarnog\u00f3rsko - alba\u0144sk\u0105, przynajmniej w stron\u0119 Grecji. Wjazd\u2026","rel":"","context":"W \u201eBalkan eXpress&quot;","block_context":{"text":"Balkan eXpress","link":"https:\/\/www.volen.pl\/?cat=194"},"img":{"alt_text":"","src":"https:\/\/i0.wp.com\/www.volen.pl\/wp-content\/uploads\/2015\/08\/VOL0509.jpg?fit=1200%2C795&ssl=1&resize=350%2C200","width":350,"height":200,"srcset":"https:\/\/i0.wp.com\/www.volen.pl\/wp-content\/uploads\/2015\/08\/VOL0509.jpg?fit=1200%2C795&ssl=1&resize=350%2C200 1x, https:\/\/i0.wp.com\/www.volen.pl\/wp-content\/uploads\/2015\/08\/VOL0509.jpg?fit=1200%2C795&ssl=1&resize=525%2C300 1.5x, https:\/\/i0.wp.com\/www.volen.pl\/wp-content\/uploads\/2015\/08\/VOL0509.jpg?fit=1200%2C795&ssl=1&resize=700%2C400 2x, https:\/\/i0.wp.com\/www.volen.pl\/wp-content\/uploads\/2015\/08\/VOL0509.jpg?fit=1200%2C795&ssl=1&resize=1050%2C600 3x"},"classes":[]},{"id":766,"url":"https:\/\/www.volen.pl\/?p=766","url_meta":{"origin":1272,"position":3},"title":"gaz \u0142zawi\u0105cy","author":"volen","date":"2014-10-24","format":false,"excerpt":"Potworny b\u00f3l g\u0142owy. Piek\u0105ce oczy. Kaszel i krztuszenie si\u0119. Zawsze tak jest, jak policja r\u0105bie w cz\u0142owieka gazem \u0142zawi\u0105cym. A nie chcieli\u015bmy nic z\u0142ego. Po prostu napi\u0107 si\u0119 kawy. Ale po kolei... Na \u015bniadanie w hotelu nie by\u0142o co liczy\u0107, poszli\u015bmy wi\u0119c do restauracji, gdzie po omacku zamawiaj\u0105c dostali\u015bmy jajecznic\u0119\u2026","rel":"","context":"W \u201ea la conquista de Am\u00e9rica&quot;","block_context":{"text":"a la conquista de Am\u00e9rica","link":"https:\/\/www.volen.pl\/?cat=138"},"img":{"alt_text":"","src":"https:\/\/i0.wp.com\/www.volen.pl\/wp-content\/uploads\/2014\/10\/r_DSC0323.jpg?fit=1200%2C795&ssl=1&resize=350%2C200","width":350,"height":200,"srcset":"https:\/\/i0.wp.com\/www.volen.pl\/wp-content\/uploads\/2014\/10\/r_DSC0323.jpg?fit=1200%2C795&ssl=1&resize=350%2C200 1x, https:\/\/i0.wp.com\/www.volen.pl\/wp-content\/uploads\/2014\/10\/r_DSC0323.jpg?fit=1200%2C795&ssl=1&resize=525%2C300 1.5x, https:\/\/i0.wp.com\/www.volen.pl\/wp-content\/uploads\/2014\/10\/r_DSC0323.jpg?fit=1200%2C795&ssl=1&resize=700%2C400 2x, https:\/\/i0.wp.com\/www.volen.pl\/wp-content\/uploads\/2014\/10\/r_DSC0323.jpg?fit=1200%2C795&ssl=1&resize=1050%2C600 3x"},"classes":[]},{"id":1979,"url":"https:\/\/www.volen.pl\/?p=1979","url_meta":{"origin":1272,"position":4},"title":"zemsta Allaha","author":"volen","date":"2016-12-10","format":false,"excerpt":"Kemping \u00f3w by\u0142 tylko miejscem na mapie, w kt\u00f3rym znajdowa\u0142 si\u0119 ogr\u00f3d botaniczny, wielka chluba Batumi. Skr\u0119ci\u0142em wi\u0119c w uliczk\u0119 obok i widz\u0105c przechodz\u0105c\u0105 mimo kobiet\u0119, zapyta\u0142em, czy nie ma przypadkiem jakiego\u015b miejsca do spania i zalegli\u015bmy w ko\u0144cu u niej, w jej sypialni, z kt\u00f3rej si\u0119 chwilowo wynios\u0142a, bo\u2026","rel":"","context":"W \u201enawariata&quot;","block_context":{"text":"nawariata","link":"https:\/\/www.volen.pl\/?cat=93"},"img":{"alt_text":"","src":"https:\/\/i0.wp.com\/www.volen.pl\/wp-content\/uploads\/2016\/12\/flaga_VOL2659.jpg?fit=1200%2C795&ssl=1&resize=350%2C200","width":350,"height":200,"srcset":"https:\/\/i0.wp.com\/www.volen.pl\/wp-content\/uploads\/2016\/12\/flaga_VOL2659.jpg?fit=1200%2C795&ssl=1&resize=350%2C200 1x, https:\/\/i0.wp.com\/www.volen.pl\/wp-content\/uploads\/2016\/12\/flaga_VOL2659.jpg?fit=1200%2C795&ssl=1&resize=525%2C300 1.5x, https:\/\/i0.wp.com\/www.volen.pl\/wp-content\/uploads\/2016\/12\/flaga_VOL2659.jpg?fit=1200%2C795&ssl=1&resize=700%2C400 2x, https:\/\/i0.wp.com\/www.volen.pl\/wp-content\/uploads\/2016\/12\/flaga_VOL2659.jpg?fit=1200%2C795&ssl=1&resize=1050%2C600 3x"},"classes":[]},{"id":193,"url":"https:\/\/www.volen.pl\/?p=193","url_meta":{"origin":1272,"position":5},"title":"Gniew Zeusa","author":"volen","date":"2013-08-26","format":false,"excerpt":"Autobus z Savnika mieli\u015bmy o 12.00, co w \u015bwietle pobudki o 8.00 dawa\u0142o nam sporo czasu na poczynienie obserwacji socjologicznych. Raz, \u017ce widzieli\u015bmy wdzi\u0119czno\u015b\u0107 obs\u0142ugi hotelowej za przyjmowane bez zmru\u017cenia powieki niedogodno\u015bci, dwa, \u017ce poznali\u015bmy przynajmniej po\u0142ow\u0119 mieszka\u0144c\u00f3w Savnika chy\u0142kiem schodz\u0105cych do restauracji hotelowej by nas obejrze\u0107, trzy, \u017ce ogl\u0105dali\u015bmy\u2026","rel":"","context":"W \u201eMontenegro 2013&quot;","block_context":{"text":"Montenegro 2013","link":"https:\/\/www.volen.pl\/?cat=134"},"img":{"alt_text":"","src":"","width":0,"height":0},"classes":[]}],"_links":{"self":[{"href":"https:\/\/www.volen.pl\/index.php?rest_route=\/wp\/v2\/posts\/1272","targetHints":{"allow":["GET"]}}],"collection":[{"href":"https:\/\/www.volen.pl\/index.php?rest_route=\/wp\/v2\/posts"}],"about":[{"href":"https:\/\/www.volen.pl\/index.php?rest_route=\/wp\/v2\/types\/post"}],"author":[{"embeddable":true,"href":"https:\/\/www.volen.pl\/index.php?rest_route=\/wp\/v2\/users\/1"}],"replies":[{"embeddable":true,"href":"https:\/\/www.volen.pl\/index.php?rest_route=%2Fwp%2Fv2%2Fcomments&post=1272"}],"version-history":[{"count":1,"href":"https:\/\/www.volen.pl\/index.php?rest_route=\/wp\/v2\/posts\/1272\/revisions"}],"predecessor-version":[{"id":1276,"href":"https:\/\/www.volen.pl\/index.php?rest_route=\/wp\/v2\/posts\/1272\/revisions\/1276"}],"wp:featuredmedia":[{"embeddable":true,"href":"https:\/\/www.volen.pl\/index.php?rest_route=\/wp\/v2\/media\/1277"}],"wp:attachment":[{"href":"https:\/\/www.volen.pl\/index.php?rest_route=%2Fwp%2Fv2%2Fmedia&parent=1272"}],"wp:term":[{"taxonomy":"category","embeddable":true,"href":"https:\/\/www.volen.pl\/index.php?rest_route=%2Fwp%2Fv2%2Fcategories&post=1272"},{"taxonomy":"post_tag","embeddable":true,"href":"https:\/\/www.volen.pl\/index.php?rest_route=%2Fwp%2Fv2%2Ftags&post=1272"}],"curies":[{"name":"wp","href":"https:\/\/api.w.org\/{rel}","templated":true}]}}