{"id":140,"date":"2014-02-20T19:25:32","date_gmt":"2014-02-20T18:25:32","guid":{"rendered":"http:\/\/www.volen.pl\/?p=140"},"modified":"2014-02-20T19:33:01","modified_gmt":"2014-02-20T18:33:01","slug":"zaistniec","status":"publish","type":"post","link":"https:\/\/www.volen.pl\/?p=140","title":{"rendered":"krzyk"},"content":{"rendered":"<blockquote><p>Nikt ju\u017c nikogo prawie nie s\u0142yszy, chocia\u017c wszyscy krzycz\u0105, wi\u0119c ka\u017cdy krzyczy coraz g\u0142o\u015bniej, \u017ceby by\u0107 us\u0142yszanym, co powi\u0119ksza tylko ha\u0142as i coraz bardziej uniemo\u017cliwia porozumienie. A w dodatku wszyscy nie tylko krzycz\u0105, ale i p\u0119dz\u0105, krzycz\u0105c. Oczywi\u015bcie nie maj\u0105 poj\u0119cia dok\u0105d, tak samo jak coraz mniejsze ma znaczenie, co si\u0119 krzyczy, bo krzykn\u0105\u0107 tak g\u0142o\u015bno, \u017ceby tylko by\u0107 chocia\u017c dos\u0142yszanym, zauwa\u017conym, to ju\u017c samo w sobie jest trudne i samo w sobie wystarczy. Wi\u0119c, poniewa\u017c wszystko co m\u0105drzejsze i bardziej skomplikowane do krzyczenia nie najlepiej si\u0119 nadaje, krzyczy si\u0119 coraz grubsze i prostacze rzeczy, idea\u0142em b\u0119dzie oczywi\u015bcie, nied\u0142ugo ju\u017c, zwyczajne a krzepkie &#8222;Hu-ha&#8221; albo &#8222;Hej&#8221;.<\/p><\/blockquote>\n<p>Z listu S\u0142awomira Mro\u017cka do Stanis\u0142awa Lema, Chiavari, 31 lipca 1965<\/p>\n","protected":false},"excerpt":{"rendered":"<p>Nikt ju\u017c nikogo prawie nie s\u0142yszy, chocia\u017c wszyscy krzycz\u0105, wi\u0119c ka\u017cdy krzyczy coraz g\u0142o\u015bniej, \u017ceby&#8230;<\/p>\n<div class=\"more-link-wrapper\"><a class=\"more-link\" href=\"https:\/\/www.volen.pl\/?p=140\">Read the post<span class=\"screen-reader-text\">krzyk<\/span><\/a><\/div>\n","protected":false},"author":1,"featured_media":0,"comment_status":"closed","ping_status":"closed","sticky":false,"template":"","format":"standard","meta":{"_crdt_document":"","jetpack_post_was_ever_published":false,"_jetpack_newsletter_access":"","_jetpack_dont_email_post_to_subs":false,"_jetpack_newsletter_tier_id":0,"_jetpack_memberships_contains_paywalled_content":false,"_jetpack_memberships_contains_paid_content":false,"footnotes":"","jetpack_publicize_message":"","jetpack_publicize_feature_enabled":true,"jetpack_social_post_already_shared":true,"jetpack_social_options":{"image_generator_settings":{"template":"highway","default_image_id":0,"font":"","enabled":false},"version":2}},"categories":[17],"tags":[20,24,23,22],"class_list":["post-140","post","type-post","status-publish","format-standard","hentry","category-cytaty","tag-cytat","tag-ludzie","tag-mrozek","tag-swiat","excerpt","zoom","full-without-featured","even","excerpt-0"],"jetpack_publicize_connections":[],"jetpack_featured_media_url":"","jetpack_shortlink":"https:\/\/wp.me\/p4lAri-2g","jetpack_sharing_enabled":true,"jetpack-related-posts":[{"id":2301,"url":"https:\/\/www.volen.pl\/?p=2301","url_meta":{"origin":140,"position":0},"title":"Ojoja\u0107 szerokim putem","author":"volen","date":"2018-05-21","format":false,"excerpt":"Dzisiaj nic nie napisz\u0119 m\u0105drego, bo si\u0119 boj\u0119, \u017ce mnie kole\u017canka Kala \"ojoja\", jak straszy\u0142a na fejsie. Tak wi\u0119c gar\u015b\u0107 niczego m\u0105drego: jechali od Ekaterinovki a\u017c hen, pod Sarat\u00f3w. Rosjanie jak robi\u0105 roboty drogowe, to ostrzegaj\u0105 wielkimi \u017c\u00f3\u0142tymi tablicami. Nic to generalnie nie daje, bo korki przez to nie s\u0105\u2026","rel":"","context":"W \u201enawariata&quot;","block_context":{"text":"nawariata","link":"https:\/\/www.volen.pl\/?cat=93"},"img":{"alt_text":"","src":"https:\/\/i0.wp.com\/www.volen.pl\/wp-content\/uploads\/2018\/05\/20180520_185916.jpg?fit=1200%2C600&ssl=1&resize=350%2C200","width":350,"height":200,"srcset":"https:\/\/i0.wp.com\/www.volen.pl\/wp-content\/uploads\/2018\/05\/20180520_185916.jpg?fit=1200%2C600&ssl=1&resize=350%2C200 1x, https:\/\/i0.wp.com\/www.volen.pl\/wp-content\/uploads\/2018\/05\/20180520_185916.jpg?fit=1200%2C600&ssl=1&resize=525%2C300 1.5x, https:\/\/i0.wp.com\/www.volen.pl\/wp-content\/uploads\/2018\/05\/20180520_185916.jpg?fit=1200%2C600&ssl=1&resize=700%2C400 2x, https:\/\/i0.wp.com\/www.volen.pl\/wp-content\/uploads\/2018\/05\/20180520_185916.jpg?fit=1200%2C600&ssl=1&resize=1050%2C600 3x"},"classes":[]},{"id":3777,"url":"https:\/\/www.volen.pl\/?p=3777","url_meta":{"origin":140,"position":1},"title":"Hydropiek\u0142owst\u0105pienie","author":"volen","date":"2025-04-25","format":false,"excerpt":"Dzi\u015b muzycznie. Utopi\u0119 wasz\u0105 utopi\u0119.Utopi\u0119 wasz\u0105 utopi\u0119.Ja utopi\u0119 wasz\u0105 utopi\u0119,Utopi\u0119 w potopie.Zarz\u0105dzam pe\u0142ne zanurzenie.Utopi\u0119 wasz\u0105 utopi\u0119,Utopi\u0119 w potopie.Hydropiek\u0142owst\u0105pienie! Zacz\u0105\u0142em cytatem z Lao Che, poniewa\u017c, jak Boga kocham, to, co si\u0119 tam dzia\u0142o, jest ju\u017c pi\u0119knie podsumowane w tym cytacie. Pewnego dnia wcze\u015bniej, jako\u015b tak par\u0119 miesi\u0119cy temu, gdy pojecha\u0142em na\u2026","rel":"","context":"W \u201eGSB&quot;","block_context":{"text":"GSB","link":"https:\/\/www.volen.pl\/?cat=457"},"img":{"alt_text":"","src":"https:\/\/i0.wp.com\/www.volen.pl\/wp-content\/uploads\/2025\/05\/IMG_20250425_105459.jpg?fit=1200%2C900&ssl=1&resize=350%2C200","width":350,"height":200,"srcset":"https:\/\/i0.wp.com\/www.volen.pl\/wp-content\/uploads\/2025\/05\/IMG_20250425_105459.jpg?fit=1200%2C900&ssl=1&resize=350%2C200 1x, https:\/\/i0.wp.com\/www.volen.pl\/wp-content\/uploads\/2025\/05\/IMG_20250425_105459.jpg?fit=1200%2C900&ssl=1&resize=525%2C300 1.5x, https:\/\/i0.wp.com\/www.volen.pl\/wp-content\/uploads\/2025\/05\/IMG_20250425_105459.jpg?fit=1200%2C900&ssl=1&resize=700%2C400 2x, https:\/\/i0.wp.com\/www.volen.pl\/wp-content\/uploads\/2025\/05\/IMG_20250425_105459.jpg?fit=1200%2C900&ssl=1&resize=1050%2C600 3x"},"classes":[]},{"id":396,"url":"https:\/\/www.volen.pl\/?p=396","url_meta":{"origin":140,"position":2},"title":"Zestaponi &#8211; na bakier z prawami fizyki?","author":"volen","date":"2014-03-29","format":false,"excerpt":"Wiecie, jak to jest, robi\u0107 za statyst\u0119 w Rodzinie Soprano? Przede wszystkim zi\u0105b, zimno, l\u00f3d, nogi spod ko\u0142dry nie chce si\u0119 wyci\u0105ga\u0107, bo zsinieje i og\u00f3lnie niezdrowo zacznie wygl\u0105da\u0107... W ka\u017cdym razie w ko\u0144cu wzi\u0119li, wstali, poszli na kaw\u0119 do trz\u0119s\u0105cej mccheta\u0144skim rynkiem glamour gospodyni. Dostali\u015bmy chleb w jajku obtoczony,\u2026","rel":"","context":"W \u201eGruzja 2014&quot;","block_context":{"text":"Gruzja 2014","link":"https:\/\/www.volen.pl\/?cat=133"},"img":{"alt_text":"","src":"https:\/\/i0.wp.com\/www.volen.pl\/wp-content\/uploads\/2014\/03\/autobus-_DSC6145.jpg?fit=1200%2C795&ssl=1&resize=350%2C200","width":350,"height":200,"srcset":"https:\/\/i0.wp.com\/www.volen.pl\/wp-content\/uploads\/2014\/03\/autobus-_DSC6145.jpg?fit=1200%2C795&ssl=1&resize=350%2C200 1x, https:\/\/i0.wp.com\/www.volen.pl\/wp-content\/uploads\/2014\/03\/autobus-_DSC6145.jpg?fit=1200%2C795&ssl=1&resize=525%2C300 1.5x, https:\/\/i0.wp.com\/www.volen.pl\/wp-content\/uploads\/2014\/03\/autobus-_DSC6145.jpg?fit=1200%2C795&ssl=1&resize=700%2C400 2x, https:\/\/i0.wp.com\/www.volen.pl\/wp-content\/uploads\/2014\/03\/autobus-_DSC6145.jpg?fit=1200%2C795&ssl=1&resize=1050%2C600 3x"},"classes":[]},{"id":1358,"url":"https:\/\/www.volen.pl\/?p=1358","url_meta":{"origin":140,"position":3},"title":"Wjazd do Rosji","author":"volen","date":"2015-09-23","format":false,"excerpt":"Granica \u0142otewsko - rosyjska przywita\u0142a nas scen\u0105 jak z horroru. Nie, \u017ceby co\u015b tam si\u0119 dzia\u0142o, Bo\u017ce bro\u0144. To scena otwieraj\u0105ca dobry film o zombie: pusty plac, przemykaj\u0105cy chy\u0142kiem kierowca ci\u0119\u017car\u00f3wki, wszystkiego 3 osoby obs\u0142ugi. Potem si\u0119 rozkr\u0119ci\u0142o, ale na pocz\u0105tek wia\u0142o zapomnieniem. Stan\u0119li\u015bmy tam, gdzie nam kazano, po czym\u2026","rel":"","context":"W \u201ematuszka Rosja&quot;","block_context":{"text":"matuszka Rosja","link":"https:\/\/www.volen.pl\/?cat=210"},"img":{"alt_text":"","src":"https:\/\/i0.wp.com\/www.volen.pl\/wp-content\/uploads\/2015\/09\/kurczak_VOL2017.jpg?fit=1200%2C795&ssl=1&resize=350%2C200","width":350,"height":200,"srcset":"https:\/\/i0.wp.com\/www.volen.pl\/wp-content\/uploads\/2015\/09\/kurczak_VOL2017.jpg?fit=1200%2C795&ssl=1&resize=350%2C200 1x, https:\/\/i0.wp.com\/www.volen.pl\/wp-content\/uploads\/2015\/09\/kurczak_VOL2017.jpg?fit=1200%2C795&ssl=1&resize=525%2C300 1.5x, https:\/\/i0.wp.com\/www.volen.pl\/wp-content\/uploads\/2015\/09\/kurczak_VOL2017.jpg?fit=1200%2C795&ssl=1&resize=700%2C400 2x, https:\/\/i0.wp.com\/www.volen.pl\/wp-content\/uploads\/2015\/09\/kurczak_VOL2017.jpg?fit=1200%2C795&ssl=1&resize=1050%2C600 3x"},"classes":[]},{"id":204,"url":"https:\/\/www.volen.pl\/?p=204","url_meta":{"origin":140,"position":4},"title":"Wielki powr\u00f3t.","author":"volen","date":"2013-05-03","format":false,"excerpt":"Rozpocz\u0105\u0142 si\u0119 do\u015b\u0107 niewinnie po\u015br\u00f3d wspania\u0142ych okoliczno\u015bci przyrody tej bardziej i tej mniej dzikiej. Morza szum, ptak\u00f3w \u015bpiew, z\u0142ota pla\u017ca po\u015br\u00f3d drzew\u2026 No odrobin\u0119 mnie ponios\u0142o, ptaki rzeczywi\u015bcie dar\u0142y chude gard\u0142a w niebog\u0142osy, mo\u017ce nie morze, ale woda, p\u0142yn\u0119\u0142a pod naszymi stopy, po\u015br\u00f3d drzew mo\u017cna by\u0142o jedynie spa\u015b\u0107 na zbity\u2026","rel":"","context":"W \u201eBeskid \u015al\u0105ski 2013&quot;","block_context":{"text":"Beskid \u015al\u0105ski 2013","link":"https:\/\/www.volen.pl\/?cat=136"},"img":{"alt_text":"","src":"","width":0,"height":0},"classes":[]},{"id":1445,"url":"https:\/\/www.volen.pl\/?p=1445","url_meta":{"origin":140,"position":5},"title":"W\u0142odek, pob\u0142ogos\u0142aw","author":"volen","date":"2015-10-05","format":false,"excerpt":"W nocy nie mog\u0142em zasn\u0105\u0107, a jak zasn\u0105\u0142em, zerwa\u0142 si\u0119 wicher znad jeziora i coraz natarczywiej dobiera\u0142 si\u0119 do namiotu. Wia\u0142o tak, i\u017c zupe\u0142nie powa\u017cnie zacz\u0105\u0142em rozwa\u017ca\u0107 odprawienie obrz\u0119d\u00f3w w intencji, tylko zapomnia\u0142em odpowiednich s\u0142\u00f3w. A jak ju\u017c si\u0119 obudzi\u0142em, tak nie mog\u0142em zasn\u0105\u0107, wiadomo. Rano obudzi\u0142y si\u0119 komary. Lata\u0142o\u2026","rel":"","context":"W \u201ematuszka Rosja&quot;","block_context":{"text":"matuszka Rosja","link":"https:\/\/www.volen.pl\/?cat=210"},"img":{"alt_text":"","src":"https:\/\/i0.wp.com\/www.volen.pl\/wp-content\/uploads\/2015\/10\/VOL2782-e1443820138251.jpg?fit=795%2C1200&ssl=1&resize=350%2C200","width":350,"height":200,"srcset":"https:\/\/i0.wp.com\/www.volen.pl\/wp-content\/uploads\/2015\/10\/VOL2782-e1443820138251.jpg?fit=795%2C1200&ssl=1&resize=350%2C200 1x, https:\/\/i0.wp.com\/www.volen.pl\/wp-content\/uploads\/2015\/10\/VOL2782-e1443820138251.jpg?fit=795%2C1200&ssl=1&resize=525%2C300 1.5x, https:\/\/i0.wp.com\/www.volen.pl\/wp-content\/uploads\/2015\/10\/VOL2782-e1443820138251.jpg?fit=795%2C1200&ssl=1&resize=700%2C400 2x"},"classes":[]}],"_links":{"self":[{"href":"https:\/\/www.volen.pl\/index.php?rest_route=\/wp\/v2\/posts\/140","targetHints":{"allow":["GET"]}}],"collection":[{"href":"https:\/\/www.volen.pl\/index.php?rest_route=\/wp\/v2\/posts"}],"about":[{"href":"https:\/\/www.volen.pl\/index.php?rest_route=\/wp\/v2\/types\/post"}],"author":[{"embeddable":true,"href":"https:\/\/www.volen.pl\/index.php?rest_route=\/wp\/v2\/users\/1"}],"replies":[{"embeddable":true,"href":"https:\/\/www.volen.pl\/index.php?rest_route=%2Fwp%2Fv2%2Fcomments&post=140"}],"version-history":[{"count":2,"href":"https:\/\/www.volen.pl\/index.php?rest_route=\/wp\/v2\/posts\/140\/revisions"}],"predecessor-version":[{"id":152,"href":"https:\/\/www.volen.pl\/index.php?rest_route=\/wp\/v2\/posts\/140\/revisions\/152"}],"wp:attachment":[{"href":"https:\/\/www.volen.pl\/index.php?rest_route=%2Fwp%2Fv2%2Fmedia&parent=140"}],"wp:term":[{"taxonomy":"category","embeddable":true,"href":"https:\/\/www.volen.pl\/index.php?rest_route=%2Fwp%2Fv2%2Fcategories&post=140"},{"taxonomy":"post_tag","embeddable":true,"href":"https:\/\/www.volen.pl\/index.php?rest_route=%2Fwp%2Fv2%2Ftags&post=140"}],"curies":[{"name":"wp","href":"https:\/\/api.w.org\/{rel}","templated":true}]}}