{"id":142,"date":"2014-02-20T19:27:13","date_gmt":"2014-02-20T18:27:13","guid":{"rendered":"http:\/\/www.volen.pl\/?p=142"},"modified":"2014-02-20T19:27:13","modified_gmt":"2014-02-20T18:27:13","slug":"racja","status":"publish","type":"post","link":"https:\/\/www.volen.pl\/?p=142","title":{"rendered":"racja"},"content":{"rendered":"<div class=\"Bt Pm\" style=\"max-height: none;\">\n<blockquote>\n<div class=\"Ct\">Normalnie je\u017celi dwaj r\u00f3\u017cni\u0105 si\u0119 tak od siebie zdaniami na jeden temat, powstaje niejasne i nieprzyjemne podejrzenie u ka\u017cdego z osobna, \u017ce ten drugi jest irytuj\u0105cym debilem, poniewa\u017c, mimo ca\u0142ej szko\u0142y i teorii relatywno\u015bci, istnieje w nas r\u00f3wnie niejasne i g\u0142uche przekonanie, \u017ce racja jest tylko jedna i \u017ce to ja w\u0142a\u015bnie j\u0105 mam, wobec czego drugi automatycznie skazany jest na nieprzyjemny los.<\/div>\n<\/blockquote>\n<div class=\"Ct\">Z listu S\u0142awomira Mro\u017cka do Stanis\u0142awa Lema, Chiavari, 6 marca 1965<\/div>\n<\/div>\n","protected":false},"excerpt":{"rendered":"<p>Normalnie je\u017celi dwaj r\u00f3\u017cni\u0105 si\u0119 tak od siebie zdaniami na jeden temat, powstaje niejasne i&#8230;<\/p>\n<div class=\"more-link-wrapper\"><a class=\"more-link\" href=\"https:\/\/www.volen.pl\/?p=142\">Read the post<span class=\"screen-reader-text\">racja<\/span><\/a><\/div>\n","protected":false},"author":1,"featured_media":0,"comment_status":"closed","ping_status":"closed","sticky":false,"template":"","format":"standard","meta":{"_crdt_document":"","jetpack_post_was_ever_published":false,"_jetpack_newsletter_access":"","_jetpack_dont_email_post_to_subs":false,"_jetpack_newsletter_tier_id":0,"_jetpack_memberships_contains_paywalled_content":false,"_jetpack_memberships_contains_paid_content":false,"footnotes":"","jetpack_publicize_message":"","jetpack_publicize_feature_enabled":true,"jetpack_social_post_already_shared":true,"jetpack_social_options":{"image_generator_settings":{"template":"highway","default_image_id":0,"font":"","enabled":false},"version":2}},"categories":[17],"tags":[20,24,23,26],"class_list":["post-142","post","type-post","status-publish","format-standard","hentry","category-cytaty","tag-cytat","tag-ludzie","tag-mrozek","tag-racja","excerpt","zoom","full-without-featured","even","excerpt-0"],"jetpack_publicize_connections":[],"jetpack_featured_media_url":"","jetpack_shortlink":"https:\/\/wp.me\/s4lAri-racja","jetpack_sharing_enabled":true,"jetpack-related-posts":[{"id":793,"url":"https:\/\/www.volen.pl\/?p=793","url_meta":{"origin":142,"position":0},"title":"Bia\u0142e miasto i wyst\u0119py gromow\u0142adnych","author":"volen","date":"2014-10-25","format":false,"excerpt":"Noc sp\u0119dzili\u015bmy w hostelu, kt\u00f3ry nie mia\u0142 miejsc, ale przyduszeni nasz\u0105 ponur\u0105, nie zwiastuj\u0105c\u0105 niczego dobrego obecno\u015bci\u0105, w\u0142a\u015bciciele znale\u017ali dla nas pok\u00f3j, kt\u00f3ry przypomina\u0142 kropka w kropk\u0119 ten, kt\u00f3ry zarezerwowali\u015bmy. Wydaje si\u0119, \u017ce negatywna opinia na booking.com nie jest tym, czego ci ludzie potrzebuj\u0105. B\u0105d\u017a, co b\u0105d\u017a noc up\u0142yn\u0119\u0142a spokojnie,\u2026","rel":"","context":"W \u201ea la conquista de Am\u00e9rica&quot;","block_context":{"text":"a la conquista de Am\u00e9rica","link":"https:\/\/www.volen.pl\/?cat=138"},"img":{"alt_text":"","src":"https:\/\/i0.wp.com\/www.volen.pl\/wp-content\/uploads\/2014\/10\/o%C5%82tarz-_DSC0431.jpg?fit=1200%2C795&ssl=1&resize=350%2C200","width":350,"height":200,"srcset":"https:\/\/i0.wp.com\/www.volen.pl\/wp-content\/uploads\/2014\/10\/o%C5%82tarz-_DSC0431.jpg?fit=1200%2C795&ssl=1&resize=350%2C200 1x, https:\/\/i0.wp.com\/www.volen.pl\/wp-content\/uploads\/2014\/10\/o%C5%82tarz-_DSC0431.jpg?fit=1200%2C795&ssl=1&resize=525%2C300 1.5x, https:\/\/i0.wp.com\/www.volen.pl\/wp-content\/uploads\/2014\/10\/o%C5%82tarz-_DSC0431.jpg?fit=1200%2C795&ssl=1&resize=700%2C400 2x, https:\/\/i0.wp.com\/www.volen.pl\/wp-content\/uploads\/2014\/10\/o%C5%82tarz-_DSC0431.jpg?fit=1200%2C795&ssl=1&resize=1050%2C600 3x"},"classes":[]},{"id":3107,"url":"https:\/\/www.volen.pl\/?p=3107","url_meta":{"origin":142,"position":1},"title":"Polska Antarktyda","author":"volen","date":"2023-01-27","format":false,"excerpt":"Pi\u0105tkowy poranek. Zmartwychwstanie. https:\/\/youtu.be\/5nWNUjOhU14 Jemy daktyle Aneta zrobi\u0142a \u015bniadanie na 8.30, o 10.00 wyszli\u015bmy z domku (Daniel zawsze pakuje si\u0119 3x...), \u017cwawym kroczkiem pensjonariuszy zak\u0142adu geriatrycznego ruszyli\u015bmy w stron\u0119 tutejszego sklepu spo\u017cywczego. Generalnie nie wieje od sprzedawczyni jak\u0105\u015b ogromn\u0105 sympati\u0105 do ludzi, wi\u0119c po kilku pr\u00f3bach odpu\u015bcili\u015bmy sobie pogaw\u0119dki i\u2026","rel":"","context":"W \u201eGSB&quot;","block_context":{"text":"GSB","link":"https:\/\/www.volen.pl\/?cat=457"},"img":{"alt_text":"","src":"https:\/\/i0.wp.com\/www.volen.pl\/wp-content\/uploads\/2023\/02\/IMG_20230127_152412-scaled.jpg?fit=1200%2C900&ssl=1&resize=350%2C200","width":350,"height":200,"srcset":"https:\/\/i0.wp.com\/www.volen.pl\/wp-content\/uploads\/2023\/02\/IMG_20230127_152412-scaled.jpg?fit=1200%2C900&ssl=1&resize=350%2C200 1x, https:\/\/i0.wp.com\/www.volen.pl\/wp-content\/uploads\/2023\/02\/IMG_20230127_152412-scaled.jpg?fit=1200%2C900&ssl=1&resize=525%2C300 1.5x, https:\/\/i0.wp.com\/www.volen.pl\/wp-content\/uploads\/2023\/02\/IMG_20230127_152412-scaled.jpg?fit=1200%2C900&ssl=1&resize=700%2C400 2x, https:\/\/i0.wp.com\/www.volen.pl\/wp-content\/uploads\/2023\/02\/IMG_20230127_152412-scaled.jpg?fit=1200%2C900&ssl=1&resize=1050%2C600 3x"},"classes":[]},{"id":3073,"url":"https:\/\/www.volen.pl\/?p=3073","url_meta":{"origin":142,"position":2},"title":"\u017burawie","author":"volen","date":"2018-10-11","format":false,"excerpt":"W nocy pada\u0142o, namiot mokry. Wszystko wilgotne w \u015brodku, wi\u0119c zastosowa\u0142em sw\u00f3j stary spos\u00f3b, rozci\u0105gn\u0105\u0142em z ty\u0142u kabiny link\u0119. Jeden \u015bpiw\u00f3r suszy si\u0119 na siedzeniu, drugi (tak, wygodny jestem, lubi\u0119 mie\u0107 w miar\u0119 mi\u0119kko pod plecami) na tej lince. Leje, ci\u0105gle wilgo\u0107 s\u0105czy si\u0119 z nieba, \u015bwiate\u0142ka samochod\u00f3w z naprzeciwka\u2026","rel":"","context":"W \u201enawariata&quot;","block_context":{"text":"nawariata","link":"https:\/\/www.volen.pl\/?cat=93"},"img":{"alt_text":"","src":"https:\/\/i0.wp.com\/www.volen.pl\/wp-content\/uploads\/2023\/02\/20181007_082919_HDR-scaled.jpg?fit=1200%2C600&ssl=1&resize=350%2C200","width":350,"height":200,"srcset":"https:\/\/i0.wp.com\/www.volen.pl\/wp-content\/uploads\/2023\/02\/20181007_082919_HDR-scaled.jpg?fit=1200%2C600&ssl=1&resize=350%2C200 1x, https:\/\/i0.wp.com\/www.volen.pl\/wp-content\/uploads\/2023\/02\/20181007_082919_HDR-scaled.jpg?fit=1200%2C600&ssl=1&resize=525%2C300 1.5x, https:\/\/i0.wp.com\/www.volen.pl\/wp-content\/uploads\/2023\/02\/20181007_082919_HDR-scaled.jpg?fit=1200%2C600&ssl=1&resize=700%2C400 2x, https:\/\/i0.wp.com\/www.volen.pl\/wp-content\/uploads\/2023\/02\/20181007_082919_HDR-scaled.jpg?fit=1200%2C600&ssl=1&resize=1050%2C600 3x"},"classes":[]},{"id":3065,"url":"https:\/\/www.volen.pl\/?p=3065","url_meta":{"origin":142,"position":3},"title":"Omsk","author":"volen","date":"2018-10-09","format":false,"excerpt":"Wstalem o 12tej. Ksenia, dyrektorka hostelu Millennium, odda\u0142a mi m\u00f3j zagubiony prawie trzy miesi\u0105ce temu telefon. Szczerze ucieszy\u0142a si\u0119 na m\u00f3j widok, wi\u0119c z tej rado\u015bci, nie bardzo wiedz\u0105c, jak to okaza\u0107, trzasn\u0119\u0142a rosyjskiego misia raz, potem zmiana ramion i drugi raz, a na koniec machn\u0119\u0142a r\u0119k\u0105 i trzeci raz\u2026","rel":"","context":"W \u201enawariata&quot;","block_context":{"text":"nawariata","link":"https:\/\/www.volen.pl\/?cat=93"},"img":{"alt_text":"","src":"https:\/\/i0.wp.com\/www.volen.pl\/wp-content\/uploads\/2023\/02\/50993923247_113aeaae68_o.jpg?fit=1200%2C795&ssl=1&resize=350%2C200","width":350,"height":200,"srcset":"https:\/\/i0.wp.com\/www.volen.pl\/wp-content\/uploads\/2023\/02\/50993923247_113aeaae68_o.jpg?fit=1200%2C795&ssl=1&resize=350%2C200 1x, https:\/\/i0.wp.com\/www.volen.pl\/wp-content\/uploads\/2023\/02\/50993923247_113aeaae68_o.jpg?fit=1200%2C795&ssl=1&resize=525%2C300 1.5x, https:\/\/i0.wp.com\/www.volen.pl\/wp-content\/uploads\/2023\/02\/50993923247_113aeaae68_o.jpg?fit=1200%2C795&ssl=1&resize=700%2C400 2x, https:\/\/i0.wp.com\/www.volen.pl\/wp-content\/uploads\/2023\/02\/50993923247_113aeaae68_o.jpg?fit=1200%2C795&ssl=1&resize=1050%2C600 3x"},"classes":[]},{"id":359,"url":"https:\/\/www.volen.pl\/?p=359","url_meta":{"origin":142,"position":4},"title":"ojczyzno moja&#8230;","author":"volen","date":"2014-03-26","format":false,"excerpt":"Wyjazd z Tr\u00f3jmiasta i przejazd do stolicy warto wspomnie\u0107 z dw\u00f3ch powod\u00f3w. Pierwszy to taki, i\u017c dobry Pan B\u00f3g od samego pocz\u0105tku zsy\u0142a\u0142 na nas znaki r\u00f3\u017cnorakie, i\u017cby od podr\u00f3\u017cy nas odstr\u0119czy\u0107. A drugi, i\u017c mimo wszystko i tak uda\u0142o si\u0119 wyjecha\u0107. Eskaemka pod\u0142a w Gda\u0144sku Wrzeszczu bieg podst\u0119pnie zako\u0144czy\u0142a,\u2026","rel":"","context":"W \u201eGruzja 2014&quot;","block_context":{"text":"Gruzja 2014","link":"https:\/\/www.volen.pl\/?cat=133"},"img":{"alt_text":"","src":"","width":0,"height":0},"classes":[]},{"id":1046,"url":"https:\/\/www.volen.pl\/?p=1046","url_meta":{"origin":142,"position":5},"title":"Peru: my\u015bli wyj\u0105tkowo nieudziergane","author":"volen","date":"2014-11-11","format":false,"excerpt":"? a na ka\u017cdy ?, kt\u00f3ry do tej pory... ... ... mamy poni\u017cej odpowied\u017a zazwyczaj odpowied\u017a jest absolutnie subiektywna - zamkni\u0119ci w czterech \u015bcianach w\u0142asnego rozumu uwa\u017camy, \u017ce to on w\u0142a\u015bnie jest naszym najwa\u017cniejszym punktem odniesienia co wi\u0119cej - dla nas nasze subiektywne spostrze\u017cenia s\u0105 absolutnie obiektywne ka\u017cdy, kto si\u0119\u2026","rel":"","context":"W \u201ea la conquista de Am\u00e9rica&quot;","block_context":{"text":"a la conquista de Am\u00e9rica","link":"https:\/\/www.volen.pl\/?cat=138"},"img":{"alt_text":"","src":"https:\/\/i0.wp.com\/www.volen.pl\/wp-content\/uploads\/2014\/11\/my%C5%9Bli-nieudziergane_DSC0423.jpg?fit=1200%2C733&ssl=1&resize=350%2C200","width":350,"height":200,"srcset":"https:\/\/i0.wp.com\/www.volen.pl\/wp-content\/uploads\/2014\/11\/my%C5%9Bli-nieudziergane_DSC0423.jpg?fit=1200%2C733&ssl=1&resize=350%2C200 1x, https:\/\/i0.wp.com\/www.volen.pl\/wp-content\/uploads\/2014\/11\/my%C5%9Bli-nieudziergane_DSC0423.jpg?fit=1200%2C733&ssl=1&resize=525%2C300 1.5x, https:\/\/i0.wp.com\/www.volen.pl\/wp-content\/uploads\/2014\/11\/my%C5%9Bli-nieudziergane_DSC0423.jpg?fit=1200%2C733&ssl=1&resize=700%2C400 2x, https:\/\/i0.wp.com\/www.volen.pl\/wp-content\/uploads\/2014\/11\/my%C5%9Bli-nieudziergane_DSC0423.jpg?fit=1200%2C733&ssl=1&resize=1050%2C600 3x"},"classes":[]}],"_links":{"self":[{"href":"https:\/\/www.volen.pl\/index.php?rest_route=\/wp\/v2\/posts\/142","targetHints":{"allow":["GET"]}}],"collection":[{"href":"https:\/\/www.volen.pl\/index.php?rest_route=\/wp\/v2\/posts"}],"about":[{"href":"https:\/\/www.volen.pl\/index.php?rest_route=\/wp\/v2\/types\/post"}],"author":[{"embeddable":true,"href":"https:\/\/www.volen.pl\/index.php?rest_route=\/wp\/v2\/users\/1"}],"replies":[{"embeddable":true,"href":"https:\/\/www.volen.pl\/index.php?rest_route=%2Fwp%2Fv2%2Fcomments&post=142"}],"version-history":[{"count":1,"href":"https:\/\/www.volen.pl\/index.php?rest_route=\/wp\/v2\/posts\/142\/revisions"}],"predecessor-version":[{"id":143,"href":"https:\/\/www.volen.pl\/index.php?rest_route=\/wp\/v2\/posts\/142\/revisions\/143"}],"wp:attachment":[{"href":"https:\/\/www.volen.pl\/index.php?rest_route=%2Fwp%2Fv2%2Fmedia&parent=142"}],"wp:term":[{"taxonomy":"category","embeddable":true,"href":"https:\/\/www.volen.pl\/index.php?rest_route=%2Fwp%2Fv2%2Fcategories&post=142"},{"taxonomy":"post_tag","embeddable":true,"href":"https:\/\/www.volen.pl\/index.php?rest_route=%2Fwp%2Fv2%2Ftags&post=142"}],"curies":[{"name":"wp","href":"https:\/\/api.w.org\/{rel}","templated":true}]}}