{"id":146,"date":"2014-02-20T19:30:01","date_gmt":"2014-02-20T18:30:01","guid":{"rendered":"http:\/\/www.volen.pl\/?p=146"},"modified":"2014-02-20T19:30:01","modified_gmt":"2014-02-20T18:30:01","slug":"pozadanie","status":"publish","type":"post","link":"https:\/\/www.volen.pl\/?p=146","title":{"rendered":"po\u017c\u0105danie"},"content":{"rendered":"<blockquote><p>Gdy\u017c aby on by\u0142 l\u015bni\u0105cy, pow\u0142\u00f3czyste pi\u0119knych krakowianek spojrzenie pod kierowcy adresem wyzwala\u0142 i szemrz\u0105co z 97-konnym rozmarzeniem warcza\u0142, ja musz\u0119 go pucowa\u0107 do stanu przedzawa\u0142owego r\u00f3\u017cnymi mleczkami i siliko\u0144skim sikoniem go posikiwa\u0107 i zamszami zatuszowa\u0107, i elektroluksem mu \u0142ajenka z wn\u0119trza wydobywa\u0107, i specyjalnymi cieczami mu z bok\u00f3w \u015bwi\u0119tych asfalt, smo\u0142\u0119, nabryzgan\u0105 w je\u017adzie z pod\u0142ej nawierzchni, usuwa\u0107, i ma\u015bci\u0107, i wyciera\u0107, i na kana\u0142y gara\u017cowe wje\u017cd\u017ca\u0107 i wci\u0105\u017c gumy uszczelek r\u00f3\u017cnych dolepia\u0107, bo si\u0119 kurwy odlepiaj\u0105, i w og\u00f3le bezustannie \u017cy\u0107 w intymno\u015bci niesmacznej z gara\u017cystami i p. in\u017cynierem jednym i innymi te\u017c.<\/p><\/blockquote>\n<p>Stanis\u0142aw Lem z listu do S\u0142awomira Mro\u017cka, Krak\u00f3w, 30 sierpnia 1965<\/p>\n","protected":false},"excerpt":{"rendered":"<p>Gdy\u017c aby on by\u0142 l\u015bni\u0105cy, pow\u0142\u00f3czyste pi\u0119knych krakowianek spojrzenie pod kierowcy adresem wyzwala\u0142 i szemrz\u0105co&#8230;<\/p>\n<div class=\"more-link-wrapper\"><a class=\"more-link\" href=\"https:\/\/www.volen.pl\/?p=146\">Read the post<span class=\"screen-reader-text\">po\u017c\u0105danie<\/span><\/a><\/div>\n","protected":false},"author":1,"featured_media":0,"comment_status":"closed","ping_status":"closed","sticky":false,"template":"","format":"standard","meta":{"_crdt_document":"","jetpack_post_was_ever_published":false,"_jetpack_newsletter_access":"","_jetpack_dont_email_post_to_subs":false,"_jetpack_newsletter_tier_id":0,"_jetpack_memberships_contains_paywalled_content":false,"_jetpack_memberships_contains_paid_content":false,"footnotes":"","jetpack_publicize_message":"","jetpack_publicize_feature_enabled":true,"jetpack_social_post_already_shared":true,"jetpack_social_options":{"image_generator_settings":{"template":"highway","default_image_id":0,"font":"","enabled":false},"version":2}},"categories":[17],"tags":[30,20,19,24,29,28],"class_list":["post-146","post","type-post","status-publish","format-standard","hentry","category-cytaty","tag-auto","tag-cytat","tag-lem","tag-ludzie","tag-pozadanie","tag-samochod","excerpt","zoom","full-without-featured","even","excerpt-0"],"jetpack_publicize_connections":[],"jetpack_featured_media_url":"","jetpack_shortlink":"https:\/\/wp.me\/p4lAri-2m","jetpack_sharing_enabled":true,"jetpack-related-posts":[{"id":148,"url":"https:\/\/www.volen.pl\/?p=148","url_meta":{"origin":146,"position":0},"title":"entropia","author":"volen","date":"2014-02-20","format":false,"excerpt":"W og\u00f3le bowiem ENTROPIA RO\u015aNIE i cokolwiek robimy, z entropi\u0105 walczymy, a\u017c ona, Pani nasza z\u0142a, wreszcie odwet bior\u0105c, w \u0142ajno karako\u0144skie nas przerobi ju\u017c ostatecznie i nieodwracalnie. Stanis\u0142aw Lem z listu do S\u0142awomira Mro\u017cka, Krak\u00f3w, 30 sierpnia 1965","rel":"","context":"W \u201ez\u0142ote g\u0142oski&quot;","block_context":{"text":"z\u0142ote g\u0142oski","link":"https:\/\/www.volen.pl\/?cat=17"},"img":{"alt_text":"","src":"","width":0,"height":0},"classes":[]},{"id":4038,"url":"https:\/\/www.volen.pl\/?p=4038","url_meta":{"origin":146,"position":1},"title":"O przesycie, deficycie i sa\u0142atce jarzynowej","author":"volen","date":"2026-04-16","format":false,"excerpt":"Przesyt. Co prawda nie tym konkretnym s\u0142owem, ale tak kolega opisa\u0142 sytuacj\u0119 w swoim zwi\u0105zku. Opowiedzia\u0142 o pr\u00f3bach wsp\u00f3lnego uk\u0142adania czasu na spotkania z partnerk\u0105. Przek\u0142ada\u0142 swoje zaj\u0119cia tak, by trafia\u0107 w jej grafik i komasowa\u0107 wsp\u00f3lny czas wolny. Pr\u00f3bowa\u0142 po prostu uk\u0142ada\u0107 dzie\u0144 tak, by jak najwi\u0119cej czasu sp\u0119dza\u0107\u2026","rel":"","context":"W \u201efilozofia uliczna&quot;","block_context":{"text":"filozofia uliczna","link":"https:\/\/www.volen.pl\/?cat=2"},"img":{"alt_text":"","src":"","width":0,"height":0},"classes":[]},{"id":126,"url":"https:\/\/www.volen.pl\/?p=126","url_meta":{"origin":146,"position":2},"title":"\u015bwiat","author":"volen","date":"2014-02-20","format":false,"excerpt":"Ja bo, prosz\u0119 Pana, bardzo d\u0142ugo nie \u015bmia\u0142em zdecydowa\u0107 si\u0119 na posiadanie dziecka i wraz z \u017bon\u0105 mieli\u015bmy tu opory w\u0142a\u015bciwe ludziom zarazem przywyk\u0142ym do my\u015blenia i takim, kt\u00f3rzy przetrzymali okupacj\u0119 niemieck\u0105, bo te\u017c \u015bwiat wydaje si\u0119 na og\u00f3\u0142 miejscem b. kiepsko urz\u0105dzonym na przyj\u0119cie ludzi, szczeg\u00f3lnie kiedy si\u0119 mia\u0142o\u2026","rel":"","context":"W \u201ez\u0142ote g\u0142oski&quot;","block_context":{"text":"z\u0142ote g\u0142oski","link":"https:\/\/www.volen.pl\/?cat=17"},"img":{"alt_text":"","src":"","width":0,"height":0},"classes":[]},{"id":2567,"url":"https:\/\/www.volen.pl\/?p=2567","url_meta":{"origin":146,"position":3},"title":"droga do kanionu","author":"volen","date":"2018-06-19","format":false,"excerpt":"Ci\u0105gle pada. W nocy burza, rano pada\u0142o, teraz wci\u0105\u017c pada. W Korday, tu\u017c przed granic\u0105 z Kirgistanem, odnowi\u0142em ubezpieczenie samochodu. Chocia\u017c jedna z wisz\u0105cych nad nami spraw prawnych za\u0142atwiona. Jedziemy na A\u0142maty. \u017buk w Kazachstanie! to kraj audi, toyot i lexus\u00f3w, a tu taka niespodzianka. Prawdziwy \u017buk wi\u00f3z\u0142 na plecach\u2026","rel":"","context":"W \u201enawariata&quot;","block_context":{"text":"nawariata","link":"https:\/\/www.volen.pl\/?cat=93"},"img":{"alt_text":"","src":"https:\/\/i0.wp.com\/www.volen.pl\/wp-content\/uploads\/2018\/06\/VOL2014.jpg?fit=1200%2C795&ssl=1&resize=350%2C200","width":350,"height":200,"srcset":"https:\/\/i0.wp.com\/www.volen.pl\/wp-content\/uploads\/2018\/06\/VOL2014.jpg?fit=1200%2C795&ssl=1&resize=350%2C200 1x, https:\/\/i0.wp.com\/www.volen.pl\/wp-content\/uploads\/2018\/06\/VOL2014.jpg?fit=1200%2C795&ssl=1&resize=525%2C300 1.5x, https:\/\/i0.wp.com\/www.volen.pl\/wp-content\/uploads\/2018\/06\/VOL2014.jpg?fit=1200%2C795&ssl=1&resize=700%2C400 2x, https:\/\/i0.wp.com\/www.volen.pl\/wp-content\/uploads\/2018\/06\/VOL2014.jpg?fit=1200%2C795&ssl=1&resize=1050%2C600 3x"},"classes":[]},{"id":3366,"url":"https:\/\/www.volen.pl\/?p=3366","url_meta":{"origin":146,"position":4},"title":"Vulcani a sprawa polska","author":"volen","date":"2023-07-03","format":false,"excerpt":"Pisz\u0119 w kolejno\u015bci chronologicznej. Zaraz z samego rana przysz\u0142a do nas czarno-bia\u0142a kicia. Dosta\u0142a par\u0119 smako\u0142yk\u00f3w i po\u0142o\u017cy\u0142a si\u0119 w cieniu namiotu. Przyszed\u0142 te\u017c starszy pan o imieniu Gunter, niesamowicie sympatyczny. Urodzi\u0142 si\u0119 w \u017bninie, za\u015b 3 lata p\u00f3\u017aniej rodzice uciekli wraz z nim przed bolszewikami do Niemiec. Zna troch\u0119\u2026","rel":"","context":"W \u201epo byku&quot;","block_context":{"text":"po byku","link":"https:\/\/www.volen.pl\/?cat=474"},"img":{"alt_text":"","src":"https:\/\/i0.wp.com\/www.volen.pl\/wp-content\/uploads\/2023\/07\/IMG_20230703_123750.jpg?fit=1200%2C900&ssl=1&resize=350%2C200","width":350,"height":200,"srcset":"https:\/\/i0.wp.com\/www.volen.pl\/wp-content\/uploads\/2023\/07\/IMG_20230703_123750.jpg?fit=1200%2C900&ssl=1&resize=350%2C200 1x, https:\/\/i0.wp.com\/www.volen.pl\/wp-content\/uploads\/2023\/07\/IMG_20230703_123750.jpg?fit=1200%2C900&ssl=1&resize=525%2C300 1.5x, https:\/\/i0.wp.com\/www.volen.pl\/wp-content\/uploads\/2023\/07\/IMG_20230703_123750.jpg?fit=1200%2C900&ssl=1&resize=700%2C400 2x, https:\/\/i0.wp.com\/www.volen.pl\/wp-content\/uploads\/2023\/07\/IMG_20230703_123750.jpg?fit=1200%2C900&ssl=1&resize=1050%2C600 3x"},"classes":[]},{"id":3107,"url":"https:\/\/www.volen.pl\/?p=3107","url_meta":{"origin":146,"position":5},"title":"Polska Antarktyda","author":"volen","date":"2023-01-27","format":false,"excerpt":"Pi\u0105tkowy poranek. Zmartwychwstanie. https:\/\/youtu.be\/5nWNUjOhU14 Jemy daktyle Aneta zrobi\u0142a \u015bniadanie na 8.30, o 10.00 wyszli\u015bmy z domku (Daniel zawsze pakuje si\u0119 3x...), \u017cwawym kroczkiem pensjonariuszy zak\u0142adu geriatrycznego ruszyli\u015bmy w stron\u0119 tutejszego sklepu spo\u017cywczego. Generalnie nie wieje od sprzedawczyni jak\u0105\u015b ogromn\u0105 sympati\u0105 do ludzi, wi\u0119c po kilku pr\u00f3bach odpu\u015bcili\u015bmy sobie pogaw\u0119dki i\u2026","rel":"","context":"W \u201eGSB&quot;","block_context":{"text":"GSB","link":"https:\/\/www.volen.pl\/?cat=457"},"img":{"alt_text":"","src":"https:\/\/i0.wp.com\/www.volen.pl\/wp-content\/uploads\/2023\/02\/IMG_20230127_152412-scaled.jpg?fit=1200%2C900&ssl=1&resize=350%2C200","width":350,"height":200,"srcset":"https:\/\/i0.wp.com\/www.volen.pl\/wp-content\/uploads\/2023\/02\/IMG_20230127_152412-scaled.jpg?fit=1200%2C900&ssl=1&resize=350%2C200 1x, https:\/\/i0.wp.com\/www.volen.pl\/wp-content\/uploads\/2023\/02\/IMG_20230127_152412-scaled.jpg?fit=1200%2C900&ssl=1&resize=525%2C300 1.5x, https:\/\/i0.wp.com\/www.volen.pl\/wp-content\/uploads\/2023\/02\/IMG_20230127_152412-scaled.jpg?fit=1200%2C900&ssl=1&resize=700%2C400 2x, https:\/\/i0.wp.com\/www.volen.pl\/wp-content\/uploads\/2023\/02\/IMG_20230127_152412-scaled.jpg?fit=1200%2C900&ssl=1&resize=1050%2C600 3x"},"classes":[]}],"_links":{"self":[{"href":"https:\/\/www.volen.pl\/index.php?rest_route=\/wp\/v2\/posts\/146","targetHints":{"allow":["GET"]}}],"collection":[{"href":"https:\/\/www.volen.pl\/index.php?rest_route=\/wp\/v2\/posts"}],"about":[{"href":"https:\/\/www.volen.pl\/index.php?rest_route=\/wp\/v2\/types\/post"}],"author":[{"embeddable":true,"href":"https:\/\/www.volen.pl\/index.php?rest_route=\/wp\/v2\/users\/1"}],"replies":[{"embeddable":true,"href":"https:\/\/www.volen.pl\/index.php?rest_route=%2Fwp%2Fv2%2Fcomments&post=146"}],"version-history":[{"count":1,"href":"https:\/\/www.volen.pl\/index.php?rest_route=\/wp\/v2\/posts\/146\/revisions"}],"predecessor-version":[{"id":147,"href":"https:\/\/www.volen.pl\/index.php?rest_route=\/wp\/v2\/posts\/146\/revisions\/147"}],"wp:attachment":[{"href":"https:\/\/www.volen.pl\/index.php?rest_route=%2Fwp%2Fv2%2Fmedia&parent=146"}],"wp:term":[{"taxonomy":"category","embeddable":true,"href":"https:\/\/www.volen.pl\/index.php?rest_route=%2Fwp%2Fv2%2Fcategories&post=146"},{"taxonomy":"post_tag","embeddable":true,"href":"https:\/\/www.volen.pl\/index.php?rest_route=%2Fwp%2Fv2%2Ftags&post=146"}],"curies":[{"name":"wp","href":"https:\/\/api.w.org\/{rel}","templated":true}]}}