{"id":148,"date":"2014-02-20T19:31:17","date_gmt":"2014-02-20T18:31:17","guid":{"rendered":"http:\/\/www.volen.pl\/?p=148"},"modified":"2014-02-20T19:31:17","modified_gmt":"2014-02-20T18:31:17","slug":"entropia","status":"publish","type":"post","link":"https:\/\/www.volen.pl\/?p=148","title":{"rendered":"entropia"},"content":{"rendered":"<blockquote><p>W og\u00f3le bowiem ENTROPIA RO\u015aNIE i cokolwiek robimy, z entropi\u0105 walczymy, a\u017c ona, Pani nasza z\u0142a, wreszcie odwet bior\u0105c, w \u0142ajno karako\u0144skie nas przerobi ju\u017c ostatecznie i nieodwracalnie.<\/p><\/blockquote>\n<p>Stanis\u0142aw Lem z listu do S\u0142awomira Mro\u017cka, Krak\u00f3w, 30 sierpnia 1965<\/p>\n","protected":false},"excerpt":{"rendered":"<p>W og\u00f3le bowiem ENTROPIA RO\u015aNIE i cokolwiek robimy, z entropi\u0105 walczymy, a\u017c ona, Pani nasza&#8230;<\/p>\n<div class=\"more-link-wrapper\"><a class=\"more-link\" href=\"https:\/\/www.volen.pl\/?p=148\">Read the post<span class=\"screen-reader-text\">entropia<\/span><\/a><\/div>\n","protected":false},"author":1,"featured_media":0,"comment_status":"closed","ping_status":"closed","sticky":false,"template":"","format":"standard","meta":{"_crdt_document":"","jetpack_post_was_ever_published":false,"_jetpack_newsletter_access":"","_jetpack_dont_email_post_to_subs":false,"_jetpack_newsletter_tier_id":0,"_jetpack_memberships_contains_paywalled_content":false,"_jetpack_memberships_contains_paid_content":false,"footnotes":"","jetpack_publicize_message":"","jetpack_publicize_feature_enabled":true,"jetpack_social_post_already_shared":true,"jetpack_social_options":{"image_generator_settings":{"template":"highway","default_image_id":0,"font":"","enabled":false},"version":2}},"categories":[17],"tags":[20,31,19],"class_list":["post-148","post","type-post","status-publish","format-standard","hentry","category-cytaty","tag-cytat","tag-entropia","tag-lem","excerpt","zoom","full-without-featured","even","excerpt-0"],"jetpack_publicize_connections":[],"jetpack_featured_media_url":"","jetpack_shortlink":"https:\/\/wp.me\/s4lAri-entropia","jetpack_sharing_enabled":true,"jetpack-related-posts":[{"id":146,"url":"https:\/\/www.volen.pl\/?p=146","url_meta":{"origin":148,"position":0},"title":"po\u017c\u0105danie","author":"volen","date":"2014-02-20","format":false,"excerpt":"Gdy\u017c aby on by\u0142 l\u015bni\u0105cy, pow\u0142\u00f3czyste pi\u0119knych krakowianek spojrzenie pod kierowcy adresem wyzwala\u0142 i szemrz\u0105co z 97-konnym rozmarzeniem warcza\u0142, ja musz\u0119 go pucowa\u0107 do stanu przedzawa\u0142owego r\u00f3\u017cnymi mleczkami i siliko\u0144skim sikoniem go posikiwa\u0107 i zamszami zatuszowa\u0107, i elektroluksem mu \u0142ajenka z wn\u0119trza wydobywa\u0107, i specyjalnymi cieczami mu z bok\u00f3w \u015bwi\u0119tych\u2026","rel":"","context":"W \u201ez\u0142ote g\u0142oski&quot;","block_context":{"text":"z\u0142ote g\u0142oski","link":"https:\/\/www.volen.pl\/?cat=17"},"img":{"alt_text":"","src":"","width":0,"height":0},"classes":[]},{"id":126,"url":"https:\/\/www.volen.pl\/?p=126","url_meta":{"origin":148,"position":1},"title":"\u015bwiat","author":"volen","date":"2014-02-20","format":false,"excerpt":"Ja bo, prosz\u0119 Pana, bardzo d\u0142ugo nie \u015bmia\u0142em zdecydowa\u0107 si\u0119 na posiadanie dziecka i wraz z \u017bon\u0105 mieli\u015bmy tu opory w\u0142a\u015bciwe ludziom zarazem przywyk\u0142ym do my\u015blenia i takim, kt\u00f3rzy przetrzymali okupacj\u0119 niemieck\u0105, bo te\u017c \u015bwiat wydaje si\u0119 na og\u00f3\u0142 miejscem b. kiepsko urz\u0105dzonym na przyj\u0119cie ludzi, szczeg\u00f3lnie kiedy si\u0119 mia\u0142o\u2026","rel":"","context":"W \u201ez\u0142ote g\u0142oski&quot;","block_context":{"text":"z\u0142ote g\u0142oski","link":"https:\/\/www.volen.pl\/?cat=17"},"img":{"alt_text":"","src":"","width":0,"height":0},"classes":[]},{"id":680,"url":"https:\/\/www.volen.pl\/?p=680","url_meta":{"origin":148,"position":2},"title":"toro muerte czyli lamy, alpaki i wikunie","author":"volen","date":"2014-10-19","format":false,"excerpt":"Zaraz z rana, gdzie\u015b ko\u0142o 7-mej czasu lokalnego, wstali\u015bmy z wyrka i poszli\u015bmy na poszukiwania \u015bniadania. Hostel nasz, Boulevard, takie \u015bniadania w standardzie posiada, wi\u0119c poprosili\u015bmy dla pewno\u015bci dodatkowo o kaw\u0119. Co ciekawe, dostali\u015bmy do zjedzenia bu\u0142k\u0119 z jajkiem, co zrozumia\u0142ej satysfakcji nam dostarczy\u0142o, gdy\u017c mogli\u015bmy zab\u0142ysn\u0105\u0107 nowo poznanym s\u0142\u00f3wkiem\u2026","rel":"","context":"W \u201ea la conquista de Am\u00e9rica&quot;","block_context":{"text":"a la conquista de Am\u00e9rica","link":"https:\/\/www.volen.pl\/?cat=138"},"img":{"alt_text":"","src":"https:\/\/i0.wp.com\/www.volen.pl\/wp-content\/uploads\/2014\/10\/DSC9826_01.jpg?fit=1200%2C795&ssl=1&resize=350%2C200","width":350,"height":200,"srcset":"https:\/\/i0.wp.com\/www.volen.pl\/wp-content\/uploads\/2014\/10\/DSC9826_01.jpg?fit=1200%2C795&ssl=1&resize=350%2C200 1x, https:\/\/i0.wp.com\/www.volen.pl\/wp-content\/uploads\/2014\/10\/DSC9826_01.jpg?fit=1200%2C795&ssl=1&resize=525%2C300 1.5x, https:\/\/i0.wp.com\/www.volen.pl\/wp-content\/uploads\/2014\/10\/DSC9826_01.jpg?fit=1200%2C795&ssl=1&resize=700%2C400 2x, https:\/\/i0.wp.com\/www.volen.pl\/wp-content\/uploads\/2014\/10\/DSC9826_01.jpg?fit=1200%2C795&ssl=1&resize=1050%2C600 3x"},"classes":[]},{"id":1260,"url":"https:\/\/www.volen.pl\/?p=1260","url_meta":{"origin":148,"position":3},"title":"Oskar\u017cenie","author":"volen","date":"2015-08-04","format":false,"excerpt":"Tak si\u0119 dzisiaj zastanawiali\u015bmy z Anulk\u0105, czemu takie przygody nas spotykaj\u0105? To znaczy, innych spotykaj\u0105 mniej, a nawet w og\u00f3le, ale my zawsze musimy co\u015b takiego zrobi\u0107, \u017ceby by\u0142o ciekawiej. W ka\u017cdym razie, poznali\u015bmy przez telefon polskiego konsula, stan\u0119li\u015bmy przed i zostali\u015bmy zwolnieni z zarzut\u00f3w przez serbski s\u0105d, ob\u0142o\u017ceni kar\u0105\u2026","rel":"","context":"W \u201eBalkan eXpress&quot;","block_context":{"text":"Balkan eXpress","link":"https:\/\/www.volen.pl\/?cat=194"},"img":{"alt_text":"","src":"https:\/\/i0.wp.com\/www.volen.pl\/wp-content\/uploads\/2015\/08\/VOL0206-e1439012098278.jpg?fit=795%2C1200&ssl=1&resize=350%2C200","width":350,"height":200,"srcset":"https:\/\/i0.wp.com\/www.volen.pl\/wp-content\/uploads\/2015\/08\/VOL0206-e1439012098278.jpg?fit=795%2C1200&ssl=1&resize=350%2C200 1x, https:\/\/i0.wp.com\/www.volen.pl\/wp-content\/uploads\/2015\/08\/VOL0206-e1439012098278.jpg?fit=795%2C1200&ssl=1&resize=525%2C300 1.5x, https:\/\/i0.wp.com\/www.volen.pl\/wp-content\/uploads\/2015\/08\/VOL0206-e1439012098278.jpg?fit=795%2C1200&ssl=1&resize=700%2C400 2x"},"classes":[]},{"id":2677,"url":"https:\/\/www.volen.pl\/?p=2677","url_meta":{"origin":148,"position":4},"title":"Rajska dolina","author":"volen","date":"2018-06-26","format":false,"excerpt":"Przesadzi\u0142em z miodem do kawy i dobrze mi z tym. Ognisko buzuje od rana, s\u0142o\u0144ce w\u0142a\u015bnie pr\u00f3buje wyjrze\u0107 zza brz\u00f3zek, a szum potoku uprzyjemnia poranny rytua\u0142 picia kawy. W og\u00f3le nie ma tu komar\u00f3w. Za to w potoku okropnie zimna woda. Po drodze pi\u0119kne widoki, za\u015b za prze\u0142\u0119cz\u0105 osun\u0119\u0142a si\u0119\u2026","rel":"","context":"W \u201enawariata&quot;","block_context":{"text":"nawariata","link":"https:\/\/www.volen.pl\/?cat=93"},"img":{"alt_text":"","src":"https:\/\/i0.wp.com\/www.volen.pl\/wp-content\/uploads\/2018\/06\/VOL2663.jpg?fit=1200%2C795&ssl=1&resize=350%2C200","width":350,"height":200,"srcset":"https:\/\/i0.wp.com\/www.volen.pl\/wp-content\/uploads\/2018\/06\/VOL2663.jpg?fit=1200%2C795&ssl=1&resize=350%2C200 1x, https:\/\/i0.wp.com\/www.volen.pl\/wp-content\/uploads\/2018\/06\/VOL2663.jpg?fit=1200%2C795&ssl=1&resize=525%2C300 1.5x, https:\/\/i0.wp.com\/www.volen.pl\/wp-content\/uploads\/2018\/06\/VOL2663.jpg?fit=1200%2C795&ssl=1&resize=700%2C400 2x, https:\/\/i0.wp.com\/www.volen.pl\/wp-content\/uploads\/2018\/06\/VOL2663.jpg?fit=1200%2C795&ssl=1&resize=1050%2C600 3x"},"classes":[]},{"id":214,"url":"https:\/\/www.volen.pl\/?p=214","url_meta":{"origin":148,"position":5},"title":"*skrona","author":"volen","date":"2012-11-19","format":false,"excerpt":"Okazuje si\u0119, \u017ce blog nasz bije rekordy popularno\u015bci i wszystkich naszych 3 i p\u00f3\u0142 czytelnik\u00f3w wyrazi\u0142o ostatnio ostro\u017cn\u0105 ch\u0119\u0107 oderwania si\u0119 od ponurej listopadowo-grudniowej rzeczywisto\u015bci poprzez zanurzenie si\u0119 w s\u0142owo pisane inne ni\u017c to z naklejek na chlebie oliwskim czy z puszek po szprotach w pomidorach. Podobno, m\u00f3wi\u0105, fajnie jest\u2026","rel":"","context":"W \u201enawariata&quot;","block_context":{"text":"nawariata","link":"https:\/\/www.volen.pl\/?cat=93"},"img":{"alt_text":"","src":"https:\/\/i0.wp.com\/www.volen.pl\/wp-content\/uploads\/2012\/12\/tumblr_metizsYyO81rhlwtwo2_1280.jpg?fit=800%2C530&ssl=1&resize=350%2C200","width":350,"height":200,"srcset":"https:\/\/i0.wp.com\/www.volen.pl\/wp-content\/uploads\/2012\/12\/tumblr_metizsYyO81rhlwtwo2_1280.jpg?fit=800%2C530&ssl=1&resize=350%2C200 1x, https:\/\/i0.wp.com\/www.volen.pl\/wp-content\/uploads\/2012\/12\/tumblr_metizsYyO81rhlwtwo2_1280.jpg?fit=800%2C530&ssl=1&resize=525%2C300 1.5x, https:\/\/i0.wp.com\/www.volen.pl\/wp-content\/uploads\/2012\/12\/tumblr_metizsYyO81rhlwtwo2_1280.jpg?fit=800%2C530&ssl=1&resize=700%2C400 2x"},"classes":[]}],"_links":{"self":[{"href":"https:\/\/www.volen.pl\/index.php?rest_route=\/wp\/v2\/posts\/148","targetHints":{"allow":["GET"]}}],"collection":[{"href":"https:\/\/www.volen.pl\/index.php?rest_route=\/wp\/v2\/posts"}],"about":[{"href":"https:\/\/www.volen.pl\/index.php?rest_route=\/wp\/v2\/types\/post"}],"author":[{"embeddable":true,"href":"https:\/\/www.volen.pl\/index.php?rest_route=\/wp\/v2\/users\/1"}],"replies":[{"embeddable":true,"href":"https:\/\/www.volen.pl\/index.php?rest_route=%2Fwp%2Fv2%2Fcomments&post=148"}],"version-history":[{"count":1,"href":"https:\/\/www.volen.pl\/index.php?rest_route=\/wp\/v2\/posts\/148\/revisions"}],"predecessor-version":[{"id":149,"href":"https:\/\/www.volen.pl\/index.php?rest_route=\/wp\/v2\/posts\/148\/revisions\/149"}],"wp:attachment":[{"href":"https:\/\/www.volen.pl\/index.php?rest_route=%2Fwp%2Fv2%2Fmedia&parent=148"}],"wp:term":[{"taxonomy":"category","embeddable":true,"href":"https:\/\/www.volen.pl\/index.php?rest_route=%2Fwp%2Fv2%2Fcategories&post=148"},{"taxonomy":"post_tag","embeddable":true,"href":"https:\/\/www.volen.pl\/index.php?rest_route=%2Fwp%2Fv2%2Ftags&post=148"}],"curies":[{"name":"wp","href":"https:\/\/api.w.org\/{rel}","templated":true}]}}