{"id":153,"date":"2014-02-20T19:34:09","date_gmt":"2014-02-20T18:34:09","guid":{"rendered":"http:\/\/www.volen.pl\/?p=153"},"modified":"2014-02-20T19:34:09","modified_gmt":"2014-02-20T18:34:09","slug":"nic","status":"publish","type":"post","link":"https:\/\/www.volen.pl\/?p=153","title":{"rendered":"nic"},"content":{"rendered":"<blockquote><p>Co\u015b si\u0119 zbli\u017ca i mo\u017ce to lepsze, ni\u017c gdyby mia\u0142o zbli\u017ca\u0107 si\u0119 nic.<\/p><\/blockquote>\n<p>z listu S\u0142awomira Mro\u017cka do Stanis\u0142awa Lema, Chiavari, 12 listopada 1967r<\/p>\n","protected":false},"excerpt":{"rendered":"<p>Co\u015b si\u0119 zbli\u017ca i mo\u017ce to lepsze, ni\u017c gdyby mia\u0142o zbli\u017ca\u0107 si\u0119 nic. z listu&#8230;<\/p>\n<div class=\"more-link-wrapper\"><a class=\"more-link\" href=\"https:\/\/www.volen.pl\/?p=153\">Read the post<span class=\"screen-reader-text\">nic<\/span><\/a><\/div>\n","protected":false},"author":1,"featured_media":0,"comment_status":"closed","ping_status":"closed","sticky":false,"template":"","format":"standard","meta":{"_crdt_document":"","jetpack_post_was_ever_published":false,"_jetpack_newsletter_access":"","_jetpack_dont_email_post_to_subs":false,"_jetpack_newsletter_tier_id":0,"_jetpack_memberships_contains_paywalled_content":false,"_jetpack_memberships_contains_paid_content":false,"footnotes":"","jetpack_publicize_message":"","jetpack_publicize_feature_enabled":true,"jetpack_social_post_already_shared":true,"jetpack_social_options":{"image_generator_settings":{"template":"highway","default_image_id":0,"font":"","enabled":false},"version":2}},"categories":[17],"tags":[20,23,36],"class_list":["post-153","post","type-post","status-publish","format-standard","hentry","category-cytaty","tag-cytat","tag-mrozek","tag-nic","excerpt","zoom","full-without-featured","even","excerpt-0"],"jetpack_publicize_connections":[],"jetpack_featured_media_url":"","jetpack_shortlink":"https:\/\/wp.me\/s4lAri-nic","jetpack_sharing_enabled":true,"jetpack-related-posts":[{"id":202,"url":"https:\/\/www.volen.pl\/?p=202","url_meta":{"origin":153,"position":0},"title":"Lazy day","author":"volen","date":"2013-08-17","format":false,"excerpt":"I tak nadszed\u0142 dzie\u0144 pierwszy naszej wycieczki. Poranek przywita\u0142 nas smrodem rozk\u0142adaj\u0105cych si\u0119 glon\u00f3w, a \u00f3w trwa\u0142 przez ca\u0142y dzie\u0144 i nic nie zapowiada zmian. Z rana postanowili\u015bmy przej\u015b\u0107 si\u0119 odrobink\u0119 brzegiem morza, obejrzeli\u015bmy \u017caglowiec, stoczni\u0119, \u0142odzie podwodne i inne atrakcje, k\u0105pi\u0105c si\u0119 w mi\u0119dzy czasie w solance adriatyckiej. \u017bar\u2026","rel":"","context":"W \u201eMontenegro 2013&quot;","block_context":{"text":"Montenegro 2013","link":"https:\/\/www.volen.pl\/?cat=134"},"img":{"alt_text":"","src":"","width":0,"height":0},"classes":[]},{"id":219,"url":"https:\/\/www.volen.pl\/?p=219","url_meta":{"origin":153,"position":1},"title":"Pralnia","author":"volen","date":"2012-10-15","format":false,"excerpt":"Istambu\u0142 wkurzy\u0142 nas niesamowicie. Miasto, w kt\u00f3rym z czterech stron \u015bwiata jest po\u0142udnie. Ale najpierw. Po autobusowo-promowej przeprawie przez Morze Marmara posilili\u015bmy si\u0119 w sto\u0142\u00f3wce dla pracownik\u00f3w Pamukkale na Buyuk Otogar. Kupili\u015bmy bilety do Konstancy, a sprzedawca wyekspediowa\u0142 nas dla pewno\u015bci metrem do Aksaray, sk\u0105d mieli\u015bmy mie\u0107 nast\u0119pnego dnia autobus.\u2026","rel":"","context":"W \u201e7000km - 2012&quot;","block_context":{"text":"7000km - 2012","link":"https:\/\/www.volen.pl\/?cat=135"},"img":{"alt_text":"","src":"","width":0,"height":0},"classes":[]},{"id":3039,"url":"https:\/\/www.volen.pl\/?p=3039","url_meta":{"origin":153,"position":2},"title":"Uczciwe zaj\u0119cie","author":"volen","date":"2021-09-13","format":false,"excerpt":"Przy ko\u0144cu baru siedzia\u0142 jaki\u015b go\u015b\u0107; gapi\u0142 si\u0119 na mnie bez ustanku.W ko\u0144cu popatrzy\u0142em na niego.\u2013 Dobra, czym si\u0119 zajmujesz? \u2013 spyta\u0142em.Chwil\u0119 pomilcza\u0142, napi\u0142 si\u0119 i znowu wpatrzy\u0142 si\u0119 we mnie.\u2013 Cholernie wstydz\u0119 si\u0119 przyzna\u0107, ale\u2026 robi\u0119 filmy.Go\u015b\u0107 okaza\u0142 si\u0119 Wennerem Zergogiem, znanym niemieckim re\u017cyserem. Mia\u0142 troch\u0119, jak to m\u00f3wi\u0105,\u2026","rel":"","context":"W \u201ez\u0142ote g\u0142oski&quot;","block_context":{"text":"z\u0142ote g\u0142oski","link":"https:\/\/www.volen.pl\/?cat=17"},"img":{"alt_text":"","src":"","width":0,"height":0},"classes":[]},{"id":221,"url":"https:\/\/www.volen.pl\/?p=221","url_meta":{"origin":153,"position":3},"title":"Kot internetowy","author":"volen","date":"2012-10-14","format":"gallery","excerpt":"Anulka, skupiona, wrzuca zaleg\u0142y post na tumblera. Dzi\u015b Bodrum\u2026 taki turecki Sopot, nic ciekawego, idziemy si\u0119 wypluska\u0107 i chodu st\u0105d! Ceny i\u015bcie wariackie :)","rel":"","context":"W \u201e7000km - 2012&quot;","block_context":{"text":"7000km - 2012","link":"https:\/\/www.volen.pl\/?cat=135"},"img":{"alt_text":"","src":"https:\/\/i0.wp.com\/www.volen.pl\/wp-content\/uploads\/2012\/10\/tumblr_mbvmfqYDgc1rhlwtwo1_1280.jpg?resize=350%2C200","width":350,"height":200},"classes":[]},{"id":508,"url":"https:\/\/www.volen.pl\/?p=508","url_meta":{"origin":153,"position":4},"title":"Kutaisi. \u10e5\u10e3\u10d7\u10d0\u10d8\u10e1\u10d8.","author":"volen","date":"2014-04-02","format":false,"excerpt":"Najcz\u0119\u015bciej odwiedzane przez nas miasto w Gruzji. Nie z powodu jakiej\u015b osza\u0142amiaj\u0105cej urody, nie. Raczej z powodu strategicznego po\u0142o\u017cenia. Lokalny w\u0119ze\u0142 komunikacyjny. Siedziba parlamentu Gruzji, kt\u00f3rego budynek wyr\u00f3\u017cnia si\u0119 na tle okolicznej architektury, jak pierwszy pryszcz na twarzy nastolatki. Zauwa\u017cyli\u015bmy przy okazji, i\u017c Gruzini lubi\u0105 takie falowano - \u015blimakowate kszta\u0142ty\u2026","rel":"","context":"W \u201eGruzja 2014&quot;","block_context":{"text":"Gruzja 2014","link":"https:\/\/www.volen.pl\/?cat=133"},"img":{"alt_text":"","src":"https:\/\/i0.wp.com\/www.volen.pl\/wp-content\/uploads\/2014\/04\/katedra-_DSC7010.jpg?fit=795%2C1200&ssl=1&resize=350%2C200","width":350,"height":200,"srcset":"https:\/\/i0.wp.com\/www.volen.pl\/wp-content\/uploads\/2014\/04\/katedra-_DSC7010.jpg?fit=795%2C1200&ssl=1&resize=350%2C200 1x, https:\/\/i0.wp.com\/www.volen.pl\/wp-content\/uploads\/2014\/04\/katedra-_DSC7010.jpg?fit=795%2C1200&ssl=1&resize=525%2C300 1.5x, https:\/\/i0.wp.com\/www.volen.pl\/wp-content\/uploads\/2014\/04\/katedra-_DSC7010.jpg?fit=795%2C1200&ssl=1&resize=700%2C400 2x"},"classes":[]},{"id":2750,"url":"https:\/\/www.volen.pl\/?p=2750","url_meta":{"origin":153,"position":5},"title":"Mongolia jest pi\u0119kna","author":"volen","date":"2018-07-02","format":false,"excerpt":"Od wczoraj jedziemy maksymaln\u0105 pr\u0119dko\u015bci\u0105 60km\/h, \u017ceby nawet, gdyby mia\u0142o si\u0119 co\u015b sta\u0107, sta\u0142o si\u0119 tak, by uda\u0142o si\u0119 uj\u015b\u0107 z \u017cyciem. Odwiedzili\u015bmy Kosz-Agacz, wymienili\u015bmy kas\u0119, zatankowali\u015bmy do pe\u0142na i pe\u0142ni zapa\u0142u pojechali\u015bmy posta\u0107 na granicy. Kosmiczny burdel, nie do opowiedzenia. Prawie jak w finansowaniu polskiej s\u0142u\u017cby zdrowia. Cho\u0107 w\u2026","rel":"","context":"W \u201enawariata&quot;","block_context":{"text":"nawariata","link":"https:\/\/www.volen.pl\/?cat=93"},"img":{"alt_text":"","src":"https:\/\/i0.wp.com\/www.volen.pl\/wp-content\/uploads\/2018\/06\/VOL3105.jpg?fit=1200%2C795&ssl=1&resize=350%2C200","width":350,"height":200,"srcset":"https:\/\/i0.wp.com\/www.volen.pl\/wp-content\/uploads\/2018\/06\/VOL3105.jpg?fit=1200%2C795&ssl=1&resize=350%2C200 1x, https:\/\/i0.wp.com\/www.volen.pl\/wp-content\/uploads\/2018\/06\/VOL3105.jpg?fit=1200%2C795&ssl=1&resize=525%2C300 1.5x, https:\/\/i0.wp.com\/www.volen.pl\/wp-content\/uploads\/2018\/06\/VOL3105.jpg?fit=1200%2C795&ssl=1&resize=700%2C400 2x, https:\/\/i0.wp.com\/www.volen.pl\/wp-content\/uploads\/2018\/06\/VOL3105.jpg?fit=1200%2C795&ssl=1&resize=1050%2C600 3x"},"classes":[]}],"_links":{"self":[{"href":"https:\/\/www.volen.pl\/index.php?rest_route=\/wp\/v2\/posts\/153","targetHints":{"allow":["GET"]}}],"collection":[{"href":"https:\/\/www.volen.pl\/index.php?rest_route=\/wp\/v2\/posts"}],"about":[{"href":"https:\/\/www.volen.pl\/index.php?rest_route=\/wp\/v2\/types\/post"}],"author":[{"embeddable":true,"href":"https:\/\/www.volen.pl\/index.php?rest_route=\/wp\/v2\/users\/1"}],"replies":[{"embeddable":true,"href":"https:\/\/www.volen.pl\/index.php?rest_route=%2Fwp%2Fv2%2Fcomments&post=153"}],"version-history":[{"count":1,"href":"https:\/\/www.volen.pl\/index.php?rest_route=\/wp\/v2\/posts\/153\/revisions"}],"predecessor-version":[{"id":154,"href":"https:\/\/www.volen.pl\/index.php?rest_route=\/wp\/v2\/posts\/153\/revisions\/154"}],"wp:attachment":[{"href":"https:\/\/www.volen.pl\/index.php?rest_route=%2Fwp%2Fv2%2Fmedia&parent=153"}],"wp:term":[{"taxonomy":"category","embeddable":true,"href":"https:\/\/www.volen.pl\/index.php?rest_route=%2Fwp%2Fv2%2Fcategories&post=153"},{"taxonomy":"post_tag","embeddable":true,"href":"https:\/\/www.volen.pl\/index.php?rest_route=%2Fwp%2Fv2%2Ftags&post=153"}],"curies":[{"name":"wp","href":"https:\/\/api.w.org\/{rel}","templated":true}]}}