{"id":155,"date":"2014-02-20T19:35:40","date_gmt":"2014-02-20T18:35:40","guid":{"rendered":"http:\/\/www.volen.pl\/?p=155"},"modified":"2014-02-20T19:35:40","modified_gmt":"2014-02-20T18:35:40","slug":"mezczyzna","status":"publish","type":"post","link":"https:\/\/www.volen.pl\/?p=155","title":{"rendered":"m\u0119\u017cczyzna"},"content":{"rendered":"<blockquote><p>Ch\u0142opiec staje si\u0119 m\u0119\u017cczyzn\u0105 nie wtedy, gdy pierwszy raz bierze do r\u0119ki miecz, nie wtedy, gdy pierwszy raz bierze do \u0142o\u017ca kobiet\u0119, ale wtedy, gdy zabija w duchu swoj\u0105 matk\u0119. (&#8230;) Aby dorosn\u0105\u0107, aby \u017cy\u0107 wed\u0142ug w\u0142asnej legendy, trzeba si\u0119 od matki uwolni\u0107. Zabi\u0107 jej mi\u0142o\u015b\u0107 w sobie.<\/p><\/blockquote>\n<p>El\u017cbieta Cherezi\u0144ska &#8222;Gra w ko\u015bci&#8221;<\/p>\n","protected":false},"excerpt":{"rendered":"<p>Ch\u0142opiec staje si\u0119 m\u0119\u017cczyzn\u0105 nie wtedy, gdy pierwszy raz bierze do r\u0119ki miecz, nie wtedy,&#8230;<\/p>\n<div class=\"more-link-wrapper\"><a class=\"more-link\" href=\"https:\/\/www.volen.pl\/?p=155\">Read the post<span class=\"screen-reader-text\">m\u0119\u017cczyzna<\/span><\/a><\/div>\n","protected":false},"author":1,"featured_media":0,"comment_status":"closed","ping_status":"closed","sticky":false,"template":"","format":"standard","meta":{"_crdt_document":"","jetpack_post_was_ever_published":false,"_jetpack_newsletter_access":"","_jetpack_dont_email_post_to_subs":false,"_jetpack_newsletter_tier_id":0,"_jetpack_memberships_contains_paywalled_content":false,"_jetpack_memberships_contains_paid_content":false,"footnotes":"","jetpack_publicize_message":"","jetpack_publicize_feature_enabled":true,"jetpack_social_post_already_shared":true,"jetpack_social_options":{"image_generator_settings":{"template":"highway","default_image_id":0,"font":"","enabled":false},"version":2}},"categories":[17],"tags":[37,20,24,38],"class_list":["post-155","post","type-post","status-publish","format-standard","hentry","category-cytaty","tag-cherezinska","tag-cytat","tag-ludzie","tag-mestwo","excerpt","zoom","full-without-featured","even","excerpt-0"],"jetpack_publicize_connections":[],"jetpack_featured_media_url":"","jetpack_shortlink":"https:\/\/wp.me\/p4lAri-2v","jetpack_sharing_enabled":true,"jetpack-related-posts":[{"id":2051,"url":"https:\/\/www.volen.pl\/?p=2051","url_meta":{"origin":155,"position":0},"title":"To\u017csamo\u015b\u0107","author":"volen","date":"2017-02-12","format":false,"excerpt":"Dlatego te\u017c wszystkie problemy to\u017csamo\u015bci, o kt\u00f3ry\u015b si\u0119 teraz tak cz\u0119sto i z takim upodobaniem tr\u0105bi, wydaj\u0105 mi si\u0119 zupe\u0142nie bezprzedmiotowe. Jedno z dwojga: albo ma si\u0119 autentyczn\u0105 to\u017csamo\u015b\u0107, a w takim razie nie mo\u017cna jej utraci\u0107, albo si\u0119 jej nie ma, i nie warto marnowa\u0107 si\u0142 w obronie czego\u015b,\u2026","rel":"","context":"W \u201ez\u0142ote g\u0142oski&quot;","block_context":{"text":"z\u0142ote g\u0142oski","link":"https:\/\/www.volen.pl\/?cat=17"},"img":{"alt_text":"","src":"","width":0,"height":0},"classes":[]},{"id":1536,"url":"https:\/\/www.volen.pl\/?p=1536","url_meta":{"origin":155,"position":1},"title":"Fjord Nansen Sierra II","author":"volen","date":"2015-10-11","format":false,"excerpt":"Odgra\u017ca\u0142em si\u0119 wielokrotnie w czasie ostatniej wyprawy do Rosji, i\u017c odnios\u0119 si\u0119 do namiotu, kt\u00f3ry zakupi\u0142em na t\u0119 w\u0142a\u015bnie okazj\u0119. Nie traktujmy tego jako testu, lecz raczej wra\u017cenia z u\u017cytkowania i par\u0119 uwag wynikaj\u0105cych z praktycznego stosowania tej w\u0142a\u015bnie chatki puchatka. Przejazd samochodem, namiot rozk\u0142adany codziennie w innym miejscu. Waga\u2026","rel":"","context":"W \u201efilozofia uliczna&quot;","block_context":{"text":"filozofia uliczna","link":"https:\/\/www.volen.pl\/?cat=2"},"img":{"alt_text":"","src":"https:\/\/i0.wp.com\/www.volen.pl\/wp-content\/uploads\/2015\/10\/s2_VOL2655.jpg?fit=981%2C672&ssl=1&resize=350%2C200","width":350,"height":200,"srcset":"https:\/\/i0.wp.com\/www.volen.pl\/wp-content\/uploads\/2015\/10\/s2_VOL2655.jpg?fit=981%2C672&ssl=1&resize=350%2C200 1x, https:\/\/i0.wp.com\/www.volen.pl\/wp-content\/uploads\/2015\/10\/s2_VOL2655.jpg?fit=981%2C672&ssl=1&resize=525%2C300 1.5x, https:\/\/i0.wp.com\/www.volen.pl\/wp-content\/uploads\/2015\/10\/s2_VOL2655.jpg?fit=981%2C672&ssl=1&resize=700%2C400 2x"},"classes":[]},{"id":231,"url":"https:\/\/www.volen.pl\/?p=231","url_meta":{"origin":155,"position":2},"title":"Achalciche Vardzia i z powrotem","author":"volen","date":"2012-10-06","format":false,"excerpt":"Mieli\u015bmy wsta\u0107 z rana, ale wy\u0142\u0105czony telefon nie budzi, o czym osobi\u015bcie zapomnia\u0142em i nikt nigdy nie dowie si\u0119, czy zrobi\u0142em to z premedytacj\u0105, czy przez zapomnienie. Mniejsza o to. Po \u015bniadaniu poszli\u015bmy na ulic\u0119 \u0142apa\u0107 marszrutk\u0119 do Achalciche. Za drugim strza\u0142em uda\u0142o si\u0119. Wspomnienie tej podr\u00f3\u017cy na d\u0142ugo zapisze\u2026","rel":"","context":"W \u201e7000km - 2012&quot;","block_context":{"text":"7000km - 2012","link":"https:\/\/www.volen.pl\/?cat=135"},"img":{"alt_text":"","src":"https:\/\/i0.wp.com\/www.volen.pl\/wp-content\/uploads\/2016\/01\/DSC_6450.jpg?fit=1200%2C795&ssl=1&resize=350%2C200","width":350,"height":200,"srcset":"https:\/\/i0.wp.com\/www.volen.pl\/wp-content\/uploads\/2016\/01\/DSC_6450.jpg?fit=1200%2C795&ssl=1&resize=350%2C200 1x, https:\/\/i0.wp.com\/www.volen.pl\/wp-content\/uploads\/2016\/01\/DSC_6450.jpg?fit=1200%2C795&ssl=1&resize=525%2C300 1.5x, https:\/\/i0.wp.com\/www.volen.pl\/wp-content\/uploads\/2016\/01\/DSC_6450.jpg?fit=1200%2C795&ssl=1&resize=700%2C400 2x, https:\/\/i0.wp.com\/www.volen.pl\/wp-content\/uploads\/2016\/01\/DSC_6450.jpg?fit=1200%2C795&ssl=1&resize=1050%2C600 3x"},"classes":[]},{"id":4038,"url":"https:\/\/www.volen.pl\/?p=4038","url_meta":{"origin":155,"position":3},"title":"O przesycie, deficycie i sa\u0142atce jarzynowej","author":"volen","date":"2026-04-16","format":false,"excerpt":"Przesyt. Co prawda nie tym konkretnym s\u0142owem, ale tak kolega opisa\u0142 sytuacj\u0119 w swoim zwi\u0105zku. Opowiedzia\u0142 o pr\u00f3bach wsp\u00f3lnego uk\u0142adania czasu na spotkania z partnerk\u0105. Przek\u0142ada\u0142 swoje zaj\u0119cia tak, by trafia\u0107 w jej grafik i komasowa\u0107 wsp\u00f3lny czas wolny. Pr\u00f3bowa\u0142 po prostu uk\u0142ada\u0107 dzie\u0144 tak, by jak najwi\u0119cej czasu sp\u0119dza\u0107\u2026","rel":"","context":"W \u201efilozofia uliczna&quot;","block_context":{"text":"filozofia uliczna","link":"https:\/\/www.volen.pl\/?cat=2"},"img":{"alt_text":"","src":"","width":0,"height":0},"classes":[]},{"id":2061,"url":"https:\/\/www.volen.pl\/?p=2061","url_meta":{"origin":155,"position":4},"title":"P\u0142acz","author":"volen","date":"2017-03-08","format":false,"excerpt":"Kiedy s\u0142yszy si\u0119 wieczorem, jak niemowl\u0119 p\u0142acze, tak jak potrafi\u0105 krzycze\u0107 jedynie dzieci m\u0119\u017cczyzn, \u00a0ach tak! To nast\u0119pny m\u0119\u017cczyzna, kt\u00f3rego s\u0142yszymy, a jednak dyskretnie zasi\u0119gamy j\u0119zyka, aby dowiedzie\u0107 si\u0119, czy nie ma w okolicy jakiego\u015b tygrysa, \u017ceby nam to uciszy\u0142. Henri Michaux - Ekwador\u00a0","rel":"","context":"W \u201ez\u0142ote g\u0142oski&quot;","block_context":{"text":"z\u0142ote g\u0142oski","link":"https:\/\/www.volen.pl\/?cat=17"},"img":{"alt_text":"","src":"","width":0,"height":0},"classes":[]},{"id":3062,"url":"https:\/\/www.volen.pl\/?p=3062","url_meta":{"origin":155,"position":5},"title":"Fly Guy &#8211; szkice i spostrze\u017cenia","author":"volen","date":"2018-10-08","format":false,"excerpt":"No wi\u0119c, tak wiem, \u017ce si\u0119 tak zda\u0144 nie rozpoczyna, ruszy\u0142em znowu przed siebie, tym razem gnany konieczno\u015bci\u0105. Min\u0119\u0142y trzy miesi\u0105ce dolce far niente z moim Kotem Oblizuchem. Wyposa\u017cony w ulubion\u0105 bu\u0142k\u0119 z ulubionej piekarni, par\u0119 drobiazg\u00f3w w torbie podr\u0119cznej i helikopter w plecaku ruszy\u0142em odbiera\u0107 ruskim, co moje. Znaczy\u2026","rel":"","context":"W \u201enawariata&quot;","block_context":{"text":"nawariata","link":"https:\/\/www.volen.pl\/?cat=93"},"img":{"alt_text":"","src":"https:\/\/i0.wp.com\/www.volen.pl\/wp-content\/uploads\/2023\/02\/moskwa_VOL8810.jpg?fit=1200%2C681&ssl=1&resize=350%2C200","width":350,"height":200,"srcset":"https:\/\/i0.wp.com\/www.volen.pl\/wp-content\/uploads\/2023\/02\/moskwa_VOL8810.jpg?fit=1200%2C681&ssl=1&resize=350%2C200 1x, https:\/\/i0.wp.com\/www.volen.pl\/wp-content\/uploads\/2023\/02\/moskwa_VOL8810.jpg?fit=1200%2C681&ssl=1&resize=525%2C300 1.5x, https:\/\/i0.wp.com\/www.volen.pl\/wp-content\/uploads\/2023\/02\/moskwa_VOL8810.jpg?fit=1200%2C681&ssl=1&resize=700%2C400 2x, https:\/\/i0.wp.com\/www.volen.pl\/wp-content\/uploads\/2023\/02\/moskwa_VOL8810.jpg?fit=1200%2C681&ssl=1&resize=1050%2C600 3x"},"classes":[]}],"_links":{"self":[{"href":"https:\/\/www.volen.pl\/index.php?rest_route=\/wp\/v2\/posts\/155","targetHints":{"allow":["GET"]}}],"collection":[{"href":"https:\/\/www.volen.pl\/index.php?rest_route=\/wp\/v2\/posts"}],"about":[{"href":"https:\/\/www.volen.pl\/index.php?rest_route=\/wp\/v2\/types\/post"}],"author":[{"embeddable":true,"href":"https:\/\/www.volen.pl\/index.php?rest_route=\/wp\/v2\/users\/1"}],"replies":[{"embeddable":true,"href":"https:\/\/www.volen.pl\/index.php?rest_route=%2Fwp%2Fv2%2Fcomments&post=155"}],"version-history":[{"count":1,"href":"https:\/\/www.volen.pl\/index.php?rest_route=\/wp\/v2\/posts\/155\/revisions"}],"predecessor-version":[{"id":156,"href":"https:\/\/www.volen.pl\/index.php?rest_route=\/wp\/v2\/posts\/155\/revisions\/156"}],"wp:attachment":[{"href":"https:\/\/www.volen.pl\/index.php?rest_route=%2Fwp%2Fv2%2Fmedia&parent=155"}],"wp:term":[{"taxonomy":"category","embeddable":true,"href":"https:\/\/www.volen.pl\/index.php?rest_route=%2Fwp%2Fv2%2Fcategories&post=155"},{"taxonomy":"post_tag","embeddable":true,"href":"https:\/\/www.volen.pl\/index.php?rest_route=%2Fwp%2Fv2%2Ftags&post=155"}],"curies":[{"name":"wp","href":"https:\/\/api.w.org\/{rel}","templated":true}]}}