{"id":158,"date":"2014-02-20T19:56:04","date_gmt":"2014-02-20T18:56:04","guid":{"rendered":"http:\/\/www.volen.pl\/?p=158"},"modified":"2014-02-20T19:56:04","modified_gmt":"2014-02-20T18:56:04","slug":"polacy","status":"publish","type":"post","link":"https:\/\/www.volen.pl\/?p=158","title":{"rendered":"polacy"},"content":{"rendered":"<p>Polacy maj\u0105 sk\u0142onno\u015b\u0107 do pocieszania si\u0119 za pomoc\u0105 pseudomasochistycznej autoironii, kt\u00f3ra jest niczym innym jak zakamuflowanym u\u017calaniem si\u0119 nad sob\u0105.<\/p>\n<p>S\u0142awomir Mro\u017cek w li\u015bcie do Gunnara Brandella, Chiavari, 18 czerwca 1963<\/p>\n","protected":false},"excerpt":{"rendered":"<p>Polacy maj\u0105 sk\u0142onno\u015b\u0107 do pocieszania si\u0119 za pomoc\u0105 pseudomasochistycznej autoironii, kt\u00f3ra jest niczym innym jak&#8230;<\/p>\n<div class=\"more-link-wrapper\"><a class=\"more-link\" href=\"https:\/\/www.volen.pl\/?p=158\">Read the post<span class=\"screen-reader-text\">polacy<\/span><\/a><\/div>\n","protected":false},"author":1,"featured_media":0,"comment_status":"closed","ping_status":"closed","sticky":false,"template":"","format":"standard","meta":{"_crdt_document":"","jetpack_post_was_ever_published":false,"_jetpack_newsletter_access":"","_jetpack_dont_email_post_to_subs":false,"_jetpack_newsletter_tier_id":0,"_jetpack_memberships_contains_paywalled_content":false,"_jetpack_memberships_contains_paid_content":false,"footnotes":"","jetpack_publicize_message":"","jetpack_publicize_feature_enabled":true,"jetpack_social_post_already_shared":true,"jetpack_social_options":{"image_generator_settings":{"template":"highway","default_image_id":0,"font":"","enabled":false},"version":2}},"categories":[17],"tags":[20,24,23,39,40],"class_list":["post-158","post","type-post","status-publish","format-standard","hentry","category-cytaty","tag-cytat","tag-ludzie","tag-mrozek","tag-niepajacuj","tag-polacy","excerpt","zoom","full-without-featured","even","excerpt-0"],"jetpack_publicize_connections":[],"jetpack_featured_media_url":"","jetpack_shortlink":"https:\/\/wp.me\/s4lAri-polacy","jetpack_sharing_enabled":true,"jetpack-related-posts":[{"id":128,"url":"https:\/\/www.volen.pl\/?p=128","url_meta":{"origin":158,"position":0},"title":"cz\u0142owiek","author":"volen","date":"2014-02-20","format":false,"excerpt":"A ludzi na \u015bwiecie ile, Jezu kochany, a ka\u017cdy tylko ma swoje my\u015bli o sobie, a jakby strzeli\u0142 drugiego w pysk, jakby si\u0119 obwo\u0142a\u0142 g\u0142\u00f3wnodowodz\u0105cym wojsk wszech\u015bwiata i zast\u0119p\u00f3w niebieskich, cud, \u017ce wszystko trwa w jakiej takiej r\u00f3wnowadze, \u017ce dzie\u0144 mija i tylko pewna ilo\u015b\u0107 os\u00f3b zosta\u0142a zabita lub skopana,\u2026","rel":"","context":"W \u201ez\u0142ote g\u0142oski&quot;","block_context":{"text":"z\u0142ote g\u0142oski","link":"https:\/\/www.volen.pl\/?cat=17"},"img":{"alt_text":"","src":"","width":0,"height":0},"classes":[]},{"id":153,"url":"https:\/\/www.volen.pl\/?p=153","url_meta":{"origin":158,"position":1},"title":"nic","author":"volen","date":"2014-02-20","format":false,"excerpt":"Co\u015b si\u0119 zbli\u017ca i mo\u017ce to lepsze, ni\u017c gdyby mia\u0142o zbli\u017ca\u0107 si\u0119 nic. z listu S\u0142awomira Mro\u017cka do Stanis\u0142awa Lema, Chiavari, 12 listopada 1967r","rel":"","context":"W \u201ez\u0142ote g\u0142oski&quot;","block_context":{"text":"z\u0142ote g\u0142oski","link":"https:\/\/www.volen.pl\/?cat=17"},"img":{"alt_text":"","src":"","width":0,"height":0},"classes":[]},{"id":130,"url":"https:\/\/www.volen.pl\/?p=130","url_meta":{"origin":158,"position":2},"title":"g\u0142upota","author":"volen","date":"2014-02-20","format":false,"excerpt":"Mo\u017ce to i prawda, \u017ce Pan B\u00f3g stworzy\u0142 cz\u0142owieka, ale je\u017celi tak, to na pewno nasra\u0142 mu przy tym do g\u0142owy, bo patrz\u0105c na siebie i bli\u017anich, ju\u017c innego wyt\u0142umaczenia tej agresywnej g\u0142upoty nie widz\u0119. S\u0142awomir Mro\u017cek z listu do Stanis\u0142awa Lema 26 sierpnia 1962r","rel":"","context":"W \u201ez\u0142ote g\u0142oski&quot;","block_context":{"text":"z\u0142ote g\u0142oski","link":"https:\/\/www.volen.pl\/?cat=17"},"img":{"alt_text":"","src":"","width":0,"height":0},"classes":[]},{"id":138,"url":"https:\/\/www.volen.pl\/?p=138","url_meta":{"origin":158,"position":3},"title":"zaufanie","author":"volen","date":"2014-02-20","format":false,"excerpt":"...bo tylko zaufanie jest po\u017cywne, tylko z zaufania co\u015b da si\u0119 zbudowa\u0107, a niezaufanie to tylko destrukcja i zniszczenie, rozbijacka robota, a co tu jeszcze, na lito\u015b\u0107 bosk\u0105, mo\u017cna rozbi\u0107 na tych ruinach, kt\u00f3re nas otaczaj\u0105? Z listu Mro\u017cka do Lema, Chiavari, 20 pa\u017adziernika 1964r","rel":"","context":"W \u201ez\u0142ote g\u0142oski&quot;","block_context":{"text":"z\u0142ote g\u0142oski","link":"https:\/\/www.volen.pl\/?cat=17"},"img":{"alt_text":"","src":"","width":0,"height":0},"classes":[]},{"id":142,"url":"https:\/\/www.volen.pl\/?p=142","url_meta":{"origin":158,"position":4},"title":"racja","author":"volen","date":"2014-02-20","format":false,"excerpt":"Normalnie je\u017celi dwaj r\u00f3\u017cni\u0105 si\u0119 tak od siebie zdaniami na jeden temat, powstaje niejasne i nieprzyjemne podejrzenie u ka\u017cdego z osobna, \u017ce ten drugi jest irytuj\u0105cym debilem, poniewa\u017c, mimo ca\u0142ej szko\u0142y i teorii relatywno\u015bci, istnieje w nas r\u00f3wnie niejasne i g\u0142uche przekonanie, \u017ce racja jest tylko jedna i \u017ce to\u2026","rel":"","context":"W \u201ez\u0142ote g\u0142oski&quot;","block_context":{"text":"z\u0142ote g\u0142oski","link":"https:\/\/www.volen.pl\/?cat=17"},"img":{"alt_text":"","src":"","width":0,"height":0},"classes":[]},{"id":144,"url":"https:\/\/www.volen.pl\/?p=144","url_meta":{"origin":158,"position":5},"title":"zrozumienie","author":"volen","date":"2014-02-20","format":false,"excerpt":"I naprawd\u0119, kiedy ogl\u0105dam bajeczne rozk\u0142ad\u00f3wki na kredowym papierze zup konkuruj\u0105cych ze soba, kiedy najwa\u017cniejszym problemem czlowieka w Europie jest, aby obe\u017cre\u0107 si\u0119 jak \u015bwinia, ale \u017ceby przy tym nie uty\u0107, kiedy nami\u0119tnie mi szepcz\u0105 w ucho, \u017ce powinienem tylko nabywa\u0107, kupowa\u0107 i rozrywa\u0107 si\u0119, to budzi si\u0119 we mnie\u2026","rel":"","context":"W \u201ez\u0142ote g\u0142oski&quot;","block_context":{"text":"z\u0142ote g\u0142oski","link":"https:\/\/www.volen.pl\/?cat=17"},"img":{"alt_text":"","src":"","width":0,"height":0},"classes":[]}],"_links":{"self":[{"href":"https:\/\/www.volen.pl\/index.php?rest_route=\/wp\/v2\/posts\/158","targetHints":{"allow":["GET"]}}],"collection":[{"href":"https:\/\/www.volen.pl\/index.php?rest_route=\/wp\/v2\/posts"}],"about":[{"href":"https:\/\/www.volen.pl\/index.php?rest_route=\/wp\/v2\/types\/post"}],"author":[{"embeddable":true,"href":"https:\/\/www.volen.pl\/index.php?rest_route=\/wp\/v2\/users\/1"}],"replies":[{"embeddable":true,"href":"https:\/\/www.volen.pl\/index.php?rest_route=%2Fwp%2Fv2%2Fcomments&post=158"}],"version-history":[{"count":1,"href":"https:\/\/www.volen.pl\/index.php?rest_route=\/wp\/v2\/posts\/158\/revisions"}],"predecessor-version":[{"id":159,"href":"https:\/\/www.volen.pl\/index.php?rest_route=\/wp\/v2\/posts\/158\/revisions\/159"}],"wp:attachment":[{"href":"https:\/\/www.volen.pl\/index.php?rest_route=%2Fwp%2Fv2%2Fmedia&parent=158"}],"wp:term":[{"taxonomy":"category","embeddable":true,"href":"https:\/\/www.volen.pl\/index.php?rest_route=%2Fwp%2Fv2%2Fcategories&post=158"},{"taxonomy":"post_tag","embeddable":true,"href":"https:\/\/www.volen.pl\/index.php?rest_route=%2Fwp%2Fv2%2Ftags&post=158"}],"curies":[{"name":"wp","href":"https:\/\/api.w.org\/{rel}","templated":true}]}}