{"id":160,"date":"2014-02-20T19:58:44","date_gmt":"2014-02-20T18:58:44","guid":{"rendered":"http:\/\/www.volen.pl\/?p=160"},"modified":"2014-02-20T19:58:44","modified_gmt":"2014-02-20T18:58:44","slug":"15-minut-i-relatywizm-czasoprzestrzenny","status":"publish","type":"post","link":"https:\/\/www.volen.pl\/?p=160","title":{"rendered":"15 minut i relatywizm czasoprzestrzenny"},"content":{"rendered":"<p>Najwi\u0119kszy k\u0142opot z 15-to minutow\u0105 drzemk\u0105 popo\u0142udniow\u0105 to fakt, i\u017c trwa najcz\u0119\u015bciej 1,5 godziny. Ca\u0142e popo\u0142udnie w\u00f3wczas gdzie\u015b wycieka i robi si\u0119 z niego wczesny wiecz\u00f3r.<\/p>\n","protected":false},"excerpt":{"rendered":"<p>Najwi\u0119kszy k\u0142opot z 15-to minutow\u0105 drzemk\u0105 popo\u0142udniow\u0105 to fakt, i\u017c trwa najcz\u0119\u015bciej 1,5 godziny. Ca\u0142e&#8230;<\/p>\n<div class=\"more-link-wrapper\"><a class=\"more-link\" href=\"https:\/\/www.volen.pl\/?p=160\">Read the post<span class=\"screen-reader-text\">15 minut i relatywizm czasoprzestrzenny<\/span><\/a><\/div>\n","protected":false},"author":1,"featured_media":0,"comment_status":"closed","ping_status":"closed","sticky":false,"template":"","format":"standard","meta":{"_crdt_document":"","jetpack_post_was_ever_published":false,"_jetpack_newsletter_access":"","_jetpack_dont_email_post_to_subs":false,"_jetpack_newsletter_tier_id":0,"_jetpack_memberships_contains_paywalled_content":false,"_jetpack_memberships_contains_paid_content":false,"footnotes":"","jetpack_publicize_message":"","jetpack_publicize_feature_enabled":true,"jetpack_social_post_already_shared":true,"jetpack_social_options":{"image_generator_settings":{"template":"highway","default_image_id":0,"font":"","enabled":false},"version":2}},"categories":[2],"tags":[41,42],"class_list":["post-160","post","type-post","status-publish","format-standard","hentry","category-filozofia-uliczna","tag-czas","tag-drzemka","excerpt","zoom","full-without-featured","even","excerpt-0"],"jetpack_publicize_connections":[],"jetpack_featured_media_url":"","jetpack_shortlink":"https:\/\/wp.me\/p4lAri-2A","jetpack_sharing_enabled":true,"jetpack-related-posts":[{"id":195,"url":"https:\/\/www.volen.pl\/?p=195","url_meta":{"origin":160,"position":0},"title":"Oczi cziorne","author":"volen","date":"2013-08-24","format":false,"excerpt":"Gospodyni wci\u0105\u017c staje na wysoko\u015bci zadania, robi\u0105c nam co rano pyszn\u0105 domow\u0105 fusiar\u0119. O godzinie 8.00 z regularno\u015bci\u0105 Polskich Kolei Pa\u0144stwowych w\u0142azi na g\u00f3r\u0119 i puka delikatnie do drzwi, a jej pojawienie si\u0119 zwiastuje zapach kawy.Sobota. Imieniny kota. Zupe\u0142nie leniwy dzie\u0144: dzia\u0142o si\u0119 ma\u0142o, ale bardzo intensywnie. Nie b\u0119dziemy zachwyca\u0107\u2026","rel":"","context":"W \u201eMontenegro 2013&quot;","block_context":{"text":"Montenegro 2013","link":"https:\/\/www.volen.pl\/?cat=134"},"img":{"alt_text":"","src":"","width":0,"height":0},"classes":[]},{"id":3355,"url":"https:\/\/www.volen.pl\/?p=3355","url_meta":{"origin":160,"position":1},"title":"Antypanda","author":"volen","date":"2023-07-02","format":false,"excerpt":"Postanowili\u015bmy zosta\u0107 i odpocz\u0105\u0107 i nacieszy\u0107 si\u0119 nadchodz\u0105cym zgie\u0142kiem pocz\u0105tku sezonu.Zostali\u015bmy ca\u0142y czwartek, w nocy obudzi\u0142a nas sroga impreza gdzie\u015b na wzg\u00f3rzach okalaj\u0105cych Skorpilovtchi, a potem w pi\u0105tek co\u015b chcieli\u015bmy zrobi\u0107, ju\u017c nie pami\u0119tam, co, i okaza\u0142o si\u0119, \u017ce autko nam zasn\u0119\u0142o snem wiekuistym. Nie reaguje na kluczyk, g\u0142askanie, sapanie,\u2026","rel":"","context":"W \u201epo byku&quot;","block_context":{"text":"po byku","link":"https:\/\/www.volen.pl\/?cat=474"},"img":{"alt_text":"","src":"https:\/\/i0.wp.com\/www.volen.pl\/wp-content\/uploads\/2023\/07\/IMG_20230701_162213.jpg?fit=1200%2C900&ssl=1&resize=350%2C200","width":350,"height":200,"srcset":"https:\/\/i0.wp.com\/www.volen.pl\/wp-content\/uploads\/2023\/07\/IMG_20230701_162213.jpg?fit=1200%2C900&ssl=1&resize=350%2C200 1x, https:\/\/i0.wp.com\/www.volen.pl\/wp-content\/uploads\/2023\/07\/IMG_20230701_162213.jpg?fit=1200%2C900&ssl=1&resize=525%2C300 1.5x, https:\/\/i0.wp.com\/www.volen.pl\/wp-content\/uploads\/2023\/07\/IMG_20230701_162213.jpg?fit=1200%2C900&ssl=1&resize=700%2C400 2x, https:\/\/i0.wp.com\/www.volen.pl\/wp-content\/uploads\/2023\/07\/IMG_20230701_162213.jpg?fit=1200%2C900&ssl=1&resize=1050%2C600 3x"},"classes":[]},{"id":680,"url":"https:\/\/www.volen.pl\/?p=680","url_meta":{"origin":160,"position":2},"title":"toro muerte czyli lamy, alpaki i wikunie","author":"volen","date":"2014-10-19","format":false,"excerpt":"Zaraz z rana, gdzie\u015b ko\u0142o 7-mej czasu lokalnego, wstali\u015bmy z wyrka i poszli\u015bmy na poszukiwania \u015bniadania. Hostel nasz, Boulevard, takie \u015bniadania w standardzie posiada, wi\u0119c poprosili\u015bmy dla pewno\u015bci dodatkowo o kaw\u0119. Co ciekawe, dostali\u015bmy do zjedzenia bu\u0142k\u0119 z jajkiem, co zrozumia\u0142ej satysfakcji nam dostarczy\u0142o, gdy\u017c mogli\u015bmy zab\u0142ysn\u0105\u0107 nowo poznanym s\u0142\u00f3wkiem\u2026","rel":"","context":"W \u201ea la conquista de Am\u00e9rica&quot;","block_context":{"text":"a la conquista de Am\u00e9rica","link":"https:\/\/www.volen.pl\/?cat=138"},"img":{"alt_text":"","src":"https:\/\/i0.wp.com\/www.volen.pl\/wp-content\/uploads\/2014\/10\/DSC9826_01.jpg?fit=1200%2C795&ssl=1&resize=350%2C200","width":350,"height":200,"srcset":"https:\/\/i0.wp.com\/www.volen.pl\/wp-content\/uploads\/2014\/10\/DSC9826_01.jpg?fit=1200%2C795&ssl=1&resize=350%2C200 1x, https:\/\/i0.wp.com\/www.volen.pl\/wp-content\/uploads\/2014\/10\/DSC9826_01.jpg?fit=1200%2C795&ssl=1&resize=525%2C300 1.5x, https:\/\/i0.wp.com\/www.volen.pl\/wp-content\/uploads\/2014\/10\/DSC9826_01.jpg?fit=1200%2C795&ssl=1&resize=700%2C400 2x, https:\/\/i0.wp.com\/www.volen.pl\/wp-content\/uploads\/2014\/10\/DSC9826_01.jpg?fit=1200%2C795&ssl=1&resize=1050%2C600 3x"},"classes":[]},{"id":3747,"url":"https:\/\/www.volen.pl\/?p=3747","url_meta":{"origin":160,"position":3},"title":"rumu\u0144skie lisy","author":"volen","date":"2024-10-20","format":false,"excerpt":"\u015aniadanie zjad\u0142em w towarzystwie ch\u0142opca, nazwijmy go Kub\u0105, kt\u00f3ry r\u00f3wnie\u017c przemierza GSB. Opowiedzia\u0142 mi on histori\u0119 swojego znajomego: Ot\u00f3\u017c \u00f3w znajomy postanowi\u0142 pojecha\u0107 z dziewczyn\u0105 do Rumunii pod namioty. Wszystko przebiega\u0142o super i zgodnie z planem, trekking udawa\u0142 si\u0119 znakomicie, Rumunia by\u0142a pi\u0119kna i powabna, obydwoje chodzili sobie do\u015b\u0107 intensywnie\u2026","rel":"","context":"W \u201eGSB&quot;","block_context":{"text":"GSB","link":"https:\/\/www.volen.pl\/?cat=457"},"img":{"alt_text":"","src":"https:\/\/i0.wp.com\/www.volen.pl\/wp-content\/uploads\/2025\/05\/IMG_20241019_163429.jpg?fit=1200%2C900&ssl=1&resize=350%2C200","width":350,"height":200,"srcset":"https:\/\/i0.wp.com\/www.volen.pl\/wp-content\/uploads\/2025\/05\/IMG_20241019_163429.jpg?fit=1200%2C900&ssl=1&resize=350%2C200 1x, https:\/\/i0.wp.com\/www.volen.pl\/wp-content\/uploads\/2025\/05\/IMG_20241019_163429.jpg?fit=1200%2C900&ssl=1&resize=525%2C300 1.5x, https:\/\/i0.wp.com\/www.volen.pl\/wp-content\/uploads\/2025\/05\/IMG_20241019_163429.jpg?fit=1200%2C900&ssl=1&resize=700%2C400 2x, https:\/\/i0.wp.com\/www.volen.pl\/wp-content\/uploads\/2025\/05\/IMG_20241019_163429.jpg?fit=1200%2C900&ssl=1&resize=1050%2C600 3x"},"classes":[]},{"id":816,"url":"https:\/\/www.volen.pl\/?p=816","url_meta":{"origin":160,"position":4},"title":"Chachani, Misti, Pikchu Pikchu","author":"volen","date":"2014-10-26","format":false,"excerpt":"Po ci\u0119\u017ckiej nocy wsta\u0142 ci\u0119\u017cki poranek. Wyt\u0142umaczy\u0142em Kotu, co i jak, a tak\u017ce zarz\u0105dzi\u0142em zmian\u0119 plan\u00f3w z przejazdu autobusem na przelot samolotem do Ica, ale summa summarum nic z tego nie wysz\u0142o, o czym p\u00f3\u017aniej jeszcze dwa s\u0142owa napomkn\u0119. Kot przera\u017cony logik\u0105 moich argument\u00f3w nie do podwa\u017cenia, \u015bniadanie - niech\u2026","rel":"","context":"W \u201ea la conquista de Am\u00e9rica&quot;","block_context":{"text":"a la conquista de Am\u00e9rica","link":"https:\/\/www.volen.pl\/?cat=138"},"img":{"alt_text":"","src":"https:\/\/i0.wp.com\/www.volen.pl\/wp-content\/uploads\/2014\/11\/ikona-_DSC0643-2.jpg?fit=1200%2C795&ssl=1&resize=350%2C200","width":350,"height":200,"srcset":"https:\/\/i0.wp.com\/www.volen.pl\/wp-content\/uploads\/2014\/11\/ikona-_DSC0643-2.jpg?fit=1200%2C795&ssl=1&resize=350%2C200 1x, https:\/\/i0.wp.com\/www.volen.pl\/wp-content\/uploads\/2014\/11\/ikona-_DSC0643-2.jpg?fit=1200%2C795&ssl=1&resize=525%2C300 1.5x, https:\/\/i0.wp.com\/www.volen.pl\/wp-content\/uploads\/2014\/11\/ikona-_DSC0643-2.jpg?fit=1200%2C795&ssl=1&resize=700%2C400 2x, https:\/\/i0.wp.com\/www.volen.pl\/wp-content\/uploads\/2014\/11\/ikona-_DSC0643-2.jpg?fit=1200%2C795&ssl=1&resize=1050%2C600 3x"},"classes":[]},{"id":3366,"url":"https:\/\/www.volen.pl\/?p=3366","url_meta":{"origin":160,"position":5},"title":"Vulcani a sprawa polska","author":"volen","date":"2023-07-03","format":false,"excerpt":"Pisz\u0119 w kolejno\u015bci chronologicznej. Zaraz z samego rana przysz\u0142a do nas czarno-bia\u0142a kicia. Dosta\u0142a par\u0119 smako\u0142yk\u00f3w i po\u0142o\u017cy\u0142a si\u0119 w cieniu namiotu. Przyszed\u0142 te\u017c starszy pan o imieniu Gunter, niesamowicie sympatyczny. Urodzi\u0142 si\u0119 w \u017bninie, za\u015b 3 lata p\u00f3\u017aniej rodzice uciekli wraz z nim przed bolszewikami do Niemiec. Zna troch\u0119\u2026","rel":"","context":"W \u201epo byku&quot;","block_context":{"text":"po byku","link":"https:\/\/www.volen.pl\/?cat=474"},"img":{"alt_text":"","src":"https:\/\/i0.wp.com\/www.volen.pl\/wp-content\/uploads\/2023\/07\/IMG_20230703_123750.jpg?fit=1200%2C900&ssl=1&resize=350%2C200","width":350,"height":200,"srcset":"https:\/\/i0.wp.com\/www.volen.pl\/wp-content\/uploads\/2023\/07\/IMG_20230703_123750.jpg?fit=1200%2C900&ssl=1&resize=350%2C200 1x, https:\/\/i0.wp.com\/www.volen.pl\/wp-content\/uploads\/2023\/07\/IMG_20230703_123750.jpg?fit=1200%2C900&ssl=1&resize=525%2C300 1.5x, https:\/\/i0.wp.com\/www.volen.pl\/wp-content\/uploads\/2023\/07\/IMG_20230703_123750.jpg?fit=1200%2C900&ssl=1&resize=700%2C400 2x, https:\/\/i0.wp.com\/www.volen.pl\/wp-content\/uploads\/2023\/07\/IMG_20230703_123750.jpg?fit=1200%2C900&ssl=1&resize=1050%2C600 3x"},"classes":[]}],"_links":{"self":[{"href":"https:\/\/www.volen.pl\/index.php?rest_route=\/wp\/v2\/posts\/160","targetHints":{"allow":["GET"]}}],"collection":[{"href":"https:\/\/www.volen.pl\/index.php?rest_route=\/wp\/v2\/posts"}],"about":[{"href":"https:\/\/www.volen.pl\/index.php?rest_route=\/wp\/v2\/types\/post"}],"author":[{"embeddable":true,"href":"https:\/\/www.volen.pl\/index.php?rest_route=\/wp\/v2\/users\/1"}],"replies":[{"embeddable":true,"href":"https:\/\/www.volen.pl\/index.php?rest_route=%2Fwp%2Fv2%2Fcomments&post=160"}],"version-history":[{"count":1,"href":"https:\/\/www.volen.pl\/index.php?rest_route=\/wp\/v2\/posts\/160\/revisions"}],"predecessor-version":[{"id":161,"href":"https:\/\/www.volen.pl\/index.php?rest_route=\/wp\/v2\/posts\/160\/revisions\/161"}],"wp:attachment":[{"href":"https:\/\/www.volen.pl\/index.php?rest_route=%2Fwp%2Fv2%2Fmedia&parent=160"}],"wp:term":[{"taxonomy":"category","embeddable":true,"href":"https:\/\/www.volen.pl\/index.php?rest_route=%2Fwp%2Fv2%2Fcategories&post=160"},{"taxonomy":"post_tag","embeddable":true,"href":"https:\/\/www.volen.pl\/index.php?rest_route=%2Fwp%2Fv2%2Ftags&post=160"}],"curies":[{"name":"wp","href":"https:\/\/api.w.org\/{rel}","templated":true}]}}