{"id":1797,"date":"2016-03-07T23:48:07","date_gmt":"2016-03-07T22:48:07","guid":{"rendered":"http:\/\/www.volen.pl\/?p=1797"},"modified":"2016-03-07T23:56:40","modified_gmt":"2016-03-07T22:56:40","slug":"zycie-przemijanie-nostalgia","status":"publish","type":"post","link":"https:\/\/www.volen.pl\/?p=1797","title":{"rendered":"\u017bycie, przemijanie, nostalgia"},"content":{"rendered":"<p>(&#8230;) ale powoli tamten \u015bwiat zaciera\u0142 si\u0119, przestawa\u0142 istnie\u0107. Bo \u015bwiat, w rzeczy samej, nie zosta\u0142 na dany &#8211; raz, kiedy\u015b &#8211; ale wci\u0105\u017c, nieprzerwanie, staje si\u0119, w naszej obecno\u015bci. Przesz\u0142o\u015b\u0107, z biegiem czasu, obumiera, jak nasza pami\u0119\u0107, albo jeszcze wcze\u015bniej, a miejsce, w kt\u00f3rym byli\u015bmy przedwczoraj, przestaje istnie\u0107 tak samo, jak nie istniej\u0105 dla nas miejsca, w kt\u00f3rych nigdy nie b\u0119dziemy.<\/p>\n<p>&#8211; Mariusz Wilk, Wilczy notes<\/p>\n","protected":false},"excerpt":{"rendered":"<p>(&#8230;) ale powoli tamten \u015bwiat zaciera\u0142 si\u0119, przestawa\u0142 istnie\u0107. Bo \u015bwiat, w rzeczy samej, nie&#8230;<\/p>\n<div class=\"more-link-wrapper\"><a class=\"more-link\" href=\"https:\/\/www.volen.pl\/?p=1797\">Read the post<span class=\"screen-reader-text\">\u017bycie, przemijanie, nostalgia<\/span><\/a><\/div>\n","protected":false},"author":1,"featured_media":0,"comment_status":"closed","ping_status":"closed","sticky":false,"template":"","format":"standard","meta":{"_crdt_document":"","jetpack_post_was_ever_published":false,"_jetpack_newsletter_access":"","_jetpack_dont_email_post_to_subs":false,"_jetpack_newsletter_tier_id":0,"_jetpack_memberships_contains_paywalled_content":false,"_jetpack_memberships_contains_paid_content":false,"footnotes":"","jetpack_publicize_message":"\u017bycie, przemijanie, nostalgia","jetpack_publicize_feature_enabled":true,"jetpack_social_post_already_shared":true,"jetpack_social_options":{"image_generator_settings":{"template":"highway","default_image_id":0,"font":"","enabled":false},"version":2}},"categories":[17],"tags":[242,241,22,239,240],"class_list":["post-1797","post","type-post","status-publish","format-standard","hentry","category-cytaty","tag-nostalgia","tag-przemijanie","tag-swiat","tag-wilk","tag-zycie","excerpt","zoom","full-without-featured","even","excerpt-0"],"jetpack_publicize_connections":[],"jetpack_featured_media_url":"","jetpack_shortlink":"https:\/\/wp.me\/p4lAri-sZ","jetpack_sharing_enabled":true,"jetpack-related-posts":[{"id":239,"url":"https:\/\/www.volen.pl\/?p=239","url_meta":{"origin":1797,"position":0},"title":"Tbilisi","author":"volen","date":"2012-10-04","format":false,"excerpt":"Po niezwykle m\u0119cz\u0105cym locie wpadli\u015bmy nad ranem, ok. 4.30 na tbilisia\u0144skie lotnisko. Wbrew hiobowym, apokaliptycznym przepowiedniom, taks\u00f3wkarz nas nie okrad\u0142, nie zabi\u0142, tylko zawi\u00f3z\u0142 ulic\u0105 Lecha Kaczy\u0144skiego do bardzo fajnej miejsc\u00f3wki, roboczo przez niego nazwanej \u201cnasrane turistow\u201d (chodzi o restauracj\u0119 fon. \u2018maczahela\u2019) i poparte na migi o\u015bwiadczeniem o jej ca\u0142odobowej\u2026","rel":"","context":"W \u201e7000km - 2012&quot;","block_context":{"text":"7000km - 2012","link":"https:\/\/www.volen.pl\/?cat=135"},"img":{"alt_text":"","src":"https:\/\/i0.wp.com\/www.volen.pl\/wp-content\/uploads\/2016\/01\/DSC_6202s.jpg?fit=1200%2C795&ssl=1&resize=350%2C200","width":350,"height":200,"srcset":"https:\/\/i0.wp.com\/www.volen.pl\/wp-content\/uploads\/2016\/01\/DSC_6202s.jpg?fit=1200%2C795&ssl=1&resize=350%2C200 1x, https:\/\/i0.wp.com\/www.volen.pl\/wp-content\/uploads\/2016\/01\/DSC_6202s.jpg?fit=1200%2C795&ssl=1&resize=525%2C300 1.5x, https:\/\/i0.wp.com\/www.volen.pl\/wp-content\/uploads\/2016\/01\/DSC_6202s.jpg?fit=1200%2C795&ssl=1&resize=700%2C400 2x, https:\/\/i0.wp.com\/www.volen.pl\/wp-content\/uploads\/2016\/01\/DSC_6202s.jpg?fit=1200%2C795&ssl=1&resize=1050%2C600 3x"},"classes":[]},{"id":144,"url":"https:\/\/www.volen.pl\/?p=144","url_meta":{"origin":1797,"position":1},"title":"zrozumienie","author":"volen","date":"2014-02-20","format":false,"excerpt":"I naprawd\u0119, kiedy ogl\u0105dam bajeczne rozk\u0142ad\u00f3wki na kredowym papierze zup konkuruj\u0105cych ze soba, kiedy najwa\u017cniejszym problemem czlowieka w Europie jest, aby obe\u017cre\u0107 si\u0119 jak \u015bwinia, ale \u017ceby przy tym nie uty\u0107, kiedy nami\u0119tnie mi szepcz\u0105 w ucho, \u017ce powinienem tylko nabywa\u0107, kupowa\u0107 i rozrywa\u0107 si\u0119, to budzi si\u0119 we mnie\u2026","rel":"","context":"W \u201ez\u0142ote g\u0142oski&quot;","block_context":{"text":"z\u0142ote g\u0142oski","link":"https:\/\/www.volen.pl\/?cat=17"},"img":{"alt_text":"","src":"","width":0,"height":0},"classes":[]},{"id":140,"url":"https:\/\/www.volen.pl\/?p=140","url_meta":{"origin":1797,"position":2},"title":"krzyk","author":"volen","date":"2014-02-20","format":false,"excerpt":"Nikt ju\u017c nikogo prawie nie s\u0142yszy, chocia\u017c wszyscy krzycz\u0105, wi\u0119c ka\u017cdy krzyczy coraz g\u0142o\u015bniej, \u017ceby by\u0107 us\u0142yszanym, co powi\u0119ksza tylko ha\u0142as i coraz bardziej uniemo\u017cliwia porozumienie. A w dodatku wszyscy nie tylko krzycz\u0105, ale i p\u0119dz\u0105, krzycz\u0105c. Oczywi\u015bcie nie maj\u0105 poj\u0119cia dok\u0105d, tak samo jak coraz mniejsze ma znaczenie, co\u2026","rel":"","context":"W \u201ez\u0142ote g\u0142oski&quot;","block_context":{"text":"z\u0142ote g\u0142oski","link":"https:\/\/www.volen.pl\/?cat=17"},"img":{"alt_text":"","src":"","width":0,"height":0},"classes":[]},{"id":3591,"url":"https:\/\/www.volen.pl\/?p=3591","url_meta":{"origin":1797,"position":3},"title":"Paluszek i g\u0142\u00f3wka","author":"volen","date":"2024-09-19","format":false,"excerpt":"Na dobry pocz\u0105tek spu\u015bci\u0142em sobie z rana na du\u017cy palec u nogi kawa\u0142ek, wydawa\u0142oby si\u0119, niewielkiej p\u0142yty pil\u015bniowej. Do wieczora palec zgranatowia\u0142 i boli jak cholera. Wsiad\u0142em w poci\u0105g relacji Gdynia G\u0142\u00f3wna - Krynica-Zdr\u00f3j o 19tej, taki wagonik bydl\u0119cy, bez przedzia\u0142\u00f3w, fotele sztywne, jarzeni\u00f3wka ca\u0142\u0105 noc na pe\u0142n\u0105 par\u0119, nie\u2026","rel":"","context":"W \u201eGSB&quot;","block_context":{"text":"GSB","link":"https:\/\/www.volen.pl\/?cat=457"},"img":{"alt_text":"","src":"https:\/\/i0.wp.com\/www.volen.pl\/wp-content\/uploads\/2025\/01\/OW_IMG_20240919_145008-scaled.jpg?fit=1200%2C900&ssl=1&resize=350%2C200","width":350,"height":200,"srcset":"https:\/\/i0.wp.com\/www.volen.pl\/wp-content\/uploads\/2025\/01\/OW_IMG_20240919_145008-scaled.jpg?fit=1200%2C900&ssl=1&resize=350%2C200 1x, https:\/\/i0.wp.com\/www.volen.pl\/wp-content\/uploads\/2025\/01\/OW_IMG_20240919_145008-scaled.jpg?fit=1200%2C900&ssl=1&resize=525%2C300 1.5x, https:\/\/i0.wp.com\/www.volen.pl\/wp-content\/uploads\/2025\/01\/OW_IMG_20240919_145008-scaled.jpg?fit=1200%2C900&ssl=1&resize=700%2C400 2x, https:\/\/i0.wp.com\/www.volen.pl\/wp-content\/uploads\/2025\/01\/OW_IMG_20240919_145008-scaled.jpg?fit=1200%2C900&ssl=1&resize=1050%2C600 3x"},"classes":[]},{"id":3527,"url":"https:\/\/www.volen.pl\/?p=3527","url_meta":{"origin":1797,"position":4},"title":"Ma g\u00f3ra, Magura","author":"volen","date":"2024-01-20","format":false,"excerpt":"Wsiedli\u015bmy z Danielem w jego czarn\u0105 limuzyn\u0119 i pognali\u015bmy w K\u0105ty z wielkim postanowieniem. Postanowienie to dotyczy\u0142o, oczywi\u015bcie, szlaku czerwonego i by\u0142o wielkie, ogromne, szumne, niezaprzeczalne i patriotyczne w brzmieniu. Po nic nie wnosz\u0105cej do historii podr\u00f3\u017cy przez ca\u0142\u0105 Polsk\u0119 dojechali\u015bmy gdzie\u015b w okolice Nowego \u017bmigrodu, gdzie wkopa\u0142em autko w\u2026","rel":"","context":"W \u201eGSB&quot;","block_context":{"text":"GSB","link":"https:\/\/www.volen.pl\/?cat=457"},"img":{"alt_text":"","src":"https:\/\/i0.wp.com\/www.volen.pl\/wp-content\/uploads\/2024\/09\/p_IMG_20240118_122643-scaled.jpg?fit=1200%2C900&ssl=1&resize=350%2C200","width":350,"height":200,"srcset":"https:\/\/i0.wp.com\/www.volen.pl\/wp-content\/uploads\/2024\/09\/p_IMG_20240118_122643-scaled.jpg?fit=1200%2C900&ssl=1&resize=350%2C200 1x, https:\/\/i0.wp.com\/www.volen.pl\/wp-content\/uploads\/2024\/09\/p_IMG_20240118_122643-scaled.jpg?fit=1200%2C900&ssl=1&resize=525%2C300 1.5x, https:\/\/i0.wp.com\/www.volen.pl\/wp-content\/uploads\/2024\/09\/p_IMG_20240118_122643-scaled.jpg?fit=1200%2C900&ssl=1&resize=700%2C400 2x, https:\/\/i0.wp.com\/www.volen.pl\/wp-content\/uploads\/2024\/09\/p_IMG_20240118_122643-scaled.jpg?fit=1200%2C900&ssl=1&resize=1050%2C600 3x"},"classes":[]},{"id":2836,"url":"https:\/\/www.volen.pl\/?p=2836","url_meta":{"origin":1797,"position":5},"title":"Ulaanbaatar","author":"volen","date":"2018-07-09","format":false,"excerpt":"Po tym wszystkim U\u0142an Bator wyda\u0142 mi si\u0119 miastem jak ze snu. Co prawda obrzydliwie wr\u0119cz prowincjonalny, z widoczn\u0105 go\u0142ym okiem t\u0119sknot\u0105 za \u015bwiatem, duszny i ciasny, otoczony po\u0142o\u017conymi na wzg\u00f3rzach brudnymi slumsami i dzielnicami sypialnymi, dumny szklanymi wie\u017cowcami hoteli i dwoma irlandzkimi pubami, ale by\u0142o to tchnienie cywilizacji. Wszechogarniaj\u0105cy\u2026","rel":"","context":"W \u201enawariata&quot;","block_context":{"text":"nawariata","link":"https:\/\/www.volen.pl\/?cat=93"},"img":{"alt_text":"","src":"https:\/\/i0.wp.com\/www.volen.pl\/wp-content\/uploads\/2018\/07\/20180620_121220.jpg?fit=1200%2C600&ssl=1&resize=350%2C200","width":350,"height":200,"srcset":"https:\/\/i0.wp.com\/www.volen.pl\/wp-content\/uploads\/2018\/07\/20180620_121220.jpg?fit=1200%2C600&ssl=1&resize=350%2C200 1x, https:\/\/i0.wp.com\/www.volen.pl\/wp-content\/uploads\/2018\/07\/20180620_121220.jpg?fit=1200%2C600&ssl=1&resize=525%2C300 1.5x, https:\/\/i0.wp.com\/www.volen.pl\/wp-content\/uploads\/2018\/07\/20180620_121220.jpg?fit=1200%2C600&ssl=1&resize=700%2C400 2x, https:\/\/i0.wp.com\/www.volen.pl\/wp-content\/uploads\/2018\/07\/20180620_121220.jpg?fit=1200%2C600&ssl=1&resize=1050%2C600 3x"},"classes":[]}],"_links":{"self":[{"href":"https:\/\/www.volen.pl\/index.php?rest_route=\/wp\/v2\/posts\/1797","targetHints":{"allow":["GET"]}}],"collection":[{"href":"https:\/\/www.volen.pl\/index.php?rest_route=\/wp\/v2\/posts"}],"about":[{"href":"https:\/\/www.volen.pl\/index.php?rest_route=\/wp\/v2\/types\/post"}],"author":[{"embeddable":true,"href":"https:\/\/www.volen.pl\/index.php?rest_route=\/wp\/v2\/users\/1"}],"replies":[{"embeddable":true,"href":"https:\/\/www.volen.pl\/index.php?rest_route=%2Fwp%2Fv2%2Fcomments&post=1797"}],"version-history":[{"count":3,"href":"https:\/\/www.volen.pl\/index.php?rest_route=\/wp\/v2\/posts\/1797\/revisions"}],"predecessor-version":[{"id":1800,"href":"https:\/\/www.volen.pl\/index.php?rest_route=\/wp\/v2\/posts\/1797\/revisions\/1800"}],"wp:attachment":[{"href":"https:\/\/www.volen.pl\/index.php?rest_route=%2Fwp%2Fv2%2Fmedia&parent=1797"}],"wp:term":[{"taxonomy":"category","embeddable":true,"href":"https:\/\/www.volen.pl\/index.php?rest_route=%2Fwp%2Fv2%2Fcategories&post=1797"},{"taxonomy":"post_tag","embeddable":true,"href":"https:\/\/www.volen.pl\/index.php?rest_route=%2Fwp%2Fv2%2Ftags&post=1797"}],"curies":[{"name":"wp","href":"https:\/\/api.w.org\/{rel}","templated":true}]}}