{"id":1812,"date":"2016-07-11T04:10:17","date_gmt":"2016-07-11T02:10:17","guid":{"rendered":"http:\/\/www.volen.pl\/?p=1812"},"modified":"2016-07-11T04:10:17","modified_gmt":"2016-07-11T02:10:17","slug":"prawda","status":"publish","type":"post","link":"https:\/\/www.volen.pl\/?p=1812","title":{"rendered":"Prawda"},"content":{"rendered":"<blockquote><p>Rozum podpowiada\u0142 mu jednak, \u017ce gdy sk\u00f3r\u0119 na plecach naci\u0105\u0107 no\u017cem, po czym chwyci\u0107 kleszczami i drze\u0107 powoli w d\u00f3\u0142, prawda objawia si\u0119 r\u00f3wnie szybko, jak g\u0142o\u015bno.<\/p><\/blockquote>\n<p>Feliks W. Kres &#8222;Kr\u00f3l Bezmiar\u00f3w&#8221;<\/p>\n","protected":false},"excerpt":{"rendered":"<p>Rozum podpowiada\u0142 mu jednak, \u017ce gdy sk\u00f3r\u0119 na plecach naci\u0105\u0107 no\u017cem, po czym chwyci\u0107 kleszczami&#8230;<\/p>\n<div class=\"more-link-wrapper\"><a class=\"more-link\" href=\"https:\/\/www.volen.pl\/?p=1812\">Read the post<span class=\"screen-reader-text\">Prawda<\/span><\/a><\/div>\n","protected":false},"author":1,"featured_media":0,"comment_status":"closed","ping_status":"closed","sticky":false,"template":"","format":"standard","meta":{"_crdt_document":"","jetpack_post_was_ever_published":false,"_jetpack_newsletter_access":"","_jetpack_dont_email_post_to_subs":false,"_jetpack_newsletter_tier_id":0,"_jetpack_memberships_contains_paywalled_content":false,"_jetpack_memberships_contains_paid_content":false,"footnotes":"","jetpack_publicize_message":"","jetpack_publicize_feature_enabled":true,"jetpack_social_post_already_shared":true,"jetpack_social_options":{"image_generator_settings":{"template":"highway","default_image_id":0,"font":"","enabled":false},"version":2}},"categories":[17],"tags":[243],"class_list":["post-1812","post","type-post","status-publish","format-standard","hentry","category-cytaty","tag-prawda","excerpt","zoom","full-without-featured","even","excerpt-0"],"jetpack_publicize_connections":[],"jetpack_featured_media_url":"","jetpack_shortlink":"https:\/\/wp.me\/s4lAri-prawda","jetpack_sharing_enabled":true,"jetpack-related-posts":[{"id":2836,"url":"https:\/\/www.volen.pl\/?p=2836","url_meta":{"origin":1812,"position":0},"title":"Ulaanbaatar","author":"volen","date":"2018-07-09","format":false,"excerpt":"Po tym wszystkim U\u0142an Bator wyda\u0142 mi si\u0119 miastem jak ze snu. Co prawda obrzydliwie wr\u0119cz prowincjonalny, z widoczn\u0105 go\u0142ym okiem t\u0119sknot\u0105 za \u015bwiatem, duszny i ciasny, otoczony po\u0142o\u017conymi na wzg\u00f3rzach brudnymi slumsami i dzielnicami sypialnymi, dumny szklanymi wie\u017cowcami hoteli i dwoma irlandzkimi pubami, ale by\u0142o to tchnienie cywilizacji. Wszechogarniaj\u0105cy\u2026","rel":"","context":"W \u201enawariata&quot;","block_context":{"text":"nawariata","link":"https:\/\/www.volen.pl\/?cat=93"},"img":{"alt_text":"","src":"https:\/\/i0.wp.com\/www.volen.pl\/wp-content\/uploads\/2018\/07\/20180620_121220.jpg?fit=1200%2C600&ssl=1&resize=350%2C200","width":350,"height":200,"srcset":"https:\/\/i0.wp.com\/www.volen.pl\/wp-content\/uploads\/2018\/07\/20180620_121220.jpg?fit=1200%2C600&ssl=1&resize=350%2C200 1x, https:\/\/i0.wp.com\/www.volen.pl\/wp-content\/uploads\/2018\/07\/20180620_121220.jpg?fit=1200%2C600&ssl=1&resize=525%2C300 1.5x, https:\/\/i0.wp.com\/www.volen.pl\/wp-content\/uploads\/2018\/07\/20180620_121220.jpg?fit=1200%2C600&ssl=1&resize=700%2C400 2x, https:\/\/i0.wp.com\/www.volen.pl\/wp-content\/uploads\/2018\/07\/20180620_121220.jpg?fit=1200%2C600&ssl=1&resize=1050%2C600 3x"},"classes":[]},{"id":130,"url":"https:\/\/www.volen.pl\/?p=130","url_meta":{"origin":1812,"position":1},"title":"g\u0142upota","author":"volen","date":"2014-02-20","format":false,"excerpt":"Mo\u017ce to i prawda, \u017ce Pan B\u00f3g stworzy\u0142 cz\u0142owieka, ale je\u017celi tak, to na pewno nasra\u0142 mu przy tym do g\u0142owy, bo patrz\u0105c na siebie i bli\u017anich, ju\u017c innego wyt\u0142umaczenia tej agresywnej g\u0142upoty nie widz\u0119. S\u0142awomir Mro\u017cek z listu do Stanis\u0142awa Lema 26 sierpnia 1962r","rel":"","context":"W \u201ez\u0142ote g\u0142oski&quot;","block_context":{"text":"z\u0142ote g\u0142oski","link":"https:\/\/www.volen.pl\/?cat=17"},"img":{"alt_text":"","src":"","width":0,"height":0},"classes":[]},{"id":3034,"url":"https:\/\/www.volen.pl\/?p=3034","url_meta":{"origin":1812,"position":2},"title":"Ja\u015bniej","author":"volen","date":"2021-06-08","format":false,"excerpt":"\u2013 Pogranicze zawsze wyprzedza prawo \u2013 odezwa\u0142 si\u0119 Holden.\u2013 Prawda \u2013 zgodzi\u0142 si\u0119 Miller. \u2013 Ale tutaj by\u0142o ju\u017c miejsce zbrodni, jeszcze zanim tu dolecia\u0142e\u015b.\u2013 Wysadzenie ci\u0119\u017ckiego promu by\u0142o\u2026\u2013 Nie to \u2013 wci\u0105\u0142 si\u0119 Miller. \u2013 Chodzi mi o to wszystko. Wszystkie miejsca.\u2013 Mam wra\u017cenie, \u017ce ostatnio sp\u0119dzam mn\u00f3stwo czasu,\u2026","rel":"","context":"W \u201ez\u0142ote g\u0142oski&quot;","block_context":{"text":"z\u0142ote g\u0142oski","link":"https:\/\/www.volen.pl\/?cat=17"},"img":{"alt_text":"","src":"","width":0,"height":0},"classes":[]},{"id":408,"url":"https:\/\/www.volen.pl\/?p=408","url_meta":{"origin":1812,"position":3},"title":"czasem szcz\u0119\u015bciu dopom\u00f3c trzeba kopem","author":"volen","date":"2014-03-30","format":false,"excerpt":"Przesta\u0142o pada\u0107! By\u0142o w miar\u0119 sucho. Za to przyroda nie posk\u0105pi\u0142a niespodzianki i zes\u0142a\u0142a mr\u00f3z i \u015bniegiem umai\u0142a chodniki. Nie musz\u0119 dodawa\u0107, \u017ce do Gruzji wybrali\u015bmy si\u0119 w do\u015b\u0107 przewiewnym obuwiu, by nie rzec, \u017ce niekt\u00f3rzy z nas wr\u0119cz w sanda\u0142ach? Tak, czy owak, po wypiciu g\u0119stej kawy, udali\u015bmy si\u0119\u2026","rel":"","context":"W \u201eGruzja 2014&quot;","block_context":{"text":"Gruzja 2014","link":"https:\/\/www.volen.pl\/?cat=133"},"img":{"alt_text":"","src":"https:\/\/i0.wp.com\/www.volen.pl\/wp-content\/uploads\/2014\/03\/kolekcja-_DSC6160.jpg?fit=1200%2C795&ssl=1&resize=350%2C200","width":350,"height":200,"srcset":"https:\/\/i0.wp.com\/www.volen.pl\/wp-content\/uploads\/2014\/03\/kolekcja-_DSC6160.jpg?fit=1200%2C795&ssl=1&resize=350%2C200 1x, https:\/\/i0.wp.com\/www.volen.pl\/wp-content\/uploads\/2014\/03\/kolekcja-_DSC6160.jpg?fit=1200%2C795&ssl=1&resize=525%2C300 1.5x, https:\/\/i0.wp.com\/www.volen.pl\/wp-content\/uploads\/2014\/03\/kolekcja-_DSC6160.jpg?fit=1200%2C795&ssl=1&resize=700%2C400 2x, https:\/\/i0.wp.com\/www.volen.pl\/wp-content\/uploads\/2014\/03\/kolekcja-_DSC6160.jpg?fit=1200%2C795&ssl=1&resize=1050%2C600 3x"},"classes":[]},{"id":362,"url":"https:\/\/www.volen.pl\/?p=362","url_meta":{"origin":1812,"position":4},"title":"kult Ernesto","author":"volen","date":"2014-03-27","format":false,"excerpt":"Od rana samego m\u017cy\u0142o a deszczy\u0142o niemo\u017cebnie. Obejrzeli\u015bmy sobie targ kutaisia\u0144ski, spili\u015bmy kaw\u0119 w znajomym barze, ze zdumieniem zobaczyli\u015bmy Che Guevar\u0119, kt\u00f3ry tu \u015brednio na miejscu si\u0119 wydawa\u0142, poszukali\u015bmy poczty przez chwil\u0119, a potem postanowili\u015bmy zabra\u0107 si\u0119 w inne miejsce. Wybrali\u015bmy Tbilisi jako punkt docelowy, po czym udali\u015bmy si\u0119 na\u2026","rel":"","context":"W \u201eGruzja 2014&quot;","block_context":{"text":"Gruzja 2014","link":"https:\/\/www.volen.pl\/?cat=133"},"img":{"alt_text":"","src":"https:\/\/i0.wp.com\/www.volen.pl\/wp-content\/uploads\/2014\/03\/che-_DSC5434.jpg?fit=795%2C1200&ssl=1&resize=350%2C200","width":350,"height":200,"srcset":"https:\/\/i0.wp.com\/www.volen.pl\/wp-content\/uploads\/2014\/03\/che-_DSC5434.jpg?fit=795%2C1200&ssl=1&resize=350%2C200 1x, https:\/\/i0.wp.com\/www.volen.pl\/wp-content\/uploads\/2014\/03\/che-_DSC5434.jpg?fit=795%2C1200&ssl=1&resize=525%2C300 1.5x, https:\/\/i0.wp.com\/www.volen.pl\/wp-content\/uploads\/2014\/03\/che-_DSC5434.jpg?fit=795%2C1200&ssl=1&resize=700%2C400 2x"},"classes":[]},{"id":191,"url":"https:\/\/www.volen.pl\/?p=191","url_meta":{"origin":1812,"position":5},"title":"Wielki Powr\u00f3t do Domu","author":"volen","date":"2013-08-28","format":false,"excerpt":"bo wsz\u0119dzie dobrze, ale w domu najlepiej. Tak wi\u0119c powr\u00f3t rozpocz\u0105\u0142 si\u0119 z rana w Herceg Novi, gdzie bez zb\u0119dnego po\u015bpiechu spakowali\u015bmy si\u0119, zjedli\u015bmy ma\u0142e co nieco oraz zapili\u015bmy kaw\u0105, po czym ruszyli\u015bmy szuka\u0107 transportu do Tivat. W tym miejscu, w Herceg Novi, m\u00f3j Kot postanowi\u0142 po\u017cegna\u0107 swoje ulubione podr\u00f3\u017cne\u2026","rel":"","context":"W \u201eMontenegro 2013&quot;","block_context":{"text":"Montenegro 2013","link":"https:\/\/www.volen.pl\/?cat=134"},"img":{"alt_text":"","src":"","width":0,"height":0},"classes":[]}],"_links":{"self":[{"href":"https:\/\/www.volen.pl\/index.php?rest_route=\/wp\/v2\/posts\/1812","targetHints":{"allow":["GET"]}}],"collection":[{"href":"https:\/\/www.volen.pl\/index.php?rest_route=\/wp\/v2\/posts"}],"about":[{"href":"https:\/\/www.volen.pl\/index.php?rest_route=\/wp\/v2\/types\/post"}],"author":[{"embeddable":true,"href":"https:\/\/www.volen.pl\/index.php?rest_route=\/wp\/v2\/users\/1"}],"replies":[{"embeddable":true,"href":"https:\/\/www.volen.pl\/index.php?rest_route=%2Fwp%2Fv2%2Fcomments&post=1812"}],"version-history":[{"count":1,"href":"https:\/\/www.volen.pl\/index.php?rest_route=\/wp\/v2\/posts\/1812\/revisions"}],"predecessor-version":[{"id":1813,"href":"https:\/\/www.volen.pl\/index.php?rest_route=\/wp\/v2\/posts\/1812\/revisions\/1813"}],"wp:attachment":[{"href":"https:\/\/www.volen.pl\/index.php?rest_route=%2Fwp%2Fv2%2Fmedia&parent=1812"}],"wp:term":[{"taxonomy":"category","embeddable":true,"href":"https:\/\/www.volen.pl\/index.php?rest_route=%2Fwp%2Fv2%2Fcategories&post=1812"},{"taxonomy":"post_tag","embeddable":true,"href":"https:\/\/www.volen.pl\/index.php?rest_route=%2Fwp%2Fv2%2Ftags&post=1812"}],"curies":[{"name":"wp","href":"https:\/\/api.w.org\/{rel}","templated":true}]}}