{"id":191,"date":"2013-08-28T04:00:00","date_gmt":"2013-08-28T02:00:00","guid":{"rendered":"http:\/\/www.volen.pl\/?p=191"},"modified":"2014-10-09T17:54:07","modified_gmt":"2014-10-09T15:54:07","slug":"wielki-powr-t-do-domu","status":"publish","type":"post","link":"https:\/\/www.volen.pl\/?p=191","title":{"rendered":"Wielki Powr\u00f3t do Domu"},"content":{"rendered":"<p>bo wsz\u0119dzie dobrze, ale w domu najlepiej.<\/p>\n<p>Tak wi\u0119c powr\u00f3t rozpocz\u0105\u0142 si\u0119 z rana w Herceg Novi, gdzie bez zb\u0119dnego po\u015bpiechu spakowali\u015bmy si\u0119, zjedli\u015bmy ma\u0142e co nieco oraz zapili\u015bmy kaw\u0105, po czym ruszyli\u015bmy szuka\u0107 transportu do Tivat.<\/p>\n<p>W tym miejscu, w Herceg Novi, m\u00f3j Kot postanowi\u0142 po\u017cegna\u0107 swoje ulubione podr\u00f3\u017cne obuwie, tu dobieg\u0142y ko\u0144ca swojego \u017cywota i zosta\u0142y pogrzebane. Wielka i donios\u0142a to chwila, gdy\u017c buty te gromadzi\u0142y swoj\u0105 histori\u0119 i zapach, o kt\u00f3rych na razie zmilcz\u0119.<\/p>\n<p><img data-recalc-dims=\"1\" decoding=\"async\" alt=\"image\" src=\"https:\/\/i0.wp.com\/media.tumblr.com\/6db176cb55cf1087ab10b47fcb00950b\/tumblr_inline_mscwaaGOFR1qz4rgp.jpg\" \/><\/p>\n<p>Szli\u015bmy na azymut, bo lepsze to, ni\u017c kr\u0119ci\u0107 si\u0119 bez sensu, a w ko\u0144cu &#8211; prawd\u0105 jest, co m\u00f3wi\u0105, \u017ce B\u00f3g sprzyja g\u0142upcom i pijakom &#8211; trafili\u015bmy wprost na autobusk\u0105 stanic\u0119, za\u015b w chwili\u0119 p\u00f3\u017aniej wjecha\u0142 nasz autobus.<\/p>\n<p>Z Herceg Novi do Tivat najkr\u00f3tsza droga wiedzie przez ka\u0142u\u017c\u0119, z Kamenari p\u0142ywaj\u0105 \u0142adne promy i my takim promem, w tym autobusie, hyc na drug\u0105 stron\u0119.<\/p>\n<p>Tivat witali\u015bmy, jak stare \u015bmieci, wszystko zdeptane przez nas kilka dni wcze\u015bniej. W\u0142a\u015bciciel sklepu spo\u017cywczego znalaz\u0142 dla nas kwater\u0119 dok\u0142adnie na przeciwko naszej pierwszej, tej gdzie figi dojrzewa\u0142y. St\u0105d trzy minuty do centrum, trzydzie\u015bci na lotnisko. Oczywi\u015bcie: pieszk\u0105.<\/p>\n<p>Pop\u0142ywali\u015bmy, pokr\u0119cili\u015bmy si\u0119 w k\u00f3\u0142ko, po czym zakupili\u015bmy pami\u0105tek z podr\u00f3\u017cy i znowu pop\u0142ywali\u015bmy. Nie ma o czym m\u00f3wi\u0107.<\/p>\n<p><img data-recalc-dims=\"1\" decoding=\"async\" alt=\"image\" src=\"https:\/\/i0.wp.com\/media.tumblr.com\/a3141cb9de200ae3a987d2678610761c\/tumblr_inline_mscwb9YCRC1qz4rgp.jpg\" \/><\/p>\n<p>Dzie\u0144 to by\u0142 w y c z e k i w a n i a na powr\u00f3t, czyli faktyczny pocz\u0105tek ko\u0144ca, a co bogowie Olimpu r\u00f3wnie\u017c chcieli zaznaczy\u0107, zsy\u0142aj\u0105c nad Tivat widome znaki.<\/p>\n<p><img data-recalc-dims=\"1\" decoding=\"async\" alt=\"image\" src=\"https:\/\/i0.wp.com\/media.tumblr.com\/ac15359dccf276ad3d298fa8bb83baf7\/tumblr_inline_mscwtakyWm1qz4rgp.jpg\" \/><\/p>\n<p>Na wiecz\u00f3r poszli\u015bmy przek\u0105si\u0107 miejscowe przysmaki, o kt\u00f3rych legendy kr\u0105\u017c\u0105 po \u015bwiecie. Anulka za\u017cyczy\u0142a brej\u0119 z kiszek barana, kt\u00f3ra to dobrze wp\u0142ywa na kotopoczucie, oczyszcza nerki i pory sk\u00f3ry oraz czyni sier\u015b\u0107 mi\u0119kk\u0105 i jedwabist\u0105.<\/p>\n<p><img data-recalc-dims=\"1\" decoding=\"async\" alt=\"image\" src=\"https:\/\/i0.wp.com\/media.tumblr.com\/c1853e118ed8285a9e620d692c6499ac\/tumblr_inline_mscx6tWBT61qz4rgp.jpg\" \/><\/p>\n<p>Ja za\u015b wzi\u0105\u0142em staroczarnog\u00f3rski flet barani, tradycyjny posi\u0142ek panny modl\u0105cej si\u0119 o ch\u0142opa, kt\u00f3ren jadany jest jedynie w noc letniego przesilenia i czarodziejsk\u0105 moc okazuje we trzy niedziele.<\/p>\n<p><img data-recalc-dims=\"1\" decoding=\"async\" alt=\"image\" src=\"https:\/\/i0.wp.com\/media.tumblr.com\/a495cf82f306639de9a1feb221aff406\/tumblr_inline_mscx7502XC1qz4rgp.jpg\" \/><\/p>\n<p>Oszo\u0142omieni posi\u0142kiem porobili\u015bmy zdj\u0119cia nocne, niekt\u00f3re prze\u015bwietlili\u015bmy, lecz specjalnie, by oko cieszy\u0142y tak, \u017ceby nie wiadomo by\u0142o, czemu boli od patrzenia.<\/p>\n<p><img data-recalc-dims=\"1\" decoding=\"async\" alt=\"image\" src=\"https:\/\/i0.wp.com\/media.tumblr.com\/c0ff733bfea1363a6a5f3216482832a1\/tumblr_inline_mscxd0NBEv1qz4rgp.jpg\" \/><\/p>\n<p>A potem spa\u0107. Rano o \u00f3smej jogging na samolot.<\/p><\/p>\n","protected":false},"excerpt":{"rendered":"<p>bo wsz\u0119dzie dobrze, ale w domu najlepiej. Tak wi\u0119c powr\u00f3t rozpocz\u0105\u0142 si\u0119 z rana w&#8230;<\/p>\n<div class=\"more-link-wrapper\"><a class=\"more-link\" href=\"https:\/\/www.volen.pl\/?p=191\">Read the post<span class=\"screen-reader-text\">Wielki Powr\u00f3t do Domu<\/span><\/a><\/div>\n","protected":false},"author":1,"featured_media":0,"comment_status":"closed","ping_status":"closed","sticky":false,"template":"","format":"standard","meta":{"_crdt_document":"","jetpack_post_was_ever_published":false,"_jetpack_newsletter_access":"","_jetpack_dont_email_post_to_subs":false,"_jetpack_newsletter_tier_id":0,"_jetpack_memberships_contains_paywalled_content":false,"_jetpack_memberships_contains_paid_content":false,"footnotes":"","jetpack_publicize_message":"","jetpack_publicize_feature_enabled":true,"jetpack_social_post_already_shared":true,"jetpack_social_options":{"image_generator_settings":{"template":"highway","default_image_id":0,"font":"","enabled":false},"version":2}},"categories":[134,93],"tags":[59,62,58,60,61],"class_list":["post-191","post","type-post","status-publish","format-standard","hentry","category-montenegro-2013","category-nawariata","tag-czarnogora","tag-herceg-novi","tag-montenegro","tag-podroze","tag-tivat","excerpt","zoom","full-without-featured","even","excerpt-0"],"jetpack_publicize_connections":[],"jetpack_featured_media_url":"","jetpack_shortlink":"https:\/\/wp.me\/p4lAri-35","jetpack_sharing_enabled":true,"jetpack-related-posts":[{"id":203,"url":"https:\/\/www.volen.pl\/?p=203","url_meta":{"origin":191,"position":0},"title":"Tr\u00f3jmiejska Grupa Wypadowa","author":"volen","date":"2013-08-16","format":false,"excerpt":"I pojechali. Samolotem do Warszawy, gdzie w SO!Coffee spili\u015bmy czytaj\u0105c dziwne jakiesik cuda, a potem r\u00f3wnie\u017c samolotem do Belgradu, gdzie z kolei postanowili\u015bmy za namow\u0105 Miko\u0142aja, obejrze\u0107 fort nad rzek\u0105. Niestety! Cho\u0107by\u015bmy chcieli, nie dali\u015bmy rady, a to ju\u017c z powodu, \u017ce g\u0142\u00f3d straszliwy, a to, \u017ce autobusy je\u017cd\u017c\u0105 okropnie\u2026","rel":"","context":"W \u201eMontenegro 2013&quot;","block_context":{"text":"Montenegro 2013","link":"https:\/\/www.volen.pl\/?cat=134"},"img":{"alt_text":"","src":"","width":0,"height":0},"classes":[]},{"id":193,"url":"https:\/\/www.volen.pl\/?p=193","url_meta":{"origin":191,"position":1},"title":"Gniew Zeusa","author":"volen","date":"2013-08-26","format":false,"excerpt":"Autobus z Savnika mieli\u015bmy o 12.00, co w \u015bwietle pobudki o 8.00 dawa\u0142o nam sporo czasu na poczynienie obserwacji socjologicznych. Raz, \u017ce widzieli\u015bmy wdzi\u0119czno\u015b\u0107 obs\u0142ugi hotelowej za przyjmowane bez zmru\u017cenia powieki niedogodno\u015bci, dwa, \u017ce poznali\u015bmy przynajmniej po\u0142ow\u0119 mieszka\u0144c\u00f3w Savnika chy\u0142kiem schodz\u0105cych do restauracji hotelowej by nas obejrze\u0107, trzy, \u017ce ogl\u0105dali\u015bmy\u2026","rel":"","context":"W \u201eMontenegro 2013&quot;","block_context":{"text":"Montenegro 2013","link":"https:\/\/www.volen.pl\/?cat=134"},"img":{"alt_text":"","src":"","width":0,"height":0},"classes":[]},{"id":192,"url":"https:\/\/www.volen.pl\/?p=192","url_meta":{"origin":191,"position":2},"title":"Herceg Novi Jazz Festival","author":"volen","date":"2013-08-27","format":false,"excerpt":"Po nocnej burzy spali\u015bmy jak, nie przymierzaj\u0105c, kot Bonifacy, a\u017c do 9.15. Wreszcie zjedli\u015bmy normalne \u015bniadanie i wypili\u015bmy normaln\u0105 kaw\u0119. Normaln\u0105, oczywi\u015bcie, w granicach dost\u0119pnego nam asortymentu. Po\u0142udniowcy wszelakiej ma\u015bci miel\u0105 kaw\u0119 na py\u0142. By\u0142o tak w Turcji, Rumunii, W\u0142oszech, jest tak i w Czarnog\u00f3rze. Py\u0142 ten nie jest przeznaczony\u2026","rel":"","context":"W \u201eMontenegro 2013&quot;","block_context":{"text":"Montenegro 2013","link":"https:\/\/www.volen.pl\/?cat=134"},"img":{"alt_text":"","src":"","width":0,"height":0},"classes":[]},{"id":201,"url":"https:\/\/www.volen.pl\/?p=201","url_meta":{"origin":191,"position":3},"title":"\u017bar piekielny","author":"volen","date":"2013-08-18","format":false,"excerpt":"Dzi\u015b o 7.00 obudzi\u0142 nas budzik. Postanowili\u015bmy wyruszy\u0107 do Kotoru, by zobaczy\u0107, z czym to si\u0119 je oraz by zabookowa\u0107 nocleg na nast\u0119pny dzie\u0144. Kr\u00f3tkie poszukiwanie autobusu sko\u0144czy\u0142o si\u0119 (wydawa\u0142o si\u0119 nam - wyj\u0105tkowo) w taks\u00f3wce. Najkr\u00f3tsza droga z Tivat do Kotoru prowadzi d\u0142ugim na ponad 1600 metr\u00f3w tunelem. Podr\u00f3\u017c\u2026","rel":"","context":"W \u201eMontenegro 2013&quot;","block_context":{"text":"Montenegro 2013","link":"https:\/\/www.volen.pl\/?cat=134"},"img":{"alt_text":"","src":"","width":0,"height":0},"classes":[]},{"id":202,"url":"https:\/\/www.volen.pl\/?p=202","url_meta":{"origin":191,"position":4},"title":"Lazy day","author":"volen","date":"2013-08-17","format":false,"excerpt":"I tak nadszed\u0142 dzie\u0144 pierwszy naszej wycieczki. Poranek przywita\u0142 nas smrodem rozk\u0142adaj\u0105cych si\u0119 glon\u00f3w, a \u00f3w trwa\u0142 przez ca\u0142y dzie\u0144 i nic nie zapowiada zmian. Z rana postanowili\u015bmy przej\u015b\u0107 si\u0119 odrobink\u0119 brzegiem morza, obejrzeli\u015bmy \u017caglowiec, stoczni\u0119, \u0142odzie podwodne i inne atrakcje, k\u0105pi\u0105c si\u0119 w mi\u0119dzy czasie w solance adriatyckiej. \u017bar\u2026","rel":"","context":"W \u201eMontenegro 2013&quot;","block_context":{"text":"Montenegro 2013","link":"https:\/\/www.volen.pl\/?cat=134"},"img":{"alt_text":"","src":"","width":0,"height":0},"classes":[]},{"id":200,"url":"https:\/\/www.volen.pl\/?p=200","url_meta":{"origin":191,"position":5},"title":"Rakija","author":"volen","date":"2013-08-19","format":false,"excerpt":"Znowu budzik! obudzi\u0142 nas z rana, by pom\u00f3c nam zorganizowa\u0107 dzie\u0144. Kr\u00f3tkie losowanie wskaza\u0142o Budv\u0119 na miejsce nast\u0119pnego spoczynku, tak wi\u0119c ogarn\u0119li\u015bmy apartamiento i siebie i ruszyli\u015bmy na czuja w poszukiwaniu dworca autobusowego. Autobus przyjecha\u0142 po paru minutach, by\u0142 do\u015b\u0107 wiekowy i wygl\u0105da\u0142 na powa\u017cnie traktuj\u0105cego swoj\u0105 prac\u0119. Kurs z\u2026","rel":"","context":"W \u201eMontenegro 2013&quot;","block_context":{"text":"Montenegro 2013","link":"https:\/\/www.volen.pl\/?cat=134"},"img":{"alt_text":"","src":"","width":0,"height":0},"classes":[]}],"_links":{"self":[{"href":"https:\/\/www.volen.pl\/index.php?rest_route=\/wp\/v2\/posts\/191","targetHints":{"allow":["GET"]}}],"collection":[{"href":"https:\/\/www.volen.pl\/index.php?rest_route=\/wp\/v2\/posts"}],"about":[{"href":"https:\/\/www.volen.pl\/index.php?rest_route=\/wp\/v2\/types\/post"}],"author":[{"embeddable":true,"href":"https:\/\/www.volen.pl\/index.php?rest_route=\/wp\/v2\/users\/1"}],"replies":[{"embeddable":true,"href":"https:\/\/www.volen.pl\/index.php?rest_route=%2Fwp%2Fv2%2Fcomments&post=191"}],"version-history":[{"count":1,"href":"https:\/\/www.volen.pl\/index.php?rest_route=\/wp\/v2\/posts\/191\/revisions"}],"predecessor-version":[{"id":272,"href":"https:\/\/www.volen.pl\/index.php?rest_route=\/wp\/v2\/posts\/191\/revisions\/272"}],"wp:attachment":[{"href":"https:\/\/www.volen.pl\/index.php?rest_route=%2Fwp%2Fv2%2Fmedia&parent=191"}],"wp:term":[{"taxonomy":"category","embeddable":true,"href":"https:\/\/www.volen.pl\/index.php?rest_route=%2Fwp%2Fv2%2Fcategories&post=191"},{"taxonomy":"post_tag","embeddable":true,"href":"https:\/\/www.volen.pl\/index.php?rest_route=%2Fwp%2Fv2%2Ftags&post=191"}],"curies":[{"name":"wp","href":"https:\/\/api.w.org\/{rel}","templated":true}]}}