{"id":192,"date":"2013-08-27T04:00:00","date_gmt":"2013-08-27T02:00:00","guid":{"rendered":"http:\/\/www.volen.pl\/?p=192"},"modified":"2014-10-09T17:54:07","modified_gmt":"2014-10-09T15:54:07","slug":"herceg-novi-jazz-festival","status":"publish","type":"post","link":"https:\/\/www.volen.pl\/?p=192","title":{"rendered":"Herceg Novi Jazz Festival"},"content":{"rendered":"<p>Po nocnej burzy spali\u015bmy jak, nie przymierzaj\u0105c, kot Bonifacy, a\u017c do 9.15. Wreszcie zjedli\u015bmy normalne \u015bniadanie i wypili\u015bmy normaln\u0105 kaw\u0119. Normaln\u0105, oczywi\u015bcie, w granicach dost\u0119pnego nam asortymentu. Po\u0142udniowcy wszelakiej ma\u015bci miel\u0105 kaw\u0119 na py\u0142. By\u0142o tak w Turcji, Rumunii, W\u0142oszech, jest tak i w Czarnog\u00f3rze. Py\u0142 ten nie jest przeznaczony do chamskiego zalewania wrz\u0105tkiem, cho\u0107 tego rodzaju kaw\u0119 sprzedaj\u0105 tu jako domow\u0105: p\u0142yn \u0142agodnie przechodzi w p\u00f3\u0142p\u0142ynne b\u0142otko, szczelnie wype\u0142niaj\u0105ce przestrzenie mi\u0119dzyz\u0119bowe. Normalno\u015b\u0107 w tych warunkach oznacza ilo\u015b\u0107 p\u0142ynu gotow\u0105 do spo\u017cycia &#8211; normalny kubek, a nie odrobin\u0119 wi\u0119kszy naparstek. <br \/>\u015aniadanie i kaw\u0119 uprzyjemnia\u0142 nam wci\u0105\u017c padaj\u0105cy deszcz, kt\u00f3ry pada\u0142 nieprzerwanie do po\u0142udnia.<\/p>\n<p><img data-recalc-dims=\"1\" decoding=\"async\" src=\"https:\/\/i0.wp.com\/media.tumblr.com\/74262cbb985a412e353be80ce0f10c5d\/tumblr_inline_mscm1vhShW1qz4rgp.jpg\" \/><\/p>\n<p>My za\u015b i tak wcale si\u0119 nie spieszyli\u015bmy zanadto, wi\u0119c wszystko zgra\u0142o si\u0119 znakomicie.<\/p>\n<p><img data-recalc-dims=\"1\" decoding=\"async\" src=\"https:\/\/i0.wp.com\/media.tumblr.com\/abe4f7978c0d1472cf2ad324183cf197\/tumblr_inline_mscm62gX0t1qz4rgp.jpg\" \/><\/p>\n<p>Przeja\u015bni\u0142o si\u0119, wi\u0119c wyszli\u015bmy pozna\u0107 miasto, a przechadzce naszej towarzyszy\u0142o niez\u0142omne przekonanie o konieczno\u015bci zakupienia nowych szort\u00f3w dla mnie, gdy\u017c te, co mam, dobre s\u0105 do lansu na monciaku, ale nie do \u0142a\u017cenia w prawdziwie gor\u0105cych miejscach, a ju\u017c nie daj B\u00f3g gdzie\u015b si\u0119 wspina\u0107 &#8211; zw\u0119\u017cane filuternie nogawiczki lepi\u0105 si\u0119 pod kolanami i utrudniaj\u0105 n\u00f3g zadzieranie.<\/p>\n<p><img data-recalc-dims=\"1\" decoding=\"async\" src=\"https:\/\/i0.wp.com\/media.tumblr.com\/92f495de1201c67b3be826e61807bffc\/tumblr_inline_mscm8ybyhO1qz4rgp.jpg\" \/><\/p>\n<p>I tak, zagl\u0105daj\u0105c tu i \u00f3wdzie,<\/p>\n<p><img data-recalc-dims=\"1\" decoding=\"async\" src=\"https:\/\/i0.wp.com\/media.tumblr.com\/480c94fea3fd30ed6edcc6c6c2ff9c3a\/tumblr_inline_mscmbkysf91qz4rgp.jpg\" \/><\/p>\n<p>zakupili\u015bmy najpierw dwie bluzeczki, potem szmaragdowo &#8211; lazurowe jednocz\u0119\u015bciowe wdzianko, par\u0119 butk\u00f3w i lakiery do paznokci. Jak \u0142atwo si\u0119 domy\u015ble\u0107, wszystko dla mojej pi\u0119kniejszej po\u0142\u00f3wki.<br \/>Nie musz\u0119 dodawa\u0107, \u017ce kr\u00f3tkich spodenek, mimo i\u017c urodzaj, nie wybra\u0142em sobie \u017cadnych, bo fason mi si\u0119 nie podoba\u0142.<br \/>Na obiad zjedli\u015bmy u \u017bor\u017ca po ciorbie przepysznej &#8211; mog\u0119 poleci\u0107 wszystkim smakoszom, i\u015b\u0107 od Trg Hercega Stjepana na zach\u00f3d deptaczkiem.<\/p>\n<p><img data-recalc-dims=\"1\" decoding=\"async\" src=\"https:\/\/i0.wp.com\/media.tumblr.com\/e556d967e6a97d2b75fd53d187d56df8\/tumblr_inline_mscmefQwJb1qz4rgp.jpg\" \/><\/p>\n<p>(\u017bor\u017c w tych krzakach si\u0119 kryje po prawej)<\/p>\n<p>\u017bor\u017c robi dobre jedzenie, ma \u017c\u00f3\u0142wia, dwa go\u0142\u0119bie i kr\u00f3lika, cho\u0107 nie jeste\u015bmy pewni, jak d\u0142ugo pozostan\u0105 \u017cywe, mo\u017ce to tylko sk\u0142adniki jego potraw.<\/p>\n<p><img data-recalc-dims=\"1\" decoding=\"async\" src=\"https:\/\/i0.wp.com\/media.tumblr.com\/269ad9d9e54fb07986ea8e506d745fd0\/tumblr_inline_mscmlzV4un1qz4rgp.jpg\" \/><\/p>\n<p>Kot ba\u0142tycki, ju\u017c w nowym wdzianku, spotyka kota adriatyckiego.<br \/>W mi\u0119dzyczasie zacz\u0119\u0142o robi\u0107 si\u0119 ciemniej, szybko nadci\u0105ga\u0142 zmierzch, z\u0142apali\u015bmy wi\u0119c sprz\u0119t i poszli\u015bmy robi\u0107 zdj\u0119cia do mojego projektu.<\/p>\n<p><img data-recalc-dims=\"1\" decoding=\"async\" src=\"https:\/\/i0.wp.com\/media.tumblr.com\/f476528150a2498980ea27fe7d0c73e9\/tumblr_inline_mscmvo0BlF1qz4rgp.jpg\" \/><\/p>\n<p>Sz\u0142o nam dobrze, wr\u0119cz doskonale, zainteresowanie pierwotnym, s\u0142owia\u0144skim pl\u0105saniem Anuli w \u015bwietle \u015bredniowiecznych lamp sodowych poruszy\u0142o krajowc\u00f3w do tego stopnia, i\u017c zacz\u0119li\u015bmy \u017ca\u0142owa\u0107, \u017ce nie mieli\u015bmy kapelusza, by zbiera\u0107 datki od przechodni\u00f3w. Osobi\u015bcie uwa\u017cam, i\u017c mimo ubogiej scenerii i kadru mocno ograniczonego w\u0105sk\u0105 uliczk\u0105, by\u0142a to jedna z bardziej udanych sesji w ostatnim czasie.<\/p>\n<p><img data-recalc-dims=\"1\" decoding=\"async\" src=\"https:\/\/i0.wp.com\/media.tumblr.com\/8922762d903184d897d4651e4b1a839d\/tumblr_inline_mscn4fqkK91qz4rgp.jpg\" \/><\/p>\n<p>Ja, strzelaj\u0105c migawk\u0105, nadawa\u0142em rytm, kociak m\u00f3j ta\u0144czy\u0142, t\u0142um gapi\u00f3w falowa\u0142, a czas p\u0142yn\u0105\u0142, o czym pami\u0119tali\u015bmy, poniewa\u017c tego wieczoru postanowili\u015bmy si\u0119 ukulturalni\u0107 muzycznie, a o 21.00 zaczyna\u0142 si\u0119 koncert jazzowy w miejscowej szkole muzycznej.<br \/><a href=\"http:\/\/www.vijesti.me\/caffe\/jazz-festival-herceg-novi-26-27-avgusta-clanak-145692\" target=\"_blank\">Tu co nieco o muzykach i festiwalu.<\/a><br \/>Po wej\u015bciu, z w\u0142a\u015bciwym sobie wdzi\u0119kiem i bezpretensjonalno\u015bci\u0105, udali\u015bmy si\u0119 do pierwszego rz\u0119du, zaraz obok magika od nag\u0142o\u015bnienia, gdzie rozstawi\u0142em statyw, za\u0142o\u017cy\u0142em fisha i zacz\u0105\u0142em filmowa\u0107. Uda\u0142o si\u0119 nagra\u0107 pierwsz\u0105 po\u0142ow\u0119 konceru, gdy\u017c wyczerpane wcze\u015bniejsz\u0105 prac\u0105 baterie ostatecznie dosta\u0142y zadyszki, gdy atmosfera si\u0119 poluzowa\u0142a, a muzycy zacz\u0119li si\u0119 wyg\u0142upia\u0107. Szkoda, cho\u0107 dobre i to, co mamy.<\/p>\n<p><img data-recalc-dims=\"1\" decoding=\"async\" src=\"https:\/\/i0.wp.com\/media.tumblr.com\/7edad9143266f6f4aa2af71d966409e1\/tumblr_inline_mscn8xR0Yv1qz4rgp.jpg\" \/><\/p>\n<p>Po koncercie poszli\u015bmy jeszcze na piwo, by zako\u0144czy\u0107 udany przecie\u017c nadzwyczaj dzie\u0144, dobrym akcentem. Razem z nami piwo pod palm\u0105 pi\u0142 lokalny, czterokolorowy kotek, kt\u00f3ry &#8211; co ze zdumieniem obserwowali\u015bmy &#8211; przegryza\u0142 sobie palmowe orzeszki.<br \/>Jak doszli\u015bmy do naszego sobe (meta, mieszkanie, apartament), lun\u0105\u0142 deszcz, b\u0142yska\u0107 pocz\u0119\u0142o i poszli\u015bmy spa\u0107 w \u015bwietle b\u0142yskawic. Ale to nie by\u0142a du\u017ca burza, raczej z takich \u015brednich, wiecznie sp\u00f3\u017anionych, goni\u0105cych za mamusi\u0105.<br \/>Jutro zaczynamy Wielki Powr\u00f3t do Domu. Dobranoc.<\/p>\n","protected":false},"excerpt":{"rendered":"<p>Po nocnej burzy spali\u015bmy jak, nie przymierzaj\u0105c, kot Bonifacy, a\u017c do 9.15. Wreszcie zjedli\u015bmy normalne&#8230;<\/p>\n<div class=\"more-link-wrapper\"><a class=\"more-link\" href=\"https:\/\/www.volen.pl\/?p=192\">Read the post<span class=\"screen-reader-text\">Herceg Novi Jazz Festival<\/span><\/a><\/div>\n","protected":false},"author":1,"featured_media":0,"comment_status":"closed","ping_status":"closed","sticky":false,"template":"","format":"standard","meta":{"_crdt_document":"","jetpack_post_was_ever_published":false,"_jetpack_newsletter_access":"","_jetpack_dont_email_post_to_subs":false,"_jetpack_newsletter_tier_id":0,"_jetpack_memberships_contains_paywalled_content":false,"_jetpack_memberships_contains_paid_content":false,"footnotes":"","jetpack_publicize_message":"","jetpack_publicize_feature_enabled":true,"jetpack_social_post_already_shared":true,"jetpack_social_options":{"image_generator_settings":{"template":"highway","default_image_id":0,"font":"","enabled":false},"version":2}},"categories":[134,93],"tags":[59,62,63,58,60],"class_list":["post-192","post","type-post","status-publish","format-standard","hentry","category-montenegro-2013","category-nawariata","tag-czarnogora","tag-herceg-novi","tag-jazz","tag-montenegro","tag-podroze","excerpt","zoom","full-without-featured","even","excerpt-0"],"jetpack_publicize_connections":[],"jetpack_featured_media_url":"","jetpack_shortlink":"https:\/\/wp.me\/p4lAri-36","jetpack_sharing_enabled":true,"jetpack-related-posts":[{"id":195,"url":"https:\/\/www.volen.pl\/?p=195","url_meta":{"origin":192,"position":0},"title":"Oczi cziorne","author":"volen","date":"2013-08-24","format":false,"excerpt":"Gospodyni wci\u0105\u017c staje na wysoko\u015bci zadania, robi\u0105c nam co rano pyszn\u0105 domow\u0105 fusiar\u0119. O godzinie 8.00 z regularno\u015bci\u0105 Polskich Kolei Pa\u0144stwowych w\u0142azi na g\u00f3r\u0119 i puka delikatnie do drzwi, a jej pojawienie si\u0119 zwiastuje zapach kawy.Sobota. Imieniny kota. Zupe\u0142nie leniwy dzie\u0144: dzia\u0142o si\u0119 ma\u0142o, ale bardzo intensywnie. Nie b\u0119dziemy zachwyca\u0107\u2026","rel":"","context":"W \u201eMontenegro 2013&quot;","block_context":{"text":"Montenegro 2013","link":"https:\/\/www.volen.pl\/?cat=134"},"img":{"alt_text":"","src":"","width":0,"height":0},"classes":[]},{"id":191,"url":"https:\/\/www.volen.pl\/?p=191","url_meta":{"origin":192,"position":1},"title":"Wielki Powr\u00f3t do Domu","author":"volen","date":"2013-08-28","format":false,"excerpt":"bo wsz\u0119dzie dobrze, ale w domu najlepiej. Tak wi\u0119c powr\u00f3t rozpocz\u0105\u0142 si\u0119 z rana w Herceg Novi, gdzie bez zb\u0119dnego po\u015bpiechu spakowali\u015bmy si\u0119, zjedli\u015bmy ma\u0142e co nieco oraz zapili\u015bmy kaw\u0105, po czym ruszyli\u015bmy szuka\u0107 transportu do Tivat. W tym miejscu, w Herceg Novi, m\u00f3j Kot postanowi\u0142 po\u017cegna\u0107 swoje ulubione podr\u00f3\u017cne\u2026","rel":"","context":"W \u201eMontenegro 2013&quot;","block_context":{"text":"Montenegro 2013","link":"https:\/\/www.volen.pl\/?cat=134"},"img":{"alt_text":"","src":"","width":0,"height":0},"classes":[]},{"id":193,"url":"https:\/\/www.volen.pl\/?p=193","url_meta":{"origin":192,"position":2},"title":"Gniew Zeusa","author":"volen","date":"2013-08-26","format":false,"excerpt":"Autobus z Savnika mieli\u015bmy o 12.00, co w \u015bwietle pobudki o 8.00 dawa\u0142o nam sporo czasu na poczynienie obserwacji socjologicznych. Raz, \u017ce widzieli\u015bmy wdzi\u0119czno\u015b\u0107 obs\u0142ugi hotelowej za przyjmowane bez zmru\u017cenia powieki niedogodno\u015bci, dwa, \u017ce poznali\u015bmy przynajmniej po\u0142ow\u0119 mieszka\u0144c\u00f3w Savnika chy\u0142kiem schodz\u0105cych do restauracji hotelowej by nas obejrze\u0107, trzy, \u017ce ogl\u0105dali\u015bmy\u2026","rel":"","context":"W \u201eMontenegro 2013&quot;","block_context":{"text":"Montenegro 2013","link":"https:\/\/www.volen.pl\/?cat=134"},"img":{"alt_text":"","src":"","width":0,"height":0},"classes":[]},{"id":2369,"url":"https:\/\/www.volen.pl\/?p=2369","url_meta":{"origin":192,"position":3},"title":"\u015bnie\u017cnobia\u0142e klify Aktolagay","author":"volen","date":"2018-06-02","format":false,"excerpt":"Spora cz\u0119\u015b\u0107 trasy to same przejazdy, w czasie kt\u00f3rych nic si\u0119 nie dzieje, samoch\u00f3d \u0142yka kilometry, my py\u0142. Co jaki\u015b czas sier\u015b\u0107 (a przynajmniej wolimy tak my\u015ble\u0107) wielb\u0142\u0105d\u00f3w. Albo k\u00f3z. Wr\u00f3cili\u015bmy do Kulsary. Rano okaza\u0142o si\u0119, \u017ce rura wydechowa, kt\u00f3rej nie zd\u0105\u017cy\u0142em zespawa\u0107 przed wyjazdem, wisi na w\u0142osku. Przy okazji\u2026","rel":"","context":"W \u201enawariata&quot;","block_context":{"text":"nawariata","link":"https:\/\/www.volen.pl\/?cat=93"},"img":{"alt_text":"","src":"https:\/\/i0.wp.com\/www.volen.pl\/wp-content\/uploads\/2018\/06\/VOL0871.jpg?fit=1200%2C795&ssl=1&resize=350%2C200","width":350,"height":200,"srcset":"https:\/\/i0.wp.com\/www.volen.pl\/wp-content\/uploads\/2018\/06\/VOL0871.jpg?fit=1200%2C795&ssl=1&resize=350%2C200 1x, https:\/\/i0.wp.com\/www.volen.pl\/wp-content\/uploads\/2018\/06\/VOL0871.jpg?fit=1200%2C795&ssl=1&resize=525%2C300 1.5x, https:\/\/i0.wp.com\/www.volen.pl\/wp-content\/uploads\/2018\/06\/VOL0871.jpg?fit=1200%2C795&ssl=1&resize=700%2C400 2x, https:\/\/i0.wp.com\/www.volen.pl\/wp-content\/uploads\/2018\/06\/VOL0871.jpg?fit=1200%2C795&ssl=1&resize=1050%2C600 3x"},"classes":[]},{"id":203,"url":"https:\/\/www.volen.pl\/?p=203","url_meta":{"origin":192,"position":4},"title":"Tr\u00f3jmiejska Grupa Wypadowa","author":"volen","date":"2013-08-16","format":false,"excerpt":"I pojechali. Samolotem do Warszawy, gdzie w SO!Coffee spili\u015bmy czytaj\u0105c dziwne jakiesik cuda, a potem r\u00f3wnie\u017c samolotem do Belgradu, gdzie z kolei postanowili\u015bmy za namow\u0105 Miko\u0142aja, obejrze\u0107 fort nad rzek\u0105. Niestety! Cho\u0107by\u015bmy chcieli, nie dali\u015bmy rady, a to ju\u017c z powodu, \u017ce g\u0142\u00f3d straszliwy, a to, \u017ce autobusy je\u017cd\u017c\u0105 okropnie\u2026","rel":"","context":"W \u201eMontenegro 2013&quot;","block_context":{"text":"Montenegro 2013","link":"https:\/\/www.volen.pl\/?cat=134"},"img":{"alt_text":"","src":"","width":0,"height":0},"classes":[]},{"id":1462,"url":"https:\/\/www.volen.pl\/?p=1462","url_meta":{"origin":192,"position":5},"title":"Trzy w jednym, czyli jak wywo\u0142a\u0107 zorz\u0119 i nie zosta\u0107 ze\u017cartym przez krwio\u017cercze lemingi","author":"volen","date":"2015-10-06","format":false,"excerpt":"Czasem facet co\u015b po prostu musi zrobi\u0107. Musi. Trzeba to uszanowa\u0107. I od tego, a tak\u017ce od restauracji zacz\u0105\u0142 si\u0119 dzisiejszy poranek. A by\u0142o to tak. Ja musia\u0142em wrzuci\u0107 par\u0119 wpis\u00f3w na bloga, Pan Golonka musia\u0142 wys\u0142a\u0107 kartk\u0119 do Czarnej Wo\u0142gi. No nie ma [piiiiiiiiiiip] we wsi. Ze wzgl\u0119du na\u2026","rel":"","context":"W \u201ematuszka Rosja&quot;","block_context":{"text":"matuszka Rosja","link":"https:\/\/www.volen.pl\/?cat=210"},"img":{"alt_text":"","src":"https:\/\/i0.wp.com\/www.volen.pl\/wp-content\/uploads\/2015\/10\/VOL3056.jpg?fit=1200%2C795&ssl=1&resize=350%2C200","width":350,"height":200,"srcset":"https:\/\/i0.wp.com\/www.volen.pl\/wp-content\/uploads\/2015\/10\/VOL3056.jpg?fit=1200%2C795&ssl=1&resize=350%2C200 1x, https:\/\/i0.wp.com\/www.volen.pl\/wp-content\/uploads\/2015\/10\/VOL3056.jpg?fit=1200%2C795&ssl=1&resize=525%2C300 1.5x, https:\/\/i0.wp.com\/www.volen.pl\/wp-content\/uploads\/2015\/10\/VOL3056.jpg?fit=1200%2C795&ssl=1&resize=700%2C400 2x, https:\/\/i0.wp.com\/www.volen.pl\/wp-content\/uploads\/2015\/10\/VOL3056.jpg?fit=1200%2C795&ssl=1&resize=1050%2C600 3x"},"classes":[]}],"_links":{"self":[{"href":"https:\/\/www.volen.pl\/index.php?rest_route=\/wp\/v2\/posts\/192","targetHints":{"allow":["GET"]}}],"collection":[{"href":"https:\/\/www.volen.pl\/index.php?rest_route=\/wp\/v2\/posts"}],"about":[{"href":"https:\/\/www.volen.pl\/index.php?rest_route=\/wp\/v2\/types\/post"}],"author":[{"embeddable":true,"href":"https:\/\/www.volen.pl\/index.php?rest_route=\/wp\/v2\/users\/1"}],"replies":[{"embeddable":true,"href":"https:\/\/www.volen.pl\/index.php?rest_route=%2Fwp%2Fv2%2Fcomments&post=192"}],"version-history":[{"count":1,"href":"https:\/\/www.volen.pl\/index.php?rest_route=\/wp\/v2\/posts\/192\/revisions"}],"predecessor-version":[{"id":273,"href":"https:\/\/www.volen.pl\/index.php?rest_route=\/wp\/v2\/posts\/192\/revisions\/273"}],"wp:attachment":[{"href":"https:\/\/www.volen.pl\/index.php?rest_route=%2Fwp%2Fv2%2Fmedia&parent=192"}],"wp:term":[{"taxonomy":"category","embeddable":true,"href":"https:\/\/www.volen.pl\/index.php?rest_route=%2Fwp%2Fv2%2Fcategories&post=192"},{"taxonomy":"post_tag","embeddable":true,"href":"https:\/\/www.volen.pl\/index.php?rest_route=%2Fwp%2Fv2%2Ftags&post=192"}],"curies":[{"name":"wp","href":"https:\/\/api.w.org\/{rel}","templated":true}]}}