{"id":193,"date":"2013-08-26T04:00:00","date_gmt":"2013-08-26T02:00:00","guid":{"rendered":"http:\/\/www.volen.pl\/?p=193"},"modified":"2014-10-09T17:54:07","modified_gmt":"2014-10-09T15:54:07","slug":"gniew-zeusa","status":"publish","type":"post","link":"https:\/\/www.volen.pl\/?p=193","title":{"rendered":"Gniew Zeusa"},"content":{"rendered":"<p>Autobus z Savnika mieli\u015bmy o 12.00, co w \u015bwietle pobudki o 8.00 dawa\u0142o nam sporo czasu na poczynienie obserwacji socjologicznych. Raz, \u017ce widzieli\u015bmy wdzi\u0119czno\u015b\u0107 obs\u0142ugi hotelowej za przyjmowane bez zmru\u017cenia powieki niedogodno\u015bci, dwa, \u017ce poznali\u015bmy przynajmniej po\u0142ow\u0119 mieszka\u0144c\u00f3w Savnika chy\u0142kiem schodz\u0105cych do restauracji hotelowej by nas obejrze\u0107, trzy, \u017ce ogl\u0105dali\u015bmy dziwne zachowanie w\u0142oskiej pary, b\u0119d\u0105cej chwilowymi go\u015b\u0107mi restauracji.<br \/>Savnik po\u017cegna\u0142 nas strugami deszczu i komitetem po\u017cegnalnym z\u0142o\u017conym z najpi\u0119kniejszych mieszkanek grodu.<\/p>\n<p><img data-recalc-dims=\"1\" decoding=\"async\" alt=\"image\" src=\"https:\/\/i0.wp.com\/media.tumblr.com\/658022ee61ed6f2f62364a5d85cb79b1\/tumblr_inline_ms9c5maABB1qz4rgp.jpg\" \/><\/p>\n<p>Praktycznie ca\u0142\u0105 drog\u0119 do Risan la\u0142 deszcz i opr\u00f3cz otwieraj\u0105cych si\u0119 samoczynnie na zakr\u0119tach tylnych drzwi autobusu nie ma o czym m\u00f3wi\u0107.<\/p>\n<p><img data-recalc-dims=\"1\" decoding=\"async\" alt=\"image\" src=\"https:\/\/i0.wp.com\/media.tumblr.com\/e959742a5452cea2a6eda33e4d0df6ac\/tumblr_inline_ms9c8umdk31qz4rgp.jpg\" \/><\/p>\n<p>Z jedn\u0105 przesiadk\u0105 szcz\u0119\u015bliwie dojechali\u015bmy do Herceg Novi, gdzie z przystanku zdj\u0119\u0142a nas wyszczekana po angielsku ma\u0142olata do szcz\u0119tu deklasuj\u0105c starsze kole\u017canki: dziewczyna mia\u0142a wszyskie apartamenty w ka\u017cdym miejscu miasta.<br \/>Po kr\u00f3tkim okre\u015bleniu naszych wymaga\u0144 trafili\u015bmy do apartamentu tu\u017c przy starym mie\u015bcie. Po uregulowaniu nale\u017cno\u015bci, gdy zostali\u015bmy sami i zacz\u0119li\u015bmy robi\u0107 lekkie przemeblowanie, znienacka pojawi\u0142a si\u0119 kobieta w sile wieku i oznajmi\u0142a, \u017ce jest w\u0142a\u015bcicielk\u0105 nieruchomo\u015bci, oczyma zadaj\u0105c bezwzgl\u0119dne pytania kim jeste\u015bmy i co tu robimy? Na szcz\u0119\u015bcie wszystko si\u0119 wyja\u015bni\u0142o.<\/p>\n<p>W mieszkaniu wida\u0107 ewidentnie brak m\u0119skiej r\u0119ki (lu\u017ane krany i por\u0119cze, niezamykaj\u0105ce si\u0119 zamki, ciekn\u0105ca toaleta), ale blisko\u015b\u0107 starego miasta (35m.) rekompensowa\u0142a wszystkie niedogodno\u015bci.<\/p>\n<p><img data-recalc-dims=\"1\" decoding=\"async\" alt=\"image\" src=\"https:\/\/i0.wp.com\/media.tumblr.com\/810b852f9a8f0c7badcbc201ec3243de\/tumblr_inline_ms9ccblAjA1qz4rgp.jpg\" \/><\/p>\n<p>Po pobycie w g\u00f3rach pragn\u0119li\u015bmy jedynie wyk\u0105pa\u0107 si\u0119 w morzu i co\u015b zje\u015b\u0107. Ca\u0142ym sercem odradzamy spo\u017cywanie czegokolwiek kupionego w jakiejkolwiek restauracji po\u0142o\u017conej na Trg Nikole Durkovica. \u017barcie tam sprzedaj\u0105 pod\u0142e, wymagaj\u0105ce solidnego podlania piwem, raz by zje\u015b\u0107, dwa by strawi\u0107.<\/p>\n<p><img data-recalc-dims=\"1\" decoding=\"async\" alt=\"image\" src=\"https:\/\/i0.wp.com\/media.tumblr.com\/736bb7d78bb2b4c7b1f769ca3b6773ea\/tumblr_inline_ms9caq7HuS1qz4rgp.jpg\" \/><\/p>\n<p>Szkoda kasy. Lepiej kupi\u0107 w supermarkecie. <br \/>Dzie\u0144 w autobusach da\u0142 si\u0119 nam we znaki, parszywe jedzenie r\u00f3wnie\u017c, poszli\u015bmy wi\u0119c spa\u0107, ufaj\u0105c, i\u017c tym razem nic nam w tym nie przeszkodzi&#8230;<\/p>\n<p>.<\/p>\n<p>w p\u00f3\u0142 nocy, zaraz jake\u015bmy zasn\u0119li, przysz\u0142a burza. Ale nie taka sobie burza, z jak\u0105 mamy do czynienia w naszym pi\u0119knym kraju. To by\u0142a Burza. Mama wszystkich burz. Tych, co to jeszcze nie huragan. Powiedzie\u0107, \u017ce woda la\u0142a si\u0119 z nieba to ma\u0142o. Wyj\u015bcie na dw\u00f3r mo\u017cna por\u00f3wna\u0107 do skoku do basenu. B\u0142yskawice wali\u0142y jak ze stroboskopu, basowy grzmot piorun\u00f3w przestawia\u0142 \u0142\u00f3\u017cko na pod\u0142odze.<\/p>\n<p>A jak przesta\u0142 pada\u0107 deszcz, dla odmiany sypn\u0119\u0142o gradem wielko\u015bci grochu. Albo B\u00f3g nie lubi Herceg Novi, albo przywlekli\u015bmy pogod\u0119 ze sob\u0105&#8230; nie wyspali\u015bmy si\u0119 zanadto.<\/p>\n","protected":false},"excerpt":{"rendered":"<p>Autobus z Savnika mieli\u015bmy o 12.00, co w \u015bwietle pobudki o 8.00 dawa\u0142o nam sporo&#8230;<\/p>\n<div class=\"more-link-wrapper\"><a class=\"more-link\" href=\"https:\/\/www.volen.pl\/?p=193\">Read the post<span class=\"screen-reader-text\">Gniew Zeusa<\/span><\/a><\/div>\n","protected":false},"author":1,"featured_media":0,"comment_status":"closed","ping_status":"closed","sticky":false,"template":"","format":"standard","meta":{"_crdt_document":"","jetpack_post_was_ever_published":false,"_jetpack_newsletter_access":"","_jetpack_dont_email_post_to_subs":false,"_jetpack_newsletter_tier_id":0,"_jetpack_memberships_contains_paywalled_content":false,"_jetpack_memberships_contains_paid_content":false,"footnotes":"","jetpack_publicize_message":"","jetpack_publicize_feature_enabled":true,"jetpack_social_post_already_shared":true,"jetpack_social_options":{"image_generator_settings":{"template":"highway","default_image_id":0,"font":"","enabled":false},"version":2}},"categories":[134,93],"tags":[59,62,58,60,64],"class_list":["post-193","post","type-post","status-publish","format-standard","hentry","category-montenegro-2013","category-nawariata","tag-czarnogora","tag-herceg-novi","tag-montenegro","tag-podroze","tag-savnik","excerpt","zoom","full-without-featured","even","excerpt-0"],"jetpack_publicize_connections":[],"jetpack_featured_media_url":"","jetpack_shortlink":"https:\/\/wp.me\/p4lAri-37","jetpack_sharing_enabled":true,"jetpack-related-posts":[{"id":191,"url":"https:\/\/www.volen.pl\/?p=191","url_meta":{"origin":193,"position":0},"title":"Wielki Powr\u00f3t do Domu","author":"volen","date":"2013-08-28","format":false,"excerpt":"bo wsz\u0119dzie dobrze, ale w domu najlepiej. Tak wi\u0119c powr\u00f3t rozpocz\u0105\u0142 si\u0119 z rana w Herceg Novi, gdzie bez zb\u0119dnego po\u015bpiechu spakowali\u015bmy si\u0119, zjedli\u015bmy ma\u0142e co nieco oraz zapili\u015bmy kaw\u0105, po czym ruszyli\u015bmy szuka\u0107 transportu do Tivat. W tym miejscu, w Herceg Novi, m\u00f3j Kot postanowi\u0142 po\u017cegna\u0107 swoje ulubione podr\u00f3\u017cne\u2026","rel":"","context":"W \u201eMontenegro 2013&quot;","block_context":{"text":"Montenegro 2013","link":"https:\/\/www.volen.pl\/?cat=134"},"img":{"alt_text":"","src":"","width":0,"height":0},"classes":[]},{"id":203,"url":"https:\/\/www.volen.pl\/?p=203","url_meta":{"origin":193,"position":1},"title":"Tr\u00f3jmiejska Grupa Wypadowa","author":"volen","date":"2013-08-16","format":false,"excerpt":"I pojechali. Samolotem do Warszawy, gdzie w SO!Coffee spili\u015bmy czytaj\u0105c dziwne jakiesik cuda, a potem r\u00f3wnie\u017c samolotem do Belgradu, gdzie z kolei postanowili\u015bmy za namow\u0105 Miko\u0142aja, obejrze\u0107 fort nad rzek\u0105. Niestety! Cho\u0107by\u015bmy chcieli, nie dali\u015bmy rady, a to ju\u017c z powodu, \u017ce g\u0142\u00f3d straszliwy, a to, \u017ce autobusy je\u017cd\u017c\u0105 okropnie\u2026","rel":"","context":"W \u201eMontenegro 2013&quot;","block_context":{"text":"Montenegro 2013","link":"https:\/\/www.volen.pl\/?cat=134"},"img":{"alt_text":"","src":"","width":0,"height":0},"classes":[]},{"id":192,"url":"https:\/\/www.volen.pl\/?p=192","url_meta":{"origin":193,"position":2},"title":"Herceg Novi Jazz Festival","author":"volen","date":"2013-08-27","format":false,"excerpt":"Po nocnej burzy spali\u015bmy jak, nie przymierzaj\u0105c, kot Bonifacy, a\u017c do 9.15. Wreszcie zjedli\u015bmy normalne \u015bniadanie i wypili\u015bmy normaln\u0105 kaw\u0119. Normaln\u0105, oczywi\u015bcie, w granicach dost\u0119pnego nam asortymentu. Po\u0142udniowcy wszelakiej ma\u015bci miel\u0105 kaw\u0119 na py\u0142. By\u0142o tak w Turcji, Rumunii, W\u0142oszech, jest tak i w Czarnog\u00f3rze. Py\u0142 ten nie jest przeznaczony\u2026","rel":"","context":"W \u201eMontenegro 2013&quot;","block_context":{"text":"Montenegro 2013","link":"https:\/\/www.volen.pl\/?cat=134"},"img":{"alt_text":"","src":"","width":0,"height":0},"classes":[]},{"id":202,"url":"https:\/\/www.volen.pl\/?p=202","url_meta":{"origin":193,"position":3},"title":"Lazy day","author":"volen","date":"2013-08-17","format":false,"excerpt":"I tak nadszed\u0142 dzie\u0144 pierwszy naszej wycieczki. Poranek przywita\u0142 nas smrodem rozk\u0142adaj\u0105cych si\u0119 glon\u00f3w, a \u00f3w trwa\u0142 przez ca\u0142y dzie\u0144 i nic nie zapowiada zmian. Z rana postanowili\u015bmy przej\u015b\u0107 si\u0119 odrobink\u0119 brzegiem morza, obejrzeli\u015bmy \u017caglowiec, stoczni\u0119, \u0142odzie podwodne i inne atrakcje, k\u0105pi\u0105c si\u0119 w mi\u0119dzy czasie w solance adriatyckiej. \u017bar\u2026","rel":"","context":"W \u201eMontenegro 2013&quot;","block_context":{"text":"Montenegro 2013","link":"https:\/\/www.volen.pl\/?cat=134"},"img":{"alt_text":"","src":"","width":0,"height":0},"classes":[]},{"id":198,"url":"https:\/\/www.volen.pl\/?p=198","url_meta":{"origin":193,"position":4},"title":"Stan ca\u0142kowitego upodlenia","author":"volen","date":"2013-08-21","format":false,"excerpt":"Ruszyli\u015bmy o barbarzy\u0144skiej porze do Virpazar, nad Jezioro Szkoderskie, z przesiadk\u0105 w Barze (logika nie jest nasz\u0105 najmocniejsz\u0105 stron\u0105). Autobus delikatnie zwolni\u0142, wyrzuci\u0142 nas i nasze plecaki prosto w obj\u0119cia najstarszego cz\u0142owieka w okolicy, w\u0142a\u015bciciela hotelu Pelikan. Hotelowa recepcjonistka na nasz\u0105 pro\u015bb\u0119 o map\u0119 okolicy, wyprowadzi\u0142a nas na pr\u00f3g i\u2026","rel":"","context":"W \u201eMontenegro 2013&quot;","block_context":{"text":"Montenegro 2013","link":"https:\/\/www.volen.pl\/?cat=134"},"img":{"alt_text":"","src":"","width":0,"height":0},"classes":[]},{"id":194,"url":"https:\/\/www.volen.pl\/?p=194","url_meta":{"origin":193,"position":5},"title":"\u015amier\u0107 miasta","author":"volen","date":"2013-08-25","format":false,"excerpt":"Gospodarzy ni widu ni s\u0142ychu, klucze ostawili\u015bmy w zamku po czym, pomni ostatnich wydarze\u0144, pomkn\u0119li\u015bmy na autobusow\u0105 stanic\u0119. Pij\u0105c po drodze kaw\u0119 i zaopatruj\u0105c si\u0119 w jogurt marki \u201cMoja Krwawica\u201d, jako jedni z pierwszych zaj\u0119li\u015bmy miejsca w autobusie, twardo znosz\u0105c upa\u0142 i niewygod\u0119, do czasu a\u017c klimatyzacja zacz\u0119\u0142a dzia\u0142a\u0107. Wysiedli\u015bmy\u2026","rel":"","context":"W \u201eMontenegro 2013&quot;","block_context":{"text":"Montenegro 2013","link":"https:\/\/www.volen.pl\/?cat=134"},"img":{"alt_text":"","src":"","width":0,"height":0},"classes":[]}],"_links":{"self":[{"href":"https:\/\/www.volen.pl\/index.php?rest_route=\/wp\/v2\/posts\/193","targetHints":{"allow":["GET"]}}],"collection":[{"href":"https:\/\/www.volen.pl\/index.php?rest_route=\/wp\/v2\/posts"}],"about":[{"href":"https:\/\/www.volen.pl\/index.php?rest_route=\/wp\/v2\/types\/post"}],"author":[{"embeddable":true,"href":"https:\/\/www.volen.pl\/index.php?rest_route=\/wp\/v2\/users\/1"}],"replies":[{"embeddable":true,"href":"https:\/\/www.volen.pl\/index.php?rest_route=%2Fwp%2Fv2%2Fcomments&post=193"}],"version-history":[{"count":1,"href":"https:\/\/www.volen.pl\/index.php?rest_route=\/wp\/v2\/posts\/193\/revisions"}],"predecessor-version":[{"id":274,"href":"https:\/\/www.volen.pl\/index.php?rest_route=\/wp\/v2\/posts\/193\/revisions\/274"}],"wp:attachment":[{"href":"https:\/\/www.volen.pl\/index.php?rest_route=%2Fwp%2Fv2%2Fmedia&parent=193"}],"wp:term":[{"taxonomy":"category","embeddable":true,"href":"https:\/\/www.volen.pl\/index.php?rest_route=%2Fwp%2Fv2%2Fcategories&post=193"},{"taxonomy":"post_tag","embeddable":true,"href":"https:\/\/www.volen.pl\/index.php?rest_route=%2Fwp%2Fv2%2Ftags&post=193"}],"curies":[{"name":"wp","href":"https:\/\/api.w.org\/{rel}","templated":true}]}}