{"id":196,"date":"2013-08-23T04:00:00","date_gmt":"2013-08-23T02:00:00","guid":{"rendered":"http:\/\/www.volen.pl\/?p=196"},"modified":"2014-10-09T17:54:08","modified_gmt":"2014-10-09T15:54:08","slug":"czarci-paluch","status":"publish","type":"post","link":"https:\/\/www.volen.pl\/?p=196","title":{"rendered":"Czarci paluch"},"content":{"rendered":"<p>Zaraz po obudzeniu zostali\u015bmy zaszczyceni fili\u017cank\u0105 kawy: gospodyni powa\u017cnie podesz\u0142a do naszych pr\u00f3\u015bb i pami\u0119ta\u0142a, \u017ce bez kawy ze mn\u0105 si\u0119 nie pogada. Wypili\u015bmy wi\u0119c kaw\u0119, po czym pozbierali\u015bmy graty i poszli\u015bmy szuka\u0107 transportu do kanionu Tary. Oczywi\u015bcie okaza\u0142o si\u0119 na samym pocz\u0105tku, i\u017c gospodarze mieli nieaktualne informacje co do godzin odjazd\u00f3w, mieli\u015bmy 1,5h przed sob\u0105, wi\u0119c zakupili\u015bmy wiktua\u0142y i pow\u0119drowali\u015bmy w stron\u0119 kanionu, by \u0142apa\u0107 stopa.<\/p>\n<p>\u015aniadanko zjedli\u015bmy na przydro\u017cnym kamieniu, po czym, rozgl\u0105daj\u0105c si\u0119 czujnie dooko\u0142a stwierdzi\u0142em, \u017ce b\u0119d\u0105 potrzebne kurtki przeciwdeszczowe, kt\u00f3rych, rozumie si\u0119, nie mieli\u015bmy. Wr\u00f3cili\u015bmy na miasto szuka\u0107 p\u0142aszczyk\u00f3w, czym wzbudzili\u015bmy pop\u0142och w\u015br\u00f3d krajowc\u00f3w: \u017caden sprzedawca nic nie mia\u0142 na stanie. Kr\u0119c\u0105c si\u0119 bez sensu po mie\u015bcie zmitr\u0119\u017cyli\u015bmy godzin\u0119, czym popsu\u0142em koci nastr\u00f3j. Zbli\u017ca\u0142a si\u0119 godzina odjazdu kolejnego autobusu w stron\u0119 kanionu (kierunek Pljevlja), wi\u0119c pocz\u0142apali\u015bmy na przystanek. Tu znowu da\u0142a o sobie zna\u0107 moja przewrotna natura: usiedli\u015bmy odrobin\u0119 dalej, by z\u0142apa\u0107 wie\u015bci z netu. W tym czasie autobus wzi\u0105\u0142 i pojecha\u0142, a my siedzieli\u015bmy spokojnie, jak gdyby nigdy nic. Po 11-tej, zaniepokojeni brakiem autobusu zacz\u0119li\u015bmy si\u0119 rozpytywa\u0107, no i oczywi\u015bcie, wiadomo\u015b\u0107 o tym, \u017ce jak pajace siedzieli\u015bmy, a maszyna odjecha\u0142a, do reszty zgn\u0119bi\u0142a nasz humor.<br \/>Doszed\u0142em do wniosku, \u017ce to musi by\u0107 czarci palec w tym, czyja\u015b z\u0142a wola i nale\u017cy j\u0105 odczarowa\u0107. Z\u0142apa\u0142em taks\u00f3wk\u0119, potargowa\u0142em si\u0119 z kierowc\u0105 i za makabryczn\u0105 kwot\u0119 dojechali\u015bmy w ko\u0144cu nad kanion.<br \/>Przepych. Szale\u0144stwo.<\/p>\n<p>Cud natury.<\/p>\n<p><img data-recalc-dims=\"1\" decoding=\"async\" alt=\"image\" src=\"https:\/\/i0.wp.com\/media.tumblr.com\/0d41463346e8f1535c86342ca70bf781\/tumblr_inline_ms0y8nryPY1qz4rgp.jpg\" \/><\/p>\n<p>I in\u017cynierii cz\u0142owieczej sprzed p\u00f3\u0142 wieku. Kanion, palce liza\u0107. Most &#8211; tony betonu, aczkolwiek wygl\u0105da lekko.<\/p>\n<p><img data-recalc-dims=\"1\" decoding=\"async\" alt=\"image\" src=\"https:\/\/i0.wp.com\/media.tumblr.com\/20aac83af8b52956daec07a1b20c145e\/tumblr_inline_ms0y9wkmdR1qz4rgp.jpg\" \/><\/p>\n<p>Rzeczka na dole p\u0142ynie przepi\u0119knie seledynowa. Ludziska nad kanionem na linach rozpi\u0119tych je\u017cd\u017c\u0105 z jednego brzegu na drugi. Wsz\u0119dzie drogowskazy na rafting. Szale\u0144stwo i przepych. Rosjanie, Niemcy, Polacy, Chorwaci, W\u0119grzy, Czarnog\u00f3rcy chodz\u0105 po mo\u015bcie, robi\u0105 filmy i zdj\u0119cia, \u015bwiat pulsuje, cuda.<\/p>\n<p>No i tylko jako\u015b czego\u015b tu brak. Wszyscy siedz\u0105 na tym samym mo\u015bcie, maj\u0105 te same uj\u0119cia, takie same filmy, jedyna r\u00f3\u017cnica to Ci, kt\u00f3rzy na tych linkach dyndaj\u0105, ale to nie dla mnie zabawa, za stary dziad jestem, \u017ceby mnie na tani\u0105 adrenalin\u0119 bra\u0107.<\/p>\n<p>Zacz\u0119li\u015bmy szuka\u0107 zej\u015bcia do Tary, bo co to za odwiedziny kanionu, jak si\u0119 go z g\u00f3ry jedynie ogl\u0105da? Zej\u015bcie by\u0142o, do p\u00f3\u0142 trasy literalnie, dalej ni w choler\u0119, las, trzeba si\u0119 by\u0142o przez dzikie chaszcze zsuwa\u0107, potem przez lasek ciernistych drzewek, a na koniec po \u015bcianie skalnej pazurami si\u0119 czepia\u0107, by nie zwali\u0107 si\u0119 na \u0142eb, na szyj\u0119.<\/p>\n<p>Ale warto by\u0142o.<\/p>\n<p><img data-recalc-dims=\"1\" decoding=\"async\" alt=\"image\" src=\"https:\/\/i0.wp.com\/media.tumblr.com\/3400d042582c082fd41335b47f659491\/tumblr_inline_ms0yhbzUQs1qz4rgp.jpg\" \/><\/p>\n<p>Tary dotkn\u0119li\u015bmy, pomoczyli\u015bmy nogi i r\u0119ce, popla\u017cowali\u015bmy,<\/p>\n<p><img data-recalc-dims=\"1\" decoding=\"async\" alt=\"image\" src=\"https:\/\/i0.wp.com\/media.tumblr.com\/bd8e882aca0748b8a15e4b90425dd576\/tumblr_inline_ms0yddTqfa1qz4rgp.jpg\" \/><\/p>\n<p>zobaczyli\u015bmy ze trzy pontony raftinguj\u0105ce z biegiem rzeczki, czterech w\u0119dkarzy i dwie \u017cmije zygzakowate, kt\u00f3rych bezbrze\u017cne zdumienie w kaprawych oczach warte by\u0142o tego, by schodzi\u0107 na sam d\u00f3\u0142.<\/p>\n<p><img data-recalc-dims=\"1\" decoding=\"async\" alt=\"image\" src=\"https:\/\/i0.wp.com\/media.tumblr.com\/4729bf7d500fa70fbed949d73063fa7c\/tumblr_inline_ms0yexUGF21qz4rgp.jpg\" \/><\/p>\n<p>Po dw\u00f3ch godzinach weso\u0142ego zdj\u0119\u0107 pstrykania i moczenia st\u00f3p us\u0142yszeli\u015bmy grzmoty nadchodz\u0105cej burzy, wi\u0119c w pami\u0119ci maj\u0105c brak odpowiedniego przyodziewku, zebrali\u015bmy si\u0119 w\u0142azi\u0107 pod g\u00f3r\u0119.<br \/>Do\u015b\u0107 napisa\u0107, \u017ce uda\u0142o si\u0119 wej\u015b\u0107, gdy\u017c drogi tej przez m\u0119k\u0119 nie odda moje niewprawne pi\u00f3ro. Mokrzy od potu, mokrzy od deszczu, mokrzy od krwi, zm\u0119czeni jak psy, wle\u017ali\u015bmy nazad na g\u00f3r\u0119 po to, by akurat w kilka minut przyjecha\u0142 autobus i nas wzi\u0105\u0142 do domu. Ot, czarci los si\u0119 odwr\u00f3ci\u0142, szcz\u0119\u015bcie znowu przybieg\u0142o weso\u0142o merdaj\u0105c ogonem, a my dotarli\u015bmy do \u017babljaku, ostawili\u015bmy doma sprz\u0119t i poszli\u015bmy do pekary (piekarni) zakupi\u0107 kolacj\u0119, a do Voli zakupi\u0107 co\u015b do kolacji.<br \/>Teraz wyk\u0105pani i pachn\u0105cy siedzimy na \u0142\u00f3\u017cku, mimo \u017ce jest dopiero 19.30. Czego i Wam \u017cyczymy.<\/p>\n","protected":false},"excerpt":{"rendered":"<p>Zaraz po obudzeniu zostali\u015bmy zaszczyceni fili\u017cank\u0105 kawy: gospodyni powa\u017cnie podesz\u0142a do naszych pr\u00f3\u015bb i pami\u0119ta\u0142a,&#8230;<\/p>\n<div class=\"more-link-wrapper\"><a class=\"more-link\" href=\"https:\/\/www.volen.pl\/?p=196\">Read the post<span class=\"screen-reader-text\">Czarci paluch<\/span><\/a><\/div>\n","protected":false},"author":1,"featured_media":0,"comment_status":"closed","ping_status":"closed","sticky":false,"template":"","format":"standard","meta":{"_crdt_document":"","jetpack_post_was_ever_published":false,"_jetpack_newsletter_access":"","_jetpack_dont_email_post_to_subs":false,"_jetpack_newsletter_tier_id":0,"_jetpack_memberships_contains_paywalled_content":false,"_jetpack_memberships_contains_paid_content":false,"footnotes":"","jetpack_publicize_message":"","jetpack_publicize_feature_enabled":true,"jetpack_social_post_already_shared":true,"jetpack_social_options":{"image_generator_settings":{"template":"highway","default_image_id":0,"font":"","enabled":false},"version":2}},"categories":[134,93],"tags":[59,58,60,66,65],"class_list":["post-196","post","type-post","status-publish","format-standard","hentry","category-montenegro-2013","category-nawariata","tag-czarnogora","tag-montenegro","tag-podroze","tag-tara","tag-zabljak","excerpt","zoom","full-without-featured","even","excerpt-0"],"jetpack_publicize_connections":[],"jetpack_featured_media_url":"","jetpack_shortlink":"https:\/\/wp.me\/p4lAri-3a","jetpack_sharing_enabled":true,"jetpack-related-posts":[{"id":652,"url":"https:\/\/www.volen.pl\/?p=652","url_meta":{"origin":196,"position":0},"title":"Szlag trafia ca\u0142y bezplan","author":"volen","date":"2014-10-16","format":false,"excerpt":"Mia\u0142o by\u0107 tak pi\u0119knie. Mieli\u015bmy si\u0119 w tej Bogocie unurza\u0107 i obtoczy\u0107, mieli\u015bmy zosta\u0107 posypani kolumbijsk\u0105 panierk\u0105. Ale LAN ten ca\u0142y, to banda ludzi pod\u0142ych i ma\u0142ostkowych. I nieczu\u0142ych. I bez serca. Niszcz\u0105 w cz\u0142owieku wszystko, co romantyczne, spontaniczne i niespodziewane. Ale po kolei... Wyl\u0105dowali\u015bmy, uderzy\u0142o w nas gor\u0105ce, po\u0142udniowoameryka\u0144skie\u2026","rel":"","context":"W \u201ea la conquista de Am\u00e9rica&quot;","block_context":{"text":"a la conquista de Am\u00e9rica","link":"https:\/\/www.volen.pl\/?cat=138"},"img":{"alt_text":"","src":"https:\/\/i0.wp.com\/www.volen.pl\/wp-content\/uploads\/2014\/10\/odcisk-bogota-DSC_00432-miniatura.jpg?fit=1200%2C970&ssl=1&resize=350%2C200","width":350,"height":200,"srcset":"https:\/\/i0.wp.com\/www.volen.pl\/wp-content\/uploads\/2014\/10\/odcisk-bogota-DSC_00432-miniatura.jpg?fit=1200%2C970&ssl=1&resize=350%2C200 1x, https:\/\/i0.wp.com\/www.volen.pl\/wp-content\/uploads\/2014\/10\/odcisk-bogota-DSC_00432-miniatura.jpg?fit=1200%2C970&ssl=1&resize=525%2C300 1.5x, https:\/\/i0.wp.com\/www.volen.pl\/wp-content\/uploads\/2014\/10\/odcisk-bogota-DSC_00432-miniatura.jpg?fit=1200%2C970&ssl=1&resize=700%2C400 2x, https:\/\/i0.wp.com\/www.volen.pl\/wp-content\/uploads\/2014\/10\/odcisk-bogota-DSC_00432-miniatura.jpg?fit=1200%2C970&ssl=1&resize=1050%2C600 3x"},"classes":[]},{"id":926,"url":"https:\/\/www.volen.pl\/?p=926","url_meta":{"origin":196,"position":1},"title":"do Pacanowa","author":"volen","date":"2014-10-29","format":false,"excerpt":"Postanowili\u015bmy skorzysta\u0107 z dobrodziejstw cywilizacji przed wyjazdem i d\u0142u\u017csz\u0105 podr\u00f3\u017c\u0105, tak wi\u0119c od rana k\u0142\u0119by pary bucha\u0142y spod naszego prysznica. Chcieli\u015bmy si\u0119 umy\u0107 na za\u015b, by starczy\u0142o z Ameryki do Europy. Aque caliente weso\u0142o bulgota\u0142a w \u0142azience, tako\u017c i w kuchni, gdzie robili\u015bmy kaw\u0119. Zgrubny plan by\u0142 taki, by wypi\u0107\u2026","rel":"","context":"W \u201ea la conquista de Am\u00e9rica&quot;","block_context":{"text":"a la conquista de Am\u00e9rica","link":"https:\/\/www.volen.pl\/?cat=138"},"img":{"alt_text":"","src":"https:\/\/i0.wp.com\/www.volen.pl\/wp-content\/uploads\/2014\/11\/DSC1948.jpg?fit=1200%2C795&ssl=1&resize=350%2C200","width":350,"height":200,"srcset":"https:\/\/i0.wp.com\/www.volen.pl\/wp-content\/uploads\/2014\/11\/DSC1948.jpg?fit=1200%2C795&ssl=1&resize=350%2C200 1x, https:\/\/i0.wp.com\/www.volen.pl\/wp-content\/uploads\/2014\/11\/DSC1948.jpg?fit=1200%2C795&ssl=1&resize=525%2C300 1.5x, https:\/\/i0.wp.com\/www.volen.pl\/wp-content\/uploads\/2014\/11\/DSC1948.jpg?fit=1200%2C795&ssl=1&resize=700%2C400 2x, https:\/\/i0.wp.com\/www.volen.pl\/wp-content\/uploads\/2014\/11\/DSC1948.jpg?fit=1200%2C795&ssl=1&resize=1050%2C600 3x"},"classes":[]},{"id":191,"url":"https:\/\/www.volen.pl\/?p=191","url_meta":{"origin":196,"position":2},"title":"Wielki Powr\u00f3t do Domu","author":"volen","date":"2013-08-28","format":false,"excerpt":"bo wsz\u0119dzie dobrze, ale w domu najlepiej. Tak wi\u0119c powr\u00f3t rozpocz\u0105\u0142 si\u0119 z rana w Herceg Novi, gdzie bez zb\u0119dnego po\u015bpiechu spakowali\u015bmy si\u0119, zjedli\u015bmy ma\u0142e co nieco oraz zapili\u015bmy kaw\u0105, po czym ruszyli\u015bmy szuka\u0107 transportu do Tivat. W tym miejscu, w Herceg Novi, m\u00f3j Kot postanowi\u0142 po\u017cegna\u0107 swoje ulubione podr\u00f3\u017cne\u2026","rel":"","context":"W \u201eMontenegro 2013&quot;","block_context":{"text":"Montenegro 2013","link":"https:\/\/www.volen.pl\/?cat=134"},"img":{"alt_text":"","src":"","width":0,"height":0},"classes":[]},{"id":231,"url":"https:\/\/www.volen.pl\/?p=231","url_meta":{"origin":196,"position":3},"title":"Achalciche Vardzia i z powrotem","author":"volen","date":"2012-10-06","format":false,"excerpt":"Mieli\u015bmy wsta\u0107 z rana, ale wy\u0142\u0105czony telefon nie budzi, o czym osobi\u015bcie zapomnia\u0142em i nikt nigdy nie dowie si\u0119, czy zrobi\u0142em to z premedytacj\u0105, czy przez zapomnienie. Mniejsza o to. Po \u015bniadaniu poszli\u015bmy na ulic\u0119 \u0142apa\u0107 marszrutk\u0119 do Achalciche. Za drugim strza\u0142em uda\u0142o si\u0119. Wspomnienie tej podr\u00f3\u017cy na d\u0142ugo zapisze\u2026","rel":"","context":"W \u201e7000km - 2012&quot;","block_context":{"text":"7000km - 2012","link":"https:\/\/www.volen.pl\/?cat=135"},"img":{"alt_text":"","src":"https:\/\/i0.wp.com\/www.volen.pl\/wp-content\/uploads\/2016\/01\/DSC_6450.jpg?fit=1200%2C795&ssl=1&resize=350%2C200","width":350,"height":200,"srcset":"https:\/\/i0.wp.com\/www.volen.pl\/wp-content\/uploads\/2016\/01\/DSC_6450.jpg?fit=1200%2C795&ssl=1&resize=350%2C200 1x, https:\/\/i0.wp.com\/www.volen.pl\/wp-content\/uploads\/2016\/01\/DSC_6450.jpg?fit=1200%2C795&ssl=1&resize=525%2C300 1.5x, https:\/\/i0.wp.com\/www.volen.pl\/wp-content\/uploads\/2016\/01\/DSC_6450.jpg?fit=1200%2C795&ssl=1&resize=700%2C400 2x, https:\/\/i0.wp.com\/www.volen.pl\/wp-content\/uploads\/2016\/01\/DSC_6450.jpg?fit=1200%2C795&ssl=1&resize=1050%2C600 3x"},"classes":[]},{"id":227,"url":"https:\/\/www.volen.pl\/?p=227","url_meta":{"origin":196,"position":4},"title":"Trabzon, miasto tureckie","author":"volen","date":"2012-10-10","format":false,"excerpt":"Ko\u0144czy si\u0119 pierwszy ca\u0142kowicie turecki dzie\u0144 wyprawy. \u015aniadanie jak w Europie, do wyboru, st\u00f3\u0142 szwedzki. By\u0142o wszystko, ser, jajka, mortadela itp. ale NIE BY\u0141O KAWY! Dziki kraj. By\u0142a za to herbata, od kt\u00f3rej serce staje. Deszcz w nocy te\u017c usta\u0142. Mieli\u015bmy dzi\u015b jecha\u0107 z dwoma Turkami na zwiedzanie pobliskiego monastyru,\u2026","rel":"","context":"W \u201e7000km - 2012&quot;","block_context":{"text":"7000km - 2012","link":"https:\/\/www.volen.pl\/?cat=135"},"img":{"alt_text":"","src":"https:\/\/i0.wp.com\/www.volen.pl\/wp-content\/uploads\/2012\/10\/DSC_7396.jpg?fit=1200%2C795&ssl=1&resize=350%2C200","width":350,"height":200,"srcset":"https:\/\/i0.wp.com\/www.volen.pl\/wp-content\/uploads\/2012\/10\/DSC_7396.jpg?fit=1200%2C795&ssl=1&resize=350%2C200 1x, https:\/\/i0.wp.com\/www.volen.pl\/wp-content\/uploads\/2012\/10\/DSC_7396.jpg?fit=1200%2C795&ssl=1&resize=525%2C300 1.5x, https:\/\/i0.wp.com\/www.volen.pl\/wp-content\/uploads\/2012\/10\/DSC_7396.jpg?fit=1200%2C795&ssl=1&resize=700%2C400 2x, https:\/\/i0.wp.com\/www.volen.pl\/wp-content\/uploads\/2012\/10\/DSC_7396.jpg?fit=1200%2C795&ssl=1&resize=1050%2C600 3x"},"classes":[]},{"id":1379,"url":"https:\/\/www.volen.pl\/?p=1379","url_meta":{"origin":196,"position":5},"title":"Zjazd&#8230;","author":"volen","date":"2015-09-24","format":false,"excerpt":"Gor\u0105cy news!!!, w jednym ze sklep\u00f3w sieciowych odm\u00f3wiono Kapitanowi sprzeda\u017cy piwa po 22.00! Byli\u015bmy zszokowani. Cho\u0107 nie na tyle, by nie spr\u00f3bowa\u0107 gdzie indziej - azjaci sprzedali bez problemu, wi\u0119c odzyskali\u015bmy wiar\u0119 w Rosj\u0119. Ale robi\u0142o si\u0119 ju\u017c gor\u0105co. Dzisiaj to ten dzie\u0144, w kt\u00f3rym w\u0142a\u015bciwie nic mi si\u0119 nie\u2026","rel":"","context":"W \u201ematuszka Rosja&quot;","block_context":{"text":"matuszka Rosja","link":"https:\/\/www.volen.pl\/?cat=210"},"img":{"alt_text":"","src":"https:\/\/i0.wp.com\/www.volen.pl\/wp-content\/uploads\/2015\/09\/j%C4%99zyk-angielski-trudna-j%C4%99zyk-_VOL2292.jpg?fit=1200%2C795&ssl=1&resize=350%2C200","width":350,"height":200,"srcset":"https:\/\/i0.wp.com\/www.volen.pl\/wp-content\/uploads\/2015\/09\/j%C4%99zyk-angielski-trudna-j%C4%99zyk-_VOL2292.jpg?fit=1200%2C795&ssl=1&resize=350%2C200 1x, https:\/\/i0.wp.com\/www.volen.pl\/wp-content\/uploads\/2015\/09\/j%C4%99zyk-angielski-trudna-j%C4%99zyk-_VOL2292.jpg?fit=1200%2C795&ssl=1&resize=525%2C300 1.5x, https:\/\/i0.wp.com\/www.volen.pl\/wp-content\/uploads\/2015\/09\/j%C4%99zyk-angielski-trudna-j%C4%99zyk-_VOL2292.jpg?fit=1200%2C795&ssl=1&resize=700%2C400 2x, https:\/\/i0.wp.com\/www.volen.pl\/wp-content\/uploads\/2015\/09\/j%C4%99zyk-angielski-trudna-j%C4%99zyk-_VOL2292.jpg?fit=1200%2C795&ssl=1&resize=1050%2C600 3x"},"classes":[]}],"_links":{"self":[{"href":"https:\/\/www.volen.pl\/index.php?rest_route=\/wp\/v2\/posts\/196","targetHints":{"allow":["GET"]}}],"collection":[{"href":"https:\/\/www.volen.pl\/index.php?rest_route=\/wp\/v2\/posts"}],"about":[{"href":"https:\/\/www.volen.pl\/index.php?rest_route=\/wp\/v2\/types\/post"}],"author":[{"embeddable":true,"href":"https:\/\/www.volen.pl\/index.php?rest_route=\/wp\/v2\/users\/1"}],"replies":[{"embeddable":true,"href":"https:\/\/www.volen.pl\/index.php?rest_route=%2Fwp%2Fv2%2Fcomments&post=196"}],"version-history":[{"count":1,"href":"https:\/\/www.volen.pl\/index.php?rest_route=\/wp\/v2\/posts\/196\/revisions"}],"predecessor-version":[{"id":277,"href":"https:\/\/www.volen.pl\/index.php?rest_route=\/wp\/v2\/posts\/196\/revisions\/277"}],"wp:attachment":[{"href":"https:\/\/www.volen.pl\/index.php?rest_route=%2Fwp%2Fv2%2Fmedia&parent=196"}],"wp:term":[{"taxonomy":"category","embeddable":true,"href":"https:\/\/www.volen.pl\/index.php?rest_route=%2Fwp%2Fv2%2Fcategories&post=196"},{"taxonomy":"post_tag","embeddable":true,"href":"https:\/\/www.volen.pl\/index.php?rest_route=%2Fwp%2Fv2%2Ftags&post=196"}],"curies":[{"name":"wp","href":"https:\/\/api.w.org\/{rel}","templated":true}]}}