{"id":197,"date":"2013-08-22T04:00:00","date_gmt":"2013-08-22T02:00:00","guid":{"rendered":"http:\/\/www.volen.pl\/?p=197"},"modified":"2014-10-09T17:54:08","modified_gmt":"2014-10-09T15:54:08","slug":"u-miech-zwyci-stwa","status":"publish","type":"post","link":"https:\/\/www.volen.pl\/?p=197","title":{"rendered":"U\u015bmiech zwyci\u0119stwa"},"content":{"rendered":"<p>Po wczorajszych hulankach nasta\u0142 ci\u0119\u017cki poranek. \u017beby wsta\u0107 potrzebowa\u0142em dw\u00f3ch kaw. \u017beby zacz\u0105\u0107 kontaktowa\u0107 &#8211; p\u00f3\u0142 litra pepsi. Wsiedli\u015bmy do autobusu do Podgoricy, a drog\u0119 umila\u0142 nam zapach dawno niemytego backpackera oraz zaobserwowana u s\u0105siaduj\u0105cego ze mn\u0105 Czarnog\u00f3rca umiej\u0119tno\u015b\u0107 plucia na pod\u0142og\u0119 w taki spos\u00f3b, \u017ceby nie oplu\u0107 sobie n\u00f3g. <br \/> W Podgoricy drog\u0105 prostej eliminacji wsiedli\u015bmy do autobusu do Niksi\u0107, gdzie mieli\u015bmy nadziej\u0119 obejrze\u0107 opr\u00f3cz browaru jeszcze jakie\u015b inne cuda, lecz \u017cycie potoczy\u0142o si\u0119 swoim trybem, a my wskoczyli\u015bmy do autobusu do \u017babljaka. Kr\u00f3tka informacja cenowa. Virpazar &#8211; Podgorica: 2 euro. Podgorica &#8211; Niksi\u0107: 3,5 euro. Niksi\u0107 &#8211; \u017babljak: 7 euro. Ceny za osob\u0119. Bardzo urokliwa jest trasa przed Savnikiem. <br \/> Jeszcze w autobusie, tu\u017c przed \u017babljakiem, zostali\u015bmy zagadni\u0119ci i upolowani na nocleg przez studentk\u0119 socjologii. Po tym, jak wyrazili\u015bmy zgod\u0119 na ofert\u0119 handlow\u0105, ojciec studentki wraz z bratem wyci\u0105gn\u0119li rakij\u0119, oczywi\u015bcie domowej roboty, ze \u015bliwek w\u0119gierek. W og\u00f3le Czarnog\u00f3rcy zajmuj\u0105 si\u0119 we wszystkich wolnych chwilach tajn\u0105, przydomow\u0105 produkcj\u0105 nielegalnego alkoholu. Porz\u0105dny nar\u00f3d. <br \/> Ojciec, g\u0142owa rodziny, wspomina\u0142 z rozrzewnieniem sw\u00f3j niedawny (1986r.) pobyt w Polsce: bardzo mu si\u0119 podoba\u0142o &#8211; za 5 marek przejecha\u0142 taks\u00f3wk\u0105 600\u00a0km.<br \/> Po rytualnym raczeniu si\u0119 rakij\u0105, pow\u0119drowali\u015bmy obada\u0107 okolic\u0119.<\/p>\n<p><img data-recalc-dims=\"1\" decoding=\"async\" alt=\"image\" src=\"https:\/\/i0.wp.com\/media.tumblr.com\/d223111ed84e5ba6f175d9d1bc6feb57\/tumblr_inline_ms0xwhHqbv1qz4rgp.jpg\" \/><\/p>\n<p>Zwiedzili\u015bmy g\u00f3ry i lasy i poszli\u015bmy takim skr\u00f3tem, \u017ce ja zupe\u0142nie si\u0119 zamota\u0142em, a mojego Kota nos nieomylnie wskazywa\u0142 ciep\u0142e \u0142\u00f3\u017ceczko. 1:0 dla Anuli. Z\u0142apa\u0142em na zdj\u0119ciu jej u\u015bmiech zwyci\u0119stwa.<\/p>\n<p><img data-recalc-dims=\"1\" decoding=\"async\" alt=\"image\" src=\"https:\/\/i0.wp.com\/media.tumblr.com\/848a9cb6bef432107fb655d30b799ae1\/tumblr_inline_ms0xxh4mbZ1qz4rgp.jpg\" \/><\/p>\n<p>Zaraz potem usiedli\u015bmy w Paradiso caffe by za\u017cy\u0107 internetu. Wsi\u0105kn\u0119li\u015bmy na dwie godziny, a jak zacz\u0119\u0142o robi\u0107 si\u0119 zimno, zwineli\u015bmy interes. Po raz kolejny dzi\u015b postanowili\u015bmy i\u015b\u0107 na skr\u00f3ty, co zaowocowa\u0142o znalezieniem wspania\u0142ego, opuszczonego o\u015brodka wczasowego.<\/p>\n<p><img data-recalc-dims=\"1\" decoding=\"async\" alt=\"image\" src=\"https:\/\/i0.wp.com\/media.tumblr.com\/46438cea64e60b33f5d0b28ee22ed783\/tumblr_inline_ms0xz2lEwm1qz4rgp.jpg\" \/><\/p>\n<p>Porobi\u0142em par\u0119 zdj\u0119\u0107 i poszli\u015bmy do domu.<br \/> \u017babljak, jak sama nazwa wskazuje, jest miejscowo\u015bci\u0105 o zdecydowanym podej\u015bciu do pogody: tu jest rze\u015bko jak o wschodzie s\u0142o\u0144ca nad stawem. Po raz pierwszy od tygodnia do p\u0142uc dociera mieszanka paliwowa o dobrym dla nas sk\u0142adzie chemicznym i doskona\u0142ej temperaturze.<\/p>\n","protected":false},"excerpt":{"rendered":"<p>Po wczorajszych hulankach nasta\u0142 ci\u0119\u017cki poranek. \u017beby wsta\u0107 potrzebowa\u0142em dw\u00f3ch kaw. \u017beby zacz\u0105\u0107 kontaktowa\u0107 &#8211;&#8230;<\/p>\n<div class=\"more-link-wrapper\"><a class=\"more-link\" href=\"https:\/\/www.volen.pl\/?p=197\">Read the post<span class=\"screen-reader-text\">U\u015bmiech zwyci\u0119stwa<\/span><\/a><\/div>\n","protected":false},"author":1,"featured_media":0,"comment_status":"closed","ping_status":"closed","sticky":false,"template":"","format":"standard","meta":{"_crdt_document":"","jetpack_post_was_ever_published":false,"_jetpack_newsletter_access":"","_jetpack_dont_email_post_to_subs":false,"_jetpack_newsletter_tier_id":0,"_jetpack_memberships_contains_paywalled_content":false,"_jetpack_memberships_contains_paid_content":false,"footnotes":"","jetpack_publicize_message":"","jetpack_publicize_feature_enabled":true,"jetpack_social_post_already_shared":true,"jetpack_social_options":{"image_generator_settings":{"template":"highway","default_image_id":0,"font":"","enabled":false},"version":2}},"categories":[134,93],"tags":[59,58,60,65],"class_list":["post-197","post","type-post","status-publish","format-standard","hentry","category-montenegro-2013","category-nawariata","tag-czarnogora","tag-montenegro","tag-podroze","tag-zabljak","excerpt","zoom","full-without-featured","even","excerpt-0"],"jetpack_publicize_connections":[],"jetpack_featured_media_url":"","jetpack_shortlink":"https:\/\/wp.me\/p4lAri-3b","jetpack_sharing_enabled":true,"jetpack-related-posts":[{"id":196,"url":"https:\/\/www.volen.pl\/?p=196","url_meta":{"origin":197,"position":0},"title":"Czarci paluch","author":"volen","date":"2013-08-23","format":false,"excerpt":"Zaraz po obudzeniu zostali\u015bmy zaszczyceni fili\u017cank\u0105 kawy: gospodyni powa\u017cnie podesz\u0142a do naszych pr\u00f3\u015bb i pami\u0119ta\u0142a, \u017ce bez kawy ze mn\u0105 si\u0119 nie pogada. Wypili\u015bmy wi\u0119c kaw\u0119, po czym pozbierali\u015bmy graty i poszli\u015bmy szuka\u0107 transportu do kanionu Tary. Oczywi\u015bcie okaza\u0142o si\u0119 na samym pocz\u0105tku, i\u017c gospodarze mieli nieaktualne informacje co do\u2026","rel":"","context":"W \u201eMontenegro 2013&quot;","block_context":{"text":"Montenegro 2013","link":"https:\/\/www.volen.pl\/?cat=134"},"img":{"alt_text":"","src":"","width":0,"height":0},"classes":[]},{"id":201,"url":"https:\/\/www.volen.pl\/?p=201","url_meta":{"origin":197,"position":1},"title":"\u017bar piekielny","author":"volen","date":"2013-08-18","format":false,"excerpt":"Dzi\u015b o 7.00 obudzi\u0142 nas budzik. Postanowili\u015bmy wyruszy\u0107 do Kotoru, by zobaczy\u0107, z czym to si\u0119 je oraz by zabookowa\u0107 nocleg na nast\u0119pny dzie\u0144. Kr\u00f3tkie poszukiwanie autobusu sko\u0144czy\u0142o si\u0119 (wydawa\u0142o si\u0119 nam - wyj\u0105tkowo) w taks\u00f3wce. Najkr\u00f3tsza droga z Tivat do Kotoru prowadzi d\u0142ugim na ponad 1600 metr\u00f3w tunelem. Podr\u00f3\u017c\u2026","rel":"","context":"W \u201eMontenegro 2013&quot;","block_context":{"text":"Montenegro 2013","link":"https:\/\/www.volen.pl\/?cat=134"},"img":{"alt_text":"","src":"","width":0,"height":0},"classes":[]},{"id":727,"url":"https:\/\/www.volen.pl\/?p=727","url_meta":{"origin":197,"position":2},"title":"psotnik","author":"volen","date":"2014-10-21","format":false,"excerpt":"Anula popsu\u0142a pas bezpiecze\u0144stwa. Ma\u0142e to takie, s\u0142odkie, cz\u0142owiek da\u0142by sobie r\u0119k\u0119 uci\u0105\u0107, \u017ce nie b\u0119dzie psoci\u0107 i masz: trzeba by po\u017cegna\u0107 si\u0119 z r\u0119k\u0105. Anulka wydar\u0142a zapi\u0119cie pasa z fotela i z min\u0105 niewini\u0105tka stwierdzi\u0142a, \u017ce autokar popsuty... Droga do Cusco mia\u0142a zaj\u0105\u0107 14 godzin, ale ze wzgl\u0119du na\u2026","rel":"","context":"W \u201ea la conquista de Am\u00e9rica&quot;","block_context":{"text":"a la conquista de Am\u00e9rica","link":"https:\/\/www.volen.pl\/?cat=138"},"img":{"alt_text":"","src":"https:\/\/i0.wp.com\/www.volen.pl\/wp-content\/uploads\/2014\/10\/DSC9970_01.jpg?fit=1200%2C795&ssl=1&resize=350%2C200","width":350,"height":200,"srcset":"https:\/\/i0.wp.com\/www.volen.pl\/wp-content\/uploads\/2014\/10\/DSC9970_01.jpg?fit=1200%2C795&ssl=1&resize=350%2C200 1x, https:\/\/i0.wp.com\/www.volen.pl\/wp-content\/uploads\/2014\/10\/DSC9970_01.jpg?fit=1200%2C795&ssl=1&resize=525%2C300 1.5x, https:\/\/i0.wp.com\/www.volen.pl\/wp-content\/uploads\/2014\/10\/DSC9970_01.jpg?fit=1200%2C795&ssl=1&resize=700%2C400 2x, https:\/\/i0.wp.com\/www.volen.pl\/wp-content\/uploads\/2014\/10\/DSC9970_01.jpg?fit=1200%2C795&ssl=1&resize=1050%2C600 3x"},"classes":[]},{"id":193,"url":"https:\/\/www.volen.pl\/?p=193","url_meta":{"origin":197,"position":3},"title":"Gniew Zeusa","author":"volen","date":"2013-08-26","format":false,"excerpt":"Autobus z Savnika mieli\u015bmy o 12.00, co w \u015bwietle pobudki o 8.00 dawa\u0142o nam sporo czasu na poczynienie obserwacji socjologicznych. Raz, \u017ce widzieli\u015bmy wdzi\u0119czno\u015b\u0107 obs\u0142ugi hotelowej za przyjmowane bez zmru\u017cenia powieki niedogodno\u015bci, dwa, \u017ce poznali\u015bmy przynajmniej po\u0142ow\u0119 mieszka\u0144c\u00f3w Savnika chy\u0142kiem schodz\u0105cych do restauracji hotelowej by nas obejrze\u0107, trzy, \u017ce ogl\u0105dali\u015bmy\u2026","rel":"","context":"W \u201eMontenegro 2013&quot;","block_context":{"text":"Montenegro 2013","link":"https:\/\/www.volen.pl\/?cat=134"},"img":{"alt_text":"","src":"","width":0,"height":0},"classes":[]},{"id":195,"url":"https:\/\/www.volen.pl\/?p=195","url_meta":{"origin":197,"position":4},"title":"Oczi cziorne","author":"volen","date":"2013-08-24","format":false,"excerpt":"Gospodyni wci\u0105\u017c staje na wysoko\u015bci zadania, robi\u0105c nam co rano pyszn\u0105 domow\u0105 fusiar\u0119. O godzinie 8.00 z regularno\u015bci\u0105 Polskich Kolei Pa\u0144stwowych w\u0142azi na g\u00f3r\u0119 i puka delikatnie do drzwi, a jej pojawienie si\u0119 zwiastuje zapach kawy.Sobota. Imieniny kota. Zupe\u0142nie leniwy dzie\u0144: dzia\u0142o si\u0119 ma\u0142o, ale bardzo intensywnie. Nie b\u0119dziemy zachwyca\u0107\u2026","rel":"","context":"W \u201eMontenegro 2013&quot;","block_context":{"text":"Montenegro 2013","link":"https:\/\/www.volen.pl\/?cat=134"},"img":{"alt_text":"","src":"","width":0,"height":0},"classes":[]},{"id":227,"url":"https:\/\/www.volen.pl\/?p=227","url_meta":{"origin":197,"position":5},"title":"Trabzon, miasto tureckie","author":"volen","date":"2012-10-10","format":false,"excerpt":"Ko\u0144czy si\u0119 pierwszy ca\u0142kowicie turecki dzie\u0144 wyprawy. \u015aniadanie jak w Europie, do wyboru, st\u00f3\u0142 szwedzki. By\u0142o wszystko, ser, jajka, mortadela itp. ale NIE BY\u0141O KAWY! Dziki kraj. By\u0142a za to herbata, od kt\u00f3rej serce staje. Deszcz w nocy te\u017c usta\u0142. Mieli\u015bmy dzi\u015b jecha\u0107 z dwoma Turkami na zwiedzanie pobliskiego monastyru,\u2026","rel":"","context":"W \u201e7000km - 2012&quot;","block_context":{"text":"7000km - 2012","link":"https:\/\/www.volen.pl\/?cat=135"},"img":{"alt_text":"","src":"https:\/\/i0.wp.com\/www.volen.pl\/wp-content\/uploads\/2012\/10\/DSC_7396.jpg?fit=1200%2C795&ssl=1&resize=350%2C200","width":350,"height":200,"srcset":"https:\/\/i0.wp.com\/www.volen.pl\/wp-content\/uploads\/2012\/10\/DSC_7396.jpg?fit=1200%2C795&ssl=1&resize=350%2C200 1x, https:\/\/i0.wp.com\/www.volen.pl\/wp-content\/uploads\/2012\/10\/DSC_7396.jpg?fit=1200%2C795&ssl=1&resize=525%2C300 1.5x, https:\/\/i0.wp.com\/www.volen.pl\/wp-content\/uploads\/2012\/10\/DSC_7396.jpg?fit=1200%2C795&ssl=1&resize=700%2C400 2x, https:\/\/i0.wp.com\/www.volen.pl\/wp-content\/uploads\/2012\/10\/DSC_7396.jpg?fit=1200%2C795&ssl=1&resize=1050%2C600 3x"},"classes":[]}],"_links":{"self":[{"href":"https:\/\/www.volen.pl\/index.php?rest_route=\/wp\/v2\/posts\/197","targetHints":{"allow":["GET"]}}],"collection":[{"href":"https:\/\/www.volen.pl\/index.php?rest_route=\/wp\/v2\/posts"}],"about":[{"href":"https:\/\/www.volen.pl\/index.php?rest_route=\/wp\/v2\/types\/post"}],"author":[{"embeddable":true,"href":"https:\/\/www.volen.pl\/index.php?rest_route=\/wp\/v2\/users\/1"}],"replies":[{"embeddable":true,"href":"https:\/\/www.volen.pl\/index.php?rest_route=%2Fwp%2Fv2%2Fcomments&post=197"}],"version-history":[{"count":1,"href":"https:\/\/www.volen.pl\/index.php?rest_route=\/wp\/v2\/posts\/197\/revisions"}],"predecessor-version":[{"id":278,"href":"https:\/\/www.volen.pl\/index.php?rest_route=\/wp\/v2\/posts\/197\/revisions\/278"}],"wp:attachment":[{"href":"https:\/\/www.volen.pl\/index.php?rest_route=%2Fwp%2Fv2%2Fmedia&parent=197"}],"wp:term":[{"taxonomy":"category","embeddable":true,"href":"https:\/\/www.volen.pl\/index.php?rest_route=%2Fwp%2Fv2%2Fcategories&post=197"},{"taxonomy":"post_tag","embeddable":true,"href":"https:\/\/www.volen.pl\/index.php?rest_route=%2Fwp%2Fv2%2Ftags&post=197"}],"curies":[{"name":"wp","href":"https:\/\/api.w.org\/{rel}","templated":true}]}}