{"id":200,"date":"2013-08-19T04:00:00","date_gmt":"2013-08-19T02:00:00","guid":{"rendered":"http:\/\/www.volen.pl\/?p=200"},"modified":"2014-10-09T17:54:08","modified_gmt":"2014-10-09T15:54:08","slug":"rakija","status":"publish","type":"post","link":"https:\/\/www.volen.pl\/?p=200","title":{"rendered":"Rakija"},"content":{"rendered":"<p>Znowu budzik! obudzi\u0142 nas z rana, by pom\u00f3c nam zorganizowa\u0107 dzie\u0144. Kr\u00f3tkie losowanie wskaza\u0142o Budv\u0119 na miejsce nast\u0119pnego spoczynku, tak wi\u0119c ogarn\u0119li\u015bmy apartamiento i siebie i ruszyli\u015bmy na czuja w poszukiwaniu dworca autobusowego. Autobus przyjecha\u0142 po paru minutach, by\u0142 do\u015b\u0107 wiekowy i wygl\u0105da\u0142 na powa\u017cnie traktuj\u0105cego swoj\u0105 prac\u0119.<\/p>\n<p><img data-recalc-dims=\"1\" decoding=\"async\" alt=\"image\" src=\"https:\/\/i0.wp.com\/media.tumblr.com\/473f070fe5de145aa915fdee2c22914f\/tumblr_inline_mru9b9TQov1qz4rgp.jpg\" \/><\/p>\n<p>Kurs z Tivatu do Budvy wraz z baga\u017cem &#8211; 7 euro. Droga przebieg\u0142a bez specjalnych wydarze\u0144, po czym wysiedli\u015bmy w Budvie. Owa robi r\u00f3wnie\u017c ju\u017c na pierwszy rzut oka lepsze wra\u017cenie ni\u017c Tivat, cho\u0107, uprzedzaj\u0105c fakty podam, i\u017c star\u00f3wka budwa\u0144ska r\u00f3wnie sztuczna w odbiorze, jak kotorska, lecz uroku ma znacznie wi\u0119cej. Z przyczyn oczywistych wszelkie o\u015bwiadczenia i wra\u017cenia spisywane w tym miejscu obarczone s\u0105 znaczn\u0105 doz\u0105 subiektywizmu. Tak ma by\u0107 i prosz\u0119 si\u0119 z tym nie k\u0142\u00f3ci\u0107.<br \/>Po zaczerpni\u0119ciu pierwszego oddechu budva\u0144skim powietrzem udali\u015bmy si\u0119 do Informacji Turystycznej, sk\u0105d Anulka wygarn\u0119\u0142a cudown\u0105 map\u0119 okolic bli\u017cszych i dalszych w postaci gazety Adriatic Times. To co\u015b jakby i\u015b\u0107 do IT i dosta\u0107 Metro w prezencie.<br \/>Podzi\u0119kowawszy ostro\u017cnie (z wariatami nigdy nic nie wiadomo) poszli\u015bmy w kierunku miasta, a na wyj\u015bciu stali r\u00f3\u017cnego autoramentu naci\u0105gacze, kt\u00f3rych Anulka min\u0119\u0142a b\u0142ogos\u0142awi\u0105c ich z angielska &#8216;no\u0142t\u0119ks&#8217;, ale mnie co\u015b tkn\u0119\u0142o i zatrzyma\u0142em si\u0119 pogada\u0107, poszuka\u0107 pokoju. Po stanowczym odtr\u0105ceniu natarczywej, starszawej blondynki, na placu boju osta\u0142o si\u0119 ze trzech ch\u0142opa i z jednym z nich doszli\u015bmy do wst\u0119pnego porozumienia. Kr\u00f3tki marsz i ocz\u0119tom naszym okaza\u0142a si\u0119 cha\u0142upka: obejrzeli\u015bmy pok\u00f3j 244x253cm, \u0142azienk\u0119 i grill-bar i zgodzili\u015bmy si\u0119 tu zosta\u0107. Ch\u0142op natychmiast przyni\u00f3s\u0142 cha\u0142upniczo wyrabian\u0105 przez siebie rakij\u0119, przepi\u0142 do nas kielonka, a my musieli\u015bmy przepi\u0107 do niego. Od tego czasu jeste\u015bmy rodzin\u0105 i mamy wsp\u00f3ln\u0105 \u0142azienk\u0119. Rakija ma podobno 51% alkoholu, lecz nam wydawa\u0142o si\u0119, i\u017c by\u0142o blisko 102%. Gdy obrz\u0119dy powitalne zosta\u0142y zako\u0144czone, rozpakowali\u015bmy si\u0119 i poszli\u015bmy na pla\u017c\u0119, k\u0105pa\u0107 si\u0119 i swawoli\u0107. Obejrzeli\u015bmy z grubsza staryj gorod, po czym siedli\u015bmy w cieniu i patrzyli\u015bmy t\u0119po na \u0142\u00f3dki i przechodni\u00f3w.<\/p>\n<p><img data-recalc-dims=\"1\" decoding=\"async\" alt=\"image\" src=\"https:\/\/i0.wp.com\/media.tumblr.com\/7600188d7ee66a32f7f46d70cbbe6ba3\/tumblr_inline_mru9d1Jey91qz4rgp.jpg\" \/><\/p>\n<p>Do\u015b\u0107 szybko przychodzi nam \u015br\u00f3dziemnomorski tryb dnia: gdy s\u0142o\u0144ce zacz\u0119\u0142o naprawd\u0119 pali\u0107, poszli\u015bmy podrzema\u0107 godzink\u0119. <br \/>Pokrzepieni snem zjedli\u015bmy wesp\u00f3\u0142 z zespo\u0142em dzikich kot\u00f3w obiadokolacj\u0119 i ruszyli\u015bmy na podb\u00f3j Budvy. Pomys\u0142 na nocne zdj\u0119cia znad morza spali\u0142 na panewce, gdy\u017c Budva o\u015bwietlona jest jedynie wewn\u0105trz, wi\u0119c porobili\u015bmy zdj\u0119cia w \u015brodku i rozochoceni ma\u0142ym sukcesem ostrzymy z\u0119by na jutrzejszy, wi\u0119kszy.<\/p>\n<p><img data-recalc-dims=\"1\" decoding=\"async\" alt=\"image\" src=\"https:\/\/i0.wp.com\/media.tumblr.com\/d84561a824580af154df324fd7afe126\/tumblr_inline_mru9foC7QL1qz4rgp.jpg\" \/><\/p>\n","protected":false},"excerpt":{"rendered":"<p>Znowu budzik! obudzi\u0142 nas z rana, by pom\u00f3c nam zorganizowa\u0107 dzie\u0144. Kr\u00f3tkie losowanie wskaza\u0142o Budv\u0119&#8230;<\/p>\n<div class=\"more-link-wrapper\"><a class=\"more-link\" href=\"https:\/\/www.volen.pl\/?p=200\">Read the post<span class=\"screen-reader-text\">Rakija<\/span><\/a><\/div>\n","protected":false},"author":1,"featured_media":0,"comment_status":"closed","ping_status":"closed","sticky":false,"template":"","format":"standard","meta":{"_crdt_document":"","jetpack_post_was_ever_published":false,"_jetpack_newsletter_access":"","_jetpack_dont_email_post_to_subs":false,"_jetpack_newsletter_tier_id":0,"_jetpack_memberships_contains_paywalled_content":false,"_jetpack_memberships_contains_paid_content":false,"footnotes":"","jetpack_publicize_message":"","jetpack_publicize_feature_enabled":true,"jetpack_social_post_already_shared":true,"jetpack_social_options":{"image_generator_settings":{"template":"highway","default_image_id":0,"font":"","enabled":false},"version":2}},"categories":[134,93],"tags":[69,59,58,60,61],"class_list":["post-200","post","type-post","status-publish","format-standard","hentry","category-montenegro-2013","category-nawariata","tag-budva","tag-czarnogora","tag-montenegro","tag-podroze","tag-tivat","excerpt","zoom","full-without-featured","even","excerpt-0"],"jetpack_publicize_connections":[],"jetpack_featured_media_url":"","jetpack_shortlink":"https:\/\/wp.me\/s4lAri-rakija","jetpack_sharing_enabled":true,"jetpack-related-posts":[{"id":191,"url":"https:\/\/www.volen.pl\/?p=191","url_meta":{"origin":200,"position":0},"title":"Wielki Powr\u00f3t do Domu","author":"volen","date":"2013-08-28","format":false,"excerpt":"bo wsz\u0119dzie dobrze, ale w domu najlepiej. Tak wi\u0119c powr\u00f3t rozpocz\u0105\u0142 si\u0119 z rana w Herceg Novi, gdzie bez zb\u0119dnego po\u015bpiechu spakowali\u015bmy si\u0119, zjedli\u015bmy ma\u0142e co nieco oraz zapili\u015bmy kaw\u0105, po czym ruszyli\u015bmy szuka\u0107 transportu do Tivat. W tym miejscu, w Herceg Novi, m\u00f3j Kot postanowi\u0142 po\u017cegna\u0107 swoje ulubione podr\u00f3\u017cne\u2026","rel":"","context":"W \u201eMontenegro 2013&quot;","block_context":{"text":"Montenegro 2013","link":"https:\/\/www.volen.pl\/?cat=134"},"img":{"alt_text":"","src":"","width":0,"height":0},"classes":[]},{"id":202,"url":"https:\/\/www.volen.pl\/?p=202","url_meta":{"origin":200,"position":1},"title":"Lazy day","author":"volen","date":"2013-08-17","format":false,"excerpt":"I tak nadszed\u0142 dzie\u0144 pierwszy naszej wycieczki. Poranek przywita\u0142 nas smrodem rozk\u0142adaj\u0105cych si\u0119 glon\u00f3w, a \u00f3w trwa\u0142 przez ca\u0142y dzie\u0144 i nic nie zapowiada zmian. Z rana postanowili\u015bmy przej\u015b\u0107 si\u0119 odrobink\u0119 brzegiem morza, obejrzeli\u015bmy \u017caglowiec, stoczni\u0119, \u0142odzie podwodne i inne atrakcje, k\u0105pi\u0105c si\u0119 w mi\u0119dzy czasie w solance adriatyckiej. \u017bar\u2026","rel":"","context":"W \u201eMontenegro 2013&quot;","block_context":{"text":"Montenegro 2013","link":"https:\/\/www.volen.pl\/?cat=134"},"img":{"alt_text":"","src":"","width":0,"height":0},"classes":[]},{"id":201,"url":"https:\/\/www.volen.pl\/?p=201","url_meta":{"origin":200,"position":2},"title":"\u017bar piekielny","author":"volen","date":"2013-08-18","format":false,"excerpt":"Dzi\u015b o 7.00 obudzi\u0142 nas budzik. Postanowili\u015bmy wyruszy\u0107 do Kotoru, by zobaczy\u0107, z czym to si\u0119 je oraz by zabookowa\u0107 nocleg na nast\u0119pny dzie\u0144. Kr\u00f3tkie poszukiwanie autobusu sko\u0144czy\u0142o si\u0119 (wydawa\u0142o si\u0119 nam - wyj\u0105tkowo) w taks\u00f3wce. Najkr\u00f3tsza droga z Tivat do Kotoru prowadzi d\u0142ugim na ponad 1600 metr\u00f3w tunelem. Podr\u00f3\u017c\u2026","rel":"","context":"W \u201eMontenegro 2013&quot;","block_context":{"text":"Montenegro 2013","link":"https:\/\/www.volen.pl\/?cat=134"},"img":{"alt_text":"","src":"","width":0,"height":0},"classes":[]},{"id":203,"url":"https:\/\/www.volen.pl\/?p=203","url_meta":{"origin":200,"position":3},"title":"Tr\u00f3jmiejska Grupa Wypadowa","author":"volen","date":"2013-08-16","format":false,"excerpt":"I pojechali. Samolotem do Warszawy, gdzie w SO!Coffee spili\u015bmy czytaj\u0105c dziwne jakiesik cuda, a potem r\u00f3wnie\u017c samolotem do Belgradu, gdzie z kolei postanowili\u015bmy za namow\u0105 Miko\u0142aja, obejrze\u0107 fort nad rzek\u0105. Niestety! Cho\u0107by\u015bmy chcieli, nie dali\u015bmy rady, a to ju\u017c z powodu, \u017ce g\u0142\u00f3d straszliwy, a to, \u017ce autobusy je\u017cd\u017c\u0105 okropnie\u2026","rel":"","context":"W \u201eMontenegro 2013&quot;","block_context":{"text":"Montenegro 2013","link":"https:\/\/www.volen.pl\/?cat=134"},"img":{"alt_text":"","src":"","width":0,"height":0},"classes":[]},{"id":1267,"url":"https:\/\/www.volen.pl\/?p=1267","url_meta":{"origin":200,"position":4},"title":"Alba\u0144ska szko\u0142a jazdy","author":"volen","date":"2015-08-05","format":false,"excerpt":"Ze z\u0142o\u015bci na serbsk\u0105 biurokracj\u0119 postanowili\u015bmy nie tankowa\u0107 w tym - pi\u0119knym sk\u0105din\u0105d - kraju. Na pierwszej napotkanej stacji czarnog\u00f3rskiego Wr\u00f3blenu zatankowali\u015bmy do pe\u0142na z niewielk\u0105 g\u00f3rk\u0105, po czym zjechali\u015bmy do Bijelego Polja, zatrzymali\u015bmy si\u0119 w przydro\u017cnym hotelu i poszli\u015bmy spa\u0107. Trawersata Montenegro by\u0142a czyst\u0105 przyjemno\u015bci\u0105. Prowadzi\u0142 pewn\u0105 \u0142apk\u0105 dzielny\u2026","rel":"","context":"W \u201eBalkan eXpress&quot;","block_context":{"text":"Balkan eXpress","link":"https:\/\/www.volen.pl\/?cat=194"},"img":{"alt_text":"","src":"https:\/\/i0.wp.com\/www.volen.pl\/wp-content\/uploads\/2015\/08\/VOL0251.jpg?fit=1200%2C795&ssl=1&resize=350%2C200","width":350,"height":200,"srcset":"https:\/\/i0.wp.com\/www.volen.pl\/wp-content\/uploads\/2015\/08\/VOL0251.jpg?fit=1200%2C795&ssl=1&resize=350%2C200 1x, https:\/\/i0.wp.com\/www.volen.pl\/wp-content\/uploads\/2015\/08\/VOL0251.jpg?fit=1200%2C795&ssl=1&resize=525%2C300 1.5x, https:\/\/i0.wp.com\/www.volen.pl\/wp-content\/uploads\/2015\/08\/VOL0251.jpg?fit=1200%2C795&ssl=1&resize=700%2C400 2x, https:\/\/i0.wp.com\/www.volen.pl\/wp-content\/uploads\/2015\/08\/VOL0251.jpg?fit=1200%2C795&ssl=1&resize=1050%2C600 3x"},"classes":[]},{"id":194,"url":"https:\/\/www.volen.pl\/?p=194","url_meta":{"origin":200,"position":5},"title":"\u015amier\u0107 miasta","author":"volen","date":"2013-08-25","format":false,"excerpt":"Gospodarzy ni widu ni s\u0142ychu, klucze ostawili\u015bmy w zamku po czym, pomni ostatnich wydarze\u0144, pomkn\u0119li\u015bmy na autobusow\u0105 stanic\u0119. Pij\u0105c po drodze kaw\u0119 i zaopatruj\u0105c si\u0119 w jogurt marki \u201cMoja Krwawica\u201d, jako jedni z pierwszych zaj\u0119li\u015bmy miejsca w autobusie, twardo znosz\u0105c upa\u0142 i niewygod\u0119, do czasu a\u017c klimatyzacja zacz\u0119\u0142a dzia\u0142a\u0107. Wysiedli\u015bmy\u2026","rel":"","context":"W \u201eMontenegro 2013&quot;","block_context":{"text":"Montenegro 2013","link":"https:\/\/www.volen.pl\/?cat=134"},"img":{"alt_text":"","src":"","width":0,"height":0},"classes":[]}],"_links":{"self":[{"href":"https:\/\/www.volen.pl\/index.php?rest_route=\/wp\/v2\/posts\/200","targetHints":{"allow":["GET"]}}],"collection":[{"href":"https:\/\/www.volen.pl\/index.php?rest_route=\/wp\/v2\/posts"}],"about":[{"href":"https:\/\/www.volen.pl\/index.php?rest_route=\/wp\/v2\/types\/post"}],"author":[{"embeddable":true,"href":"https:\/\/www.volen.pl\/index.php?rest_route=\/wp\/v2\/users\/1"}],"replies":[{"embeddable":true,"href":"https:\/\/www.volen.pl\/index.php?rest_route=%2Fwp%2Fv2%2Fcomments&post=200"}],"version-history":[{"count":1,"href":"https:\/\/www.volen.pl\/index.php?rest_route=\/wp\/v2\/posts\/200\/revisions"}],"predecessor-version":[{"id":281,"href":"https:\/\/www.volen.pl\/index.php?rest_route=\/wp\/v2\/posts\/200\/revisions\/281"}],"wp:attachment":[{"href":"https:\/\/www.volen.pl\/index.php?rest_route=%2Fwp%2Fv2%2Fmedia&parent=200"}],"wp:term":[{"taxonomy":"category","embeddable":true,"href":"https:\/\/www.volen.pl\/index.php?rest_route=%2Fwp%2Fv2%2Fcategories&post=200"},{"taxonomy":"post_tag","embeddable":true,"href":"https:\/\/www.volen.pl\/index.php?rest_route=%2Fwp%2Fv2%2Ftags&post=200"}],"curies":[{"name":"wp","href":"https:\/\/api.w.org\/{rel}","templated":true}]}}