{"id":201,"date":"2013-08-18T04:00:00","date_gmt":"2013-08-18T02:00:00","guid":{"rendered":"http:\/\/www.volen.pl\/?p=201"},"modified":"2014-10-09T17:54:08","modified_gmt":"2014-10-09T15:54:08","slug":"ar-piekielny","status":"publish","type":"post","link":"https:\/\/www.volen.pl\/?p=201","title":{"rendered":"\u017bar piekielny"},"content":{"rendered":"<p>Dzi\u015b o 7.00 obudzi\u0142 nas budzik. Postanowili\u015bmy wyruszy\u0107 do Kotoru, by zobaczy\u0107, z czym to si\u0119 je oraz by zabookowa\u0107 nocleg na nast\u0119pny dzie\u0144. Kr\u00f3tkie poszukiwanie autobusu sko\u0144czy\u0142o si\u0119 (wydawa\u0142o si\u0119 nam &#8211; wyj\u0105tkowo) w taks\u00f3wce. Najkr\u00f3tsza droga z Tivat do Kotoru prowadzi d\u0142ugim na ponad 1600 metr\u00f3w tunelem. Podr\u00f3\u017c trwa\u0142a kr\u00f3tko, a my wyl\u0105dowali\u015bmy na przeciwko jednego z trzech wej\u015b\u0107 do starego miasta. Tego od strony morza. Jak zawsze, wjazd do nieznanego, pe\u0142nego w\u0105skich zakamark\u00f3w labiryntu prowadzi do chwilowego oszo\u0142omienia, kt\u00f3re z kolei ko\u0144czy si\u0119 \u0142apczywym, gor\u0105czkowym macaniem przestrzeni wok\u00f3\u0142 nas. Uzbroili\u015bmy si\u0119 w aparaty, pog\u0142askali\u015bmy ma\u0142ego kotka i ruszyli\u015bmy przed siebie. I jako\u015b tak, schodki po schodkach, mijaj\u0105c ciemne, brudne i pachn\u0105ce moczem zau\u0142ki, dotarli\u015bmy do dzikiego wyj\u015bcia na czuwaj\u0105ce nad miastem Samotne Wzg\u00f3rze z ruinami fortyfikacji &#8211; Tvrdjava Sv. Ivan.<\/p>\n<p><img data-recalc-dims=\"1\" decoding=\"async\" alt=\"image\" src=\"https:\/\/i0.wp.com\/media.tumblr.com\/4663d6fea362f947a3bcb82fb7924a41\/tumblr_inline_mru97iJr0T1qz4rgp.jpg\" \/><\/p>\n<p>Podej\u015bcie by\u0142o ci\u0119\u017ckie, pot spod plecaka la\u0142 si\u0119 strumieniami, ci\u0119\u017ckimi kroplami znacz\u0105c nasz\u0105 drog\u0119, cykady szyderczo na\u015bmiewa\u0142y si\u0119 z nas i naszego wysi\u0142ku, za\u015b my szli\u015bmy \u015bcie\u017ck\u0105 kotorskich botanik\u00f3w mijaj\u0105c co i rusz \u015bwie\u017ce sadzonki sosen, a ciernie rani\u0142y nasze nogi do krwi. Ukoronowaniem wysi\u0142ku by\u0142a mo\u017cliwo\u015b\u0107 spojrzenia na zatok\u0119 kotorsk\u0105 z wysoko\u015bci 260m. Widok zaiste wart wysi\u0142ku, zw\u0142aszcza gdy moje koci\u0119 dosta\u0142o upragnione picie i obejrza\u0142o prawdziw\u0105 myszk\u0119, chy\u017co spiesz\u0105c\u0105 po schodach.<\/p>\n<p><img data-recalc-dims=\"1\" decoding=\"async\" alt=\"image\" src=\"https:\/\/i0.wp.com\/media.tumblr.com\/b9c88fa4bbb8c060ac386d69c95fdbcf\/tumblr_inline_mru989y29y1qz4rgp.jpg\" \/><\/p>\n<p>Z g\u00f3ry wida\u0107 by\u0142o te\u017c stado kozic g\u00f3rskich, kt\u00f3re przy odpoczynku przypomina\u0142o mysie embriony. Po zej\u015bciu, mokrzy jak szczury, uraczyli\u015bmy si\u0119 wod\u0105 morsk\u0105 w znacznej obfito\u015bci, potem raz jeszcze, dla utrwalenia efektu och\u0142odzenia, ali\u015bci trwa on w tutejszych warunkach jakie\u015b 3 do 5 minut, po czym dalej mamy wra\u017cenie zwiedzania wn\u0119trza piekarnika.<br \/>Poszli\u015bmy zauwa\u017con\u0105 po drodze do hamburgerowni \u015bcie\u017ck\u0105 dla pieszych turistas, by dotkn\u0105\u0107 czu\u0142kami skali trudno\u015bci, z jak\u0105 przyjdzie nam si\u0119 mierzy\u0107 i &#8211; zniech\u0119ceni temperatur\u0105 &#8211; poszli\u015bmy szuka\u0107 transportu do Tivat. Na przystanku autobusowym spotkali\u015bmy francuskoj\u0119zyczn\u0105 par\u0119 r\u00f3wnie\u017c jad\u0105c\u0105 do Tivat, co da\u0142o nam asumpt do podejrze\u0144, i\u017c nied\u0142ugo pojawi si\u0119 taki \u015brodek lokomocji. Po godzinie czekania w przezroczystej wiacie, czuj\u0105c w\u0119dr\u00f3wk\u0119 s\u0142o\u0144ca na sk\u00f3rze plec\u00f3w, poddali\u015bmy si\u0119 i schwytali\u015bmy taks\u00f3wk\u0119. Red Taxi jest ta\u0144sze od tej drugiej korporacji o 2 euro na trasie.<br \/>W Tivat wyk\u0105pali\u015bmy si\u0119, po czym hmmm&#8230; zjedli\u015bmy kilogram fig prosto z drzewa, poszli\u015bmy przydrzema\u0107, wyk\u0105pali\u015bmy si\u0119 raz jeszcze i w ko\u0144cu udali\u015bmy si\u0119 na kolacj\u0119: kurczak w 4 serach i brusketta z pomara\u0144cz\u0105.<br \/>Kotor bez w\u0105tpienia jest miastem ciekawszym i bardziej interesuj\u0105cym od Tivatu, ale. Stare miasto utrzymane jest w stanie, jakby zbudowali je z klock\u00f3w lego. Opr\u00f3cz dojmuj\u0105cego smrodu moczu i walaj\u0105cych si\u0119 po weekendzie butelek, wszystko wygl\u0105da na nieprawdziwe. Podobnie jak kapodockie hotele w ska\u0142ach, ten old town jest taki zbyt akuratny. Zbyt &#8220;katalogowy&#8221;. Jest co\u015b nieprawdziwego w Kotorze.<\/p>\n<p><img data-recalc-dims=\"1\" decoding=\"async\" alt=\"image\" src=\"https:\/\/i0.wp.com\/media.tumblr.com\/94c741849179ad6314c8bb74c3f3b41e\/tumblr_inline_mru98uNYxD1qz4rgp.jpg\" \/><\/p>\n","protected":false},"excerpt":{"rendered":"<p>Dzi\u015b o 7.00 obudzi\u0142 nas budzik. Postanowili\u015bmy wyruszy\u0107 do Kotoru, by zobaczy\u0107, z czym to&#8230;<\/p>\n<div class=\"more-link-wrapper\"><a class=\"more-link\" href=\"https:\/\/www.volen.pl\/?p=201\">Read the post<span class=\"screen-reader-text\">\u017bar piekielny<\/span><\/a><\/div>\n","protected":false},"author":1,"featured_media":0,"comment_status":"closed","ping_status":"closed","sticky":false,"template":"","format":"standard","meta":{"_crdt_document":"","jetpack_post_was_ever_published":false,"_jetpack_newsletter_access":"","_jetpack_dont_email_post_to_subs":false,"_jetpack_newsletter_tier_id":0,"_jetpack_memberships_contains_paywalled_content":false,"_jetpack_memberships_contains_paid_content":false,"footnotes":"","jetpack_publicize_message":"","jetpack_publicize_feature_enabled":true,"jetpack_social_post_already_shared":true,"jetpack_social_options":{"image_generator_settings":{"template":"highway","default_image_id":0,"font":"","enabled":false},"version":2}},"categories":[134,93],"tags":[59,71,58,60,61],"class_list":["post-201","post","type-post","status-publish","format-standard","hentry","category-montenegro-2013","category-nawariata","tag-czarnogora","tag-kotor","tag-montenegro","tag-podroze","tag-tivat","excerpt","zoom","full-without-featured","even","excerpt-0"],"jetpack_publicize_connections":[],"jetpack_featured_media_url":"","jetpack_shortlink":"https:\/\/wp.me\/p4lAri-3f","jetpack_sharing_enabled":true,"jetpack-related-posts":[{"id":191,"url":"https:\/\/www.volen.pl\/?p=191","url_meta":{"origin":201,"position":0},"title":"Wielki Powr\u00f3t do Domu","author":"volen","date":"2013-08-28","format":false,"excerpt":"bo wsz\u0119dzie dobrze, ale w domu najlepiej. Tak wi\u0119c powr\u00f3t rozpocz\u0105\u0142 si\u0119 z rana w Herceg Novi, gdzie bez zb\u0119dnego po\u015bpiechu spakowali\u015bmy si\u0119, zjedli\u015bmy ma\u0142e co nieco oraz zapili\u015bmy kaw\u0105, po czym ruszyli\u015bmy szuka\u0107 transportu do Tivat. W tym miejscu, w Herceg Novi, m\u00f3j Kot postanowi\u0142 po\u017cegna\u0107 swoje ulubione podr\u00f3\u017cne\u2026","rel":"","context":"W \u201eMontenegro 2013&quot;","block_context":{"text":"Montenegro 2013","link":"https:\/\/www.volen.pl\/?cat=134"},"img":{"alt_text":"","src":"","width":0,"height":0},"classes":[]},{"id":202,"url":"https:\/\/www.volen.pl\/?p=202","url_meta":{"origin":201,"position":1},"title":"Lazy day","author":"volen","date":"2013-08-17","format":false,"excerpt":"I tak nadszed\u0142 dzie\u0144 pierwszy naszej wycieczki. Poranek przywita\u0142 nas smrodem rozk\u0142adaj\u0105cych si\u0119 glon\u00f3w, a \u00f3w trwa\u0142 przez ca\u0142y dzie\u0144 i nic nie zapowiada zmian. Z rana postanowili\u015bmy przej\u015b\u0107 si\u0119 odrobink\u0119 brzegiem morza, obejrzeli\u015bmy \u017caglowiec, stoczni\u0119, \u0142odzie podwodne i inne atrakcje, k\u0105pi\u0105c si\u0119 w mi\u0119dzy czasie w solance adriatyckiej. \u017bar\u2026","rel":"","context":"W \u201eMontenegro 2013&quot;","block_context":{"text":"Montenegro 2013","link":"https:\/\/www.volen.pl\/?cat=134"},"img":{"alt_text":"","src":"","width":0,"height":0},"classes":[]},{"id":200,"url":"https:\/\/www.volen.pl\/?p=200","url_meta":{"origin":201,"position":2},"title":"Rakija","author":"volen","date":"2013-08-19","format":false,"excerpt":"Znowu budzik! obudzi\u0142 nas z rana, by pom\u00f3c nam zorganizowa\u0107 dzie\u0144. Kr\u00f3tkie losowanie wskaza\u0142o Budv\u0119 na miejsce nast\u0119pnego spoczynku, tak wi\u0119c ogarn\u0119li\u015bmy apartamiento i siebie i ruszyli\u015bmy na czuja w poszukiwaniu dworca autobusowego. Autobus przyjecha\u0142 po paru minutach, by\u0142 do\u015b\u0107 wiekowy i wygl\u0105da\u0142 na powa\u017cnie traktuj\u0105cego swoj\u0105 prac\u0119. Kurs z\u2026","rel":"","context":"W \u201eMontenegro 2013&quot;","block_context":{"text":"Montenegro 2013","link":"https:\/\/www.volen.pl\/?cat=134"},"img":{"alt_text":"","src":"","width":0,"height":0},"classes":[]},{"id":203,"url":"https:\/\/www.volen.pl\/?p=203","url_meta":{"origin":201,"position":3},"title":"Tr\u00f3jmiejska Grupa Wypadowa","author":"volen","date":"2013-08-16","format":false,"excerpt":"I pojechali. Samolotem do Warszawy, gdzie w SO!Coffee spili\u015bmy czytaj\u0105c dziwne jakiesik cuda, a potem r\u00f3wnie\u017c samolotem do Belgradu, gdzie z kolei postanowili\u015bmy za namow\u0105 Miko\u0142aja, obejrze\u0107 fort nad rzek\u0105. Niestety! Cho\u0107by\u015bmy chcieli, nie dali\u015bmy rady, a to ju\u017c z powodu, \u017ce g\u0142\u00f3d straszliwy, a to, \u017ce autobusy je\u017cd\u017c\u0105 okropnie\u2026","rel":"","context":"W \u201eMontenegro 2013&quot;","block_context":{"text":"Montenegro 2013","link":"https:\/\/www.volen.pl\/?cat=134"},"img":{"alt_text":"","src":"","width":0,"height":0},"classes":[]},{"id":198,"url":"https:\/\/www.volen.pl\/?p=198","url_meta":{"origin":201,"position":4},"title":"Stan ca\u0142kowitego upodlenia","author":"volen","date":"2013-08-21","format":false,"excerpt":"Ruszyli\u015bmy o barbarzy\u0144skiej porze do Virpazar, nad Jezioro Szkoderskie, z przesiadk\u0105 w Barze (logika nie jest nasz\u0105 najmocniejsz\u0105 stron\u0105). Autobus delikatnie zwolni\u0142, wyrzuci\u0142 nas i nasze plecaki prosto w obj\u0119cia najstarszego cz\u0142owieka w okolicy, w\u0142a\u015bciciela hotelu Pelikan. Hotelowa recepcjonistka na nasz\u0105 pro\u015bb\u0119 o map\u0119 okolicy, wyprowadzi\u0142a nas na pr\u00f3g i\u2026","rel":"","context":"W \u201eMontenegro 2013&quot;","block_context":{"text":"Montenegro 2013","link":"https:\/\/www.volen.pl\/?cat=134"},"img":{"alt_text":"","src":"","width":0,"height":0},"classes":[]},{"id":193,"url":"https:\/\/www.volen.pl\/?p=193","url_meta":{"origin":201,"position":5},"title":"Gniew Zeusa","author":"volen","date":"2013-08-26","format":false,"excerpt":"Autobus z Savnika mieli\u015bmy o 12.00, co w \u015bwietle pobudki o 8.00 dawa\u0142o nam sporo czasu na poczynienie obserwacji socjologicznych. Raz, \u017ce widzieli\u015bmy wdzi\u0119czno\u015b\u0107 obs\u0142ugi hotelowej za przyjmowane bez zmru\u017cenia powieki niedogodno\u015bci, dwa, \u017ce poznali\u015bmy przynajmniej po\u0142ow\u0119 mieszka\u0144c\u00f3w Savnika chy\u0142kiem schodz\u0105cych do restauracji hotelowej by nas obejrze\u0107, trzy, \u017ce ogl\u0105dali\u015bmy\u2026","rel":"","context":"W \u201eMontenegro 2013&quot;","block_context":{"text":"Montenegro 2013","link":"https:\/\/www.volen.pl\/?cat=134"},"img":{"alt_text":"","src":"","width":0,"height":0},"classes":[]}],"_links":{"self":[{"href":"https:\/\/www.volen.pl\/index.php?rest_route=\/wp\/v2\/posts\/201","targetHints":{"allow":["GET"]}}],"collection":[{"href":"https:\/\/www.volen.pl\/index.php?rest_route=\/wp\/v2\/posts"}],"about":[{"href":"https:\/\/www.volen.pl\/index.php?rest_route=\/wp\/v2\/types\/post"}],"author":[{"embeddable":true,"href":"https:\/\/www.volen.pl\/index.php?rest_route=\/wp\/v2\/users\/1"}],"replies":[{"embeddable":true,"href":"https:\/\/www.volen.pl\/index.php?rest_route=%2Fwp%2Fv2%2Fcomments&post=201"}],"version-history":[{"count":1,"href":"https:\/\/www.volen.pl\/index.php?rest_route=\/wp\/v2\/posts\/201\/revisions"}],"predecessor-version":[{"id":282,"href":"https:\/\/www.volen.pl\/index.php?rest_route=\/wp\/v2\/posts\/201\/revisions\/282"}],"wp:attachment":[{"href":"https:\/\/www.volen.pl\/index.php?rest_route=%2Fwp%2Fv2%2Fmedia&parent=201"}],"wp:term":[{"taxonomy":"category","embeddable":true,"href":"https:\/\/www.volen.pl\/index.php?rest_route=%2Fwp%2Fv2%2Fcategories&post=201"},{"taxonomy":"post_tag","embeddable":true,"href":"https:\/\/www.volen.pl\/index.php?rest_route=%2Fwp%2Fv2%2Ftags&post=201"}],"curies":[{"name":"wp","href":"https:\/\/api.w.org\/{rel}","templated":true}]}}