{"id":202,"date":"2013-08-17T04:00:00","date_gmt":"2013-08-17T02:00:00","guid":{"rendered":"http:\/\/www.volen.pl\/?p=202"},"modified":"2014-10-09T17:54:08","modified_gmt":"2014-10-09T15:54:08","slug":"lazy-day","status":"publish","type":"post","link":"https:\/\/www.volen.pl\/?p=202","title":{"rendered":"Lazy day"},"content":{"rendered":"<p>I tak nadszed\u0142 dzie\u0144 pierwszy naszej wycieczki. Poranek przywita\u0142 nas smrodem rozk\u0142adaj\u0105cych si\u0119 glon\u00f3w, a \u00f3w trwa\u0142 przez ca\u0142y dzie\u0144 i nic nie zapowiada zmian. Z rana postanowili\u015bmy przej\u015b\u0107 si\u0119 odrobink\u0119 brzegiem morza, obejrzeli\u015bmy \u017caglowiec, stoczni\u0119, \u0142odzie podwodne i inne atrakcje, k\u0105pi\u0105c si\u0119 w mi\u0119dzy czasie w solance adriatyckiej.<\/p>\n<p><img data-recalc-dims=\"1\" decoding=\"async\" alt=\"image\" src=\"https:\/\/i0.wp.com\/media.tumblr.com\/6900825ac81f5abeefb6830eb0280f46\/tumblr_inline_mru92rnGnn1qz4rgp.jpg\" \/><\/p>\n<p>\u017bar la\u0142 si\u0119 z nieba, a jak na standardy kaszubsko &#8211; pomorskie, by\u0142a to temperatura piekielna i trzyma\u0142a nas w swych kleszczach a\u017c do wieczora. Po przej\u015bciu kilku kilometr\u00f3w zawr\u00f3cili\u015bmy w stron\u0119 naszej mety i, po kr\u00f3tkiej k\u0105pieli, poszli\u015bmy spa\u0107.<\/p>\n<p><img data-recalc-dims=\"1\" decoding=\"async\" alt=\"image\" src=\"https:\/\/i0.wp.com\/media.tumblr.com\/addf07b5b5a405d0b0e9f9002ed5ebd9\/tumblr_inline_mru91p6ZPG1qz4rgp.jpg\" \/><\/p>\n<p>Zaraz po przebudzeniu wrzucili\u015bmy nasz zw\u0142oki znowu\u017c do s\u0142onej wody, po czym, uzbrojeni w aparat na statywie, poszli\u015bmy na nocne zdj\u0119cia. Kr\u00f3tko po tym, jak si\u0119 zorientowali\u015bmy, \u017ce, poza \u015bwietln\u0105 abstrakcj\u0105, nie ma nic ciekawego do sfotografowania, poszli\u015bmy na deptak robi\u0107 tzw. przycink\u0119. Po\u0142udniowe kobiety o po\u0142udniowej urodzie, w \u015bwietle wieczornych lamp wraz ze swoimi po\u0142udniowymi m\u0119\u017cczyznami przechadzali si\u0119 ku naszej uciesze, a raz na czas jaki\u015b \u015bwieci\u0142a upiornym blaskiem ruda lub bia\u0142a czupryna. Postanowili\u015bmy jecha\u0107 w inne miejsce zaraz z rana, bo tu, w Tivat, wszystkie opcje wydaj\u0105 si\u0119 mocno przerzedzone.<\/p>\n<p><img data-recalc-dims=\"1\" decoding=\"async\" alt=\"image\" src=\"https:\/\/i0.wp.com\/media.tumblr.com\/96efbc1416ee4e8b59a97e2d47eee610\/tumblr_inline_mru93yXz8n1qz4rgp.jpg\" \/><\/p>\n<p>Wracaj\u0105c na noc zahaczyli\u015bmy o grill-bar As, w kt\u00f3rym rybk\u0119 z rusztu wraz z grillowanymi warzywami op\u0119dzlowali\u015bmy i smaczne to by\u0142o, zapite potem Jelenia (dla niewtajemniczonych podajemy, i\u017c Jele\u0144 jest lokaln\u0105 per\u0142\u0105 czarnog\u00f3rskiego browarnictwa).<br \/>Teraz spa\u0107, a jutro do Kotoru uderzamy.<\/p>\n","protected":false},"excerpt":{"rendered":"<p>I tak nadszed\u0142 dzie\u0144 pierwszy naszej wycieczki. Poranek przywita\u0142 nas smrodem rozk\u0142adaj\u0105cych si\u0119 glon\u00f3w, a&#8230;<\/p>\n<div class=\"more-link-wrapper\"><a class=\"more-link\" href=\"https:\/\/www.volen.pl\/?p=202\">Read the post<span class=\"screen-reader-text\">Lazy day<\/span><\/a><\/div>\n","protected":false},"author":1,"featured_media":0,"comment_status":"closed","ping_status":"closed","sticky":false,"template":"","format":"standard","meta":{"_crdt_document":"","jetpack_post_was_ever_published":false,"_jetpack_newsletter_access":"","_jetpack_dont_email_post_to_subs":false,"_jetpack_newsletter_tier_id":0,"_jetpack_memberships_contains_paywalled_content":false,"_jetpack_memberships_contains_paid_content":false,"footnotes":"","jetpack_publicize_message":"","jetpack_publicize_feature_enabled":true,"jetpack_social_post_already_shared":true,"jetpack_social_options":{"image_generator_settings":{"template":"highway","default_image_id":0,"font":"","enabled":false},"version":2}},"categories":[134,93],"tags":[59,58,60,61],"class_list":["post-202","post","type-post","status-publish","format-standard","hentry","category-montenegro-2013","category-nawariata","tag-czarnogora","tag-montenegro","tag-podroze","tag-tivat","excerpt","zoom","full-without-featured","even","excerpt-0"],"jetpack_publicize_connections":[],"jetpack_featured_media_url":"","jetpack_shortlink":"https:\/\/wp.me\/p4lAri-3g","jetpack_sharing_enabled":true,"jetpack-related-posts":[{"id":200,"url":"https:\/\/www.volen.pl\/?p=200","url_meta":{"origin":202,"position":0},"title":"Rakija","author":"volen","date":"2013-08-19","format":false,"excerpt":"Znowu budzik! obudzi\u0142 nas z rana, by pom\u00f3c nam zorganizowa\u0107 dzie\u0144. Kr\u00f3tkie losowanie wskaza\u0142o Budv\u0119 na miejsce nast\u0119pnego spoczynku, tak wi\u0119c ogarn\u0119li\u015bmy apartamiento i siebie i ruszyli\u015bmy na czuja w poszukiwaniu dworca autobusowego. Autobus przyjecha\u0142 po paru minutach, by\u0142 do\u015b\u0107 wiekowy i wygl\u0105da\u0142 na powa\u017cnie traktuj\u0105cego swoj\u0105 prac\u0119. Kurs z\u2026","rel":"","context":"W \u201eMontenegro 2013&quot;","block_context":{"text":"Montenegro 2013","link":"https:\/\/www.volen.pl\/?cat=134"},"img":{"alt_text":"","src":"","width":0,"height":0},"classes":[]},{"id":219,"url":"https:\/\/www.volen.pl\/?p=219","url_meta":{"origin":202,"position":1},"title":"Pralnia","author":"volen","date":"2012-10-15","format":false,"excerpt":"Istambu\u0142 wkurzy\u0142 nas niesamowicie. Miasto, w kt\u00f3rym z czterech stron \u015bwiata jest po\u0142udnie. Ale najpierw. Po autobusowo-promowej przeprawie przez Morze Marmara posilili\u015bmy si\u0119 w sto\u0142\u00f3wce dla pracownik\u00f3w Pamukkale na Buyuk Otogar. Kupili\u015bmy bilety do Konstancy, a sprzedawca wyekspediowa\u0142 nas dla pewno\u015bci metrem do Aksaray, sk\u0105d mieli\u015bmy mie\u0107 nast\u0119pnego dnia autobus.\u2026","rel":"","context":"W \u201e7000km - 2012&quot;","block_context":{"text":"7000km - 2012","link":"https:\/\/www.volen.pl\/?cat=135"},"img":{"alt_text":"","src":"","width":0,"height":0},"classes":[]},{"id":193,"url":"https:\/\/www.volen.pl\/?p=193","url_meta":{"origin":202,"position":2},"title":"Gniew Zeusa","author":"volen","date":"2013-08-26","format":false,"excerpt":"Autobus z Savnika mieli\u015bmy o 12.00, co w \u015bwietle pobudki o 8.00 dawa\u0142o nam sporo czasu na poczynienie obserwacji socjologicznych. Raz, \u017ce widzieli\u015bmy wdzi\u0119czno\u015b\u0107 obs\u0142ugi hotelowej za przyjmowane bez zmru\u017cenia powieki niedogodno\u015bci, dwa, \u017ce poznali\u015bmy przynajmniej po\u0142ow\u0119 mieszka\u0144c\u00f3w Savnika chy\u0142kiem schodz\u0105cych do restauracji hotelowej by nas obejrze\u0107, trzy, \u017ce ogl\u0105dali\u015bmy\u2026","rel":"","context":"W \u201eMontenegro 2013&quot;","block_context":{"text":"Montenegro 2013","link":"https:\/\/www.volen.pl\/?cat=134"},"img":{"alt_text":"","src":"","width":0,"height":0},"classes":[]},{"id":191,"url":"https:\/\/www.volen.pl\/?p=191","url_meta":{"origin":202,"position":3},"title":"Wielki Powr\u00f3t do Domu","author":"volen","date":"2013-08-28","format":false,"excerpt":"bo wsz\u0119dzie dobrze, ale w domu najlepiej. Tak wi\u0119c powr\u00f3t rozpocz\u0105\u0142 si\u0119 z rana w Herceg Novi, gdzie bez zb\u0119dnego po\u015bpiechu spakowali\u015bmy si\u0119, zjedli\u015bmy ma\u0142e co nieco oraz zapili\u015bmy kaw\u0105, po czym ruszyli\u015bmy szuka\u0107 transportu do Tivat. W tym miejscu, w Herceg Novi, m\u00f3j Kot postanowi\u0142 po\u017cegna\u0107 swoje ulubione podr\u00f3\u017cne\u2026","rel":"","context":"W \u201eMontenegro 2013&quot;","block_context":{"text":"Montenegro 2013","link":"https:\/\/www.volen.pl\/?cat=134"},"img":{"alt_text":"","src":"","width":0,"height":0},"classes":[]},{"id":192,"url":"https:\/\/www.volen.pl\/?p=192","url_meta":{"origin":202,"position":4},"title":"Herceg Novi Jazz Festival","author":"volen","date":"2013-08-27","format":false,"excerpt":"Po nocnej burzy spali\u015bmy jak, nie przymierzaj\u0105c, kot Bonifacy, a\u017c do 9.15. Wreszcie zjedli\u015bmy normalne \u015bniadanie i wypili\u015bmy normaln\u0105 kaw\u0119. Normaln\u0105, oczywi\u015bcie, w granicach dost\u0119pnego nam asortymentu. Po\u0142udniowcy wszelakiej ma\u015bci miel\u0105 kaw\u0119 na py\u0142. By\u0142o tak w Turcji, Rumunii, W\u0142oszech, jest tak i w Czarnog\u00f3rze. Py\u0142 ten nie jest przeznaczony\u2026","rel":"","context":"W \u201eMontenegro 2013&quot;","block_context":{"text":"Montenegro 2013","link":"https:\/\/www.volen.pl\/?cat=134"},"img":{"alt_text":"","src":"","width":0,"height":0},"classes":[]},{"id":194,"url":"https:\/\/www.volen.pl\/?p=194","url_meta":{"origin":202,"position":5},"title":"\u015amier\u0107 miasta","author":"volen","date":"2013-08-25","format":false,"excerpt":"Gospodarzy ni widu ni s\u0142ychu, klucze ostawili\u015bmy w zamku po czym, pomni ostatnich wydarze\u0144, pomkn\u0119li\u015bmy na autobusow\u0105 stanic\u0119. Pij\u0105c po drodze kaw\u0119 i zaopatruj\u0105c si\u0119 w jogurt marki \u201cMoja Krwawica\u201d, jako jedni z pierwszych zaj\u0119li\u015bmy miejsca w autobusie, twardo znosz\u0105c upa\u0142 i niewygod\u0119, do czasu a\u017c klimatyzacja zacz\u0119\u0142a dzia\u0142a\u0107. Wysiedli\u015bmy\u2026","rel":"","context":"W \u201eMontenegro 2013&quot;","block_context":{"text":"Montenegro 2013","link":"https:\/\/www.volen.pl\/?cat=134"},"img":{"alt_text":"","src":"","width":0,"height":0},"classes":[]}],"_links":{"self":[{"href":"https:\/\/www.volen.pl\/index.php?rest_route=\/wp\/v2\/posts\/202","targetHints":{"allow":["GET"]}}],"collection":[{"href":"https:\/\/www.volen.pl\/index.php?rest_route=\/wp\/v2\/posts"}],"about":[{"href":"https:\/\/www.volen.pl\/index.php?rest_route=\/wp\/v2\/types\/post"}],"author":[{"embeddable":true,"href":"https:\/\/www.volen.pl\/index.php?rest_route=\/wp\/v2\/users\/1"}],"replies":[{"embeddable":true,"href":"https:\/\/www.volen.pl\/index.php?rest_route=%2Fwp%2Fv2%2Fcomments&post=202"}],"version-history":[{"count":1,"href":"https:\/\/www.volen.pl\/index.php?rest_route=\/wp\/v2\/posts\/202\/revisions"}],"predecessor-version":[{"id":283,"href":"https:\/\/www.volen.pl\/index.php?rest_route=\/wp\/v2\/posts\/202\/revisions\/283"}],"wp:attachment":[{"href":"https:\/\/www.volen.pl\/index.php?rest_route=%2Fwp%2Fv2%2Fmedia&parent=202"}],"wp:term":[{"taxonomy":"category","embeddable":true,"href":"https:\/\/www.volen.pl\/index.php?rest_route=%2Fwp%2Fv2%2Fcategories&post=202"},{"taxonomy":"post_tag","embeddable":true,"href":"https:\/\/www.volen.pl\/index.php?rest_route=%2Fwp%2Fv2%2Ftags&post=202"}],"curies":[{"name":"wp","href":"https:\/\/api.w.org\/{rel}","templated":true}]}}