{"id":203,"date":"2013-08-16T04:00:00","date_gmt":"2013-08-16T02:00:00","guid":{"rendered":"http:\/\/www.volen.pl\/?p=203"},"modified":"2014-10-09T18:38:32","modified_gmt":"2014-10-09T16:38:32","slug":"tr-jmiejska-grupa-wypadowa","status":"publish","type":"post","link":"https:\/\/www.volen.pl\/?p=203","title":{"rendered":"Tr\u00f3jmiejska Grupa Wypadowa"},"content":{"rendered":"<p>I pojechali.<br \/>\nSamolotem do Warszawy, gdzie w SO!Coffee spili\u015bmy czytaj\u0105c dziwne jakiesik cuda, a potem r\u00f3wnie\u017c samolotem do Belgradu, gdzie z kolei postanowili\u015bmy za namow\u0105 Miko\u0142aja, obejrze\u0107 fort nad rzek\u0105.<br \/>\nNiestety!<br \/>\nCho\u0107by\u015bmy chcieli, nie dali\u015bmy rady, a to ju\u017c z powodu, \u017ce g\u0142\u00f3d straszliwy, a to, \u017ce autobusy je\u017cd\u017c\u0105 okropnie powoli i sam dojazd zaj\u0105\u0142 nam godzin\u0119 w t\u0119, a powr\u00f3t godzin\u0119 nazad.<br \/>\nZ Belgradu polecamy wszystkim kuchni\u0119 azjatyck\u0105 z ul. Komuny Paryskiej. Ogromne jak na nasze mo\u017cliwo\u015bci porcje w malutkiej knajpce ko\u0142o MCDonaldsa. Pole do obserwacji r\u00f3\u017cnorakich w autobusie mieli\u015bmy, z czego wniosek, \u017ce i w tym zak\u0105tku \u015bwiata stanowimy nie lada atrakcj\u0119 turystyczn\u0105 ze wzgl\u0119du na koloryt sk\u00f3ry i wyblak\u0142e oczy. Tak, czy inaczej, zjedli\u015bmy obficie i polecieli\u015bmy dalej, a\u017c do Tivat w Montenegro, kt\u00f3re okazuje si\u0119, centrum lokalnego wszech\u015bwiata stanowi i sk\u0105d \u0142atwo i Kotor obada\u0107 i Herceg Nowi obejrze\u0107 i tras\u0119 25 zakr\u0119t\u00f3w przeby\u0107 mo\u017cna.<br \/>\nW informacji turystycznej zdumienie, \u017ce bez noclegu przyjechali\u015bmy, acz jak nieszkodliwych wariat\u00f3w nas potraktowali, bo to akurat i koniec ich pracy by\u0142, co wi\u0119c maj\u0105 si\u0119 na wiecz\u00f3r chandryczy\u0107..? Zadzwonili tu i \u00f3wdzie, po czym przyjecha\u0142 Marko, odebra\u0142 nas spod zamkni\u0119tej ju\u017c informacji i zawi\u00f3z\u0142 na kwater\u0119. Zostaniemy tu do poniedzia\u0142ku, ale nikomu o tym nie powiemy, gdy\u017c zasi\u0119gu \u017cadnej ludzkiej sieci tu nie mamy.<br \/>\nS\u0142owo o cenach. Taxi spod lotniska do centrum 10euro. Zakupy kolacja\/\u015bniadanie nawet z witaminami &#8211; 10,50euro. 3 noclegi u Marko, blisko centrum 120euro. Jak w Polsce naszej rze\u015bkiej, kochanej.<br \/>\nCzego i czytelnikom przypadkowym \u017cyczymy :)<\/p>\n","protected":false},"excerpt":{"rendered":"<p>I pojechali. Samolotem do Warszawy, gdzie w SO!Coffee spili\u015bmy czytaj\u0105c dziwne jakiesik cuda, a potem&#8230;<\/p>\n<div class=\"more-link-wrapper\"><a class=\"more-link\" href=\"https:\/\/www.volen.pl\/?p=203\">Read the post<span class=\"screen-reader-text\">Tr\u00f3jmiejska Grupa Wypadowa<\/span><\/a><\/div>\n","protected":false},"author":1,"featured_media":0,"comment_status":"closed","ping_status":"closed","sticky":false,"template":"","format":"standard","meta":{"_crdt_document":"","jetpack_post_was_ever_published":false,"_jetpack_newsletter_access":"","_jetpack_dont_email_post_to_subs":false,"_jetpack_newsletter_tier_id":0,"_jetpack_memberships_contains_paywalled_content":false,"_jetpack_memberships_contains_paid_content":false,"footnotes":"","jetpack_publicize_message":"","jetpack_publicize_feature_enabled":true,"jetpack_social_post_already_shared":true,"jetpack_social_options":{"image_generator_settings":{"template":"highway","default_image_id":0,"font":"","enabled":false},"version":2}},"categories":[134,93],"tags":[59,58,60],"class_list":["post-203","post","type-post","status-publish","format-standard","hentry","category-montenegro-2013","category-nawariata","tag-czarnogora","tag-montenegro","tag-podroze","excerpt","zoom","full-without-featured","even","excerpt-0"],"jetpack_publicize_connections":[],"jetpack_featured_media_url":"","jetpack_shortlink":"https:\/\/wp.me\/p4lAri-3h","jetpack_sharing_enabled":true,"jetpack-related-posts":[{"id":193,"url":"https:\/\/www.volen.pl\/?p=193","url_meta":{"origin":203,"position":0},"title":"Gniew Zeusa","author":"volen","date":"2013-08-26","format":false,"excerpt":"Autobus z Savnika mieli\u015bmy o 12.00, co w \u015bwietle pobudki o 8.00 dawa\u0142o nam sporo czasu na poczynienie obserwacji socjologicznych. Raz, \u017ce widzieli\u015bmy wdzi\u0119czno\u015b\u0107 obs\u0142ugi hotelowej za przyjmowane bez zmru\u017cenia powieki niedogodno\u015bci, dwa, \u017ce poznali\u015bmy przynajmniej po\u0142ow\u0119 mieszka\u0144c\u00f3w Savnika chy\u0142kiem schodz\u0105cych do restauracji hotelowej by nas obejrze\u0107, trzy, \u017ce ogl\u0105dali\u015bmy\u2026","rel":"","context":"W \u201eMontenegro 2013&quot;","block_context":{"text":"Montenegro 2013","link":"https:\/\/www.volen.pl\/?cat=134"},"img":{"alt_text":"","src":"","width":0,"height":0},"classes":[]},{"id":198,"url":"https:\/\/www.volen.pl\/?p=198","url_meta":{"origin":203,"position":1},"title":"Stan ca\u0142kowitego upodlenia","author":"volen","date":"2013-08-21","format":false,"excerpt":"Ruszyli\u015bmy o barbarzy\u0144skiej porze do Virpazar, nad Jezioro Szkoderskie, z przesiadk\u0105 w Barze (logika nie jest nasz\u0105 najmocniejsz\u0105 stron\u0105). Autobus delikatnie zwolni\u0142, wyrzuci\u0142 nas i nasze plecaki prosto w obj\u0119cia najstarszego cz\u0142owieka w okolicy, w\u0142a\u015bciciela hotelu Pelikan. Hotelowa recepcjonistka na nasz\u0105 pro\u015bb\u0119 o map\u0119 okolicy, wyprowadzi\u0142a nas na pr\u00f3g i\u2026","rel":"","context":"W \u201eMontenegro 2013&quot;","block_context":{"text":"Montenegro 2013","link":"https:\/\/www.volen.pl\/?cat=134"},"img":{"alt_text":"","src":"","width":0,"height":0},"classes":[]},{"id":1267,"url":"https:\/\/www.volen.pl\/?p=1267","url_meta":{"origin":203,"position":2},"title":"Alba\u0144ska szko\u0142a jazdy","author":"volen","date":"2015-08-05","format":false,"excerpt":"Ze z\u0142o\u015bci na serbsk\u0105 biurokracj\u0119 postanowili\u015bmy nie tankowa\u0107 w tym - pi\u0119knym sk\u0105din\u0105d - kraju. Na pierwszej napotkanej stacji czarnog\u00f3rskiego Wr\u00f3blenu zatankowali\u015bmy do pe\u0142na z niewielk\u0105 g\u00f3rk\u0105, po czym zjechali\u015bmy do Bijelego Polja, zatrzymali\u015bmy si\u0119 w przydro\u017cnym hotelu i poszli\u015bmy spa\u0107. Trawersata Montenegro by\u0142a czyst\u0105 przyjemno\u015bci\u0105. Prowadzi\u0142 pewn\u0105 \u0142apk\u0105 dzielny\u2026","rel":"","context":"W \u201eBalkan eXpress&quot;","block_context":{"text":"Balkan eXpress","link":"https:\/\/www.volen.pl\/?cat=194"},"img":{"alt_text":"","src":"https:\/\/i0.wp.com\/www.volen.pl\/wp-content\/uploads\/2015\/08\/VOL0251.jpg?fit=1200%2C795&ssl=1&resize=350%2C200","width":350,"height":200,"srcset":"https:\/\/i0.wp.com\/www.volen.pl\/wp-content\/uploads\/2015\/08\/VOL0251.jpg?fit=1200%2C795&ssl=1&resize=350%2C200 1x, https:\/\/i0.wp.com\/www.volen.pl\/wp-content\/uploads\/2015\/08\/VOL0251.jpg?fit=1200%2C795&ssl=1&resize=525%2C300 1.5x, https:\/\/i0.wp.com\/www.volen.pl\/wp-content\/uploads\/2015\/08\/VOL0251.jpg?fit=1200%2C795&ssl=1&resize=700%2C400 2x, https:\/\/i0.wp.com\/www.volen.pl\/wp-content\/uploads\/2015\/08\/VOL0251.jpg?fit=1200%2C795&ssl=1&resize=1050%2C600 3x"},"classes":[]},{"id":751,"url":"https:\/\/www.volen.pl\/?p=751","url_meta":{"origin":203,"position":3},"title":"socjologia stosowana","author":"volen","date":"2014-10-23","format":false,"excerpt":"Potworny b\u00f3l g\u0142owy. Oczy nie nad\u0105\u017caj\u0105 za obrazem, \u015bwiat faluje, czaszka \u015bwidruje. Siedzieli\u015bmy prawie godzin\u0119 t\u0119po patrz\u0105c przed siebie, czekaj\u0105c a\u017c b\u00f3l ust\u0105pi po za\u017cyciu dozwolonych \u015brodk\u00f3w farmakologicznych. B\u00f3l nie ust\u0105pi\u0142, ust\u0105pili\u015bmy my. Ruszyli\u015bmy szuka\u0107 planu Puno, gdy\u017c chcieli\u015bmy jak najszybciej dotrze\u0107 nad jezioro Titicaca. W Peru je\u017cd\u017c\u0105 takie fajne,\u2026","rel":"","context":"W \u201ea la conquista de Am\u00e9rica&quot;","block_context":{"text":"a la conquista de Am\u00e9rica","link":"https:\/\/www.volen.pl\/?cat=138"},"img":{"alt_text":"","src":"https:\/\/i0.wp.com\/www.volen.pl\/wp-content\/uploads\/2014\/10\/r_DSC0225.jpg?fit=1200%2C795&ssl=1&resize=350%2C200","width":350,"height":200,"srcset":"https:\/\/i0.wp.com\/www.volen.pl\/wp-content\/uploads\/2014\/10\/r_DSC0225.jpg?fit=1200%2C795&ssl=1&resize=350%2C200 1x, https:\/\/i0.wp.com\/www.volen.pl\/wp-content\/uploads\/2014\/10\/r_DSC0225.jpg?fit=1200%2C795&ssl=1&resize=525%2C300 1.5x, https:\/\/i0.wp.com\/www.volen.pl\/wp-content\/uploads\/2014\/10\/r_DSC0225.jpg?fit=1200%2C795&ssl=1&resize=700%2C400 2x, https:\/\/i0.wp.com\/www.volen.pl\/wp-content\/uploads\/2014\/10\/r_DSC0225.jpg?fit=1200%2C795&ssl=1&resize=1050%2C600 3x"},"classes":[]},{"id":191,"url":"https:\/\/www.volen.pl\/?p=191","url_meta":{"origin":203,"position":4},"title":"Wielki Powr\u00f3t do Domu","author":"volen","date":"2013-08-28","format":false,"excerpt":"bo wsz\u0119dzie dobrze, ale w domu najlepiej. Tak wi\u0119c powr\u00f3t rozpocz\u0105\u0142 si\u0119 z rana w Herceg Novi, gdzie bez zb\u0119dnego po\u015bpiechu spakowali\u015bmy si\u0119, zjedli\u015bmy ma\u0142e co nieco oraz zapili\u015bmy kaw\u0105, po czym ruszyli\u015bmy szuka\u0107 transportu do Tivat. W tym miejscu, w Herceg Novi, m\u00f3j Kot postanowi\u0142 po\u017cegna\u0107 swoje ulubione podr\u00f3\u017cne\u2026","rel":"","context":"W \u201eMontenegro 2013&quot;","block_context":{"text":"Montenegro 2013","link":"https:\/\/www.volen.pl\/?cat=134"},"img":{"alt_text":"","src":"","width":0,"height":0},"classes":[]},{"id":196,"url":"https:\/\/www.volen.pl\/?p=196","url_meta":{"origin":203,"position":5},"title":"Czarci paluch","author":"volen","date":"2013-08-23","format":false,"excerpt":"Zaraz po obudzeniu zostali\u015bmy zaszczyceni fili\u017cank\u0105 kawy: gospodyni powa\u017cnie podesz\u0142a do naszych pr\u00f3\u015bb i pami\u0119ta\u0142a, \u017ce bez kawy ze mn\u0105 si\u0119 nie pogada. Wypili\u015bmy wi\u0119c kaw\u0119, po czym pozbierali\u015bmy graty i poszli\u015bmy szuka\u0107 transportu do kanionu Tary. Oczywi\u015bcie okaza\u0142o si\u0119 na samym pocz\u0105tku, i\u017c gospodarze mieli nieaktualne informacje co do\u2026","rel":"","context":"W \u201eMontenegro 2013&quot;","block_context":{"text":"Montenegro 2013","link":"https:\/\/www.volen.pl\/?cat=134"},"img":{"alt_text":"","src":"","width":0,"height":0},"classes":[]}],"_links":{"self":[{"href":"https:\/\/www.volen.pl\/index.php?rest_route=\/wp\/v2\/posts\/203","targetHints":{"allow":["GET"]}}],"collection":[{"href":"https:\/\/www.volen.pl\/index.php?rest_route=\/wp\/v2\/posts"}],"about":[{"href":"https:\/\/www.volen.pl\/index.php?rest_route=\/wp\/v2\/types\/post"}],"author":[{"embeddable":true,"href":"https:\/\/www.volen.pl\/index.php?rest_route=\/wp\/v2\/users\/1"}],"replies":[{"embeddable":true,"href":"https:\/\/www.volen.pl\/index.php?rest_route=%2Fwp%2Fv2%2Fcomments&post=203"}],"version-history":[{"count":2,"href":"https:\/\/www.volen.pl\/index.php?rest_route=\/wp\/v2\/posts\/203\/revisions"}],"predecessor-version":[{"id":641,"href":"https:\/\/www.volen.pl\/index.php?rest_route=\/wp\/v2\/posts\/203\/revisions\/641"}],"wp:attachment":[{"href":"https:\/\/www.volen.pl\/index.php?rest_route=%2Fwp%2Fv2%2Fmedia&parent=203"}],"wp:term":[{"taxonomy":"category","embeddable":true,"href":"https:\/\/www.volen.pl\/index.php?rest_route=%2Fwp%2Fv2%2Fcategories&post=203"},{"taxonomy":"post_tag","embeddable":true,"href":"https:\/\/www.volen.pl\/index.php?rest_route=%2Fwp%2Fv2%2Ftags&post=203"}],"curies":[{"name":"wp","href":"https:\/\/api.w.org\/{rel}","templated":true}]}}