{"id":2049,"date":"2017-02-12T15:07:39","date_gmt":"2017-02-12T14:07:39","guid":{"rendered":"http:\/\/www.volen.pl\/?p=2049"},"modified":"2017-02-12T15:07:39","modified_gmt":"2017-02-12T14:07:39","slug":"wplaw","status":"publish","type":"post","link":"https:\/\/www.volen.pl\/?p=2049","title":{"rendered":"Wp\u0142aw\u00a0"},"content":{"rendered":"<p>A ja jestem spod znaku Ryb, wi\u0119c czuj\u0119 si\u0119 lepiej w wodzie ni\u017c na ziemi. Czasem p\u0142yn\u0105\u0142em sobie od brzegu w Allaman i po czterech lub pi\u0119ciu godzinach dociera\u0142em do Rolle lub Morges. Tam mieszkali ludzie, kt\u00f3rzy pozwalali mi zatelefonowa\u0107 lub po\u017cyczali rower czy koszul\u0119, kt\u00f3re im nast\u0119pnie odsy\u0142a\u0142em poczt\u0105. Uwielbia\u0142em sk\u0142ada\u0107 wizyty wp\u0142aw.<\/p>\n<p>Nicolas Bouvier &#8211; Drogi i manowce<\/p>\n","protected":false},"excerpt":{"rendered":"<p>A ja jestem spod znaku Ryb, wi\u0119c czuj\u0119 si\u0119 lepiej w wodzie ni\u017c na ziemi.&#8230;<\/p>\n<div class=\"more-link-wrapper\"><a class=\"more-link\" href=\"https:\/\/www.volen.pl\/?p=2049\">Read the post<span class=\"screen-reader-text\">Wp\u0142aw\u00a0<\/span><\/a><\/div>\n","protected":false},"author":1,"featured_media":0,"comment_status":"closed","ping_status":"closed","sticky":false,"template":"","format":"standard","meta":{"_crdt_document":"","jetpack_post_was_ever_published":false,"_jetpack_newsletter_access":"","_jetpack_dont_email_post_to_subs":false,"_jetpack_newsletter_tier_id":0,"_jetpack_memberships_contains_paywalled_content":false,"_jetpack_memberships_contains_paid_content":false,"footnotes":"","jetpack_publicize_message":"","jetpack_publicize_feature_enabled":true,"jetpack_social_post_already_shared":false,"jetpack_social_options":{"image_generator_settings":{"template":"highway","default_image_id":0,"font":"","enabled":false},"version":2}},"categories":[17],"tags":[273,272,271],"class_list":["post-2049","post","type-post","status-publish","format-standard","hentry","category-cytaty","tag-bouvier","tag-wizyty","tag-wplaw","excerpt","zoom","full-without-featured","even","excerpt-0"],"jetpack_publicize_connections":[],"jetpack_featured_media_url":"","jetpack_shortlink":"https:\/\/wp.me\/s4lAri-wplaw","jetpack_sharing_enabled":true,"jetpack-related-posts":[{"id":2051,"url":"https:\/\/www.volen.pl\/?p=2051","url_meta":{"origin":2049,"position":0},"title":"To\u017csamo\u015b\u0107","author":"volen","date":"2017-02-12","format":false,"excerpt":"Dlatego te\u017c wszystkie problemy to\u017csamo\u015bci, o kt\u00f3ry\u015b si\u0119 teraz tak cz\u0119sto i z takim upodobaniem tr\u0105bi, wydaj\u0105 mi si\u0119 zupe\u0142nie bezprzedmiotowe. Jedno z dwojga: albo ma si\u0119 autentyczn\u0105 to\u017csamo\u015b\u0107, a w takim razie nie mo\u017cna jej utraci\u0107, albo si\u0119 jej nie ma, i nie warto marnowa\u0107 si\u0142 w obronie czego\u015b,\u2026","rel":"","context":"W \u201ez\u0142ote g\u0142oski&quot;","block_context":{"text":"z\u0142ote g\u0142oski","link":"https:\/\/www.volen.pl\/?cat=17"},"img":{"alt_text":"","src":"","width":0,"height":0},"classes":[]},{"id":1352,"url":"https:\/\/www.volen.pl\/?p=1352","url_meta":{"origin":2049,"position":1},"title":"Kapitan Krzywa Ga\u0142a","author":"volen","date":"2015-09-21","format":false,"excerpt":"Wieczorem, po ulokowaniu si\u0119 w pokojach, spotkali\u015bmy si\u0119 by om\u00f3wi\u0107 rzeczy bie\u017c\u0105ce i przysz\u0142e, pogada\u0107 o historii i osuszy\u0107 medykament zakupiony przez towarzyszy dla zdrowotno\u015bci. Jako, \u017ce wiele z tego, co zosta\u0142o powiedziane nie nadaje si\u0119 do powtarzania ni publikacji (bo to cudze historie), zamkn\u0119 temat radosnym przydomkniem, kt\u00f3rym \u017cycie\u2026","rel":"","context":"W \u201ematuszka Rosja&quot;","block_context":{"text":"matuszka Rosja","link":"https:\/\/www.volen.pl\/?cat=210"},"img":{"alt_text":"","src":"https:\/\/i0.wp.com\/www.volen.pl\/wp-content\/uploads\/2015\/09\/wozide%C5%82ko_VOL1996.jpg?fit=1200%2C795&ssl=1&resize=350%2C200","width":350,"height":200,"srcset":"https:\/\/i0.wp.com\/www.volen.pl\/wp-content\/uploads\/2015\/09\/wozide%C5%82ko_VOL1996.jpg?fit=1200%2C795&ssl=1&resize=350%2C200 1x, https:\/\/i0.wp.com\/www.volen.pl\/wp-content\/uploads\/2015\/09\/wozide%C5%82ko_VOL1996.jpg?fit=1200%2C795&ssl=1&resize=525%2C300 1.5x, https:\/\/i0.wp.com\/www.volen.pl\/wp-content\/uploads\/2015\/09\/wozide%C5%82ko_VOL1996.jpg?fit=1200%2C795&ssl=1&resize=700%2C400 2x, https:\/\/i0.wp.com\/www.volen.pl\/wp-content\/uploads\/2015\/09\/wozide%C5%82ko_VOL1996.jpg?fit=1200%2C795&ssl=1&resize=1050%2C600 3x"},"classes":[]},{"id":511,"url":"https:\/\/www.volen.pl\/?p=511","url_meta":{"origin":2049,"position":2},"title":"Zapach wiosny","author":"volen","date":"2014-04-08","format":false,"excerpt":"W\u0142a\u015bnie poczu\u0142em kolejny z zapach\u00f3w wiosny. Przypominaj\u0105cy po\u0142udniow\u0105 Francj\u0119 lub p\u00f3\u0142nocne W\u0142ochy zapach mokrego betonu w rze\u015bkim, ale ju\u017c ciep\u0142ym powietrzu. Kto\u015b umy\u0142 sobie podjazd do domu. Zadziwiaj\u0105ce, jak mocno niekt\u00f3re zapachy dzia\u0142aj\u0105 na cz\u0142owieka. Budz\u0105 silne wspomnienia...","rel":"","context":"W \u201efilozofia uliczna&quot;","block_context":{"text":"filozofia uliczna","link":"https:\/\/www.volen.pl\/?cat=2"},"img":{"alt_text":"","src":"","width":0,"height":0},"classes":[]},{"id":3006,"url":"https:\/\/www.volen.pl\/?p=3006","url_meta":{"origin":2049,"position":3},"title":"Natura ludzka","author":"volen","date":"2020-06-05","format":false,"excerpt":"nie \u017cywi\u0142 z\u0142udze\u0144 co do natury ludzkiej - tak czy owak przewa\u017caj\u0105ca wi\u0119kszo\u015b\u0107 \u017cyje jeno si\u0142\u0105 inercji, a m\u0105k wegetacji do\u015bwiadcza co najwy\u017cej w postaci porannego kaca, depresji postkoitalnej lub wizyt u dentysty Jacek Dukaj - Czarne oceany","rel":"","context":"W \u201ez\u0142ote g\u0142oski&quot;","block_context":{"text":"z\u0142ote g\u0142oski","link":"https:\/\/www.volen.pl\/?cat=17"},"img":{"alt_text":"","src":"","width":0,"height":0},"classes":[]},{"id":128,"url":"https:\/\/www.volen.pl\/?p=128","url_meta":{"origin":2049,"position":4},"title":"cz\u0142owiek","author":"volen","date":"2014-02-20","format":false,"excerpt":"A ludzi na \u015bwiecie ile, Jezu kochany, a ka\u017cdy tylko ma swoje my\u015bli o sobie, a jakby strzeli\u0142 drugiego w pysk, jakby si\u0119 obwo\u0142a\u0142 g\u0142\u00f3wnodowodz\u0105cym wojsk wszech\u015bwiata i zast\u0119p\u00f3w niebieskich, cud, \u017ce wszystko trwa w jakiej takiej r\u00f3wnowadze, \u017ce dzie\u0144 mija i tylko pewna ilo\u015b\u0107 os\u00f3b zosta\u0142a zabita lub skopana,\u2026","rel":"","context":"W \u201ez\u0142ote g\u0142oski&quot;","block_context":{"text":"z\u0142ote g\u0142oski","link":"https:\/\/www.volen.pl\/?cat=17"},"img":{"alt_text":"","src":"","width":0,"height":0},"classes":[]},{"id":4038,"url":"https:\/\/www.volen.pl\/?p=4038","url_meta":{"origin":2049,"position":5},"title":"O przesycie, deficycie i sa\u0142atce jarzynowej","author":"volen","date":"2026-04-16","format":false,"excerpt":"Przesyt. Co prawda nie tym konkretnym s\u0142owem, ale tak kolega opisa\u0142 sytuacj\u0119 w swoim zwi\u0105zku. Opowiedzia\u0142 o pr\u00f3bach wsp\u00f3lnego uk\u0142adania czasu na spotkania z partnerk\u0105. Przek\u0142ada\u0142 swoje zaj\u0119cia tak, by trafia\u0107 w jej grafik i komasowa\u0107 wsp\u00f3lny czas wolny. Pr\u00f3bowa\u0142 po prostu uk\u0142ada\u0107 dzie\u0144 tak, by jak najwi\u0119cej czasu sp\u0119dza\u0107\u2026","rel":"","context":"W \u201efilozofia uliczna&quot;","block_context":{"text":"filozofia uliczna","link":"https:\/\/www.volen.pl\/?cat=2"},"img":{"alt_text":"","src":"","width":0,"height":0},"classes":[]}],"_links":{"self":[{"href":"https:\/\/www.volen.pl\/index.php?rest_route=\/wp\/v2\/posts\/2049","targetHints":{"allow":["GET"]}}],"collection":[{"href":"https:\/\/www.volen.pl\/index.php?rest_route=\/wp\/v2\/posts"}],"about":[{"href":"https:\/\/www.volen.pl\/index.php?rest_route=\/wp\/v2\/types\/post"}],"author":[{"embeddable":true,"href":"https:\/\/www.volen.pl\/index.php?rest_route=\/wp\/v2\/users\/1"}],"replies":[{"embeddable":true,"href":"https:\/\/www.volen.pl\/index.php?rest_route=%2Fwp%2Fv2%2Fcomments&post=2049"}],"version-history":[{"count":1,"href":"https:\/\/www.volen.pl\/index.php?rest_route=\/wp\/v2\/posts\/2049\/revisions"}],"predecessor-version":[{"id":2050,"href":"https:\/\/www.volen.pl\/index.php?rest_route=\/wp\/v2\/posts\/2049\/revisions\/2050"}],"wp:attachment":[{"href":"https:\/\/www.volen.pl\/index.php?rest_route=%2Fwp%2Fv2%2Fmedia&parent=2049"}],"wp:term":[{"taxonomy":"category","embeddable":true,"href":"https:\/\/www.volen.pl\/index.php?rest_route=%2Fwp%2Fv2%2Fcategories&post=2049"},{"taxonomy":"post_tag","embeddable":true,"href":"https:\/\/www.volen.pl\/index.php?rest_route=%2Fwp%2Fv2%2Ftags&post=2049"}],"curies":[{"name":"wp","href":"https:\/\/api.w.org\/{rel}","templated":true}]}}