{"id":205,"date":"2013-05-02T04:00:00","date_gmt":"2013-05-02T02:00:00","guid":{"rendered":"http:\/\/www.volen.pl\/?p=205"},"modified":"2014-10-09T18:02:27","modified_gmt":"2014-10-09T16:02:27","slug":"g-os-rozs-dku","status":"publish","type":"post","link":"https:\/\/www.volen.pl\/?p=205","title":{"rendered":"G\u0142os rozs\u0105dku"},"content":{"rendered":"<p>Jako\u015b tak z dnia na dzie\u0144 od chwili urodzin przywyk\u0142em, by go nie s\u0142ucha\u0107, bo g\u0142os rozs\u0105dku z zasady wyklucza wi\u0119kszo\u015b\u0107 moich pomys\u0142\u00f3w. Musia\u0142em wybra\u0107 si\u0119 w Beskidy, by zobaczy\u0107 jak dzia\u0142a.<\/p>\n<p>Od rana przy \u015bniadaniu dziewcz\u0119ta usi\u0142owa\u0142y forsowa\u0107 sw\u00f3j pomys\u0142, by uda\u0107 si\u0119 na poniewierk\u0119 i spr\u00f3bowa\u0107 dotrze\u0107 do Szczyrku. Nie chcia\u0142y s\u0142ucha\u0107, \u017ce jest to odleg\u0142o\u015b\u0107 taka, jak\u0105 sumarycznie zrobili\u015bmy od pocz\u0105tku trasy, \u017ce nie dotrzemy i generalnie lepiej zwiedzi\u0107 Barani\u0105 G\u00f3r\u0119, a od p. Danki ruszy\u0107 nazajutrz do Wis\u0142y. Wpad\u0142y w jaki\u015b dziewcz\u0119cy stupor, ka\u017c\u0105cy negowa\u0107 wszystko, co nie ich. Z pomoc\u0105 przyszed\u0142 w\u0142a\u015bnie \u00f3w g\u0142os rozs\u0105dku w\u0142o\u017cony w usta pana poznanego wczoraj, kt\u00f3ry wspar\u0142 nasze starania o powr\u00f3t dziewcz\u0105t do spo\u0142eczno\u015bci homo sapiens.<\/p>\n<p>Efekt przeszed\u0142 naj\u015bmielsze oczekiwania, dziewcz\u0119ta same zaproponowa\u0142y tras\u0119 i trzymali\u015bmy si\u0119 jej, jak wi\u0119kszo\u015b\u0107 m\u0119\u017cczyzn kierownicy lub pilota od telewizora. Po drodze mieli\u015bmy okazj\u0119 przekona\u0107 si\u0119 o prawdziwo\u015bci twierdzenia, \u017ce g\u00f3ra z g\u00f3r\u0105 si\u0119 nie zejdzie, a cz\u0142owiek z cz\u0142owiekiem zawsze: spotkali\u015bmy Micha\u0142a, kt\u00f3ry \u017cyczy\u0142 nam szcz\u0119\u015bliwej dalszej drogi. Ze wzgl\u0119du na mo\u017cliwe perturbacje prawne lub ma\u0142\u017ce\u0144skie zamieszczamy zdj\u0119cie, na kt\u00f3rym go prawie nie wida\u0107:<\/p>\n<p><img data-recalc-dims=\"1\" decoding=\"async\" alt=\"image\" src=\"https:\/\/i0.wp.com\/media.tumblr.com\/86df058ab3e7cb04f8fb2cebb76e61ff\/tumblr_inline_mmbrdaCGV71qz4rgp.jpg\" \/><\/p>\n<p>Ruszyli\u015bmy dalej, a w chwilach w\u0105tpliwo\u015bci pozwalali\u015bmy dziewcz\u0119tom dalej samym decydowa\u0107, modl\u0105c si\u0119 jedynie, by niebo nie run\u0119\u0142o nam w mi\u0119dzyczasie na g\u0142owy.<\/p>\n<p><img data-recalc-dims=\"1\" decoding=\"async\" alt=\"image\" src=\"https:\/\/i0.wp.com\/media.tumblr.com\/2ac562d6809a1818be012157c62a3691\/tumblr_inline_mmbrnn3gY11qz4rgp.jpg\" \/><\/p>\n<p>Po kr\u00f3tkim czasie ruszyli\u015bmy dalej, by w g\u0142\u0119bi lasu spotka\u0107 rud\u0105 driad\u0119 z wilkiem: okaza\u0142a si\u0119 by\u0107 pracownikiem schroniska PTTK na Przys\u0142upie, a wilka wyprowadza\u0142a, zdaje si\u0119, by si\u0119 nie zasta\u0142. Zanim dotarli\u015bmy do schroniska natkn\u0119li\u015bmy si\u0119 na Izb\u0119 Le\u015bn\u0105 zarz\u0105dzan\u0105 wsp\u00f3lnie przez le\u015bne zwierz\u0119ta, czym byli\u015bmy mocno poruszeni:<\/p>\n<p><img data-recalc-dims=\"1\" decoding=\"async\" alt=\"image\" src=\"https:\/\/i0.wp.com\/media.tumblr.com\/54355ccad200ed20814c9f1bb9f90a9b\/tumblr_inline_mmbrwjOcDv1qz4rgp.jpg\" \/><\/p>\n<p>Zwierz\u0119ta zgodzi\u0142y pozowa\u0107, a dla u\u0142atwienia ewentualnych kontakt\u00f3w ka\u017cde z nich postawi\u0142o przed sob\u0105 wizyt\u00f3wk\u0119. W chatce by\u0142 te\u017c cz\u0142owiek, p\u0142ci pi\u0119knej, lecz &#8211; wydaje si\u0119 &#8211; bardziej do pilnowania drzwi, ni\u017c czegokolwiek innego.<\/p>\n<p>Kilka metr\u00f3w wy\u017cej \u015bwieci\u0142o postkomunistycznym blaskiem schronisko. Ol\u015bniewaj\u0105ce pi\u0119kno tego budynku odebra\u0142o nam mow\u0119 na d\u0142u\u017cszy czas.<\/p>\n<p><img data-recalc-dims=\"1\" decoding=\"async\" alt=\"image\" src=\"https:\/\/i0.wp.com\/media.tumblr.com\/6914e1506be4a41c3c10e81130ece1de\/tumblr_inline_mmbsnzFZd91qz4rgp.jpg\" \/><\/p>\n<p>Po kr\u00f3tkim pobycie w \u015bwi\u0105tyni polskiego towarzystwa turystycznego ruszyli\u015bmy dnem wzbieraj\u0105cego potoku na Barani\u0105 G\u00f3r\u0119. Ten potok to taki g\u00f3rski odpowiednik sopockiego Monciaka: setki tysi\u0119cy os\u00f3b przepychaj\u0105cych si\u0119 w g\u00f3r\u0119 i w d\u00f3\u0142. Po pewnym czasie potok zmieni\u0142 si\u0119 w grz\u0119zawisko wy\u0142o\u017cone ruchomymi balami, wy\u0142o\u017conymi pewnie w celu skuteczniejszej redukcji niechcianych na szczycie turyst\u00f3w: mo\u017cna nie\u017ale pogruchota\u0107 sobie kostki.<\/p>\n<p>Szczytowanie by\u0142o nawet do\u015b\u0107 przyjemne, otuli\u0142a nas puchowa biel i by\u0142o fajnie. Znaczy, nie, \u017ce nie by\u0142o nic wida\u0107, absolutnie. By\u0142o wida\u0107 to i owo,<\/p>\n<p><img data-recalc-dims=\"1\" decoding=\"async\" alt=\"image\" src=\"https:\/\/i0.wp.com\/media.tumblr.com\/67ca766d6e5064f3d76a00b844e6c133\/tumblr_inline_mmbtatptlE1qz4rgp.jpg\" \/><\/p>\n<p>a czasem nawet i g\u00f3ry majaczy\u0142y w tle.<\/p>\n<p><img data-recalc-dims=\"1\" decoding=\"async\" alt=\"image\" src=\"https:\/\/i0.wp.com\/media.tumblr.com\/ceef15ef1147fdbd39f330e617a40032\/tumblr_inline_mmbtf0Veyb1qz4rgp.jpg\" \/><\/p>\n<p>Podejrzewam w skryto\u015bci ducha, i\u017c mg\u0142a by\u0142a moj\u0105 win\u0105, podobnie jak i podmok\u0142e przej\u015bcia, i w og\u00f3le, \u017ce pod g\u00f3rk\u0119, ale m\u00f3j kot mia\u0142 niewielkie pretensje. Znaczy &#8211; mog\u0142o by\u0107 gorzej.<\/p>\n<p><img data-recalc-dims=\"1\" decoding=\"async\" alt=\"image\" src=\"https:\/\/i0.wp.com\/media.tumblr.com\/f0ac6e0766756c0c5a6e2c2d26f44144\/tumblr_inline_mmbtl4lIIV1qz4rgp.jpg\" \/><\/p>\n<p>Dziewcz\u0119ta zg\u0142odnia\u0142y, wi\u0119c zatrzymali\u015bmy si\u0119 na obiadek w s\u0142awetnym schronisku, po czym powlekli\u015bmy nasze zw\u0142oki z powrotem do p. Danki.<\/p>\n<p>Droga powrotna przebieg\u0142a bez przyg\u00f3d: zgubili\u015bmy drog\u0119 <em>(no ok, mo\u017ce troch\u0119 przesadzam) <\/em><\/p>\n<p><em><img data-recalc-dims=\"1\" decoding=\"async\" alt=\"image\" src=\"https:\/\/i0.wp.com\/media.tumblr.com\/061ea4c3d3bff720604b7321da60a3b4\/tumblr_inline_mmbuf943l31qz4rgp.jpg\" \/><\/em><\/p>\n<p>i dorwa\u0142a nas burza z piorunami, wi\u0119c by unikn\u0105\u0107 niebezpiecze\u0144stw zaprosi\u0142em mojego kota pod najwy\u017csz\u0105 choink\u0119 na ca\u0142ej g\u00f3rce, gdzie przeczekali\u015bmy najgorsze, po czym oddali\u015bmy si\u0119 rytualnym obrz\u0119dom oczyszczaj\u0105cym w podzi\u0119ce za uratowanie \u017cycia.<\/p>\n<p><img data-recalc-dims=\"1\" decoding=\"async\" alt=\"image\" src=\"https:\/\/i0.wp.com\/media.tumblr.com\/1b7d8cdc43494b7a39bf233e7bd374be\/tumblr_inline_mmbuo5PkRb1qz4rgp.jpg\" \/><\/p>\n<p>Na kolacj\u0119 dostali\u015bmy krupnik i placki ziemniaczane. Jak tu nie przyty\u0107?<\/p>\n","protected":false},"excerpt":{"rendered":"<p>Jako\u015b tak z dnia na dzie\u0144 od chwili urodzin przywyk\u0142em, by go nie s\u0142ucha\u0107, bo&#8230;<\/p>\n<div class=\"more-link-wrapper\"><a class=\"more-link\" href=\"https:\/\/www.volen.pl\/?p=205\">Read the post<span class=\"screen-reader-text\">G\u0142os rozs\u0105dku<\/span><\/a><\/div>\n","protected":false},"author":1,"featured_media":0,"comment_status":"closed","ping_status":"closed","sticky":false,"template":"","format":"standard","meta":{"_crdt_document":"","jetpack_post_was_ever_published":false,"_jetpack_newsletter_access":"","_jetpack_dont_email_post_to_subs":false,"_jetpack_newsletter_tier_id":0,"_jetpack_memberships_contains_paywalled_content":false,"_jetpack_memberships_contains_paid_content":false,"footnotes":"","jetpack_publicize_message":"","jetpack_publicize_feature_enabled":true,"jetpack_social_post_already_shared":true,"jetpack_social_options":{"image_generator_settings":{"template":"highway","default_image_id":0,"font":"","enabled":false},"version":2}},"categories":[136,93],"tags":[14,11,73,205,60,72,75],"class_list":["post-205","post","type-post","status-publish","format-standard","hentry","category-beskid-slaski-2013","category-nawariata","tag-barania-gora","tag-beskid-slaski","tag-beskidy","tag-nawariata","tag-podroze","tag-polska","tag-przyslup","excerpt","zoom","full-without-featured","even","excerpt-0"],"jetpack_publicize_connections":[],"jetpack_featured_media_url":"","jetpack_shortlink":"https:\/\/wp.me\/p4lAri-3j","jetpack_sharing_enabled":true,"jetpack-related-posts":[{"id":207,"url":"https:\/\/www.volen.pl\/?p=207","url_meta":{"origin":205,"position":0},"title":"Wz\u00f3r na obj\u0119to\u015b\u0107 sto\u017cka","author":"volen","date":"2013-04-30","format":false,"excerpt":"Po wyj\u015bciu ze schroniska wyruszyli\u015bmy rze\u015bko przed siebie. Oczywi\u015bcie by\u0142o mocno pod g\u00f3rk\u0119, wi\u0119c pocz\u0105tkowy zapa\u0142 sko\u0144czy\u0142 si\u0119 po jakich\u015b 300 metrach. Odpoczynek wykorzystali\u015bmy na: przebudzenie si\u0119 zrobienie makija\u017cu beztrosk\u0105 zabaw\u0119 z psiaczkiem Porobili\u015bmy kilka zdj\u0119\u0107, kt\u00f3re po powrocie opublikujemy, a potem w g\u00f3r\u0119, w d\u00f3\u0142, w g\u00f3r\u0119, w d\u00f3\u0142\u2026","rel":"","context":"W \u201eBeskid \u015al\u0105ski 2013&quot;","block_context":{"text":"Beskid \u015al\u0105ski 2013","link":"https:\/\/www.volen.pl\/?cat=136"},"img":{"alt_text":"","src":"","width":0,"height":0},"classes":[]},{"id":204,"url":"https:\/\/www.volen.pl\/?p=204","url_meta":{"origin":205,"position":1},"title":"Wielki powr\u00f3t.","author":"volen","date":"2013-05-03","format":false,"excerpt":"Rozpocz\u0105\u0142 si\u0119 do\u015b\u0107 niewinnie po\u015br\u00f3d wspania\u0142ych okoliczno\u015bci przyrody tej bardziej i tej mniej dzikiej. Morza szum, ptak\u00f3w \u015bpiew, z\u0142ota pla\u017ca po\u015br\u00f3d drzew\u2026 No odrobin\u0119 mnie ponios\u0142o, ptaki rzeczywi\u015bcie dar\u0142y chude gard\u0142a w niebog\u0142osy, mo\u017ce nie morze, ale woda, p\u0142yn\u0119\u0142a pod naszymi stopy, po\u015br\u00f3d drzew mo\u017cna by\u0142o jedynie spa\u015b\u0107 na zbity\u2026","rel":"","context":"W \u201eBeskid \u015al\u0105ski 2013&quot;","block_context":{"text":"Beskid \u015al\u0105ski 2013","link":"https:\/\/www.volen.pl\/?cat=136"},"img":{"alt_text":"","src":"","width":0,"height":0},"classes":[]},{"id":209,"url":"https:\/\/www.volen.pl\/?p=209","url_meta":{"origin":205,"position":2},"title":"W g\u00f3ry!","author":"volen","date":"2013-04-28","format":false,"excerpt":"Ju\u017c za godzin par\u0119 wybywamy na d\u0142ugi weekend! Jedziemy - jak zawsze - przygotowani na wszystko, zupe\u0142nie bez planu. Nied\u0142ugo kolejne porcje ma\u0142ych, chrupkich informacji z naszej wyprawy, ma pada\u0107 i by\u0107 mokro. Smakowito\u015b\u0107 :) D\u0142ugiego weekendu dla ka\u017cdego!","rel":"","context":"W \u201eBeskid \u015al\u0105ski 2013&quot;","block_context":{"text":"Beskid \u015al\u0105ski 2013","link":"https:\/\/www.volen.pl\/?cat=136"},"img":{"alt_text":"","src":"","width":0,"height":0},"classes":[]},{"id":208,"url":"https:\/\/www.volen.pl\/?p=208","url_meta":{"origin":205,"position":3},"title":"\u015amiertelne zm\u0119czenie","author":"volen","date":"2013-04-29","format":false,"excerpt":"Patrz\u0105c z perspektywy dnia dzisiejszego, t\u0119 tras\u0119 mo\u017cna spokojnie ochrzci\u0107 mianem z tytu\u0142u. Wsiedli\u015bmy z moj\u0105 choler\u0105 do poci\u0105gu, poczekali\u015bmy na Marcina i Ani\u0119, po czym ruszyli\u015bmy w drog\u0119. Na kt\u00f3rym\u015b z przystank\u00f3w Marcina ogarn\u0105\u0142 ch\u0142odny cie\u0144 przesz\u0142o\u015bci wraz ze swym partnerem, ale nie dali rady zepsu\u0107 nastroju. Bielsko przywita\u0142o\u2026","rel":"","context":"W \u201eBeskid \u015al\u0105ski 2013&quot;","block_context":{"text":"Beskid \u015al\u0105ski 2013","link":"https:\/\/www.volen.pl\/?cat=136"},"img":{"alt_text":"","src":"","width":0,"height":0},"classes":[]},{"id":206,"url":"https:\/\/www.volen.pl\/?p=206","url_meta":{"origin":205,"position":4},"title":"\u015aroda, 18\/20 i nagie studentki","author":"volen","date":"2013-05-01","format":false,"excerpt":"Rano okaza\u0142o si\u0119, \u017ce opr\u00f3cz nas, zbudzi\u0142a si\u0119 mg\u0142a jak jasna cholera. Niewielkie utrudnienia spowodowane ograniczon\u0105 widoczno\u015bci\u0105 nie przeszkodzi\u0142y w podziwianiu widok\u00f3w, ani w pod\u0105\u017caniu wybran\u0105 \u015bcie\u017ck\u0105, czyli kawa\u0142kiem G\u0142\u00f3wnego Szlaku Beskidzkiego im. Kazimierza Sosnowskiego. Ruch dzisiaj by\u0142 ca\u0142kiem spory, opr\u00f3cz nas szlakiem p\u0119dzi\u0142 przez jaki\u015b czas wczoraj poznany Micha\u0142,\u2026","rel":"","context":"W \u201eBeskid \u015al\u0105ski 2013&quot;","block_context":{"text":"Beskid \u015al\u0105ski 2013","link":"https:\/\/www.volen.pl\/?cat=136"},"img":{"alt_text":"","src":"","width":0,"height":0},"classes":[]},{"id":1243,"url":"https:\/\/www.volen.pl\/?p=1243","url_meta":{"origin":205,"position":5},"title":"3, 2, 1&#8230; start!","author":"volen","date":"2015-08-01","format":false,"excerpt":"Inaczej ni\u017c zazwyczaj, aktualna podr\u00f3\u017c i zaczyna si\u0119 inaczej i odbywa\u0107 si\u0119 b\u0119dzie te\u017c inaczej. Normalnie, odsprzedawali\u015bmy dzieciaki w ci\u0119\u017ck\u0105 niewol\u0119 do kator\u017cniczej pracy, za\u0142atwiali\u015bmy opiek\u0119 dla ps\u00f3w i kota, po czym \u0142adowali\u015bmy si\u0119 w po\u015bpiechu do samolotu, cz\u0119sto na granicy sp\u00f3\u017anienia i odlatywali\u015bmy rado\u015bni zostawiaj\u0105c za sob\u0105 jedynie smr\u00f3d\u2026","rel":"","context":"W \u201eBalkan eXpress&quot;","block_context":{"text":"Balkan eXpress","link":"https:\/\/www.volen.pl\/?cat=194"},"img":{"alt_text":"","src":"https:\/\/i0.wp.com\/www.volen.pl\/wp-content\/uploads\/2015\/08\/kia-_VOL0089.jpg?fit=1200%2C675&ssl=1&resize=350%2C200","width":350,"height":200,"srcset":"https:\/\/i0.wp.com\/www.volen.pl\/wp-content\/uploads\/2015\/08\/kia-_VOL0089.jpg?fit=1200%2C675&ssl=1&resize=350%2C200 1x, https:\/\/i0.wp.com\/www.volen.pl\/wp-content\/uploads\/2015\/08\/kia-_VOL0089.jpg?fit=1200%2C675&ssl=1&resize=525%2C300 1.5x, https:\/\/i0.wp.com\/www.volen.pl\/wp-content\/uploads\/2015\/08\/kia-_VOL0089.jpg?fit=1200%2C675&ssl=1&resize=700%2C400 2x, https:\/\/i0.wp.com\/www.volen.pl\/wp-content\/uploads\/2015\/08\/kia-_VOL0089.jpg?fit=1200%2C675&ssl=1&resize=1050%2C600 3x"},"classes":[]}],"_links":{"self":[{"href":"https:\/\/www.volen.pl\/index.php?rest_route=\/wp\/v2\/posts\/205","targetHints":{"allow":["GET"]}}],"collection":[{"href":"https:\/\/www.volen.pl\/index.php?rest_route=\/wp\/v2\/posts"}],"about":[{"href":"https:\/\/www.volen.pl\/index.php?rest_route=\/wp\/v2\/types\/post"}],"author":[{"embeddable":true,"href":"https:\/\/www.volen.pl\/index.php?rest_route=\/wp\/v2\/users\/1"}],"replies":[{"embeddable":true,"href":"https:\/\/www.volen.pl\/index.php?rest_route=%2Fwp%2Fv2%2Fcomments&post=205"}],"version-history":[{"count":1,"href":"https:\/\/www.volen.pl\/index.php?rest_route=\/wp\/v2\/posts\/205\/revisions"}],"predecessor-version":[{"id":269,"href":"https:\/\/www.volen.pl\/index.php?rest_route=\/wp\/v2\/posts\/205\/revisions\/269"}],"wp:attachment":[{"href":"https:\/\/www.volen.pl\/index.php?rest_route=%2Fwp%2Fv2%2Fmedia&parent=205"}],"wp:term":[{"taxonomy":"category","embeddable":true,"href":"https:\/\/www.volen.pl\/index.php?rest_route=%2Fwp%2Fv2%2Fcategories&post=205"},{"taxonomy":"post_tag","embeddable":true,"href":"https:\/\/www.volen.pl\/index.php?rest_route=%2Fwp%2Fv2%2Ftags&post=205"}],"curies":[{"name":"wp","href":"https:\/\/api.w.org\/{rel}","templated":true}]}}