{"id":2051,"date":"2017-02-12T16:05:27","date_gmt":"2017-02-12T15:05:27","guid":{"rendered":"http:\/\/www.volen.pl\/?p=2051"},"modified":"2017-02-12T16:05:27","modified_gmt":"2017-02-12T15:05:27","slug":"tozsamosc","status":"publish","type":"post","link":"https:\/\/www.volen.pl\/?p=2051","title":{"rendered":"To\u017csamo\u015b\u0107"},"content":{"rendered":"<p>Dlatego te\u017c wszystkie problemy to\u017csamo\u015bci, o kt\u00f3ry\u015b si\u0119 teraz tak cz\u0119sto i z takim upodobaniem tr\u0105bi, wydaj\u0105 mi si\u0119 zupe\u0142nie bezprzedmiotowe. Jedno z dwojga: albo ma si\u0119 autentyczn\u0105 to\u017csamo\u015b\u0107, a w takim razie nie mo\u017cna jej utraci\u0107, albo si\u0119 jej nie ma, i nie warto marnowa\u0107 si\u0142 w obronie czego\u015b, czego si\u0119 nigdy nie mia\u0142o.<\/p>\n<p>Jedynym rzeczywistym problemem jest to\u017csamo\u015b\u0107 indywidualna, to znaczy, \u017ce s\u0105 dni, gdy si\u0119 istnieje, oraz dni, gdy si\u0119 nie istnieje. Ja w niekt\u00f3re dni jedynie wpompowuj\u0119 w siebie powietrze i wypuszczam dwutlenek w\u0119gla. Wtedy w og\u00f3le nie istniej\u0119. Ale s\u0105 dni, gdy przez kr\u00f3tk\u0105 chwil\u0119 jestem obecny dla rzeczy i dla innych ludzi, gdy \u017cycie mnie bawi.<\/p>\n<p>Nicolas Bouvier &#8211; Drogi i manowce<\/p>\n","protected":false},"excerpt":{"rendered":"<p>Dlatego te\u017c wszystkie problemy to\u017csamo\u015bci, o kt\u00f3ry\u015b si\u0119 teraz tak cz\u0119sto i z takim upodobaniem&#8230;<\/p>\n<div class=\"more-link-wrapper\"><a class=\"more-link\" href=\"https:\/\/www.volen.pl\/?p=2051\">Read the post<span class=\"screen-reader-text\">To\u017csamo\u015b\u0107<\/span><\/a><\/div>\n","protected":false},"author":1,"featured_media":0,"comment_status":"closed","ping_status":"closed","sticky":false,"template":"","format":"standard","meta":{"_crdt_document":"","jetpack_post_was_ever_published":false,"_jetpack_newsletter_access":"","_jetpack_dont_email_post_to_subs":false,"_jetpack_newsletter_tier_id":0,"_jetpack_memberships_contains_paywalled_content":false,"_jetpack_memberships_contains_paid_content":false,"footnotes":"","jetpack_publicize_message":"","jetpack_publicize_feature_enabled":true,"jetpack_social_post_already_shared":false,"jetpack_social_options":{"image_generator_settings":{"template":"highway","default_image_id":0,"font":"","enabled":false},"version":2}},"categories":[17],"tags":[273,274],"class_list":["post-2051","post","type-post","status-publish","format-standard","hentry","category-cytaty","tag-bouvier","tag-tozsamosc","excerpt","zoom","full-without-featured","even","excerpt-0"],"jetpack_publicize_connections":[],"jetpack_featured_media_url":"","jetpack_shortlink":"https:\/\/wp.me\/p4lAri-x5","jetpack_sharing_enabled":true,"jetpack-related-posts":[{"id":231,"url":"https:\/\/www.volen.pl\/?p=231","url_meta":{"origin":2051,"position":0},"title":"Achalciche Vardzia i z powrotem","author":"volen","date":"2012-10-06","format":false,"excerpt":"Mieli\u015bmy wsta\u0107 z rana, ale wy\u0142\u0105czony telefon nie budzi, o czym osobi\u015bcie zapomnia\u0142em i nikt nigdy nie dowie si\u0119, czy zrobi\u0142em to z premedytacj\u0105, czy przez zapomnienie. Mniejsza o to. Po \u015bniadaniu poszli\u015bmy na ulic\u0119 \u0142apa\u0107 marszrutk\u0119 do Achalciche. Za drugim strza\u0142em uda\u0142o si\u0119. Wspomnienie tej podr\u00f3\u017cy na d\u0142ugo zapisze\u2026","rel":"","context":"W \u201e7000km - 2012&quot;","block_context":{"text":"7000km - 2012","link":"https:\/\/www.volen.pl\/?cat=135"},"img":{"alt_text":"","src":"https:\/\/i0.wp.com\/www.volen.pl\/wp-content\/uploads\/2016\/01\/DSC_6450.jpg?fit=1200%2C795&ssl=1&resize=350%2C200","width":350,"height":200,"srcset":"https:\/\/i0.wp.com\/www.volen.pl\/wp-content\/uploads\/2016\/01\/DSC_6450.jpg?fit=1200%2C795&ssl=1&resize=350%2C200 1x, https:\/\/i0.wp.com\/www.volen.pl\/wp-content\/uploads\/2016\/01\/DSC_6450.jpg?fit=1200%2C795&ssl=1&resize=525%2C300 1.5x, https:\/\/i0.wp.com\/www.volen.pl\/wp-content\/uploads\/2016\/01\/DSC_6450.jpg?fit=1200%2C795&ssl=1&resize=700%2C400 2x, https:\/\/i0.wp.com\/www.volen.pl\/wp-content\/uploads\/2016\/01\/DSC_6450.jpg?fit=1200%2C795&ssl=1&resize=1050%2C600 3x"},"classes":[]},{"id":2797,"url":"https:\/\/www.volen.pl\/?p=2797","url_meta":{"origin":2051,"position":1},"title":"Po\u0142udniowokorea\u0144skie narz\u0119dzie tortur","author":"volen","date":"2018-07-05","format":false,"excerpt":"Przyjechali nad ranem, czyli jako\u015b przed pi\u0105t\u0105, stan\u0119li nad namiotami i darli si\u0119 gard\u0142owo, \u017ceby nas obudzi\u0107. Ok, umawiali\u015bmy si\u0119 na 8-m\u0105, ale mo\u017ce to z moim wewn\u0119trznym zegarem co\u015b nie tak by\u0142o... P\u00f3\u0142przytomny wyczo\u0142ga\u0142em si\u0119\u00a0z namiotu tylko po to, \u017ceby zobaczy\u0107 dw\u00f3ch Kazach\u00f3w, jak stoj\u0105 i spluwaj\u0105 naoko\u0142o siebie.\u2026","rel":"","context":"W \u201enawariata&quot;","block_context":{"text":"nawariata","link":"https:\/\/www.volen.pl\/?cat=93"},"img":{"alt_text":"","src":"https:\/\/i0.wp.com\/www.volen.pl\/wp-content\/uploads\/2018\/07\/20180616_081022_HDR.jpg?fit=1200%2C600&ssl=1&resize=350%2C200","width":350,"height":200,"srcset":"https:\/\/i0.wp.com\/www.volen.pl\/wp-content\/uploads\/2018\/07\/20180616_081022_HDR.jpg?fit=1200%2C600&ssl=1&resize=350%2C200 1x, https:\/\/i0.wp.com\/www.volen.pl\/wp-content\/uploads\/2018\/07\/20180616_081022_HDR.jpg?fit=1200%2C600&ssl=1&resize=525%2C300 1.5x, https:\/\/i0.wp.com\/www.volen.pl\/wp-content\/uploads\/2018\/07\/20180616_081022_HDR.jpg?fit=1200%2C600&ssl=1&resize=700%2C400 2x, https:\/\/i0.wp.com\/www.volen.pl\/wp-content\/uploads\/2018\/07\/20180616_081022_HDR.jpg?fit=1200%2C600&ssl=1&resize=1050%2C600 3x"},"classes":[]},{"id":2610,"url":"https:\/\/www.volen.pl\/?p=2610","url_meta":{"origin":2051,"position":2},"title":"the road to Russia","author":"volen","date":"2018-06-22","format":false,"excerpt":"Nast\u0119pne trzy dni min\u0119\u0142y pod znakiem przesuwaj\u0105cego si\u0119 za oknami krajobrazu... Pr\u00f3ba restauracji zawiasu klapy spe\u0142z\u0142a na niczym. Klops. Matka natura jest suk\u0105. Za to przepakowali\u015bmy si\u0119 porz\u0105dnie po raz 26 z kolei. Maki, ulubione kwiaty mojej kochanej Anulki. Zaraz, jak zobaczy\u0142em te wspania\u0142e ro\u015bliny, kt\u00f3re po odpowiedniej obr\u00f3bce pozwalaj\u0105\u2026","rel":"","context":"W \u201enawariata&quot;","block_context":{"text":"nawariata","link":"https:\/\/www.volen.pl\/?cat=93"},"img":{"alt_text":"","src":"https:\/\/i0.wp.com\/www.volen.pl\/wp-content\/uploads\/2018\/06\/wyr-20180605_184010_HDR.jpg?fit=1200%2C600&ssl=1&resize=350%2C200","width":350,"height":200,"srcset":"https:\/\/i0.wp.com\/www.volen.pl\/wp-content\/uploads\/2018\/06\/wyr-20180605_184010_HDR.jpg?fit=1200%2C600&ssl=1&resize=350%2C200 1x, https:\/\/i0.wp.com\/www.volen.pl\/wp-content\/uploads\/2018\/06\/wyr-20180605_184010_HDR.jpg?fit=1200%2C600&ssl=1&resize=525%2C300 1.5x, https:\/\/i0.wp.com\/www.volen.pl\/wp-content\/uploads\/2018\/06\/wyr-20180605_184010_HDR.jpg?fit=1200%2C600&ssl=1&resize=700%2C400 2x, https:\/\/i0.wp.com\/www.volen.pl\/wp-content\/uploads\/2018\/06\/wyr-20180605_184010_HDR.jpg?fit=1200%2C600&ssl=1&resize=1050%2C600 3x"},"classes":[]},{"id":1046,"url":"https:\/\/www.volen.pl\/?p=1046","url_meta":{"origin":2051,"position":3},"title":"Peru: my\u015bli wyj\u0105tkowo nieudziergane","author":"volen","date":"2014-11-11","format":false,"excerpt":"? a na ka\u017cdy ?, kt\u00f3ry do tej pory... ... ... mamy poni\u017cej odpowied\u017a zazwyczaj odpowied\u017a jest absolutnie subiektywna - zamkni\u0119ci w czterech \u015bcianach w\u0142asnego rozumu uwa\u017camy, \u017ce to on w\u0142a\u015bnie jest naszym najwa\u017cniejszym punktem odniesienia co wi\u0119cej - dla nas nasze subiektywne spostrze\u017cenia s\u0105 absolutnie obiektywne ka\u017cdy, kto si\u0119\u2026","rel":"","context":"W \u201ea la conquista de Am\u00e9rica&quot;","block_context":{"text":"a la conquista de Am\u00e9rica","link":"https:\/\/www.volen.pl\/?cat=138"},"img":{"alt_text":"","src":"https:\/\/i0.wp.com\/www.volen.pl\/wp-content\/uploads\/2014\/11\/my%C5%9Bli-nieudziergane_DSC0423.jpg?fit=1200%2C733&ssl=1&resize=350%2C200","width":350,"height":200,"srcset":"https:\/\/i0.wp.com\/www.volen.pl\/wp-content\/uploads\/2014\/11\/my%C5%9Bli-nieudziergane_DSC0423.jpg?fit=1200%2C733&ssl=1&resize=350%2C200 1x, https:\/\/i0.wp.com\/www.volen.pl\/wp-content\/uploads\/2014\/11\/my%C5%9Bli-nieudziergane_DSC0423.jpg?fit=1200%2C733&ssl=1&resize=525%2C300 1.5x, https:\/\/i0.wp.com\/www.volen.pl\/wp-content\/uploads\/2014\/11\/my%C5%9Bli-nieudziergane_DSC0423.jpg?fit=1200%2C733&ssl=1&resize=700%2C400 2x, https:\/\/i0.wp.com\/www.volen.pl\/wp-content\/uploads\/2014\/11\/my%C5%9Bli-nieudziergane_DSC0423.jpg?fit=1200%2C733&ssl=1&resize=1050%2C600 3x"},"classes":[]},{"id":661,"url":"https:\/\/www.volen.pl\/?p=661","url_meta":{"origin":2051,"position":4},"title":"Lima","author":"volen","date":"2014-10-17","format":false,"excerpt":"Podczas lotu zdarzy\u0142o si\u0119 tylko, i\u017c jedna ze wsp\u00f3\u0142pasa\u017cerek odda\u0142a ho\u0142d chorobie wysoko\u015bciowej i ca\u0142e jej \u015bniadanie, po uprzednim nadtrawieniu, trafi\u0142o na pod\u0142og\u0119. Wi\u0119cej nic. No poza tym, \u017ce dostali\u015bmy do wype\u0142nienia ankiet\u0119 dla rz\u0105du peruwia\u0144skiego na rzecz tego, kim jeste\u015bmy? co mamy? ile tego, co mamy, mamy(?) i dlaczego?\u2026","rel":"","context":"W \u201ea la conquista de Am\u00e9rica&quot;","block_context":{"text":"a la conquista de Am\u00e9rica","link":"https:\/\/www.volen.pl\/?cat=138"},"img":{"alt_text":"","src":"https:\/\/i0.wp.com\/www.volen.pl\/wp-content\/uploads\/2014\/10\/DSC9544_01.jpg?fit=1200%2C795&ssl=1&resize=350%2C200","width":350,"height":200,"srcset":"https:\/\/i0.wp.com\/www.volen.pl\/wp-content\/uploads\/2014\/10\/DSC9544_01.jpg?fit=1200%2C795&ssl=1&resize=350%2C200 1x, https:\/\/i0.wp.com\/www.volen.pl\/wp-content\/uploads\/2014\/10\/DSC9544_01.jpg?fit=1200%2C795&ssl=1&resize=525%2C300 1.5x, https:\/\/i0.wp.com\/www.volen.pl\/wp-content\/uploads\/2014\/10\/DSC9544_01.jpg?fit=1200%2C795&ssl=1&resize=700%2C400 2x, https:\/\/i0.wp.com\/www.volen.pl\/wp-content\/uploads\/2014\/10\/DSC9544_01.jpg?fit=1200%2C795&ssl=1&resize=1050%2C600 3x"},"classes":[]},{"id":217,"url":"https:\/\/www.volen.pl\/?p=217","url_meta":{"origin":2051,"position":5},"title":"Jednak ludzie inni s\u0105 w Europie","author":"volen","date":"2012-10-17","format":false,"excerpt":"Po ca\u0142ych czterech godzinach snu zadrynda\u0142 budzik. Nie wiadomo, dlaczego? Zawsze milcza\u0142, a tu - jak na z\u0142o\u015b\u0107. Przed 11-t\u0105 Anula mnie jako\u015b dobudzi\u0142a, \u017ceby\u015bmy zwolnili pok\u00f3j. W kuchni spotka\u0142em sympatycznego kolesia z Kanady, kt\u00f3ry zrobi\u0142 nam kaw\u0119, i z kt\u00f3rym gaw\u0119dzili\u015bmy z godzin\u0119. Mieszka w Vancouver na wyspie i\u2026","rel":"","context":"W \u201e7000km - 2012&quot;","block_context":{"text":"7000km - 2012","link":"https:\/\/www.volen.pl\/?cat=135"},"img":{"alt_text":"","src":"","width":0,"height":0},"classes":[]}],"_links":{"self":[{"href":"https:\/\/www.volen.pl\/index.php?rest_route=\/wp\/v2\/posts\/2051","targetHints":{"allow":["GET"]}}],"collection":[{"href":"https:\/\/www.volen.pl\/index.php?rest_route=\/wp\/v2\/posts"}],"about":[{"href":"https:\/\/www.volen.pl\/index.php?rest_route=\/wp\/v2\/types\/post"}],"author":[{"embeddable":true,"href":"https:\/\/www.volen.pl\/index.php?rest_route=\/wp\/v2\/users\/1"}],"replies":[{"embeddable":true,"href":"https:\/\/www.volen.pl\/index.php?rest_route=%2Fwp%2Fv2%2Fcomments&post=2051"}],"version-history":[{"count":1,"href":"https:\/\/www.volen.pl\/index.php?rest_route=\/wp\/v2\/posts\/2051\/revisions"}],"predecessor-version":[{"id":2052,"href":"https:\/\/www.volen.pl\/index.php?rest_route=\/wp\/v2\/posts\/2051\/revisions\/2052"}],"wp:attachment":[{"href":"https:\/\/www.volen.pl\/index.php?rest_route=%2Fwp%2Fv2%2Fmedia&parent=2051"}],"wp:term":[{"taxonomy":"category","embeddable":true,"href":"https:\/\/www.volen.pl\/index.php?rest_route=%2Fwp%2Fv2%2Fcategories&post=2051"},{"taxonomy":"post_tag","embeddable":true,"href":"https:\/\/www.volen.pl\/index.php?rest_route=%2Fwp%2Fv2%2Ftags&post=2051"}],"curies":[{"name":"wp","href":"https:\/\/api.w.org\/{rel}","templated":true}]}}