{"id":2053,"date":"2017-02-16T22:02:27","date_gmt":"2017-02-16T21:02:27","guid":{"rendered":"http:\/\/www.volen.pl\/?p=2053"},"modified":"2017-02-16T22:02:27","modified_gmt":"2017-02-16T21:02:27","slug":"zalosne-przedmiescie","status":"publish","type":"post","link":"https:\/\/www.volen.pl\/?p=2053","title":{"rendered":"\u017ba\u0142osne przedmie\u015bcie"},"content":{"rendered":"<p>Niezwyk\u0142e jest, jak ta przekl\u0119ta planeta, z t\u0105 niewielk\u0105 wszystko\u015bci\u0105 tego, co posiada, mo\u017ce by\u0107 nudna. S\u0105 obszary, gdzie jest tak dok\u0142adnie wyja\u0142owiona z wszelkich niespodzianek, \u017ce a\u017c zadajemy sobie pytanie, gdzie jest nasze prawdziwe miejsce i jakiego innego Globu jeste\u015bmy \u017ca\u0142osnym przedmie\u015bciem.<\/p>\n<p>Henri Michaux &#8211; Ekwador<\/p>\n","protected":false},"excerpt":{"rendered":"<p>Niezwyk\u0142e jest, jak ta przekl\u0119ta planeta, z t\u0105 niewielk\u0105 wszystko\u015bci\u0105 tego, co posiada, mo\u017ce by\u0107&#8230;<\/p>\n<div class=\"more-link-wrapper\"><a class=\"more-link\" href=\"https:\/\/www.volen.pl\/?p=2053\">Read the post<span class=\"screen-reader-text\">\u017ba\u0142osne przedmie\u015bcie<\/span><\/a><\/div>\n","protected":false},"author":1,"featured_media":0,"comment_status":"closed","ping_status":"closed","sticky":false,"template":"","format":"standard","meta":{"_crdt_document":"","jetpack_post_was_ever_published":false,"_jetpack_newsletter_access":"","_jetpack_dont_email_post_to_subs":false,"_jetpack_newsletter_tier_id":0,"_jetpack_memberships_contains_paywalled_content":false,"_jetpack_memberships_contains_paid_content":false,"footnotes":"","jetpack_publicize_message":"","jetpack_publicize_feature_enabled":true,"jetpack_social_post_already_shared":true,"jetpack_social_options":{"image_generator_settings":{"template":"highway","default_image_id":0,"font":"","enabled":false},"version":2}},"categories":[17],"tags":[277,275,276],"class_list":["post-2053","post","type-post","status-publish","format-standard","hentry","category-cytaty","tag-nicosc","tag-nuda","tag-pustka","excerpt","zoom","full-without-featured","even","excerpt-0"],"jetpack_publicize_connections":[],"jetpack_featured_media_url":"","jetpack_shortlink":"https:\/\/wp.me\/p4lAri-x7","jetpack_sharing_enabled":true,"jetpack-related-posts":[{"id":3253,"url":"https:\/\/www.volen.pl\/?p=3253","url_meta":{"origin":2053,"position":0},"title":"Klify","author":"volen","date":"2023-06-19","format":false,"excerpt":"Nie zna\u0142em Bu\u0142garii z tej strony. Klify jak na Islandii. Tyle, \u017ce cieplej w dupki...No dobrze, ale po kolei, kronikarski obowi\u0105zek wzywa, lecimy. Poszed\u0142em z dzie\u0107mi do tutejszej \u017babki (market Dori) kupi\u0107 jajka, bo nas za jajecznic\u0105 \u015bcisn\u0119\u0142o. Po takim po\u017cywnym \u015bniadaniu poszli\u015bmy si\u0119 wyk\u0105pa\u0107 w zatoczce nieopodal, po jakim\u015b\u2026","rel":"","context":"W \u201epo byku&quot;","block_context":{"text":"po byku","link":"https:\/\/www.volen.pl\/?cat=474"},"img":{"alt_text":"","src":"https:\/\/i0.wp.com\/www.volen.pl\/wp-content\/uploads\/2023\/07\/IMG_20230619_152551.jpg?fit=1200%2C900&ssl=1&resize=350%2C200","width":350,"height":200,"srcset":"https:\/\/i0.wp.com\/www.volen.pl\/wp-content\/uploads\/2023\/07\/IMG_20230619_152551.jpg?fit=1200%2C900&ssl=1&resize=350%2C200 1x, https:\/\/i0.wp.com\/www.volen.pl\/wp-content\/uploads\/2023\/07\/IMG_20230619_152551.jpg?fit=1200%2C900&ssl=1&resize=525%2C300 1.5x, https:\/\/i0.wp.com\/www.volen.pl\/wp-content\/uploads\/2023\/07\/IMG_20230619_152551.jpg?fit=1200%2C900&ssl=1&resize=700%2C400 2x, https:\/\/i0.wp.com\/www.volen.pl\/wp-content\/uploads\/2023\/07\/IMG_20230619_152551.jpg?fit=1200%2C900&ssl=1&resize=1050%2C600 3x"},"classes":[]},{"id":3441,"url":"https:\/\/www.volen.pl\/?p=3441","url_meta":{"origin":2053,"position":1},"title":"Jajecznica","author":"volen","date":"2023-07-09","format":false,"excerpt":"Zam\u00f3wi\u0142em jajecznic\u0119 z pi\u0119ciu jaj. Rzadko to robi\u0119, ale teraz zam\u00f3wi\u0142em, bo na \u00d6ko Kemping \u00e9s Glamping Tiszadada jest restauracja czynna od 8.00 rano. Czy jest co\u015b trudnego w przyj\u0119ciu zam\u00f3wienia na 5 scrambled eggs? A, ha, ha. No jest. Dostali\u015bmy 5 porcji jajecznicy, Najwyra\u017aniej wygl\u0105damy na niena\u017carty nie na\u017cartych.\u2026","rel":"","context":"W \u201epo byku&quot;","block_context":{"text":"po byku","link":"https:\/\/www.volen.pl\/?cat=474"},"img":{"alt_text":"","src":"https:\/\/i0.wp.com\/www.volen.pl\/wp-content\/uploads\/2023\/07\/IMG_20230708_172733.jpg?fit=1200%2C900&ssl=1&resize=350%2C200","width":350,"height":200,"srcset":"https:\/\/i0.wp.com\/www.volen.pl\/wp-content\/uploads\/2023\/07\/IMG_20230708_172733.jpg?fit=1200%2C900&ssl=1&resize=350%2C200 1x, https:\/\/i0.wp.com\/www.volen.pl\/wp-content\/uploads\/2023\/07\/IMG_20230708_172733.jpg?fit=1200%2C900&ssl=1&resize=525%2C300 1.5x, https:\/\/i0.wp.com\/www.volen.pl\/wp-content\/uploads\/2023\/07\/IMG_20230708_172733.jpg?fit=1200%2C900&ssl=1&resize=700%2C400 2x, https:\/\/i0.wp.com\/www.volen.pl\/wp-content\/uploads\/2023\/07\/IMG_20230708_172733.jpg?fit=1200%2C900&ssl=1&resize=1050%2C600 3x"},"classes":[]},{"id":3133,"url":"https:\/\/www.volen.pl\/?p=3133","url_meta":{"origin":2053,"position":2},"title":"Cisn\u0119 z Cisnej na Koma\u0144cz\u0119, czyli czemu to \u017cubr jest kr\u00f3lem Bieszczad","author":"volen","date":"2023-03-17","format":false,"excerpt":"Gdzie\u015b zaraz za Rzeszowem zatrzyma\u0142em si\u0119, by w spokoju pokontemplowa\u0107 pobocze i uderzy\u0142 mnie osza\u0142amiaj\u0105cy \u015bwiergot ptak\u00f3w - znak, \u017ce nadesz\u0142a wiosna. U nas jej jeszcze nie wida\u0107 - stoj\u0105 dwa czy trzy zmarzni\u0119te \u017curawie i klekocz\u0105 z zimna dziobami. Jeszcze z trasy wykona\u0142em telefon do Bac\u00f3wki pod Honem -\u2026","rel":"","context":"W \u201eGSB&quot;","block_context":{"text":"GSB","link":"https:\/\/www.volen.pl\/?cat=457"},"img":{"alt_text":"Photo taken by Gregoire Dubois","src":"https:\/\/i0.wp.com\/www.volen.pl\/wp-content\/uploads\/2023\/03\/niedzwiedz.jpg?fit=1200%2C800&ssl=1&resize=350%2C200","width":350,"height":200,"srcset":"https:\/\/i0.wp.com\/www.volen.pl\/wp-content\/uploads\/2023\/03\/niedzwiedz.jpg?fit=1200%2C800&ssl=1&resize=350%2C200 1x, https:\/\/i0.wp.com\/www.volen.pl\/wp-content\/uploads\/2023\/03\/niedzwiedz.jpg?fit=1200%2C800&ssl=1&resize=525%2C300 1.5x, https:\/\/i0.wp.com\/www.volen.pl\/wp-content\/uploads\/2023\/03\/niedzwiedz.jpg?fit=1200%2C800&ssl=1&resize=700%2C400 2x, https:\/\/i0.wp.com\/www.volen.pl\/wp-content\/uploads\/2023\/03\/niedzwiedz.jpg?fit=1200%2C800&ssl=1&resize=1050%2C600 3x"},"classes":[]},{"id":3088,"url":"https:\/\/www.volen.pl\/?p=3088","url_meta":{"origin":2053,"position":3},"title":"Ko\u0142omyja","author":"volen","date":"2018-10-15","format":false,"excerpt":"Rano poszed\u0142em si\u0119 przej\u015b\u0107, poszuka\u0107 prawnika, za\u0142atwi\u0107 transport i takie tam drobiazgi. W ca\u0142ym logistycznym szale\u0144stwie usi\u0142owa\u0142em nie zwariowa\u0107, podejmowa\u0107 racjonalne decyzje, koordynowa\u0107, odpowiada\u0107 na pytania, zadawa\u0107 swoje, szuka\u0107 dziwnych rzeczy w dziwnym j\u0119zyku i jeszcze dziwniejszymi literami po rosyjskiej stronie internetu, dzi\u0119ki czemu jest 15:43 a mi si\u0119 chce\u2026","rel":"","context":"W \u201enawariata&quot;","block_context":{"text":"nawariata","link":"https:\/\/www.volen.pl\/?cat=93"},"img":{"alt_text":"","src":"","width":0,"height":0},"classes":[]},{"id":198,"url":"https:\/\/www.volen.pl\/?p=198","url_meta":{"origin":2053,"position":4},"title":"Stan ca\u0142kowitego upodlenia","author":"volen","date":"2013-08-21","format":false,"excerpt":"Ruszyli\u015bmy o barbarzy\u0144skiej porze do Virpazar, nad Jezioro Szkoderskie, z przesiadk\u0105 w Barze (logika nie jest nasz\u0105 najmocniejsz\u0105 stron\u0105). Autobus delikatnie zwolni\u0142, wyrzuci\u0142 nas i nasze plecaki prosto w obj\u0119cia najstarszego cz\u0142owieka w okolicy, w\u0142a\u015bciciela hotelu Pelikan. Hotelowa recepcjonistka na nasz\u0105 pro\u015bb\u0119 o map\u0119 okolicy, wyprowadzi\u0142a nas na pr\u00f3g i\u2026","rel":"","context":"W \u201eMontenegro 2013&quot;","block_context":{"text":"Montenegro 2013","link":"https:\/\/www.volen.pl\/?cat=134"},"img":{"alt_text":"","src":"","width":0,"height":0},"classes":[]},{"id":926,"url":"https:\/\/www.volen.pl\/?p=926","url_meta":{"origin":2053,"position":5},"title":"do Pacanowa","author":"volen","date":"2014-10-29","format":false,"excerpt":"Postanowili\u015bmy skorzysta\u0107 z dobrodziejstw cywilizacji przed wyjazdem i d\u0142u\u017csz\u0105 podr\u00f3\u017c\u0105, tak wi\u0119c od rana k\u0142\u0119by pary bucha\u0142y spod naszego prysznica. Chcieli\u015bmy si\u0119 umy\u0107 na za\u015b, by starczy\u0142o z Ameryki do Europy. Aque caliente weso\u0142o bulgota\u0142a w \u0142azience, tako\u017c i w kuchni, gdzie robili\u015bmy kaw\u0119. Zgrubny plan by\u0142 taki, by wypi\u0107\u2026","rel":"","context":"W \u201ea la conquista de Am\u00e9rica&quot;","block_context":{"text":"a la conquista de Am\u00e9rica","link":"https:\/\/www.volen.pl\/?cat=138"},"img":{"alt_text":"","src":"https:\/\/i0.wp.com\/www.volen.pl\/wp-content\/uploads\/2014\/11\/DSC1948.jpg?fit=1200%2C795&ssl=1&resize=350%2C200","width":350,"height":200,"srcset":"https:\/\/i0.wp.com\/www.volen.pl\/wp-content\/uploads\/2014\/11\/DSC1948.jpg?fit=1200%2C795&ssl=1&resize=350%2C200 1x, https:\/\/i0.wp.com\/www.volen.pl\/wp-content\/uploads\/2014\/11\/DSC1948.jpg?fit=1200%2C795&ssl=1&resize=525%2C300 1.5x, https:\/\/i0.wp.com\/www.volen.pl\/wp-content\/uploads\/2014\/11\/DSC1948.jpg?fit=1200%2C795&ssl=1&resize=700%2C400 2x, https:\/\/i0.wp.com\/www.volen.pl\/wp-content\/uploads\/2014\/11\/DSC1948.jpg?fit=1200%2C795&ssl=1&resize=1050%2C600 3x"},"classes":[]}],"_links":{"self":[{"href":"https:\/\/www.volen.pl\/index.php?rest_route=\/wp\/v2\/posts\/2053","targetHints":{"allow":["GET"]}}],"collection":[{"href":"https:\/\/www.volen.pl\/index.php?rest_route=\/wp\/v2\/posts"}],"about":[{"href":"https:\/\/www.volen.pl\/index.php?rest_route=\/wp\/v2\/types\/post"}],"author":[{"embeddable":true,"href":"https:\/\/www.volen.pl\/index.php?rest_route=\/wp\/v2\/users\/1"}],"replies":[{"embeddable":true,"href":"https:\/\/www.volen.pl\/index.php?rest_route=%2Fwp%2Fv2%2Fcomments&post=2053"}],"version-history":[{"count":1,"href":"https:\/\/www.volen.pl\/index.php?rest_route=\/wp\/v2\/posts\/2053\/revisions"}],"predecessor-version":[{"id":2054,"href":"https:\/\/www.volen.pl\/index.php?rest_route=\/wp\/v2\/posts\/2053\/revisions\/2054"}],"wp:attachment":[{"href":"https:\/\/www.volen.pl\/index.php?rest_route=%2Fwp%2Fv2%2Fmedia&parent=2053"}],"wp:term":[{"taxonomy":"category","embeddable":true,"href":"https:\/\/www.volen.pl\/index.php?rest_route=%2Fwp%2Fv2%2Fcategories&post=2053"},{"taxonomy":"post_tag","embeddable":true,"href":"https:\/\/www.volen.pl\/index.php?rest_route=%2Fwp%2Fv2%2Ftags&post=2053"}],"curies":[{"name":"wp","href":"https:\/\/api.w.org\/{rel}","templated":true}]}}