{"id":2059,"date":"2017-03-08T22:10:38","date_gmt":"2017-03-08T21:10:38","guid":{"rendered":"http:\/\/www.volen.pl\/?p=2059"},"modified":"2017-03-08T22:10:38","modified_gmt":"2017-03-08T21:10:38","slug":"twarz","status":"publish","type":"post","link":"https:\/\/www.volen.pl\/?p=2059","title":{"rendered":"Twarz"},"content":{"rendered":"<p>Twarz mojego towarzysza podr\u00f3\u017cy przypomina kogo\u015b, kto walczy\u0142 przez ca\u0142\u0105 noc z my\u015bl\u0105 o morderstwie&#8230; albo kto nie potrafi\u0142 jej si\u0119 oprze\u0107.&nbsp;<\/p>\n<p>Henri Michaux &#8211; Ekwador&nbsp;<\/p>\n","protected":false},"excerpt":{"rendered":"<p>Twarz mojego towarzysza podr\u00f3\u017cy przypomina kogo\u015b, kto walczy\u0142 przez ca\u0142\u0105 noc z my\u015bl\u0105 o morderstwie&#8230;&#8230;<\/p>\n<div class=\"more-link-wrapper\"><a class=\"more-link\" href=\"https:\/\/www.volen.pl\/?p=2059\">Read the post<span class=\"screen-reader-text\">Twarz<\/span><\/a><\/div>\n","protected":false},"author":1,"featured_media":0,"comment_status":"closed","ping_status":"closed","sticky":false,"template":"","format":"standard","meta":{"_crdt_document":"","jetpack_post_was_ever_published":false,"_jetpack_newsletter_access":"","_jetpack_dont_email_post_to_subs":false,"_jetpack_newsletter_tier_id":0,"_jetpack_memberships_contains_paywalled_content":false,"_jetpack_memberships_contains_paid_content":false,"footnotes":"","jetpack_publicize_message":"","jetpack_publicize_feature_enabled":true,"jetpack_social_post_already_shared":true,"jetpack_social_options":{"image_generator_settings":{"template":"highway","default_image_id":0,"font":"","enabled":false},"version":2}},"categories":[17],"tags":[278],"class_list":["post-2059","post","type-post","status-publish","format-standard","hentry","category-cytaty","tag-twarz-michaux-ekwador","excerpt","zoom","full-without-featured","even","excerpt-0"],"jetpack_publicize_connections":[],"jetpack_featured_media_url":"","jetpack_shortlink":"https:\/\/wp.me\/s4lAri-twarz","jetpack_sharing_enabled":true,"jetpack-related-posts":[{"id":2061,"url":"https:\/\/www.volen.pl\/?p=2061","url_meta":{"origin":2059,"position":0},"title":"P\u0142acz","author":"volen","date":"2017-03-08","format":false,"excerpt":"Kiedy s\u0142yszy si\u0119 wieczorem, jak niemowl\u0119 p\u0142acze, tak jak potrafi\u0105 krzycze\u0107 jedynie dzieci m\u0119\u017cczyzn, \u00a0ach tak! To nast\u0119pny m\u0119\u017cczyzna, kt\u00f3rego s\u0142yszymy, a jednak dyskretnie zasi\u0119gamy j\u0119zyka, aby dowiedzie\u0107 si\u0119, czy nie ma w okolicy jakiego\u015b tygrysa, \u017ceby nam to uciszy\u0142. Henri Michaux - Ekwador\u00a0","rel":"","context":"W \u201ez\u0142ote g\u0142oski&quot;","block_context":{"text":"z\u0142ote g\u0142oski","link":"https:\/\/www.volen.pl\/?cat=17"},"img":{"alt_text":"","src":"","width":0,"height":0},"classes":[]},{"id":2053,"url":"https:\/\/www.volen.pl\/?p=2053","url_meta":{"origin":2059,"position":1},"title":"\u017ba\u0142osne przedmie\u015bcie","author":"volen","date":"2017-02-16","format":false,"excerpt":"Niezwyk\u0142e jest, jak ta przekl\u0119ta planeta, z t\u0105 niewielk\u0105 wszystko\u015bci\u0105 tego, co posiada, mo\u017ce by\u0107 nudna. S\u0105 obszary, gdzie jest tak dok\u0142adnie wyja\u0142owiona z wszelkich niespodzianek, \u017ce a\u017c zadajemy sobie pytanie, gdzie jest nasze prawdziwe miejsce i jakiego innego Globu jeste\u015bmy \u017ca\u0142osnym przedmie\u015bciem. Henri Michaux - Ekwador","rel":"","context":"W \u201ez\u0142ote g\u0142oski&quot;","block_context":{"text":"z\u0142ote g\u0142oski","link":"https:\/\/www.volen.pl\/?cat=17"},"img":{"alt_text":"","src":"","width":0,"height":0},"classes":[]},{"id":2998,"url":"https:\/\/www.volen.pl\/?p=2998","url_meta":{"origin":2059,"position":2},"title":"Pokoj\u00f3wka","author":"volen","date":"2020-01-03","format":false,"excerpt":"Pokoj\u00f3wka w cytrynowych majtkach by\u0142a weso\u0142\u0105, grub\u0105, uczynn\u0105 kobiet\u0105 po trzydziestce, z rozlaz\u0142ymi udami i rozko\u0142ysanymi szynkami w cytrynowych majtkach, kt\u00f3re ch\u0119tnie \u015bci\u0105ga\u0142a na ka\u017cde \u017cyczenie. Mia\u0142a pospolit\u0105, szerok\u0105 twarz i by\u0142a najbardziej cnotliw\u0105 kobiet\u0105 na \u015bwiecie: dawa\u0142a wszystkim, bez wzgl\u0119du na ras\u0119, wyznanie, kolor sk\u00f3ry lub narodowo\u015b\u0107, traktuj\u0105c to\u2026","rel":"","context":"W \u201ez\u0142ote g\u0142oski&quot;","block_context":{"text":"z\u0142ote g\u0142oski","link":"https:\/\/www.volen.pl\/?cat=17"},"img":{"alt_text":"","src":"","width":0,"height":0},"classes":[]},{"id":1333,"url":"https:\/\/www.volen.pl\/?p=1333","url_meta":{"origin":2059,"position":3},"title":"Takie ostatnie miejsce","author":"volen","date":"2015-08-12","format":false,"excerpt":"do kt\u00f3rego\u015bmy pojechali le\u017cy w Polsce. Musia\u0142em troch\u0119 ponaci\u0105ga\u0107 fakty, i\u017cby Kot si\u0119 zgodzi\u0142 tam pojecha\u0107, ale - patrz\u0105c na to z odpowiedniej perspektywy - takie naci\u0105ganie nie ma \u017cadnego znaczenia w obliczu wieczno\u015bci. Zanim jednak wjedziemy do Rzeczpospolitej, po\u017cegna\u0142a nas S\u0142owacja dwoma jeziorami: vodn\u00e1 n\u00e1dr\u017e Zempl\u00ednska \u0160\u00edrava nad kt\u00f3r\u0105\u2026","rel":"","context":"W \u201eBalkan eXpress&quot;","block_context":{"text":"Balkan eXpress","link":"https:\/\/www.volen.pl\/?cat=194"},"img":{"alt_text":"","src":"https:\/\/i0.wp.com\/www.volen.pl\/wp-content\/uploads\/2015\/08\/VOL1006ca.jpg?fit=1200%2C633&ssl=1&resize=350%2C200","width":350,"height":200,"srcset":"https:\/\/i0.wp.com\/www.volen.pl\/wp-content\/uploads\/2015\/08\/VOL1006ca.jpg?fit=1200%2C633&ssl=1&resize=350%2C200 1x, https:\/\/i0.wp.com\/www.volen.pl\/wp-content\/uploads\/2015\/08\/VOL1006ca.jpg?fit=1200%2C633&ssl=1&resize=525%2C300 1.5x, https:\/\/i0.wp.com\/www.volen.pl\/wp-content\/uploads\/2015\/08\/VOL1006ca.jpg?fit=1200%2C633&ssl=1&resize=700%2C400 2x, https:\/\/i0.wp.com\/www.volen.pl\/wp-content\/uploads\/2015\/08\/VOL1006ca.jpg?fit=1200%2C633&ssl=1&resize=1050%2C600 3x"},"classes":[]},{"id":219,"url":"https:\/\/www.volen.pl\/?p=219","url_meta":{"origin":2059,"position":4},"title":"Pralnia","author":"volen","date":"2012-10-15","format":false,"excerpt":"Istambu\u0142 wkurzy\u0142 nas niesamowicie. Miasto, w kt\u00f3rym z czterech stron \u015bwiata jest po\u0142udnie. Ale najpierw. Po autobusowo-promowej przeprawie przez Morze Marmara posilili\u015bmy si\u0119 w sto\u0142\u00f3wce dla pracownik\u00f3w Pamukkale na Buyuk Otogar. Kupili\u015bmy bilety do Konstancy, a sprzedawca wyekspediowa\u0142 nas dla pewno\u015bci metrem do Aksaray, sk\u0105d mieli\u015bmy mie\u0107 nast\u0119pnego dnia autobus.\u2026","rel":"","context":"W \u201e7000km - 2012&quot;","block_context":{"text":"7000km - 2012","link":"https:\/\/www.volen.pl\/?cat=135"},"img":{"alt_text":"","src":"","width":0,"height":0},"classes":[]},{"id":4007,"url":"https:\/\/www.volen.pl\/?p=4007","url_meta":{"origin":2059,"position":5},"title":"Z\u0142e wspomnienia","author":"volen","date":"2026-03-11","format":false,"excerpt":"Kto wybrzydza, ten nie ma z\u0142ych wspomnie\u0144.","rel":"","context":"W \u201efilozofia uliczna&quot;","block_context":{"text":"filozofia uliczna","link":"https:\/\/www.volen.pl\/?cat=2"},"img":{"alt_text":"","src":"","width":0,"height":0},"classes":[]}],"_links":{"self":[{"href":"https:\/\/www.volen.pl\/index.php?rest_route=\/wp\/v2\/posts\/2059","targetHints":{"allow":["GET"]}}],"collection":[{"href":"https:\/\/www.volen.pl\/index.php?rest_route=\/wp\/v2\/posts"}],"about":[{"href":"https:\/\/www.volen.pl\/index.php?rest_route=\/wp\/v2\/types\/post"}],"author":[{"embeddable":true,"href":"https:\/\/www.volen.pl\/index.php?rest_route=\/wp\/v2\/users\/1"}],"replies":[{"embeddable":true,"href":"https:\/\/www.volen.pl\/index.php?rest_route=%2Fwp%2Fv2%2Fcomments&post=2059"}],"version-history":[{"count":1,"href":"https:\/\/www.volen.pl\/index.php?rest_route=\/wp\/v2\/posts\/2059\/revisions"}],"predecessor-version":[{"id":2060,"href":"https:\/\/www.volen.pl\/index.php?rest_route=\/wp\/v2\/posts\/2059\/revisions\/2060"}],"wp:attachment":[{"href":"https:\/\/www.volen.pl\/index.php?rest_route=%2Fwp%2Fv2%2Fmedia&parent=2059"}],"wp:term":[{"taxonomy":"category","embeddable":true,"href":"https:\/\/www.volen.pl\/index.php?rest_route=%2Fwp%2Fv2%2Fcategories&post=2059"},{"taxonomy":"post_tag","embeddable":true,"href":"https:\/\/www.volen.pl\/index.php?rest_route=%2Fwp%2Fv2%2Ftags&post=2059"}],"curies":[{"name":"wp","href":"https:\/\/api.w.org\/{rel}","templated":true}]}}