{"id":206,"date":"2013-05-01T04:00:00","date_gmt":"2013-05-01T02:00:00","guid":{"rendered":"http:\/\/www.volen.pl\/?p=206"},"modified":"2014-10-09T18:02:27","modified_gmt":"2014-10-09T16:02:27","slug":"roda-18-20-i-nagie-studentki","status":"publish","type":"post","link":"https:\/\/www.volen.pl\/?p=206","title":{"rendered":"\u015aroda, 18\/20 i nagie studentki"},"content":{"rendered":"<p>Rano okaza\u0142o si\u0119, \u017ce opr\u00f3cz nas, zbudzi\u0142a si\u0119 mg\u0142a jak jasna cholera.<img data-recalc-dims=\"1\" decoding=\"async\" alt=\"image\" src=\"https:\/\/i0.wp.com\/media.tumblr.com\/0acac5c8034e65592ba874d2f124916d\/tumblr_inline_mmag5zxAPc1qz4rgp.jpg\" \/><\/p>\n<p>Niewielkie utrudnienia spowodowane ograniczon\u0105 widoczno\u015bci\u0105 nie przeszkodzi\u0142y w podziwianiu widok\u00f3w, ani w pod\u0105\u017caniu wybran\u0105 \u015bcie\u017ck\u0105, czyli kawa\u0142kiem G\u0142\u00f3wnego Szlaku Beskidzkiego im. Kazimierza Sosnowskiego.<img data-recalc-dims=\"1\" decoding=\"async\" alt=\"image\" src=\"https:\/\/i0.wp.com\/media.tumblr.com\/b0728afa654ee981c82d38ccbdf2ac28\/tumblr_inline_mmbo0qDODO1qz4rgp.jpg\" \/><\/p>\n<p>Ruch dzisiaj by\u0142 ca\u0142kiem spory, opr\u00f3cz nas szlakiem p\u0119dzi\u0142 przez jaki\u015b czas wczoraj poznany Micha\u0142, a tu i \u00f3wdzie z mg\u0142y wy\u0142ania\u0142y si\u0119 dziwne sylwetki nijak do niczego nie przystaj\u0105ce, za to bardzo pr\u0119dkie, dysz\u0105ce i chrz\u0119szcz\u0105co szcz\u0119kaj\u0105ce \u0142a\u0144cuchami. <img data-recalc-dims=\"1\" decoding=\"async\" alt=\"image\" src=\"https:\/\/i0.wp.com\/media.tumblr.com\/ff1adfda6d3c565428d12a04e72f82c5\/tumblr_inline_mmagnfiFwZ1qz4rgp.jpg\" \/><\/p>\n<p>Najprawdopodobniej przez zm\u0119czenie, brak snu albo i jedzenia, brygada nasza zgromadzi\u0142a si\u0119 z\u0142owrogo nade mn\u0105, wyra\u017anie planuj\u0105c jakiego\u015b rodzaju kanibalski posi\u0142ek.<img data-recalc-dims=\"1\" decoding=\"async\" alt=\"image\" src=\"https:\/\/i0.wp.com\/media.tumblr.com\/21a14255a30e72ba830089e91c8f0833\/tumblr_inline_mmagviQDOd1qz4rgp.jpg\" \/><\/p>\n<p>Troch\u0119 czasu zaj\u0119\u0142o mi t\u0142umaczenie, i\u017c mg\u0142a nie jest wystarczaj\u0105cym zabezpieczeniem przed poniesieniem nomen-omen <em>surowych<\/em> konsekwencji takiego czynu, ale uda\u0142o mi si\u0119 prze\u017cy\u0107, gdy obieca\u0142em zaj\u015b\u0107 do najbli\u017cszego mo\u017cliwego baru oraz \u017ce nie b\u0119d\u0119 mocno naciska\u0142 na szybkie ko\u0144czenie posi\u0142ku.<\/p>\n<p>Podczas w\u0119dr\u00f3wki dwa razy dogania\u0142y nas ca\u0142e chmary trzech \u0142obuziak\u00f3w w wieku wczesnoszkolnym, kt\u00f3re albo zgubi\u0142y si\u0119 kr\u0105\u017c\u0105c po lesie, albo \u017cartowa\u0142y sobie z nas i naszej kondycji obiegaj\u0105c nasz\u0105 g\u00f3r\u0119 dooko\u0142a. Pocz\u0119stowani mentosami zaprzestali swojej haniebnej praktyki i wi\u0119cej\u015bmy ich nie widzieli.<\/p>\n<p>Na obiecany obiad zeszli\u015bmy do Baru Kubalonka, kt\u00f3ry polecam z dw\u00f3ch powod\u00f3w:<\/p>\n<p>&#8211; raz, \u017ce uratowa\u0142 mi \u017cycie<\/p>\n<p>&#8211; dwa, \u017ce \u015bwietne jedzenie, a zw\u0142aszcza pierogi z mi\u0119sem, podaj\u0105<\/p>\n<p><img data-recalc-dims=\"1\" decoding=\"async\" alt=\"image\" src=\"https:\/\/i0.wp.com\/media.tumblr.com\/7e3e029f1f071576a997b5facc81044c\/tumblr_inline_mmahb2W4Bz1qz4rgp.jpg\" \/><\/p>\n<p>Po obiedzie, ukontentowani, udali\u015bmy si\u0119 uzupe\u0142ni\u0107 zapasy s\u0142odkiej wody w postaci piwa Brackie, a kt\u00f3re otrzymali\u015bmy w temperaturze mocno ograniczaj\u0105cej mo\u017cliwo\u015b\u0107 natychmiastowego spo\u017cycia, no chyba \u017ce kto\u015b lubi sobie possa\u0107 lody piwne.<\/p>\n<p>Po sutym obiadku, zaopatrzeni w napoje, postanowili\u015bmy odsapn\u0105\u0107 przed dalsz\u0105 w\u0119dr\u00f3wk\u0105, co w perspektywie okaza\u0142o si\u0119 strza\u0142em w 10-tk\u0119: przed nami ociekaj\u0105cy wod\u0105 las, przeciekaj\u0105ca g\u00f3ra i grz\u0105ska \u015bcie\u017cka, dalsza trasa przypomina\u0142a bardziej brodzenie ni\u017c w\u0119dr\u00f3wk\u0119.<\/p>\n<p>W tak zwanym mi\u0119dzyczasie wsiorba\u0142o gdzie\u015b mg\u0142\u0119, wypogodzi\u0142o si\u0119 i s\u0142oneczko zacz\u0119\u0142o pra\u017cy\u0107 sk\u00f3r\u0119 i z tym s\u0142o\u0144cem nieszcz\u0119snym na karku weszli\u015bmy na Stec\u00f3wk\u0119 (760mnpm) okraszon\u0105 pi\u0119knym drewnianym <a href=\"http:\/\/pl.wikipedia.org\/wiki\/Ko%C5%9Bci%C3%B3%C5%82_Matki_Bo%C5%BCej_Fatimskiej_w_Istebnej\" title=\"Ko\u015bci\u00f3\u0142ek\" target=\"_blank\">ko\u015bci\u00f3\u0142kiem<\/a>.<img data-recalc-dims=\"1\" decoding=\"async\" alt=\"image\" src=\"https:\/\/i0.wp.com\/media.tumblr.com\/aa7adb7e9ea66c99733392f3ce85ef38\/tumblr_inline_mmboo5kiyY1qz4rgp.jpg\" \/><\/p>\n<p>Niezra\u017ceni per\u0142\u0105 architektury drewnianej postukali\u015bmy pi\u0119tami dalej przed siebie, ufaj\u0105c i\u017c uda nam si\u0119 dotrze\u0107 jeszcze dalej. Plan noclegu krystalizowa\u0142 si\u0119 po drodze. Dziewcz\u0119ta po raz kolejny niedwuznacznie sugerowa\u0142y nocleg gdzie b\u0105d\u017a, byle nie na asfalcie, krzaki malin wydawa\u0142y im si\u0119 \u0142o\u017cem godnym kr\u00f3lewskich plec\u00f3w, brak bie\u017c\u0105cej wody chcia\u0142y zrekompensowa\u0107 wod\u0105 ze strumienia, a prysznic mia\u0142 sam przyj\u015b\u0107 wraz z deszczem. Pro\u015bb\u0105 i gro\u017ab\u0105, pop\u0119dzili\u015bmy je dalej, lecz przy s\u0142upie z napisem Stec\u00f3wka nad Pietroszonk\u0105 (850mnpm) nast\u0105pi\u0142 strajk generalny po\u0142\u0105czony z wytrzepywaniem piasku ze skarpetek.<\/p>\n<p>Pierwotnie usi\u0142owali\u015bmy je uspokoi\u0107 Chatk\u0105 AKT, w kt\u00f3rej chcieli\u015bmy wst\u0119pnie zanocowa\u0107, a kt\u00f3rej skr\u00f3t niekt\u00f3rzy mylnie odczytuj\u0105 jako Akademickie K\u00f3\u0142ko Turystyczne, cho\u0107 p\u00f3\u017aniejsze w niej odwiedziny ewidentnie zrewolucjonizowa\u0142y nasze przypuszczenia: gdy w piecu ogie\u0144 bucha, dziewcz\u0119ta \u015bpi\u0105 w prezes\u00f3wce nago. Przynajmniej niekt\u00f3re, jak twierdzi\u0142a nasza przewodniczka, kt\u00f3rej ubrane plecy publikujemy poni\u017cej :)<img data-recalc-dims=\"1\" decoding=\"async\" alt=\"image\" src=\"https:\/\/i0.wp.com\/media.tumblr.com\/787322a51a2baba9ef5040313d32fade\/tumblr_inline_mmbpihqtUP1qz4rgp.jpg\" \/><\/p>\n<p>Pozdrawiamy nagie studentki i wracamy do s\u0142upa nad Pietroszonk\u0105: swoj\u0105 przej\u015bciow\u0105 obecno\u015bci\u0105 zaszczyci\u0142o nas starsze od nas troch\u0119 ma\u0142\u017ce\u0144stwo, kt\u00f3re s\u0142owami m\u0119\u017cczyzny poleci\u0142o porzuci\u0107 szlak i w\u0119drowny tryb \u017cycia i za\u017cy\u0107 wygody w gospodarstwie agroturystycznym u p. Danki. Patrz\u0105c na dziewcz\u0119ta nie mieli\u015bmy w\u0105tpliwo\u015bci, i\u017c noc w suchym i ciep\u0142ym miejscu wyjdzie im na zdrowie, co jak p\u00f3\u017aniej si\u0119 okaza\u0142o, by\u0142o do\u015b\u0107 iluzorycznym przewidywaniem.<\/p>\n<p>Polecamy gospodarstwo p. Danki, gdy\u017c jest tam mi\u0142o.sympatycznie.ciep\u0142o.smacznie.iBardzoTanio. Zostali\u015bmy tam dwie noce. Nocleg: 20. \u015aniadanie 8. Kolacja 12. Nie jedli\u015bmy obiadu, ale i tak przytyli\u015bmy na dw\u00f3ch kolacjach i jednym \u015bniadaniu :) Ceny w polskich z\u0142otych.<\/p>\n<p>Pochodzili\u015bmy jeszcze chwil\u0119 po okolicy i poszli\u015bmy spa\u0107.<\/p>\n","protected":false},"excerpt":{"rendered":"<p>Rano okaza\u0142o si\u0119, \u017ce opr\u00f3cz nas, zbudzi\u0142a si\u0119 mg\u0142a jak jasna cholera. Niewielkie utrudnienia spowodowane&#8230;<\/p>\n<div class=\"more-link-wrapper\"><a class=\"more-link\" href=\"https:\/\/www.volen.pl\/?p=206\">Read the post<span class=\"screen-reader-text\">\u015aroda, 18\/20 i nagie studentki<\/span><\/a><\/div>\n","protected":false},"author":1,"featured_media":0,"comment_status":"closed","ping_status":"closed","sticky":false,"template":"","format":"standard","meta":{"_crdt_document":"","jetpack_post_was_ever_published":false,"_jetpack_newsletter_access":"","_jetpack_dont_email_post_to_subs":false,"_jetpack_newsletter_tier_id":0,"_jetpack_memberships_contains_paywalled_content":false,"_jetpack_memberships_contains_paid_content":false,"footnotes":"","jetpack_publicize_message":"","jetpack_publicize_feature_enabled":true,"jetpack_social_post_already_shared":true,"jetpack_social_options":{"image_generator_settings":{"template":"highway","default_image_id":0,"font":"","enabled":false},"version":2}},"categories":[136,93],"tags":[11,73,79,76,80,77,205,81,60,72,78,82],"class_list":["post-206","post","type-post","status-publish","format-standard","hentry","category-beskid-slaski-2013","category-nawariata","tag-beskid-slaski","tag-beskidy","tag-chatka-akt","tag-glowny-szlak-beskidzki","tag-istebna","tag-kubalonka","tag-nawariata","tag-pietraszonka","tag-podroze","tag-polska","tag-stecowka","tag-wielki-stozek","excerpt","zoom","full-without-featured","even","excerpt-0"],"jetpack_publicize_connections":[],"jetpack_featured_media_url":"","jetpack_shortlink":"https:\/\/wp.me\/p4lAri-3k","jetpack_sharing_enabled":true,"jetpack-related-posts":[{"id":208,"url":"https:\/\/www.volen.pl\/?p=208","url_meta":{"origin":206,"position":0},"title":"\u015amiertelne zm\u0119czenie","author":"volen","date":"2013-04-29","format":false,"excerpt":"Patrz\u0105c z perspektywy dnia dzisiejszego, t\u0119 tras\u0119 mo\u017cna spokojnie ochrzci\u0107 mianem z tytu\u0142u. Wsiedli\u015bmy z moj\u0105 choler\u0105 do poci\u0105gu, poczekali\u015bmy na Marcina i Ani\u0119, po czym ruszyli\u015bmy w drog\u0119. Na kt\u00f3rym\u015b z przystank\u00f3w Marcina ogarn\u0105\u0142 ch\u0142odny cie\u0144 przesz\u0142o\u015bci wraz ze swym partnerem, ale nie dali rady zepsu\u0107 nastroju. Bielsko przywita\u0142o\u2026","rel":"","context":"W \u201eBeskid \u015al\u0105ski 2013&quot;","block_context":{"text":"Beskid \u015al\u0105ski 2013","link":"https:\/\/www.volen.pl\/?cat=136"},"img":{"alt_text":"","src":"","width":0,"height":0},"classes":[]},{"id":207,"url":"https:\/\/www.volen.pl\/?p=207","url_meta":{"origin":206,"position":1},"title":"Wz\u00f3r na obj\u0119to\u015b\u0107 sto\u017cka","author":"volen","date":"2013-04-30","format":false,"excerpt":"Po wyj\u015bciu ze schroniska wyruszyli\u015bmy rze\u015bko przed siebie. Oczywi\u015bcie by\u0142o mocno pod g\u00f3rk\u0119, wi\u0119c pocz\u0105tkowy zapa\u0142 sko\u0144czy\u0142 si\u0119 po jakich\u015b 300 metrach. Odpoczynek wykorzystali\u015bmy na: przebudzenie si\u0119 zrobienie makija\u017cu beztrosk\u0105 zabaw\u0119 z psiaczkiem Porobili\u015bmy kilka zdj\u0119\u0107, kt\u00f3re po powrocie opublikujemy, a potem w g\u00f3r\u0119, w d\u00f3\u0142, w g\u00f3r\u0119, w d\u00f3\u0142\u2026","rel":"","context":"W \u201eBeskid \u015al\u0105ski 2013&quot;","block_context":{"text":"Beskid \u015al\u0105ski 2013","link":"https:\/\/www.volen.pl\/?cat=136"},"img":{"alt_text":"","src":"","width":0,"height":0},"classes":[]},{"id":204,"url":"https:\/\/www.volen.pl\/?p=204","url_meta":{"origin":206,"position":2},"title":"Wielki powr\u00f3t.","author":"volen","date":"2013-05-03","format":false,"excerpt":"Rozpocz\u0105\u0142 si\u0119 do\u015b\u0107 niewinnie po\u015br\u00f3d wspania\u0142ych okoliczno\u015bci przyrody tej bardziej i tej mniej dzikiej. Morza szum, ptak\u00f3w \u015bpiew, z\u0142ota pla\u017ca po\u015br\u00f3d drzew\u2026 No odrobin\u0119 mnie ponios\u0142o, ptaki rzeczywi\u015bcie dar\u0142y chude gard\u0142a w niebog\u0142osy, mo\u017ce nie morze, ale woda, p\u0142yn\u0119\u0142a pod naszymi stopy, po\u015br\u00f3d drzew mo\u017cna by\u0142o jedynie spa\u015b\u0107 na zbity\u2026","rel":"","context":"W \u201eBeskid \u015al\u0105ski 2013&quot;","block_context":{"text":"Beskid \u015al\u0105ski 2013","link":"https:\/\/www.volen.pl\/?cat=136"},"img":{"alt_text":"","src":"","width":0,"height":0},"classes":[]},{"id":205,"url":"https:\/\/www.volen.pl\/?p=205","url_meta":{"origin":206,"position":3},"title":"G\u0142os rozs\u0105dku","author":"volen","date":"2013-05-02","format":false,"excerpt":"Jako\u015b tak z dnia na dzie\u0144 od chwili urodzin przywyk\u0142em, by go nie s\u0142ucha\u0107, bo g\u0142os rozs\u0105dku z zasady wyklucza wi\u0119kszo\u015b\u0107 moich pomys\u0142\u00f3w. Musia\u0142em wybra\u0107 si\u0119 w Beskidy, by zobaczy\u0107 jak dzia\u0142a. Od rana przy \u015bniadaniu dziewcz\u0119ta usi\u0142owa\u0142y forsowa\u0107 sw\u00f3j pomys\u0142, by uda\u0107 si\u0119 na poniewierk\u0119 i spr\u00f3bowa\u0107 dotrze\u0107 do\u2026","rel":"","context":"W \u201eBeskid \u015al\u0105ski 2013&quot;","block_context":{"text":"Beskid \u015al\u0105ski 2013","link":"https:\/\/www.volen.pl\/?cat=136"},"img":{"alt_text":"","src":"","width":0,"height":0},"classes":[]},{"id":209,"url":"https:\/\/www.volen.pl\/?p=209","url_meta":{"origin":206,"position":4},"title":"W g\u00f3ry!","author":"volen","date":"2013-04-28","format":false,"excerpt":"Ju\u017c za godzin par\u0119 wybywamy na d\u0142ugi weekend! Jedziemy - jak zawsze - przygotowani na wszystko, zupe\u0142nie bez planu. Nied\u0142ugo kolejne porcje ma\u0142ych, chrupkich informacji z naszej wyprawy, ma pada\u0107 i by\u0107 mokro. Smakowito\u015b\u0107 :) D\u0142ugiego weekendu dla ka\u017cdego!","rel":"","context":"W \u201eBeskid \u015al\u0105ski 2013&quot;","block_context":{"text":"Beskid \u015al\u0105ski 2013","link":"https:\/\/www.volen.pl\/?cat=136"},"img":{"alt_text":"","src":"","width":0,"height":0},"classes":[]},{"id":3940,"url":"https:\/\/www.volen.pl\/?p=3940","url_meta":{"origin":206,"position":5},"title":"Wielki Sto\u017cek","author":"volen","date":"2025-12-04","format":false,"excerpt":"Zanim wyszed\u0142em na szlak, pogada\u0142em z obs\u0142ug\u0105 schroniska, a kilka metr\u00f3w ni\u017cej spotka\u0142em w koncu jakich\u015b turyst\u00f3w. Co najmniej cztery sztuki. Po kilku minutach pojawi\u0142 si\u0119 te\u017c pi\u0105ty... i na tym koniec. Znowu ludzi wymiot\u0142o dokumentnie. Gdyby nie herbata w Karczmie na Kubalonce, to nie mia\u0142bym z kim zamieni\u0107 nawet\u2026","rel":"","context":"W \u201eGSB&quot;","block_context":{"text":"GSB","link":"https:\/\/www.volen.pl\/?cat=457"},"img":{"alt_text":"","src":"https:\/\/i0.wp.com\/www.volen.pl\/wp-content\/uploads\/2025\/12\/IMG_20251204_154338-1.jpg?fit=1200%2C874&ssl=1&resize=350%2C200","width":350,"height":200,"srcset":"https:\/\/i0.wp.com\/www.volen.pl\/wp-content\/uploads\/2025\/12\/IMG_20251204_154338-1.jpg?fit=1200%2C874&ssl=1&resize=350%2C200 1x, https:\/\/i0.wp.com\/www.volen.pl\/wp-content\/uploads\/2025\/12\/IMG_20251204_154338-1.jpg?fit=1200%2C874&ssl=1&resize=525%2C300 1.5x, https:\/\/i0.wp.com\/www.volen.pl\/wp-content\/uploads\/2025\/12\/IMG_20251204_154338-1.jpg?fit=1200%2C874&ssl=1&resize=700%2C400 2x, https:\/\/i0.wp.com\/www.volen.pl\/wp-content\/uploads\/2025\/12\/IMG_20251204_154338-1.jpg?fit=1200%2C874&ssl=1&resize=1050%2C600 3x"},"classes":[]}],"_links":{"self":[{"href":"https:\/\/www.volen.pl\/index.php?rest_route=\/wp\/v2\/posts\/206","targetHints":{"allow":["GET"]}}],"collection":[{"href":"https:\/\/www.volen.pl\/index.php?rest_route=\/wp\/v2\/posts"}],"about":[{"href":"https:\/\/www.volen.pl\/index.php?rest_route=\/wp\/v2\/types\/post"}],"author":[{"embeddable":true,"href":"https:\/\/www.volen.pl\/index.php?rest_route=\/wp\/v2\/users\/1"}],"replies":[{"embeddable":true,"href":"https:\/\/www.volen.pl\/index.php?rest_route=%2Fwp%2Fv2%2Fcomments&post=206"}],"version-history":[{"count":1,"href":"https:\/\/www.volen.pl\/index.php?rest_route=\/wp\/v2\/posts\/206\/revisions"}],"predecessor-version":[{"id":268,"href":"https:\/\/www.volen.pl\/index.php?rest_route=\/wp\/v2\/posts\/206\/revisions\/268"}],"wp:attachment":[{"href":"https:\/\/www.volen.pl\/index.php?rest_route=%2Fwp%2Fv2%2Fmedia&parent=206"}],"wp:term":[{"taxonomy":"category","embeddable":true,"href":"https:\/\/www.volen.pl\/index.php?rest_route=%2Fwp%2Fv2%2Fcategories&post=206"},{"taxonomy":"post_tag","embeddable":true,"href":"https:\/\/www.volen.pl\/index.php?rest_route=%2Fwp%2Fv2%2Ftags&post=206"}],"curies":[{"name":"wp","href":"https:\/\/api.w.org\/{rel}","templated":true}]}}