{"id":207,"date":"2013-04-30T04:00:00","date_gmt":"2013-04-30T02:00:00","guid":{"rendered":"http:\/\/www.volen.pl\/?p=207"},"modified":"2014-10-09T18:02:27","modified_gmt":"2014-10-09T16:02:27","slug":"wz-r-na-obj-to-sto-ka","status":"publish","type":"post","link":"https:\/\/www.volen.pl\/?p=207","title":{"rendered":"Wz\u00f3r na obj\u0119to\u015b\u0107 sto\u017cka"},"content":{"rendered":"<p>Po wyj\u015bciu ze schroniska wyruszyli\u015bmy rze\u015bko przed siebie. Oczywi\u015bcie by\u0142o mocno pod g\u00f3rk\u0119, wi\u0119c pocz\u0105tkowy zapa\u0142 sko\u0144czy\u0142 si\u0119 po jakich\u015b 300 metrach. Odpoczynek wykorzystali\u015bmy na:<\/p>\n<ul>\n<li>przebudzenie si\u0119<\/li>\n<\/ul>\n<p><img data-recalc-dims=\"1\" decoding=\"async\" alt=\"image\" src=\"https:\/\/i0.wp.com\/media.tumblr.com\/e086e81689c49ec9eca298a509541d59\/tumblr_inline_mmadssfHsd1qz4rgp.jpg\" \/><\/p>\n<ul>\n<li>zrobienie makija\u017cu<\/li>\n<\/ul>\n<p><img data-recalc-dims=\"1\" decoding=\"async\" alt=\"image\" src=\"https:\/\/i0.wp.com\/media.tumblr.com\/23a73d411ab42891ef7744aa962e458c\/tumblr_inline_mmaduzRsGC1qz4rgp.jpg\" \/><\/p>\n<ul>\n<li>beztrosk\u0105 zabaw\u0119 z psiaczkiem<\/li>\n<\/ul>\n<p><img data-recalc-dims=\"1\" decoding=\"async\" alt=\"image\" src=\"https:\/\/i0.wp.com\/media.tumblr.com\/b5bc8929fc671f639180227757ba3f04\/tumblr_inline_mmae8ka3Ru1qz4rgp.jpg\" \/><\/p>\n<p>Porobili\u015bmy kilka zdj\u0119\u0107, kt\u00f3re po powrocie opublikujemy, a potem w g\u00f3r\u0119, w d\u00f3\u0142, w g\u00f3r\u0119, w d\u00f3\u0142 i tak bez ko\u0144ca. <img data-recalc-dims=\"1\" decoding=\"async\" alt=\"image\" src=\"https:\/\/i0.wp.com\/media.tumblr.com\/ff2882b88ef6092424c77800bef709b6\/tumblr_inline_mmaewcwXxF1qz4rgp.jpg\" \/><\/p>\n<p>Tu\u017c przed wej\u015bciem na Wielki Sto\u017cek jest urocza polana, na kt\u00f3rej rozbili\u015bmy prowizoryczne obozowisko, by odsapn\u0105\u0107 przed ostatnim wysi\u0142kiem. Marcin wyst\u0105pi\u0142 jako pomocnik fotografa, rusza\u0142 blend\u0105 i by\u0142 wyra\u017anie zafascynowany puszczaniem zaj\u0105czk\u00f3w. Mamy nawet par\u0119 zdj\u0119\u0107, na kt\u00f3rych wida\u0107 efekt jego pracy, ale powstrzymamy si\u0119 z ich upublicznianiem.<br \/> Na Wielkim Sto\u017cku jest schronisko, w kt\u00f3rym atmosfera znacznie lepsza przywita\u0142a nas ju\u017c od drzwi. Obs\u0142uga nawet si\u0119 u\u015bmiecha\u0142a, i nie by\u0142 to u\u015bmiech Nosferatu zacieraj\u0105cego chude d\u0142onie, jak na Soszowie. Podejrzewamy, \u017ce bardziej <em>do ludzi<\/em> s\u0105. Znale\u017ali\u015bmy tu nocleg, 4 gniazdka w pokoju, miejsce na ognisko i troch\u0119 ga\u0142\u0119zi, a Ania znalaz\u0142a te\u017c nam nowego koleg\u0119 z Krakowa, Micha\u0142a, kt\u00f3ry te\u017c w stron\u0119 Baraniej G\u00f3ry si\u0119 udaje, cho\u0107 innym szlakiem. Przy ognisku dru\u017cynowy opowiada\u0142 starodawne dzieje i bohaterski wskrzesza\u0142 czas, a my s\u0142uchali\u015bmy jak \u015bwinie grzmotu, nie bacz\u0105c na w\u0119gl\u0105ce si\u0119 kie\u0142baski.<\/p>\n<p><img data-recalc-dims=\"1\" decoding=\"async\" alt=\"image\" src=\"https:\/\/i0.wp.com\/media.tumblr.com\/dc86d28ab07ad2090e1f219de288c69b\/tumblr_inline_mmafgsA7M91qz4rgp.jpg\" \/><\/p>\n<p> Ognisko uda\u0142o si\u0119 nad wyraz, a po wysi\u0142ku, kumuluj\u0105cym si\u0119 od poniedzia\u0142ku, zaraz po prysznicu zapadli\u015bmy w letarg, z kt\u00f3rego ci\u0119\u017cko by\u0142o si\u0119 wybudzi\u0107&#8230;<\/p>\n","protected":false},"excerpt":{"rendered":"<p>Po wyj\u015bciu ze schroniska wyruszyli\u015bmy rze\u015bko przed siebie. Oczywi\u015bcie by\u0142o mocno pod g\u00f3rk\u0119, wi\u0119c pocz\u0105tkowy&#8230;<\/p>\n<div class=\"more-link-wrapper\"><a class=\"more-link\" href=\"https:\/\/www.volen.pl\/?p=207\">Read the post<span class=\"screen-reader-text\">Wz\u00f3r na obj\u0119to\u015b\u0107 sto\u017cka<\/span><\/a><\/div>\n","protected":false},"author":1,"featured_media":0,"comment_status":"closed","ping_status":"closed","sticky":false,"template":"","format":"standard","meta":{"_crdt_document":"","jetpack_post_was_ever_published":false,"_jetpack_newsletter_access":"","_jetpack_dont_email_post_to_subs":false,"_jetpack_newsletter_tier_id":0,"_jetpack_memberships_contains_paywalled_content":false,"_jetpack_memberships_contains_paid_content":false,"footnotes":"","jetpack_publicize_message":"","jetpack_publicize_feature_enabled":true,"jetpack_social_post_already_shared":true,"jetpack_social_options":{"image_generator_settings":{"template":"highway","default_image_id":0,"font":"","enabled":false},"version":2}},"categories":[136,93],"tags":[11,73,76,205,60,72,83,82],"class_list":["post-207","post","type-post","status-publish","format-standard","hentry","category-beskid-slaski-2013","category-nawariata","tag-beskid-slaski","tag-beskidy","tag-glowny-szlak-beskidzki","tag-nawariata","tag-podroze","tag-polska","tag-wielki-soszow","tag-wielki-stozek","excerpt","zoom","full-without-featured","even","excerpt-0"],"jetpack_publicize_connections":[],"jetpack_featured_media_url":"","jetpack_shortlink":"https:\/\/wp.me\/p4lAri-3l","jetpack_sharing_enabled":true,"jetpack-related-posts":[{"id":3940,"url":"https:\/\/www.volen.pl\/?p=3940","url_meta":{"origin":207,"position":0},"title":"Wielki Sto\u017cek","author":"volen","date":"2025-12-04","format":false,"excerpt":"Zanim wyszed\u0142em na szlak, pogada\u0142em z obs\u0142ug\u0105 schroniska, a kilka metr\u00f3w ni\u017cej spotka\u0142em w koncu jakich\u015b turyst\u00f3w. Co najmniej cztery sztuki. Po kilku minutach pojawi\u0142 si\u0119 te\u017c pi\u0105ty... i na tym koniec. Znowu ludzi wymiot\u0142o dokumentnie. Gdyby nie herbata w Karczmie na Kubalonce, to nie mia\u0142bym z kim zamieni\u0107 nawet\u2026","rel":"","context":"W \u201eGSB&quot;","block_context":{"text":"GSB","link":"https:\/\/www.volen.pl\/?cat=457"},"img":{"alt_text":"","src":"https:\/\/i0.wp.com\/www.volen.pl\/wp-content\/uploads\/2025\/12\/IMG_20251204_154338-1.jpg?fit=1200%2C874&ssl=1&resize=350%2C200","width":350,"height":200,"srcset":"https:\/\/i0.wp.com\/www.volen.pl\/wp-content\/uploads\/2025\/12\/IMG_20251204_154338-1.jpg?fit=1200%2C874&ssl=1&resize=350%2C200 1x, https:\/\/i0.wp.com\/www.volen.pl\/wp-content\/uploads\/2025\/12\/IMG_20251204_154338-1.jpg?fit=1200%2C874&ssl=1&resize=525%2C300 1.5x, https:\/\/i0.wp.com\/www.volen.pl\/wp-content\/uploads\/2025\/12\/IMG_20251204_154338-1.jpg?fit=1200%2C874&ssl=1&resize=700%2C400 2x, https:\/\/i0.wp.com\/www.volen.pl\/wp-content\/uploads\/2025\/12\/IMG_20251204_154338-1.jpg?fit=1200%2C874&ssl=1&resize=1050%2C600 3x"},"classes":[]},{"id":206,"url":"https:\/\/www.volen.pl\/?p=206","url_meta":{"origin":207,"position":1},"title":"\u015aroda, 18\/20 i nagie studentki","author":"volen","date":"2013-05-01","format":false,"excerpt":"Rano okaza\u0142o si\u0119, \u017ce opr\u00f3cz nas, zbudzi\u0142a si\u0119 mg\u0142a jak jasna cholera. Niewielkie utrudnienia spowodowane ograniczon\u0105 widoczno\u015bci\u0105 nie przeszkodzi\u0142y w podziwianiu widok\u00f3w, ani w pod\u0105\u017caniu wybran\u0105 \u015bcie\u017ck\u0105, czyli kawa\u0142kiem G\u0142\u00f3wnego Szlaku Beskidzkiego im. Kazimierza Sosnowskiego. Ruch dzisiaj by\u0142 ca\u0142kiem spory, opr\u00f3cz nas szlakiem p\u0119dzi\u0142 przez jaki\u015b czas wczoraj poznany Micha\u0142,\u2026","rel":"","context":"W \u201eBeskid \u015al\u0105ski 2013&quot;","block_context":{"text":"Beskid \u015al\u0105ski 2013","link":"https:\/\/www.volen.pl\/?cat=136"},"img":{"alt_text":"","src":"","width":0,"height":0},"classes":[]},{"id":208,"url":"https:\/\/www.volen.pl\/?p=208","url_meta":{"origin":207,"position":2},"title":"\u015amiertelne zm\u0119czenie","author":"volen","date":"2013-04-29","format":false,"excerpt":"Patrz\u0105c z perspektywy dnia dzisiejszego, t\u0119 tras\u0119 mo\u017cna spokojnie ochrzci\u0107 mianem z tytu\u0142u. Wsiedli\u015bmy z moj\u0105 choler\u0105 do poci\u0105gu, poczekali\u015bmy na Marcina i Ani\u0119, po czym ruszyli\u015bmy w drog\u0119. Na kt\u00f3rym\u015b z przystank\u00f3w Marcina ogarn\u0105\u0142 ch\u0142odny cie\u0144 przesz\u0142o\u015bci wraz ze swym partnerem, ale nie dali rady zepsu\u0107 nastroju. Bielsko przywita\u0142o\u2026","rel":"","context":"W \u201eBeskid \u015al\u0105ski 2013&quot;","block_context":{"text":"Beskid \u015al\u0105ski 2013","link":"https:\/\/www.volen.pl\/?cat=136"},"img":{"alt_text":"","src":"","width":0,"height":0},"classes":[]},{"id":204,"url":"https:\/\/www.volen.pl\/?p=204","url_meta":{"origin":207,"position":3},"title":"Wielki powr\u00f3t.","author":"volen","date":"2013-05-03","format":false,"excerpt":"Rozpocz\u0105\u0142 si\u0119 do\u015b\u0107 niewinnie po\u015br\u00f3d wspania\u0142ych okoliczno\u015bci przyrody tej bardziej i tej mniej dzikiej. Morza szum, ptak\u00f3w \u015bpiew, z\u0142ota pla\u017ca po\u015br\u00f3d drzew\u2026 No odrobin\u0119 mnie ponios\u0142o, ptaki rzeczywi\u015bcie dar\u0142y chude gard\u0142a w niebog\u0142osy, mo\u017ce nie morze, ale woda, p\u0142yn\u0119\u0142a pod naszymi stopy, po\u015br\u00f3d drzew mo\u017cna by\u0142o jedynie spa\u015b\u0107 na zbity\u2026","rel":"","context":"W \u201eBeskid \u015al\u0105ski 2013&quot;","block_context":{"text":"Beskid \u015al\u0105ski 2013","link":"https:\/\/www.volen.pl\/?cat=136"},"img":{"alt_text":"","src":"","width":0,"height":0},"classes":[]},{"id":205,"url":"https:\/\/www.volen.pl\/?p=205","url_meta":{"origin":207,"position":4},"title":"G\u0142os rozs\u0105dku","author":"volen","date":"2013-05-02","format":false,"excerpt":"Jako\u015b tak z dnia na dzie\u0144 od chwili urodzin przywyk\u0142em, by go nie s\u0142ucha\u0107, bo g\u0142os rozs\u0105dku z zasady wyklucza wi\u0119kszo\u015b\u0107 moich pomys\u0142\u00f3w. Musia\u0142em wybra\u0107 si\u0119 w Beskidy, by zobaczy\u0107 jak dzia\u0142a. Od rana przy \u015bniadaniu dziewcz\u0119ta usi\u0142owa\u0142y forsowa\u0107 sw\u00f3j pomys\u0142, by uda\u0107 si\u0119 na poniewierk\u0119 i spr\u00f3bowa\u0107 dotrze\u0107 do\u2026","rel":"","context":"W \u201eBeskid \u015al\u0105ski 2013&quot;","block_context":{"text":"Beskid \u015al\u0105ski 2013","link":"https:\/\/www.volen.pl\/?cat=136"},"img":{"alt_text":"","src":"","width":0,"height":0},"classes":[]},{"id":209,"url":"https:\/\/www.volen.pl\/?p=209","url_meta":{"origin":207,"position":5},"title":"W g\u00f3ry!","author":"volen","date":"2013-04-28","format":false,"excerpt":"Ju\u017c za godzin par\u0119 wybywamy na d\u0142ugi weekend! Jedziemy - jak zawsze - przygotowani na wszystko, zupe\u0142nie bez planu. Nied\u0142ugo kolejne porcje ma\u0142ych, chrupkich informacji z naszej wyprawy, ma pada\u0107 i by\u0107 mokro. Smakowito\u015b\u0107 :) D\u0142ugiego weekendu dla ka\u017cdego!","rel":"","context":"W \u201eBeskid \u015al\u0105ski 2013&quot;","block_context":{"text":"Beskid \u015al\u0105ski 2013","link":"https:\/\/www.volen.pl\/?cat=136"},"img":{"alt_text":"","src":"","width":0,"height":0},"classes":[]}],"_links":{"self":[{"href":"https:\/\/www.volen.pl\/index.php?rest_route=\/wp\/v2\/posts\/207","targetHints":{"allow":["GET"]}}],"collection":[{"href":"https:\/\/www.volen.pl\/index.php?rest_route=\/wp\/v2\/posts"}],"about":[{"href":"https:\/\/www.volen.pl\/index.php?rest_route=\/wp\/v2\/types\/post"}],"author":[{"embeddable":true,"href":"https:\/\/www.volen.pl\/index.php?rest_route=\/wp\/v2\/users\/1"}],"replies":[{"embeddable":true,"href":"https:\/\/www.volen.pl\/index.php?rest_route=%2Fwp%2Fv2%2Fcomments&post=207"}],"version-history":[{"count":1,"href":"https:\/\/www.volen.pl\/index.php?rest_route=\/wp\/v2\/posts\/207\/revisions"}],"predecessor-version":[{"id":267,"href":"https:\/\/www.volen.pl\/index.php?rest_route=\/wp\/v2\/posts\/207\/revisions\/267"}],"wp:attachment":[{"href":"https:\/\/www.volen.pl\/index.php?rest_route=%2Fwp%2Fv2%2Fmedia&parent=207"}],"wp:term":[{"taxonomy":"category","embeddable":true,"href":"https:\/\/www.volen.pl\/index.php?rest_route=%2Fwp%2Fv2%2Fcategories&post=207"},{"taxonomy":"post_tag","embeddable":true,"href":"https:\/\/www.volen.pl\/index.php?rest_route=%2Fwp%2Fv2%2Ftags&post=207"}],"curies":[{"name":"wp","href":"https:\/\/api.w.org\/{rel}","templated":true}]}}