{"id":2084,"date":"2016-11-16T11:18:22","date_gmt":"2016-11-16T10:18:22","guid":{"rendered":"http:\/\/www.volen.pl\/?p=2084"},"modified":"2017-07-18T20:49:31","modified_gmt":"2017-07-18T18:49:31","slug":"fiordy-zachodnie","status":"publish","type":"post","link":"https:\/\/www.volen.pl\/?p=2084","title":{"rendered":"Fiordy Zachodnie"},"content":{"rendered":"<p>Dzisiejszej nocy wichura omal nie przestawi\u0142a samochodu&#8230;<\/p>\n<p>Hyundai Santa Fe ma z ty\u0142u k\u0105t natarcia, jak \u015bciana hipermarketu, wi\u0119c trz\u0119s\u0142o nim porz\u0105dnie. Wiatr zrywa\u0142 si\u0119 nagle, falami tak, \u017ce nie spos\u00f3b by\u0142o do tego przywykn\u0105\u0107.<\/p>\n<p>Nad ranem (ok. 6.00) obudzili mnie przyjezdni azjaci. Du\u017co i g\u0142o\u015bno m\u00f3wili, wi\u0119c doszed\u0142em do wniosku, \u017ce nie ma co d\u0142u\u017cej si\u0119 wylegiwa\u0107.<br \/>\nPo d\u0142u\u017cszych przygotowaniach (ubieranie si\u0119 i kawa), poszed\u0142em robi\u0107 zdj\u0119cia. Super. Nie warto si\u0119 leni\u0107. Mam zdj\u0119cia Kirkjuffelssfoss robione w \u015bwietle ksi\u0119\u017cyca.<\/p>\n<p><a href=\"https:\/\/i0.wp.com\/www.volen.pl\/wp-content\/uploads\/2017\/04\/Kirkjuffelssfoss_VOL5193.jpg?ssl=1\"><img data-recalc-dims=\"1\" loading=\"lazy\" decoding=\"async\" data-attachment-id=\"2088\" data-permalink=\"https:\/\/www.volen.pl\/?attachment_id=2088\" data-orig-file=\"https:\/\/i0.wp.com\/www.volen.pl\/wp-content\/uploads\/2017\/04\/Kirkjuffelssfoss_VOL5193.jpg?fit=3196%2C2117&amp;ssl=1\" data-orig-size=\"3196,2117\" data-comments-opened=\"0\" data-image-meta=\"{&quot;aperture&quot;:&quot;0&quot;,&quot;credit&quot;:&quot;&quot;,&quot;camera&quot;:&quot;&quot;,&quot;caption&quot;:&quot;&quot;,&quot;created_timestamp&quot;:&quot;0&quot;,&quot;copyright&quot;:&quot;&quot;,&quot;focal_length&quot;:&quot;0&quot;,&quot;iso&quot;:&quot;0&quot;,&quot;shutter_speed&quot;:&quot;0&quot;,&quot;title&quot;:&quot;&quot;,&quot;orientation&quot;:&quot;0&quot;}\" data-image-title=\"Kirkjuffelssfoss_VOL5193\" data-image-description=\"\" data-image-caption=\"\" data-large-file=\"https:\/\/i0.wp.com\/www.volen.pl\/wp-content\/uploads\/2017\/04\/Kirkjuffelssfoss_VOL5193.jpg?fit=2048%2C1357&amp;ssl=1\" class=\"aligncenter size-large wp-image-2088\" src=\"https:\/\/i0.wp.com\/www.volen.pl\/wp-content\/uploads\/2017\/04\/Kirkjuffelssfoss_VOL5193.jpg?resize=2048%2C1357&#038;ssl=1\" alt=\"\" width=\"2048\" height=\"1357\" srcset=\"https:\/\/i0.wp.com\/www.volen.pl\/wp-content\/uploads\/2017\/04\/Kirkjuffelssfoss_VOL5193.jpg?resize=2048%2C1357&amp;ssl=1 2048w, https:\/\/i0.wp.com\/www.volen.pl\/wp-content\/uploads\/2017\/04\/Kirkjuffelssfoss_VOL5193.jpg?resize=1024%2C678&amp;ssl=1 1024w, https:\/\/i0.wp.com\/www.volen.pl\/wp-content\/uploads\/2017\/04\/Kirkjuffelssfoss_VOL5193.jpg?resize=120%2C80&amp;ssl=1 120w, https:\/\/i0.wp.com\/www.volen.pl\/wp-content\/uploads\/2017\/04\/Kirkjuffelssfoss_VOL5193.jpg?w=3000&amp;ssl=1 3000w\" sizes=\"auto, (max-width: 1000px) 100vw, 1000px\" \/><\/a>Po powrocie zjad\u0142em kanapk\u0119 i p\u00f3\u0142 sa\u0142atki, wypi\u0142em kaw\u0119 i ruszy\u0142em dalej.<br \/>\nTen dzie\u0144 nie obfitowa\u0142 w spektakularne wydarzenia. Jecha\u0142em przez pi\u0119kny kraj, zatrzyma\u0142em si\u0119 na moment nad jeziorem Haukadalsvatn, <a href=\"https:\/\/i0.wp.com\/www.volen.pl\/wp-content\/uploads\/2017\/04\/Haukadalsvatn_VOL5230.jpg?ssl=1\"><img data-recalc-dims=\"1\" loading=\"lazy\" decoding=\"async\" data-attachment-id=\"2094\" data-permalink=\"https:\/\/www.volen.pl\/?attachment_id=2094\" data-orig-file=\"https:\/\/i0.wp.com\/www.volen.pl\/wp-content\/uploads\/2017\/04\/Haukadalsvatn_VOL5230.jpg?fit=2464%2C1632&amp;ssl=1\" data-orig-size=\"2464,1632\" data-comments-opened=\"0\" data-image-meta=\"{&quot;aperture&quot;:&quot;8&quot;,&quot;credit&quot;:&quot;Przemyslaw &#039;volen&#039; Wollenszleger&quot;,&quot;camera&quot;:&quot;NIKON D7000&quot;,&quot;caption&quot;:&quot;&quot;,&quot;created_timestamp&quot;:&quot;1479301065&quot;,&quot;copyright&quot;:&quot;&quot;,&quot;focal_length&quot;:&quot;14&quot;,&quot;iso&quot;:&quot;100&quot;,&quot;shutter_speed&quot;:&quot;0.016666666666667&quot;,&quot;title&quot;:&quot;&quot;,&quot;orientation&quot;:&quot;1&quot;}\" data-image-title=\"Haukadalsvatn_VOL5230\" data-image-description=\"\" data-image-caption=\"\" data-large-file=\"https:\/\/i0.wp.com\/www.volen.pl\/wp-content\/uploads\/2017\/04\/Haukadalsvatn_VOL5230.jpg?fit=2048%2C1356&amp;ssl=1\" class=\"aligncenter size-large wp-image-2094\" src=\"https:\/\/i0.wp.com\/www.volen.pl\/wp-content\/uploads\/2017\/04\/Haukadalsvatn_VOL5230.jpg?resize=2048%2C1356&#038;ssl=1\" alt=\"\" width=\"2048\" height=\"1356\" srcset=\"https:\/\/i0.wp.com\/www.volen.pl\/wp-content\/uploads\/2017\/04\/Haukadalsvatn_VOL5230.jpg?resize=2048%2C1356&amp;ssl=1 2048w, https:\/\/i0.wp.com\/www.volen.pl\/wp-content\/uploads\/2017\/04\/Haukadalsvatn_VOL5230.jpg?resize=1024%2C678&amp;ssl=1 1024w, https:\/\/i0.wp.com\/www.volen.pl\/wp-content\/uploads\/2017\/04\/Haukadalsvatn_VOL5230.jpg?resize=120%2C80&amp;ssl=1 120w\" sizes=\"auto, (max-width: 1000px) 100vw, 1000px\" \/><\/a> a potem zanurzy\u0142em si\u0119 w krainie Fiord\u00f3w Zachodnich.<a href=\"https:\/\/i0.wp.com\/www.volen.pl\/wp-content\/uploads\/2017\/04\/nadchodzi-burza-jak-nad-morzem-Bia%C5%82ym_VOL5212.jpg?ssl=1\"><img data-recalc-dims=\"1\" loading=\"lazy\" decoding=\"async\" data-attachment-id=\"2090\" data-permalink=\"https:\/\/www.volen.pl\/?attachment_id=2090\" data-orig-file=\"https:\/\/i0.wp.com\/www.volen.pl\/wp-content\/uploads\/2017\/04\/nadchodzi-burza-jak-nad-morzem-Bia%C5%82ym_VOL5212.jpg?fit=3196%2C1705&amp;ssl=1\" data-orig-size=\"3196,1705\" data-comments-opened=\"0\" data-image-meta=\"{&quot;aperture&quot;:&quot;0&quot;,&quot;credit&quot;:&quot;&quot;,&quot;camera&quot;:&quot;&quot;,&quot;caption&quot;:&quot;&quot;,&quot;created_timestamp&quot;:&quot;0&quot;,&quot;copyright&quot;:&quot;&quot;,&quot;focal_length&quot;:&quot;0&quot;,&quot;iso&quot;:&quot;0&quot;,&quot;shutter_speed&quot;:&quot;0&quot;,&quot;title&quot;:&quot;&quot;,&quot;orientation&quot;:&quot;0&quot;}\" data-image-title=\"nadchodzi burza &amp;#8211; jak nad morzem Bia\u0142ym_VOL5212\" data-image-description=\"\" data-image-caption=\"\" data-large-file=\"https:\/\/i0.wp.com\/www.volen.pl\/wp-content\/uploads\/2017\/04\/nadchodzi-burza-jak-nad-morzem-Bia%C5%82ym_VOL5212.jpg?fit=2048%2C1093&amp;ssl=1\" class=\"aligncenter size-large wp-image-2090\" src=\"https:\/\/i0.wp.com\/www.volen.pl\/wp-content\/uploads\/2017\/04\/nadchodzi-burza-jak-nad-morzem-Bia%C5%82ym_VOL5212.jpg?resize=2048%2C1093&#038;ssl=1\" alt=\"\" width=\"2048\" height=\"1093\" srcset=\"https:\/\/i0.wp.com\/www.volen.pl\/wp-content\/uploads\/2017\/04\/nadchodzi-burza-jak-nad-morzem-Bia%C5%82ym_VOL5212.jpg?resize=2048%2C1093&amp;ssl=1 2048w, https:\/\/i0.wp.com\/www.volen.pl\/wp-content\/uploads\/2017\/04\/nadchodzi-burza-jak-nad-morzem-Bia%C5%82ym_VOL5212.jpg?resize=1024%2C546&amp;ssl=1 1024w, https:\/\/i0.wp.com\/www.volen.pl\/wp-content\/uploads\/2017\/04\/nadchodzi-burza-jak-nad-morzem-Bia%C5%82ym_VOL5212.jpg?w=3000&amp;ssl=1 3000w\" sizes=\"auto, (max-width: 1000px) 100vw, 1000px\" \/><\/a>Monumentalne, surowe pi\u0119kno tych ska\u0142 urzek\u0142o mnie bardzo. Praktycznie co chwila zatrzymywa\u0142em si\u0119, by uwieczni\u0107 jakie\u015b miejsce. Znalaz\u0142em te\u017c \u015bliczny ma\u0142y wodospadzik i jecha\u0142em dalej wzd\u0142u\u017c wybrze\u017ca. <a href=\"https:\/\/i0.wp.com\/www.volen.pl\/wp-content\/uploads\/2017\/04\/nadchodzi-burza-DSC_8443.jpg?ssl=1\"><img data-recalc-dims=\"1\" loading=\"lazy\" decoding=\"async\" data-attachment-id=\"2089\" data-permalink=\"https:\/\/www.volen.pl\/?attachment_id=2089\" data-orig-file=\"https:\/\/i0.wp.com\/www.volen.pl\/wp-content\/uploads\/2017\/04\/nadchodzi-burza-DSC_8443.jpg?fit=3196%2C1756&amp;ssl=1\" data-orig-size=\"3196,1756\" data-comments-opened=\"0\" data-image-meta=\"{&quot;aperture&quot;:&quot;0&quot;,&quot;credit&quot;:&quot;&quot;,&quot;camera&quot;:&quot;&quot;,&quot;caption&quot;:&quot;&quot;,&quot;created_timestamp&quot;:&quot;0&quot;,&quot;copyright&quot;:&quot;&quot;,&quot;focal_length&quot;:&quot;0&quot;,&quot;iso&quot;:&quot;0&quot;,&quot;shutter_speed&quot;:&quot;0&quot;,&quot;title&quot;:&quot;&quot;,&quot;orientation&quot;:&quot;0&quot;}\" data-image-title=\"nadchodzi burza DSC_8443\" data-image-description=\"\" data-image-caption=\"\" data-large-file=\"https:\/\/i0.wp.com\/www.volen.pl\/wp-content\/uploads\/2017\/04\/nadchodzi-burza-DSC_8443.jpg?fit=2048%2C1125&amp;ssl=1\" class=\"aligncenter size-large wp-image-2089\" src=\"https:\/\/i0.wp.com\/www.volen.pl\/wp-content\/uploads\/2017\/04\/nadchodzi-burza-DSC_8443.jpg?resize=2048%2C1125&#038;ssl=1\" alt=\"\" width=\"2048\" height=\"1125\" srcset=\"https:\/\/i0.wp.com\/www.volen.pl\/wp-content\/uploads\/2017\/04\/nadchodzi-burza-DSC_8443.jpg?resize=2048%2C1125&amp;ssl=1 2048w, https:\/\/i0.wp.com\/www.volen.pl\/wp-content\/uploads\/2017\/04\/nadchodzi-burza-DSC_8443.jpg?resize=1024%2C563&amp;ssl=1 1024w, https:\/\/i0.wp.com\/www.volen.pl\/wp-content\/uploads\/2017\/04\/nadchodzi-burza-DSC_8443.jpg?w=3000&amp;ssl=1 3000w\" sizes=\"auto, (max-width: 1000px) 100vw, 1000px\" \/><\/a>Droga meandrowa\u0142a, od poziomu morza na pobliskie szczyty.<a href=\"https:\/\/i0.wp.com\/www.volen.pl\/wp-content\/uploads\/2017\/04\/wjazd-na-Fiordy_VOL5252.jpg?ssl=1\"><img data-recalc-dims=\"1\" loading=\"lazy\" decoding=\"async\" data-attachment-id=\"2092\" data-permalink=\"https:\/\/www.volen.pl\/?attachment_id=2092\" data-orig-file=\"https:\/\/i0.wp.com\/www.volen.pl\/wp-content\/uploads\/2017\/04\/wjazd-na-Fiordy_VOL5252.jpg?fit=2464%2C1632&amp;ssl=1\" data-orig-size=\"2464,1632\" data-comments-opened=\"0\" data-image-meta=\"{&quot;aperture&quot;:&quot;8&quot;,&quot;credit&quot;:&quot;Przemyslaw &#039;volen&#039; Wollenszleger&quot;,&quot;camera&quot;:&quot;NIKON D7000&quot;,&quot;caption&quot;:&quot;&quot;,&quot;created_timestamp&quot;:&quot;1479305517&quot;,&quot;copyright&quot;:&quot;&quot;,&quot;focal_length&quot;:&quot;14&quot;,&quot;iso&quot;:&quot;100&quot;,&quot;shutter_speed&quot;:&quot;0.00625&quot;,&quot;title&quot;:&quot;&quot;,&quot;orientation&quot;:&quot;1&quot;}\" data-image-title=\"wjazd na Fiordy_VOL5252\" data-image-description=\"\" data-image-caption=\"\" data-large-file=\"https:\/\/i0.wp.com\/www.volen.pl\/wp-content\/uploads\/2017\/04\/wjazd-na-Fiordy_VOL5252.jpg?fit=2048%2C1356&amp;ssl=1\" class=\"aligncenter size-large wp-image-2092\" src=\"https:\/\/i0.wp.com\/www.volen.pl\/wp-content\/uploads\/2017\/04\/wjazd-na-Fiordy_VOL5252.jpg?resize=2048%2C1356&#038;ssl=1\" alt=\"\" width=\"2048\" height=\"1356\" srcset=\"https:\/\/i0.wp.com\/www.volen.pl\/wp-content\/uploads\/2017\/04\/wjazd-na-Fiordy_VOL5252.jpg?resize=2048%2C1356&amp;ssl=1 2048w, https:\/\/i0.wp.com\/www.volen.pl\/wp-content\/uploads\/2017\/04\/wjazd-na-Fiordy_VOL5252.jpg?resize=1024%2C678&amp;ssl=1 1024w, https:\/\/i0.wp.com\/www.volen.pl\/wp-content\/uploads\/2017\/04\/wjazd-na-Fiordy_VOL5252.jpg?resize=120%2C80&amp;ssl=1 120w\" sizes=\"auto, (max-width: 1000px) 100vw, 1000px\" \/><\/a> Na dole cieplej i bez wiatru (-3 stopnie, jak wynika z informacji drogowej), na g\u00f3rze wiatr cz\u0142owiekowi wyci\u0105ga p\u0142uca na zewn\u0105trz. Cudownie!<a href=\"https:\/\/i0.wp.com\/www.volen.pl\/wp-content\/uploads\/2017\/04\/widok-z-g%C3%B3ry-_VOL5262.jpg?ssl=1\"><img data-recalc-dims=\"1\" loading=\"lazy\" decoding=\"async\" data-attachment-id=\"2091\" data-permalink=\"https:\/\/www.volen.pl\/?attachment_id=2091\" data-orig-file=\"https:\/\/i0.wp.com\/www.volen.pl\/wp-content\/uploads\/2017\/04\/widok-z-g%C3%B3ry-_VOL5262.jpg?fit=3196%2C2117&amp;ssl=1\" data-orig-size=\"3196,2117\" data-comments-opened=\"0\" data-image-meta=\"{&quot;aperture&quot;:&quot;0&quot;,&quot;credit&quot;:&quot;&quot;,&quot;camera&quot;:&quot;&quot;,&quot;caption&quot;:&quot;&quot;,&quot;created_timestamp&quot;:&quot;0&quot;,&quot;copyright&quot;:&quot;&quot;,&quot;focal_length&quot;:&quot;0&quot;,&quot;iso&quot;:&quot;0&quot;,&quot;shutter_speed&quot;:&quot;0&quot;,&quot;title&quot;:&quot;&quot;,&quot;orientation&quot;:&quot;0&quot;}\" data-image-title=\"widok z g\u00f3ry _VOL5262\" data-image-description=\"\" data-image-caption=\"\" data-large-file=\"https:\/\/i0.wp.com\/www.volen.pl\/wp-content\/uploads\/2017\/04\/widok-z-g%C3%B3ry-_VOL5262.jpg?fit=2048%2C1357&amp;ssl=1\" class=\"aligncenter size-large wp-image-2091\" src=\"https:\/\/i0.wp.com\/www.volen.pl\/wp-content\/uploads\/2017\/04\/widok-z-g%C3%B3ry-_VOL5262.jpg?resize=2048%2C1357&#038;ssl=1\" alt=\"\" width=\"2048\" height=\"1357\" srcset=\"https:\/\/i0.wp.com\/www.volen.pl\/wp-content\/uploads\/2017\/04\/widok-z-g%C3%B3ry-_VOL5262.jpg?resize=2048%2C1357&amp;ssl=1 2048w, https:\/\/i0.wp.com\/www.volen.pl\/wp-content\/uploads\/2017\/04\/widok-z-g%C3%B3ry-_VOL5262.jpg?resize=1024%2C678&amp;ssl=1 1024w, https:\/\/i0.wp.com\/www.volen.pl\/wp-content\/uploads\/2017\/04\/widok-z-g%C3%B3ry-_VOL5262.jpg?resize=120%2C80&amp;ssl=1 120w, https:\/\/i0.wp.com\/www.volen.pl\/wp-content\/uploads\/2017\/04\/widok-z-g%C3%B3ry-_VOL5262.jpg?w=3000&amp;ssl=1 3000w\" sizes=\"auto, (max-width: 1000px) 100vw, 1000px\" \/><\/a>9-ty z kolei p\u00f3\u0142wysep, jak wyci\u0105gni\u0119ty z Mordoru. Prawie bez \u015bniegu, ponure szczycisko odrobin\u0119 pop\u0119kane, poni\u017cej g\u0142azy jak klawisze fortepianu. Zwolni\u0142em odrobin\u0119, by znale\u017a\u0107 miejsce na nocleg &#8211; druga miejsc\u00f3wka okaza\u0142a si\u0119 w sam raz. Na niewielkiej polanie widok na j\u0119zor morza, p\u00f3\u0142wysep, a tak\u017ce &#8211; na \u00f3w szczyt straszliwy. G\u0142\u00f3d zap\u0119dzi\u0142 mnie do roboty, dzisiaj mistrz kuchni poda\u0142 przecier z pomidor\u00f3w z bazyli\u0105 i par\u00f3wkami, do tego kromka chleba z serem. Spirytusu starczy\u0142o, by zagrza\u0107 sobie kaw\u0119 na rano.<br \/>\nPlan jest taki, by ciut, skoro \u015bwit wsta\u0107 i polata\u0107 po okolicach, zanim jeszcze wzejdzie s\u0142o\u0144ce.<br \/>\nTymczasem wykonam telefon do mojej Anulki, Dobranoc.<\/p>\n","protected":false},"excerpt":{"rendered":"<p>Dzisiejszej nocy wichura omal nie przestawi\u0142a samochodu&#8230; Hyundai Santa Fe ma z ty\u0142u k\u0105t natarcia,&#8230;<\/p>\n<div class=\"more-link-wrapper\"><a class=\"more-link\" href=\"https:\/\/www.volen.pl\/?p=2084\">Read the post<span class=\"screen-reader-text\">Fiordy Zachodnie<\/span><\/a><\/div>\n","protected":false},"author":1,"featured_media":2091,"comment_status":"closed","ping_status":"closed","sticky":false,"template":"","format":"standard","meta":{"_crdt_document":"","jetpack_post_was_ever_published":false,"_jetpack_newsletter_access":"","_jetpack_dont_email_post_to_subs":false,"_jetpack_newsletter_tier_id":0,"_jetpack_memberships_contains_paywalled_content":false,"_jetpack_memberships_contains_paid_content":false,"footnotes":"","jetpack_publicize_message":"","jetpack_publicize_feature_enabled":true,"jetpack_social_post_already_shared":true,"jetpack_social_options":{"image_generator_settings":{"template":"highway","default_image_id":0,"font":"","enabled":false},"version":2}},"categories":[268,93],"tags":[246,283,269,282,205],"class_list":["post-2084","post","type-post","status-publish","format-standard","has-post-thumbnail","hentry","category-islandia","category-nawariata","tag-246","tag-fiordy-zachodnie","tag-islandia","tag-kirkjuffelssfoss","tag-nawariata","excerpt","zoom","full-without-featured","even","excerpt-0"],"jetpack_publicize_connections":[],"jetpack_featured_media_url":"https:\/\/i0.wp.com\/www.volen.pl\/wp-content\/uploads\/2017\/04\/widok-z-g%C3%B3ry-_VOL5262.jpg?fit=3196%2C2117&ssl=1","jetpack_shortlink":"https:\/\/wp.me\/p4lAri-xC","jetpack_sharing_enabled":true,"jetpack-related-posts":[{"id":2071,"url":"https:\/\/www.volen.pl\/?p=2071","url_meta":{"origin":2084,"position":0},"title":"L\u00f3ndrangar","author":"volen","date":"2016-11-15","format":false,"excerpt":"W nocy przeje\u017cd\u017ca\u0142y mimo cztery pojazdy. Pierwszy z nich wystraszy\u0142 mnie solidnie, gdy\u017c w\u0142a\u015bnie zasypia\u0142em. Dwa kolejne s\u0142ysza\u0142em przez sen, a czwarty... No okaza\u0142o si\u0119, \u017ce czwarty to ju\u017c nie by\u0142a noc, tylko 9.15! M\u00f3j Bo\u017ce, spa\u0142em jak dziecko. W sumie przy tym czwartym dalej chcia\u0142em przeczeka\u0107 ciemnic\u0119 i spa\u0107\u2026","rel":"","context":"W \u201eIslandia: snj\u00f3r, \u00eds og eldur&quot;","block_context":{"text":"Islandia: snj\u00f3r, \u00eds og eldur","link":"https:\/\/www.volen.pl\/?cat=268"},"img":{"alt_text":"","src":"https:\/\/i0.wp.com\/www.volen.pl\/wp-content\/uploads\/2017\/04\/blog_panorama-Londrangar-i-Snaefellsjokull_VOL5140.jpg?fit=1200%2C659&ssl=1&resize=350%2C200","width":350,"height":200,"srcset":"https:\/\/i0.wp.com\/www.volen.pl\/wp-content\/uploads\/2017\/04\/blog_panorama-Londrangar-i-Snaefellsjokull_VOL5140.jpg?fit=1200%2C659&ssl=1&resize=350%2C200 1x, https:\/\/i0.wp.com\/www.volen.pl\/wp-content\/uploads\/2017\/04\/blog_panorama-Londrangar-i-Snaefellsjokull_VOL5140.jpg?fit=1200%2C659&ssl=1&resize=525%2C300 1.5x, https:\/\/i0.wp.com\/www.volen.pl\/wp-content\/uploads\/2017\/04\/blog_panorama-Londrangar-i-Snaefellsjokull_VOL5140.jpg?fit=1200%2C659&ssl=1&resize=700%2C400 2x, https:\/\/i0.wp.com\/www.volen.pl\/wp-content\/uploads\/2017\/04\/blog_panorama-Londrangar-i-Snaefellsjokull_VOL5140.jpg?fit=1200%2C659&ssl=1&resize=1050%2C600 3x"},"classes":[]},{"id":2099,"url":"https:\/\/www.volen.pl\/?p=2099","url_meta":{"origin":2084,"position":1},"title":"Blizzard","author":"volen","date":"2016-11-17","format":false,"excerpt":"W nocy jakie\u015b skrzaty grasowa\u0142y wok\u00f3\u0142 samochodu, budz\u0105c mnie co chwila; p\u00f3\u017aniej okaza\u0142o si\u0119, \u017ce to owieczki. Rano, w \u015bwietle ksi\u0119\u017cyca, porozgl\u0105da\u0142em si\u0119 po okolicy, po czym ruszy\u0142em na zach\u00f3d. Zajecha\u0142em na stacj\u0119 benzynow\u0105, kt\u00f3rej ju\u017c nie ma. Omin\u0105\u0142em wyl\u0119garni\u0119 maskonur\u00f3w. Obejrza\u0142em wodospadzik. Obejrza\u0142em par\u0119 innych rzeczy... Zajecha\u0142em na Alask\u0119...\u2026","rel":"","context":"W \u201eIslandia: snj\u00f3r, \u00eds og eldur&quot;","block_context":{"text":"Islandia: snj\u00f3r, \u00eds og eldur","link":"https:\/\/www.volen.pl\/?cat=268"},"img":{"alt_text":"","src":"https:\/\/i0.wp.com\/www.volen.pl\/wp-content\/uploads\/2017\/04\/wsch%C3%B3d_VOL5408.jpg?fit=1200%2C598&ssl=1&resize=350%2C200","width":350,"height":200,"srcset":"https:\/\/i0.wp.com\/www.volen.pl\/wp-content\/uploads\/2017\/04\/wsch%C3%B3d_VOL5408.jpg?fit=1200%2C598&ssl=1&resize=350%2C200 1x, https:\/\/i0.wp.com\/www.volen.pl\/wp-content\/uploads\/2017\/04\/wsch%C3%B3d_VOL5408.jpg?fit=1200%2C598&ssl=1&resize=525%2C300 1.5x, https:\/\/i0.wp.com\/www.volen.pl\/wp-content\/uploads\/2017\/04\/wsch%C3%B3d_VOL5408.jpg?fit=1200%2C598&ssl=1&resize=700%2C400 2x, https:\/\/i0.wp.com\/www.volen.pl\/wp-content\/uploads\/2017\/04\/wsch%C3%B3d_VOL5408.jpg?fit=1200%2C598&ssl=1&resize=1050%2C600 3x"},"classes":[]},{"id":2301,"url":"https:\/\/www.volen.pl\/?p=2301","url_meta":{"origin":2084,"position":2},"title":"Ojoja\u0107 szerokim putem","author":"volen","date":"2018-05-21","format":false,"excerpt":"Dzisiaj nic nie napisz\u0119 m\u0105drego, bo si\u0119 boj\u0119, \u017ce mnie kole\u017canka Kala \"ojoja\", jak straszy\u0142a na fejsie. Tak wi\u0119c gar\u015b\u0107 niczego m\u0105drego: jechali od Ekaterinovki a\u017c hen, pod Sarat\u00f3w. Rosjanie jak robi\u0105 roboty drogowe, to ostrzegaj\u0105 wielkimi \u017c\u00f3\u0142tymi tablicami. Nic to generalnie nie daje, bo korki przez to nie s\u0105\u2026","rel":"","context":"W \u201enawariata&quot;","block_context":{"text":"nawariata","link":"https:\/\/www.volen.pl\/?cat=93"},"img":{"alt_text":"","src":"https:\/\/i0.wp.com\/www.volen.pl\/wp-content\/uploads\/2018\/05\/20180520_185916.jpg?fit=1200%2C600&ssl=1&resize=350%2C200","width":350,"height":200,"srcset":"https:\/\/i0.wp.com\/www.volen.pl\/wp-content\/uploads\/2018\/05\/20180520_185916.jpg?fit=1200%2C600&ssl=1&resize=350%2C200 1x, https:\/\/i0.wp.com\/www.volen.pl\/wp-content\/uploads\/2018\/05\/20180520_185916.jpg?fit=1200%2C600&ssl=1&resize=525%2C300 1.5x, https:\/\/i0.wp.com\/www.volen.pl\/wp-content\/uploads\/2018\/05\/20180520_185916.jpg?fit=1200%2C600&ssl=1&resize=700%2C400 2x, https:\/\/i0.wp.com\/www.volen.pl\/wp-content\/uploads\/2018\/05\/20180520_185916.jpg?fit=1200%2C600&ssl=1&resize=1050%2C600 3x"},"classes":[]},{"id":3060,"url":"https:\/\/www.volen.pl\/?p=3060","url_meta":{"origin":2084,"position":3},"title":"Z ziemi omskiej do Polski","author":"volen","date":"2018-10-07","format":false,"excerpt":"Z rana, po \u015bniadaniu, Ksenia, menad\u017cerka hostelu, przeprowadzi\u0142a ze mn\u0105 wywiad, kt\u00f3ry podobno nawet gdzie\u015b planowa\u0142a umie\u015bci\u0107 na internetach. Mo\u017cliwe, \u017ce nawet i tak zrobi\u0142a. Wznios\u0142em si\u0119 na wy\u017cyny i gada\u0142em, jak naj\u0119ty, a\u017c si\u0119 okaza\u0142o, \u017ce nie do\u015b\u0107, i\u017c nikt si\u0119 tego nie spodziewa\u0142, to nawet nikt tego nie\u2026","rel":"","context":"W \u201enawariata&quot;","block_context":{"text":"nawariata","link":"https:\/\/www.volen.pl\/?cat=93"},"img":{"alt_text":"","src":"","width":0,"height":0},"classes":[]},{"id":2130,"url":"https:\/\/www.volen.pl\/?p=2130","url_meta":{"origin":2084,"position":4},"title":"Przesyt","author":"volen","date":"2016-11-19","format":false,"excerpt":"Dzi\u015b w nocy po raz pierwszy nie szarpa\u0142o moj\u0105 sypialni\u0105. Wsta\u0142em wcze\u015bnie, wypi\u0142em kaw\u0119, zjad\u0142em \u015bniadanie i pojecha\u0142em na fotograficzne safari. Od Vik a\u017c po drog\u0119 na Hamragar\u00f0ahei\u00f0i w okolicach Seljalandsfoss, czyli praktycznie wszystko, co wzbudzi\u0142o moje wczorajsze WOW! Zajecha\u0142em w miejsca, o kt\u00f3rych nawet nie my\u015bla\u0142em, \u017ce do nich\u2026","rel":"","context":"W \u201eIslandia: snj\u00f3r, \u00eds og eldur&quot;","block_context":{"text":"Islandia: snj\u00f3r, \u00eds og eldur","link":"https:\/\/www.volen.pl\/?cat=268"},"img":{"alt_text":"","src":"https:\/\/i0.wp.com\/www.volen.pl\/wp-content\/uploads\/2017\/06\/30kmh_VOL5803s.jpg?resize=350%2C200","width":350,"height":200,"srcset":"https:\/\/i0.wp.com\/www.volen.pl\/wp-content\/uploads\/2017\/06\/30kmh_VOL5803s.jpg?resize=350%2C200 1x, https:\/\/i0.wp.com\/www.volen.pl\/wp-content\/uploads\/2017\/06\/30kmh_VOL5803s.jpg?resize=525%2C300 1.5x, https:\/\/i0.wp.com\/www.volen.pl\/wp-content\/uploads\/2017\/06\/30kmh_VOL5803s.jpg?resize=700%2C400 2x, https:\/\/i0.wp.com\/www.volen.pl\/wp-content\/uploads\/2017\/06\/30kmh_VOL5803s.jpg?resize=1050%2C600 3x, https:\/\/i0.wp.com\/www.volen.pl\/wp-content\/uploads\/2017\/06\/30kmh_VOL5803s.jpg?resize=1400%2C800 4x"},"classes":[]},{"id":467,"url":"https:\/\/www.volen.pl\/?p=467","url_meta":{"origin":2084,"position":5},"title":"\u10ed\u10d8\u10d0\u10dc\u10ed\u10d5\u10d4\u10da\u10d4\u10d1\u10d8\u10e1 &#8211; mr\u00f3weczki","author":"volen","date":"2014-03-31","format":false,"excerpt":"Pocz\u0105tek dnia, opr\u00f3cz \u015bniadania w mi\u0142ym towarzystwie, przyni\u00f3s\u0142 opady \u015bniegu. Nie przypuszczali\u015bmy, \u017ce b\u0119dzie tu tak zimowo. Nugzari i Gia zawie\u017ali nas do marszrutki, kt\u00f3ra okaza\u0142a si\u0119 marszrutk\u0105 do Poti, gdzie mieli\u015bmy si\u0119 przesi\u0105\u015b\u0107. Nie by\u0142oby nic do dodania, gdyby nie fakt, i\u017c ten wehiku\u0142 pozbawiony by\u0142 zupe\u0142nie amortyzator\u00f3w oraz\u2026","rel":"","context":"W \u201eGruzja 2014&quot;","block_context":{"text":"Gruzja 2014","link":"https:\/\/www.volen.pl\/?cat=133"},"img":{"alt_text":"","src":"https:\/\/i0.wp.com\/www.volen.pl\/wp-content\/uploads\/2014\/04\/zugdidi-golibroda-_DSC6428.jpg?fit=1200%2C795&ssl=1&resize=350%2C200","width":350,"height":200,"srcset":"https:\/\/i0.wp.com\/www.volen.pl\/wp-content\/uploads\/2014\/04\/zugdidi-golibroda-_DSC6428.jpg?fit=1200%2C795&ssl=1&resize=350%2C200 1x, https:\/\/i0.wp.com\/www.volen.pl\/wp-content\/uploads\/2014\/04\/zugdidi-golibroda-_DSC6428.jpg?fit=1200%2C795&ssl=1&resize=525%2C300 1.5x, https:\/\/i0.wp.com\/www.volen.pl\/wp-content\/uploads\/2014\/04\/zugdidi-golibroda-_DSC6428.jpg?fit=1200%2C795&ssl=1&resize=700%2C400 2x, https:\/\/i0.wp.com\/www.volen.pl\/wp-content\/uploads\/2014\/04\/zugdidi-golibroda-_DSC6428.jpg?fit=1200%2C795&ssl=1&resize=1050%2C600 3x"},"classes":[]}],"_links":{"self":[{"href":"https:\/\/www.volen.pl\/index.php?rest_route=\/wp\/v2\/posts\/2084","targetHints":{"allow":["GET"]}}],"collection":[{"href":"https:\/\/www.volen.pl\/index.php?rest_route=\/wp\/v2\/posts"}],"about":[{"href":"https:\/\/www.volen.pl\/index.php?rest_route=\/wp\/v2\/types\/post"}],"author":[{"embeddable":true,"href":"https:\/\/www.volen.pl\/index.php?rest_route=\/wp\/v2\/users\/1"}],"replies":[{"embeddable":true,"href":"https:\/\/www.volen.pl\/index.php?rest_route=%2Fwp%2Fv2%2Fcomments&post=2084"}],"version-history":[{"count":5,"href":"https:\/\/www.volen.pl\/index.php?rest_route=\/wp\/v2\/posts\/2084\/revisions"}],"predecessor-version":[{"id":2096,"href":"https:\/\/www.volen.pl\/index.php?rest_route=\/wp\/v2\/posts\/2084\/revisions\/2096"}],"wp:featuredmedia":[{"embeddable":true,"href":"https:\/\/www.volen.pl\/index.php?rest_route=\/wp\/v2\/media\/2091"}],"wp:attachment":[{"href":"https:\/\/www.volen.pl\/index.php?rest_route=%2Fwp%2Fv2%2Fmedia&parent=2084"}],"wp:term":[{"taxonomy":"category","embeddable":true,"href":"https:\/\/www.volen.pl\/index.php?rest_route=%2Fwp%2Fv2%2Fcategories&post=2084"},{"taxonomy":"post_tag","embeddable":true,"href":"https:\/\/www.volen.pl\/index.php?rest_route=%2Fwp%2Fv2%2Ftags&post=2084"}],"curies":[{"name":"wp","href":"https:\/\/api.w.org\/{rel}","templated":true}]}}