{"id":209,"date":"2013-04-28T15:01:44","date_gmt":"2013-04-28T13:01:44","guid":{"rendered":"http:\/\/www.volen.pl\/?p=209"},"modified":"2014-10-09T18:02:27","modified_gmt":"2014-10-09T16:02:27","slug":"w-g-ry","status":"publish","type":"post","link":"https:\/\/www.volen.pl\/?p=209","title":{"rendered":"W g\u00f3ry!"},"content":{"rendered":"<p>Ju\u017c za godzin par\u0119 wybywamy na d\u0142ugi weekend! Jedziemy &#8211; jak zawsze &#8211; przygotowani na wszystko, zupe\u0142nie bez planu.<br \/>\nNied\u0142ugo kolejne porcje ma\u0142ych, chrupkich informacji z naszej wyprawy, ma pada\u0107 i by\u0107 mokro. Smakowito\u015b\u0107 :)<br \/>\nD\u0142ugiego weekendu dla ka\u017cdego!<\/p>\n","protected":false},"excerpt":{"rendered":"<p>Ju\u017c za godzin par\u0119 wybywamy na d\u0142ugi weekend! Jedziemy &#8211; jak zawsze &#8211; przygotowani na&#8230;<\/p>\n<div class=\"more-link-wrapper\"><a class=\"more-link\" href=\"https:\/\/www.volen.pl\/?p=209\">Read the post<span class=\"screen-reader-text\">W g\u00f3ry!<\/span><\/a><\/div>\n","protected":false},"author":1,"featured_media":0,"comment_status":"closed","ping_status":"closed","sticky":false,"template":"","format":"standard","meta":{"_crdt_document":"","jetpack_post_was_ever_published":false,"_jetpack_newsletter_access":"","_jetpack_dont_email_post_to_subs":false,"_jetpack_newsletter_tier_id":0,"_jetpack_memberships_contains_paywalled_content":false,"_jetpack_memberships_contains_paid_content":false,"footnotes":"","jetpack_publicize_message":"","jetpack_publicize_feature_enabled":true,"jetpack_social_post_already_shared":true,"jetpack_social_options":{"image_generator_settings":{"template":"highway","default_image_id":0,"font":"","enabled":false},"version":2}},"categories":[136,93],"tags":[11,73,205,60,72],"class_list":["post-209","post","type-post","status-publish","format-standard","hentry","category-beskid-slaski-2013","category-nawariata","tag-beskid-slaski","tag-beskidy","tag-nawariata","tag-podroze","tag-polska","excerpt","zoom","full-without-featured","even","excerpt-0"],"jetpack_publicize_connections":[],"jetpack_featured_media_url":"","jetpack_shortlink":"https:\/\/wp.me\/p4lAri-3n","jetpack_sharing_enabled":true,"jetpack-related-posts":[{"id":207,"url":"https:\/\/www.volen.pl\/?p=207","url_meta":{"origin":209,"position":0},"title":"Wz\u00f3r na obj\u0119to\u015b\u0107 sto\u017cka","author":"volen","date":"2013-04-30","format":false,"excerpt":"Po wyj\u015bciu ze schroniska wyruszyli\u015bmy rze\u015bko przed siebie. Oczywi\u015bcie by\u0142o mocno pod g\u00f3rk\u0119, wi\u0119c pocz\u0105tkowy zapa\u0142 sko\u0144czy\u0142 si\u0119 po jakich\u015b 300 metrach. Odpoczynek wykorzystali\u015bmy na: przebudzenie si\u0119 zrobienie makija\u017cu beztrosk\u0105 zabaw\u0119 z psiaczkiem Porobili\u015bmy kilka zdj\u0119\u0107, kt\u00f3re po powrocie opublikujemy, a potem w g\u00f3r\u0119, w d\u00f3\u0142, w g\u00f3r\u0119, w d\u00f3\u0142\u2026","rel":"","context":"W \u201eBeskid \u015al\u0105ski 2013&quot;","block_context":{"text":"Beskid \u015al\u0105ski 2013","link":"https:\/\/www.volen.pl\/?cat=136"},"img":{"alt_text":"","src":"","width":0,"height":0},"classes":[]},{"id":208,"url":"https:\/\/www.volen.pl\/?p=208","url_meta":{"origin":209,"position":1},"title":"\u015amiertelne zm\u0119czenie","author":"volen","date":"2013-04-29","format":false,"excerpt":"Patrz\u0105c z perspektywy dnia dzisiejszego, t\u0119 tras\u0119 mo\u017cna spokojnie ochrzci\u0107 mianem z tytu\u0142u. Wsiedli\u015bmy z moj\u0105 choler\u0105 do poci\u0105gu, poczekali\u015bmy na Marcina i Ani\u0119, po czym ruszyli\u015bmy w drog\u0119. Na kt\u00f3rym\u015b z przystank\u00f3w Marcina ogarn\u0105\u0142 ch\u0142odny cie\u0144 przesz\u0142o\u015bci wraz ze swym partnerem, ale nie dali rady zepsu\u0107 nastroju. Bielsko przywita\u0142o\u2026","rel":"","context":"W \u201eBeskid \u015al\u0105ski 2013&quot;","block_context":{"text":"Beskid \u015al\u0105ski 2013","link":"https:\/\/www.volen.pl\/?cat=136"},"img":{"alt_text":"","src":"","width":0,"height":0},"classes":[]},{"id":204,"url":"https:\/\/www.volen.pl\/?p=204","url_meta":{"origin":209,"position":2},"title":"Wielki powr\u00f3t.","author":"volen","date":"2013-05-03","format":false,"excerpt":"Rozpocz\u0105\u0142 si\u0119 do\u015b\u0107 niewinnie po\u015br\u00f3d wspania\u0142ych okoliczno\u015bci przyrody tej bardziej i tej mniej dzikiej. Morza szum, ptak\u00f3w \u015bpiew, z\u0142ota pla\u017ca po\u015br\u00f3d drzew\u2026 No odrobin\u0119 mnie ponios\u0142o, ptaki rzeczywi\u015bcie dar\u0142y chude gard\u0142a w niebog\u0142osy, mo\u017ce nie morze, ale woda, p\u0142yn\u0119\u0142a pod naszymi stopy, po\u015br\u00f3d drzew mo\u017cna by\u0142o jedynie spa\u015b\u0107 na zbity\u2026","rel":"","context":"W \u201eBeskid \u015al\u0105ski 2013&quot;","block_context":{"text":"Beskid \u015al\u0105ski 2013","link":"https:\/\/www.volen.pl\/?cat=136"},"img":{"alt_text":"","src":"","width":0,"height":0},"classes":[]},{"id":104,"url":"https:\/\/www.volen.pl\/?p=104","url_meta":{"origin":209,"position":3},"title":"Skrzyczne","author":"volen","date":"2014-02-14","format":"gallery","excerpt":"","rel":"","context":"W \u201edreptak&quot;","block_context":{"text":"dreptak","link":"https:\/\/www.volen.pl\/?cat=18"},"img":{"alt_text":"","src":"https:\/\/i0.wp.com\/www.volen.pl\/wp-content\/uploads\/2014\/02\/Skrzyczne-2014-_DSC0672.jpg?fit=1200%2C795&ssl=1&resize=350%2C200","width":350,"height":200,"srcset":"https:\/\/i0.wp.com\/www.volen.pl\/wp-content\/uploads\/2014\/02\/Skrzyczne-2014-_DSC0672.jpg?fit=1200%2C795&ssl=1&resize=350%2C200 1x, https:\/\/i0.wp.com\/www.volen.pl\/wp-content\/uploads\/2014\/02\/Skrzyczne-2014-_DSC0672.jpg?fit=1200%2C795&ssl=1&resize=525%2C300 1.5x, https:\/\/i0.wp.com\/www.volen.pl\/wp-content\/uploads\/2014\/02\/Skrzyczne-2014-_DSC0672.jpg?fit=1200%2C795&ssl=1&resize=700%2C400 2x, https:\/\/i0.wp.com\/www.volen.pl\/wp-content\/uploads\/2014\/02\/Skrzyczne-2014-_DSC0672.jpg?fit=1200%2C795&ssl=1&resize=1050%2C600 3x"},"classes":[]},{"id":101,"url":"https:\/\/www.volen.pl\/?p=101","url_meta":{"origin":209,"position":4},"title":"Barania G\u00f3ra","author":"volen","date":"2014-02-14","format":"gallery","excerpt":"","rel":"","context":"W \u201edreptak&quot;","block_context":{"text":"dreptak","link":"https:\/\/www.volen.pl\/?cat=18"},"img":{"alt_text":"","src":"https:\/\/i0.wp.com\/www.volen.pl\/wp-content\/uploads\/2014\/02\/Barania-G%C3%B3ra-2014-DSC_0660.jpg?fit=1200%2C803&ssl=1&resize=350%2C200","width":350,"height":200,"srcset":"https:\/\/i0.wp.com\/www.volen.pl\/wp-content\/uploads\/2014\/02\/Barania-G%C3%B3ra-2014-DSC_0660.jpg?fit=1200%2C803&ssl=1&resize=350%2C200 1x, https:\/\/i0.wp.com\/www.volen.pl\/wp-content\/uploads\/2014\/02\/Barania-G%C3%B3ra-2014-DSC_0660.jpg?fit=1200%2C803&ssl=1&resize=525%2C300 1.5x, https:\/\/i0.wp.com\/www.volen.pl\/wp-content\/uploads\/2014\/02\/Barania-G%C3%B3ra-2014-DSC_0660.jpg?fit=1200%2C803&ssl=1&resize=700%2C400 2x, https:\/\/i0.wp.com\/www.volen.pl\/wp-content\/uploads\/2014\/02\/Barania-G%C3%B3ra-2014-DSC_0660.jpg?fit=1200%2C803&ssl=1&resize=1050%2C600 3x"},"classes":[]},{"id":205,"url":"https:\/\/www.volen.pl\/?p=205","url_meta":{"origin":209,"position":5},"title":"G\u0142os rozs\u0105dku","author":"volen","date":"2013-05-02","format":false,"excerpt":"Jako\u015b tak z dnia na dzie\u0144 od chwili urodzin przywyk\u0142em, by go nie s\u0142ucha\u0107, bo g\u0142os rozs\u0105dku z zasady wyklucza wi\u0119kszo\u015b\u0107 moich pomys\u0142\u00f3w. Musia\u0142em wybra\u0107 si\u0119 w Beskidy, by zobaczy\u0107 jak dzia\u0142a. Od rana przy \u015bniadaniu dziewcz\u0119ta usi\u0142owa\u0142y forsowa\u0107 sw\u00f3j pomys\u0142, by uda\u0107 si\u0119 na poniewierk\u0119 i spr\u00f3bowa\u0107 dotrze\u0107 do\u2026","rel":"","context":"W \u201eBeskid \u015al\u0105ski 2013&quot;","block_context":{"text":"Beskid \u015al\u0105ski 2013","link":"https:\/\/www.volen.pl\/?cat=136"},"img":{"alt_text":"","src":"","width":0,"height":0},"classes":[]}],"_links":{"self":[{"href":"https:\/\/www.volen.pl\/index.php?rest_route=\/wp\/v2\/posts\/209","targetHints":{"allow":["GET"]}}],"collection":[{"href":"https:\/\/www.volen.pl\/index.php?rest_route=\/wp\/v2\/posts"}],"about":[{"href":"https:\/\/www.volen.pl\/index.php?rest_route=\/wp\/v2\/types\/post"}],"author":[{"embeddable":true,"href":"https:\/\/www.volen.pl\/index.php?rest_route=\/wp\/v2\/users\/1"}],"replies":[{"embeddable":true,"href":"https:\/\/www.volen.pl\/index.php?rest_route=%2Fwp%2Fv2%2Fcomments&post=209"}],"version-history":[{"count":1,"href":"https:\/\/www.volen.pl\/index.php?rest_route=\/wp\/v2\/posts\/209\/revisions"}],"predecessor-version":[{"id":265,"href":"https:\/\/www.volen.pl\/index.php?rest_route=\/wp\/v2\/posts\/209\/revisions\/265"}],"wp:attachment":[{"href":"https:\/\/www.volen.pl\/index.php?rest_route=%2Fwp%2Fv2%2Fmedia&parent=209"}],"wp:term":[{"taxonomy":"category","embeddable":true,"href":"https:\/\/www.volen.pl\/index.php?rest_route=%2Fwp%2Fv2%2Fcategories&post=209"},{"taxonomy":"post_tag","embeddable":true,"href":"https:\/\/www.volen.pl\/index.php?rest_route=%2Fwp%2Fv2%2Ftags&post=209"}],"curies":[{"name":"wp","href":"https:\/\/api.w.org\/{rel}","templated":true}]}}