{"id":2098,"date":"2017-04-15T17:11:28","date_gmt":"2017-04-15T15:11:28","guid":{"rendered":"http:\/\/www.volen.pl\/?p=2098"},"modified":"2017-04-15T17:11:28","modified_gmt":"2017-04-15T15:11:28","slug":"bober","status":"publish","type":"post","link":"https:\/\/www.volen.pl\/?p=2098","title":{"rendered":"bober"},"content":{"rendered":"<p>&#8211; Mo\u017ce powiedz jej, \u017ce jeste\u015bmy animalistami i czcimy bobry &#8211; powiedzia\u0142em do Ani<\/p>\n<p>&#8211; A co to jest bobry? &#8211; zainteresowa\u0142a si\u0119 Zuzia<\/p>\n<p>&#8211; No ten, no&#8230; bober przecie\u017c &#8211; za\u015bmia\u0142a si\u0119 Zosia<\/p>\n<p>Od dzisiaj Zosia ma nowy pseudonim.<\/p>\n","protected":false},"excerpt":{"rendered":"<p>&#8211; Mo\u017ce powiedz jej, \u017ce jeste\u015bmy animalistami i czcimy bobry &#8211; powiedzia\u0142em do Ani &#8211;&#8230;<\/p>\n<div class=\"more-link-wrapper\"><a class=\"more-link\" href=\"https:\/\/www.volen.pl\/?p=2098\">Read the post<span class=\"screen-reader-text\">bober<\/span><\/a><\/div>\n","protected":false},"author":1,"featured_media":0,"comment_status":"closed","ping_status":"closed","sticky":false,"template":"","format":"standard","meta":{"_crdt_document":"","jetpack_post_was_ever_published":false,"_jetpack_newsletter_access":"","_jetpack_dont_email_post_to_subs":false,"_jetpack_newsletter_tier_id":0,"_jetpack_memberships_contains_paywalled_content":false,"_jetpack_memberships_contains_paid_content":false,"footnotes":"","jetpack_publicize_message":"","jetpack_publicize_feature_enabled":true,"jetpack_social_post_already_shared":true,"jetpack_social_options":{"image_generator_settings":{"template":"highway","default_image_id":0,"font":"","enabled":false},"version":2}},"categories":[17],"tags":[95,285,122,284],"class_list":["post-2098","post","type-post","status-publish","format-standard","hentry","category-cytaty","tag-ania","tag-bober","tag-zosia","tag-zuzia","excerpt","zoom","full-without-featured","even","excerpt-0"],"jetpack_publicize_connections":[],"jetpack_featured_media_url":"","jetpack_shortlink":"https:\/\/wp.me\/s4lAri-bober","jetpack_sharing_enabled":true,"jetpack-related-posts":[{"id":574,"url":"https:\/\/www.volen.pl\/?p=574","url_meta":{"origin":2098,"position":0},"title":"Zosia","author":"volen","date":"2014-07-01","format":false,"excerpt":"by\u0142 pi\u0119kny dzie\u0144, s\u0142o\u0144ce \u015bwieci\u0142o, deszcz pada\u0142, wiatr powiewa\u0142 uroczo kosmykami w\u0142os\u00f3w a my, zanurzeni w bezmiarze przestrzeni, kradli\u015bmy przyrodzie to, co najlepsze oto moja ju\u017cNieTakaMalusia Zosia kochany szkrabek, lat 7 i troch\u0119, par\u0119 z\u0119b\u00f3w, czekoladowe oczy i serce pe\u0142ne mi\u0142o\u015bci dziecko zmienia si\u0119 niezauwa\u017cenie, podczas gdy my wci\u0105\u017c staramy\u2026","rel":"","context":"W \u201edreptak&quot;","block_context":{"text":"dreptak","link":"https:\/\/www.volen.pl\/?cat=18"},"img":{"alt_text":"","src":"https:\/\/i0.wp.com\/www.volen.pl\/wp-content\/uploads\/2014\/07\/wietrzny-portret-_DSC3662s.jpg?fit=1200%2C795&ssl=1&resize=350%2C200","width":350,"height":200,"srcset":"https:\/\/i0.wp.com\/www.volen.pl\/wp-content\/uploads\/2014\/07\/wietrzny-portret-_DSC3662s.jpg?fit=1200%2C795&ssl=1&resize=350%2C200 1x, https:\/\/i0.wp.com\/www.volen.pl\/wp-content\/uploads\/2014\/07\/wietrzny-portret-_DSC3662s.jpg?fit=1200%2C795&ssl=1&resize=525%2C300 1.5x, https:\/\/i0.wp.com\/www.volen.pl\/wp-content\/uploads\/2014\/07\/wietrzny-portret-_DSC3662s.jpg?fit=1200%2C795&ssl=1&resize=700%2C400 2x, https:\/\/i0.wp.com\/www.volen.pl\/wp-content\/uploads\/2014\/07\/wietrzny-portret-_DSC3662s.jpg?fit=1200%2C795&ssl=1&resize=1050%2C600 3x"},"classes":[]},{"id":1272,"url":"https:\/\/www.volen.pl\/?p=1272","url_meta":{"origin":2098,"position":1},"title":"Olimp","author":"volen","date":"2015-08-06","format":false,"excerpt":"W nocy wysch\u0142o pranie. Patent z d\u0142ugimi sznurowad\u0142ami sprawdzi\u0142 si\u0119 po raz kolejny. Jeszcze przed \u015bniadaniem zrobili\u015bmy kolejne pranie, tym razem w hotelu, powiesili\u015bmy jeszcze, by przesch\u0142o i poszli\u015bmy zje\u015b\u0107 i si\u0119 wyk\u0105pa\u0107. Zrobili\u015bmy te\u017c kilka zdj\u0119\u0107, by udowodni\u0107 wszem i wobec, i\u017c alba\u0144ska riwiera istnieje, ale to nie zdj\u0119cia\u2026","rel":"","context":"W \u201eBalkan eXpress&quot;","block_context":{"text":"Balkan eXpress","link":"https:\/\/www.volen.pl\/?cat=194"},"img":{"alt_text":"","src":"https:\/\/i0.wp.com\/www.volen.pl\/wp-content\/uploads\/2015\/08\/VOL0331.jpg?fit=1200%2C795&ssl=1&resize=350%2C200","width":350,"height":200,"srcset":"https:\/\/i0.wp.com\/www.volen.pl\/wp-content\/uploads\/2015\/08\/VOL0331.jpg?fit=1200%2C795&ssl=1&resize=350%2C200 1x, https:\/\/i0.wp.com\/www.volen.pl\/wp-content\/uploads\/2015\/08\/VOL0331.jpg?fit=1200%2C795&ssl=1&resize=525%2C300 1.5x, https:\/\/i0.wp.com\/www.volen.pl\/wp-content\/uploads\/2015\/08\/VOL0331.jpg?fit=1200%2C795&ssl=1&resize=700%2C400 2x, https:\/\/i0.wp.com\/www.volen.pl\/wp-content\/uploads\/2015\/08\/VOL0331.jpg?fit=1200%2C795&ssl=1&resize=1050%2C600 3x"},"classes":[]},{"id":3039,"url":"https:\/\/www.volen.pl\/?p=3039","url_meta":{"origin":2098,"position":2},"title":"Uczciwe zaj\u0119cie","author":"volen","date":"2021-09-13","format":false,"excerpt":"Przy ko\u0144cu baru siedzia\u0142 jaki\u015b go\u015b\u0107; gapi\u0142 si\u0119 na mnie bez ustanku.W ko\u0144cu popatrzy\u0142em na niego.\u2013 Dobra, czym si\u0119 zajmujesz? \u2013 spyta\u0142em.Chwil\u0119 pomilcza\u0142, napi\u0142 si\u0119 i znowu wpatrzy\u0142 si\u0119 we mnie.\u2013 Cholernie wstydz\u0119 si\u0119 przyzna\u0107, ale\u2026 robi\u0119 filmy.Go\u015b\u0107 okaza\u0142 si\u0119 Wennerem Zergogiem, znanym niemieckim re\u017cyserem. Mia\u0142 troch\u0119, jak to m\u00f3wi\u0105,\u2026","rel":"","context":"W \u201ez\u0142ote g\u0142oski&quot;","block_context":{"text":"z\u0142ote g\u0142oski","link":"https:\/\/www.volen.pl\/?cat=17"},"img":{"alt_text":"","src":"","width":0,"height":0},"classes":[]},{"id":2677,"url":"https:\/\/www.volen.pl\/?p=2677","url_meta":{"origin":2098,"position":3},"title":"Rajska dolina","author":"volen","date":"2018-06-26","format":false,"excerpt":"Przesadzi\u0142em z miodem do kawy i dobrze mi z tym. Ognisko buzuje od rana, s\u0142o\u0144ce w\u0142a\u015bnie pr\u00f3buje wyjrze\u0107 zza brz\u00f3zek, a szum potoku uprzyjemnia poranny rytua\u0142 picia kawy. W og\u00f3le nie ma tu komar\u00f3w. Za to w potoku okropnie zimna woda. Po drodze pi\u0119kne widoki, za\u015b za prze\u0142\u0119cz\u0105 osun\u0119\u0142a si\u0119\u2026","rel":"","context":"W \u201enawariata&quot;","block_context":{"text":"nawariata","link":"https:\/\/www.volen.pl\/?cat=93"},"img":{"alt_text":"","src":"https:\/\/i0.wp.com\/www.volen.pl\/wp-content\/uploads\/2018\/06\/VOL2663.jpg?fit=1200%2C795&ssl=1&resize=350%2C200","width":350,"height":200,"srcset":"https:\/\/i0.wp.com\/www.volen.pl\/wp-content\/uploads\/2018\/06\/VOL2663.jpg?fit=1200%2C795&ssl=1&resize=350%2C200 1x, https:\/\/i0.wp.com\/www.volen.pl\/wp-content\/uploads\/2018\/06\/VOL2663.jpg?fit=1200%2C795&ssl=1&resize=525%2C300 1.5x, https:\/\/i0.wp.com\/www.volen.pl\/wp-content\/uploads\/2018\/06\/VOL2663.jpg?fit=1200%2C795&ssl=1&resize=700%2C400 2x, https:\/\/i0.wp.com\/www.volen.pl\/wp-content\/uploads\/2018\/06\/VOL2663.jpg?fit=1200%2C795&ssl=1&resize=1050%2C600 3x"},"classes":[]},{"id":2051,"url":"https:\/\/www.volen.pl\/?p=2051","url_meta":{"origin":2098,"position":4},"title":"To\u017csamo\u015b\u0107","author":"volen","date":"2017-02-12","format":false,"excerpt":"Dlatego te\u017c wszystkie problemy to\u017csamo\u015bci, o kt\u00f3ry\u015b si\u0119 teraz tak cz\u0119sto i z takim upodobaniem tr\u0105bi, wydaj\u0105 mi si\u0119 zupe\u0142nie bezprzedmiotowe. Jedno z dwojga: albo ma si\u0119 autentyczn\u0105 to\u017csamo\u015b\u0107, a w takim razie nie mo\u017cna jej utraci\u0107, albo si\u0119 jej nie ma, i nie warto marnowa\u0107 si\u0142 w obronie czego\u015b,\u2026","rel":"","context":"W \u201ez\u0142ote g\u0142oski&quot;","block_context":{"text":"z\u0142ote g\u0142oski","link":"https:\/\/www.volen.pl\/?cat=17"},"img":{"alt_text":"","src":"","width":0,"height":0},"classes":[]},{"id":228,"url":"https:\/\/www.volen.pl\/?p=228","url_meta":{"origin":2098,"position":5},"title":"Wyje\u017cd\u017camy z Gruzji","author":"volen","date":"2012-10-09","format":false,"excerpt":"Od rana pada\u0142 deszcz. Cho\u0107 okre\u015blenie pada\u0142 jest mo\u017ce nie na miejscu. Raczej wali\u0142 si\u0119 z nieba jedn\u0105 wielk\u0105 strug\u0105. Kr\u00f3tkie wyj\u015bcie na dw\u00f3r by\u0142o jak wskoczenie do basenu. W ka\u017cdym razie, po \u015bniadaniu, kt\u00f3re sk\u0142ada\u0142o si\u0119 z gotowanego jajka, dw\u00f3ch zimnych par\u00f3wek i ciep\u0142ej kaszy gryczanej, udali\u015bmy si\u0119 w\u2026","rel":"","context":"W \u201e7000km - 2012&quot;","block_context":{"text":"7000km - 2012","link":"https:\/\/www.volen.pl\/?cat=135"},"img":{"alt_text":"","src":"https:\/\/i0.wp.com\/www.volen.pl\/wp-content\/uploads\/2012\/10\/DSC_7124.jpg?fit=1200%2C795&ssl=1&resize=350%2C200","width":350,"height":200,"srcset":"https:\/\/i0.wp.com\/www.volen.pl\/wp-content\/uploads\/2012\/10\/DSC_7124.jpg?fit=1200%2C795&ssl=1&resize=350%2C200 1x, https:\/\/i0.wp.com\/www.volen.pl\/wp-content\/uploads\/2012\/10\/DSC_7124.jpg?fit=1200%2C795&ssl=1&resize=525%2C300 1.5x, https:\/\/i0.wp.com\/www.volen.pl\/wp-content\/uploads\/2012\/10\/DSC_7124.jpg?fit=1200%2C795&ssl=1&resize=700%2C400 2x, https:\/\/i0.wp.com\/www.volen.pl\/wp-content\/uploads\/2012\/10\/DSC_7124.jpg?fit=1200%2C795&ssl=1&resize=1050%2C600 3x"},"classes":[]}],"_links":{"self":[{"href":"https:\/\/www.volen.pl\/index.php?rest_route=\/wp\/v2\/posts\/2098","targetHints":{"allow":["GET"]}}],"collection":[{"href":"https:\/\/www.volen.pl\/index.php?rest_route=\/wp\/v2\/posts"}],"about":[{"href":"https:\/\/www.volen.pl\/index.php?rest_route=\/wp\/v2\/types\/post"}],"author":[{"embeddable":true,"href":"https:\/\/www.volen.pl\/index.php?rest_route=\/wp\/v2\/users\/1"}],"replies":[{"embeddable":true,"href":"https:\/\/www.volen.pl\/index.php?rest_route=%2Fwp%2Fv2%2Fcomments&post=2098"}],"version-history":[{"count":0,"href":"https:\/\/www.volen.pl\/index.php?rest_route=\/wp\/v2\/posts\/2098\/revisions"}],"wp:attachment":[{"href":"https:\/\/www.volen.pl\/index.php?rest_route=%2Fwp%2Fv2%2Fmedia&parent=2098"}],"wp:term":[{"taxonomy":"category","embeddable":true,"href":"https:\/\/www.volen.pl\/index.php?rest_route=%2Fwp%2Fv2%2Fcategories&post=2098"},{"taxonomy":"post_tag","embeddable":true,"href":"https:\/\/www.volen.pl\/index.php?rest_route=%2Fwp%2Fv2%2Ftags&post=2098"}],"curies":[{"name":"wp","href":"https:\/\/api.w.org\/{rel}","templated":true}]}}