{"id":2099,"date":"2016-11-17T14:08:55","date_gmt":"2016-11-17T13:08:55","guid":{"rendered":"http:\/\/www.volen.pl\/?p=2099"},"modified":"2017-07-18T20:49:59","modified_gmt":"2017-07-18T18:49:59","slug":"blizzard","status":"publish","type":"post","link":"https:\/\/www.volen.pl\/?p=2099","title":{"rendered":"Blizzard"},"content":{"rendered":"<figure id=\"attachment_2102\" aria-describedby=\"caption-attachment-2102\" style=\"width: 2048px\" class=\"wp-caption aligncenter\"><a href=\"https:\/\/i0.wp.com\/www.volen.pl\/wp-content\/uploads\/2017\/04\/poranek_VOL5348.jpg?ssl=1\"><img data-recalc-dims=\"1\" loading=\"lazy\" decoding=\"async\" data-attachment-id=\"2102\" data-permalink=\"https:\/\/www.volen.pl\/?attachment_id=2102\" data-orig-file=\"https:\/\/i0.wp.com\/www.volen.pl\/wp-content\/uploads\/2017\/04\/poranek_VOL5348.jpg?fit=3196%2C2117&amp;ssl=1\" data-orig-size=\"3196,2117\" data-comments-opened=\"0\" data-image-meta=\"{&quot;aperture&quot;:&quot;0&quot;,&quot;credit&quot;:&quot;&quot;,&quot;camera&quot;:&quot;&quot;,&quot;caption&quot;:&quot;&quot;,&quot;created_timestamp&quot;:&quot;0&quot;,&quot;copyright&quot;:&quot;&quot;,&quot;focal_length&quot;:&quot;0&quot;,&quot;iso&quot;:&quot;0&quot;,&quot;shutter_speed&quot;:&quot;0&quot;,&quot;title&quot;:&quot;&quot;,&quot;orientation&quot;:&quot;0&quot;}\" data-image-title=\"poranek_VOL5348\" data-image-description=\"\" data-image-caption=\"\" data-large-file=\"https:\/\/i0.wp.com\/www.volen.pl\/wp-content\/uploads\/2017\/04\/poranek_VOL5348.jpg?fit=2048%2C1357&amp;ssl=1\" class=\"wp-image-2102 size-large\" src=\"https:\/\/i0.wp.com\/www.volen.pl\/wp-content\/uploads\/2017\/04\/poranek_VOL5348.jpg?resize=2048%2C1357&#038;ssl=1\" alt=\"poranek w \u015bwietle ksi\u0119\u017cyca\" width=\"2048\" height=\"1357\" srcset=\"https:\/\/i0.wp.com\/www.volen.pl\/wp-content\/uploads\/2017\/04\/poranek_VOL5348.jpg?resize=2048%2C1357&amp;ssl=1 2048w, https:\/\/i0.wp.com\/www.volen.pl\/wp-content\/uploads\/2017\/04\/poranek_VOL5348.jpg?resize=1024%2C678&amp;ssl=1 1024w, https:\/\/i0.wp.com\/www.volen.pl\/wp-content\/uploads\/2017\/04\/poranek_VOL5348.jpg?resize=120%2C80&amp;ssl=1 120w, https:\/\/i0.wp.com\/www.volen.pl\/wp-content\/uploads\/2017\/04\/poranek_VOL5348.jpg?w=3000&amp;ssl=1 3000w\" sizes=\"auto, (max-width: 1000px) 100vw, 1000px\" \/><\/a><figcaption id=\"caption-attachment-2102\" class=\"wp-caption-text\">poranek w \u015bwietle ksi\u0119\u017cyca<\/figcaption><\/figure>\n<p>W nocy jakie\u015b skrzaty grasowa\u0142y wok\u00f3\u0142 samochodu, budz\u0105c mnie co chwila; p\u00f3\u017aniej okaza\u0142o si\u0119, \u017ce to owieczki. Rano, w \u015bwietle ksi\u0119\u017cyca, porozgl\u0105da\u0142em si\u0119 po okolicy, po czym ruszy\u0142em na zach\u00f3d. Zajecha\u0142em na stacj\u0119 benzynow\u0105, kt\u00f3rej ju\u017c nie ma. Omin\u0105\u0142em wyl\u0119garni\u0119 maskonur\u00f3w. Obejrza\u0142em wodospadzik. Obejrza\u0142em par\u0119 innych rzeczy&#8230;<\/p>\n<div class=\"tiled-gallery type-rectangular tiled-gallery-unresized\" data-original-width=\"500\" data-carousel-extra='{&quot;blog_id&quot;:1,&quot;permalink&quot;:&quot;https:\\\/\\\/www.volen.pl\\\/?p=2099&quot;,&quot;likes_blog_id&quot;:64250308}' itemscope itemtype=\"http:\/\/schema.org\/ImageGallery\" > <div class=\"gallery-row\" style=\"width: 500px; height: 78px;\" data-original-width=\"500\" data-original-height=\"78\" > <div class=\"gallery-group images-1\" style=\"width: 153px; height: 78px;\" data-original-width=\"153\" data-original-height=\"78\" > <div class=\"tiled-gallery-item tiled-gallery-item-small\" itemprop=\"associatedMedia\" itemscope itemtype=\"http:\/\/schema.org\/ImageObject\"> <a href=\"https:\/\/www.volen.pl\/?attachment_id=2113\" border=\"0\" itemprop=\"url\"> <meta itemprop=\"width\" content=\"149\"> <meta itemprop=\"height\" content=\"74\"> <img decoding=\"async\" class=\"\" data-attachment-id=\"2113\" data-orig-file=\"https:\/\/www.volen.pl\/wp-content\/uploads\/2017\/04\/wsch\u00f3d_VOL5408.jpg\" data-orig-size=\"2422,1206\" data-comments-opened=\"\" data-image-meta=\"{&quot;aperture&quot;:&quot;8&quot;,&quot;credit&quot;:&quot;Przemyslaw \\u0027volen\\u0027 Wollenszleger&quot;,&quot;camera&quot;:&quot;NIKON D7000&quot;,&quot;caption&quot;:&quot;&quot;,&quot;created_timestamp&quot;:&quot;1479384458&quot;,&quot;copyright&quot;:&quot;&quot;,&quot;focal_length&quot;:&quot;14&quot;,&quot;iso&quot;:&quot;100&quot;,&quot;shutter_speed&quot;:&quot;0.0125&quot;,&quot;title&quot;:&quot;&quot;,&quot;orientation&quot;:&quot;1&quot;}\" data-image-title=\"wsch\u00f3d_VOL5408\" data-image-description=\"\" data-medium-file=\"https:\/\/i0.wp.com\/www.volen.pl\/wp-content\/uploads\/2017\/04\/wsch%C3%B3d_VOL5408.jpg?fit=1024%2C510&#038;ssl=1\" data-large-file=\"https:\/\/i0.wp.com\/www.volen.pl\/wp-content\/uploads\/2017\/04\/wsch%C3%B3d_VOL5408.jpg?fit=2048%2C1020&#038;ssl=1\" src=\"https:\/\/i0.wp.com\/www.volen.pl\/wp-content\/uploads\/2017\/04\/wsch%C3%B3d_VOL5408.jpg?w=149&#038;h=74&#038;ssl=1\" width=\"149\" height=\"74\" loading=\"lazy\" data-original-width=\"149\" data-original-height=\"74\" itemprop=\"http:\/\/schema.org\/image\" title=\"wsch\u00f3d_VOL5408\" alt=\"wsch\u00f3d s\u0142o\u0144ca\" style=\"width: 149px; height: 74px;\" \/> <\/a> <div class=\"tiled-gallery-caption\" itemprop=\"caption description\"> wsch\u00f3d s\u0142o\u0144ca <\/div> <\/div> <\/div> <!-- close group --> <div class=\"gallery-group images-1\" style=\"width: 116px; height: 78px;\" data-original-width=\"116\" data-original-height=\"78\" > <div class=\"tiled-gallery-item tiled-gallery-item-small\" itemprop=\"associatedMedia\" itemscope itemtype=\"http:\/\/schema.org\/ImageObject\"> <a href=\"https:\/\/www.volen.pl\/?attachment_id=2104\" border=\"0\" itemprop=\"url\"> <meta itemprop=\"width\" content=\"112\"> <meta itemprop=\"height\" content=\"74\"> <img decoding=\"async\" class=\"\" data-attachment-id=\"2104\" data-orig-file=\"https:\/\/www.volen.pl\/wp-content\/uploads\/2017\/04\/wodospad_VOL5430.jpg\" data-orig-size=\"2464,1632\" data-comments-opened=\"\" data-image-meta=\"{&quot;aperture&quot;:&quot;8&quot;,&quot;credit&quot;:&quot;Przemyslaw \\u0027volen\\u0027 Wollenszleger&quot;,&quot;camera&quot;:&quot;NIKON D7000&quot;,&quot;caption&quot;:&quot;&quot;,&quot;created_timestamp&quot;:&quot;1479386760&quot;,&quot;copyright&quot;:&quot;&quot;,&quot;focal_length&quot;:&quot;14&quot;,&quot;iso&quot;:&quot;100&quot;,&quot;shutter_speed&quot;:&quot;0.025&quot;,&quot;title&quot;:&quot;&quot;,&quot;orientation&quot;:&quot;1&quot;}\" data-image-title=\"wodospad_VOL5430\" data-image-description=\"\" data-medium-file=\"https:\/\/i0.wp.com\/www.volen.pl\/wp-content\/uploads\/2017\/04\/wodospad_VOL5430.jpg?fit=1024%2C678&#038;ssl=1\" data-large-file=\"https:\/\/i0.wp.com\/www.volen.pl\/wp-content\/uploads\/2017\/04\/wodospad_VOL5430.jpg?fit=2048%2C1356&#038;ssl=1\" src=\"https:\/\/i0.wp.com\/www.volen.pl\/wp-content\/uploads\/2017\/04\/wodospad_VOL5430.jpg?w=112&#038;h=74&#038;ssl=1\" srcset=\"https:\/\/i0.wp.com\/www.volen.pl\/wp-content\/uploads\/2017\/04\/wodospad_VOL5430.jpg?w=2464&amp;ssl=1 2464w, https:\/\/i0.wp.com\/www.volen.pl\/wp-content\/uploads\/2017\/04\/wodospad_VOL5430.jpg?resize=1024%2C678&amp;ssl=1 1024w, https:\/\/i0.wp.com\/www.volen.pl\/wp-content\/uploads\/2017\/04\/wodospad_VOL5430.jpg?resize=2048%2C1356&amp;ssl=1 2048w, https:\/\/i0.wp.com\/www.volen.pl\/wp-content\/uploads\/2017\/04\/wodospad_VOL5430.jpg?resize=120%2C80&amp;ssl=1 120w\" width=\"112\" height=\"74\" loading=\"lazy\" data-original-width=\"112\" data-original-height=\"74\" itemprop=\"http:\/\/schema.org\/image\" title=\"wodospad_VOL5430\" alt=\"wodospadzik\" style=\"width: 112px; height: 74px;\" \/> <\/a> <div class=\"tiled-gallery-caption\" itemprop=\"caption description\"> wodospadzik <\/div> <\/div> <\/div> <!-- close group --> <div class=\"gallery-group images-1\" style=\"width: 115px; height: 78px;\" data-original-width=\"115\" data-original-height=\"78\" > <div class=\"tiled-gallery-item tiled-gallery-item-small\" itemprop=\"associatedMedia\" itemscope itemtype=\"http:\/\/schema.org\/ImageObject\"> <a href=\"https:\/\/www.volen.pl\/?attachment_id=2105\" border=\"0\" itemprop=\"url\"> <meta itemprop=\"width\" content=\"111\"> <meta itemprop=\"height\" content=\"74\"> <img decoding=\"async\" class=\"\" data-attachment-id=\"2105\" data-orig-file=\"https:\/\/www.volen.pl\/wp-content\/uploads\/2017\/04\/kraktor_DSC_8518.jpg\" data-orig-size=\"3196,2139\" data-comments-opened=\"\" data-image-meta=\"{&quot;aperture&quot;:&quot;0&quot;,&quot;credit&quot;:&quot;&quot;,&quot;camera&quot;:&quot;&quot;,&quot;caption&quot;:&quot;&quot;,&quot;created_timestamp&quot;:&quot;0&quot;,&quot;copyright&quot;:&quot;&quot;,&quot;focal_length&quot;:&quot;0&quot;,&quot;iso&quot;:&quot;0&quot;,&quot;shutter_speed&quot;:&quot;0&quot;,&quot;title&quot;:&quot;&quot;,&quot;orientation&quot;:&quot;0&quot;}\" data-image-title=\"kraktor_DSC_8518\" data-image-description=\"\" data-medium-file=\"https:\/\/i0.wp.com\/www.volen.pl\/wp-content\/uploads\/2017\/04\/kraktor_DSC_8518.jpg?fit=1024%2C685&#038;ssl=1\" data-large-file=\"https:\/\/i0.wp.com\/www.volen.pl\/wp-content\/uploads\/2017\/04\/kraktor_DSC_8518.jpg?fit=2048%2C1371&#038;ssl=1\" src=\"https:\/\/i0.wp.com\/www.volen.pl\/wp-content\/uploads\/2017\/04\/kraktor_DSC_8518.jpg?w=111&#038;h=74&#038;ssl=1\" srcset=\"https:\/\/i0.wp.com\/www.volen.pl\/wp-content\/uploads\/2017\/04\/kraktor_DSC_8518.jpg?w=3196&amp;ssl=1 3196w, https:\/\/i0.wp.com\/www.volen.pl\/wp-content\/uploads\/2017\/04\/kraktor_DSC_8518.jpg?resize=1024%2C685&amp;ssl=1 1024w, https:\/\/i0.wp.com\/www.volen.pl\/wp-content\/uploads\/2017\/04\/kraktor_DSC_8518.jpg?resize=2048%2C1371&amp;ssl=1 2048w, https:\/\/i0.wp.com\/www.volen.pl\/wp-content\/uploads\/2017\/04\/kraktor_DSC_8518.jpg?resize=120%2C80&amp;ssl=1 120w, https:\/\/i0.wp.com\/www.volen.pl\/wp-content\/uploads\/2017\/04\/kraktor_DSC_8518.jpg?w=3000&amp;ssl=1 3000w\" width=\"111\" height=\"74\" loading=\"lazy\" data-original-width=\"111\" data-original-height=\"74\" itemprop=\"http:\/\/schema.org\/image\" title=\"kraktor_DSC_8518\" alt=\"traktorek\" style=\"width: 111px; height: 74px;\" \/> <\/a> <div class=\"tiled-gallery-caption\" itemprop=\"caption description\"> traktorek <\/div> <\/div> <\/div> <!-- close group --> <div class=\"gallery-group images-1\" style=\"width: 116px; height: 78px;\" data-original-width=\"116\" data-original-height=\"78\" > <div class=\"tiled-gallery-item tiled-gallery-item-small\" itemprop=\"associatedMedia\" itemscope itemtype=\"http:\/\/schema.org\/ImageObject\"> <a href=\"https:\/\/www.volen.pl\/?attachment_id=2103\" border=\"0\" itemprop=\"url\"> <meta itemprop=\"width\" content=\"112\"> <meta itemprop=\"height\" content=\"74\"> <img decoding=\"async\" class=\"\" data-attachment-id=\"2103\" data-orig-file=\"https:\/\/www.volen.pl\/wp-content\/uploads\/2017\/04\/droga_VOL5391.jpg\" data-orig-size=\"2464,1632\" data-comments-opened=\"\" data-image-meta=\"{&quot;aperture&quot;:&quot;8&quot;,&quot;credit&quot;:&quot;Przemyslaw \\u0027volen\\u0027 Wollenszleger&quot;,&quot;camera&quot;:&quot;NIKON D7000&quot;,&quot;caption&quot;:&quot;&quot;,&quot;created_timestamp&quot;:&quot;1479381717&quot;,&quot;copyright&quot;:&quot;&quot;,&quot;focal_length&quot;:&quot;14&quot;,&quot;iso&quot;:&quot;100&quot;,&quot;shutter_speed&quot;:&quot;0.125&quot;,&quot;title&quot;:&quot;&quot;,&quot;orientation&quot;:&quot;1&quot;}\" data-image-title=\"droga_VOL5391\" data-image-description=\"\" data-medium-file=\"https:\/\/i0.wp.com\/www.volen.pl\/wp-content\/uploads\/2017\/04\/droga_VOL5391.jpg?fit=1024%2C678&#038;ssl=1\" data-large-file=\"https:\/\/i0.wp.com\/www.volen.pl\/wp-content\/uploads\/2017\/04\/droga_VOL5391.jpg?fit=2048%2C1356&#038;ssl=1\" src=\"https:\/\/i0.wp.com\/www.volen.pl\/wp-content\/uploads\/2017\/04\/droga_VOL5391.jpg?w=112&#038;h=74&#038;ssl=1\" srcset=\"https:\/\/i0.wp.com\/www.volen.pl\/wp-content\/uploads\/2017\/04\/droga_VOL5391.jpg?w=2464&amp;ssl=1 2464w, https:\/\/i0.wp.com\/www.volen.pl\/wp-content\/uploads\/2017\/04\/droga_VOL5391.jpg?resize=1024%2C678&amp;ssl=1 1024w, https:\/\/i0.wp.com\/www.volen.pl\/wp-content\/uploads\/2017\/04\/droga_VOL5391.jpg?resize=2048%2C1356&amp;ssl=1 2048w, https:\/\/i0.wp.com\/www.volen.pl\/wp-content\/uploads\/2017\/04\/droga_VOL5391.jpg?resize=120%2C80&amp;ssl=1 120w\" width=\"112\" height=\"74\" loading=\"lazy\" data-original-width=\"112\" data-original-height=\"74\" itemprop=\"http:\/\/schema.org\/image\" title=\"droga_VOL5391\" alt=\"droga wzd\u0142u\u017c fiordu\" style=\"width: 112px; height: 74px;\" \/> <\/a> <div class=\"tiled-gallery-caption\" itemprop=\"caption description\"> droga wzd\u0142u\u017c fiordu <\/div> <\/div> <\/div> <!-- close group --> <\/div> <!-- close row --> <\/div>\n<p>Zajecha\u0142em na Alask\u0119&#8230;<\/p>\n<p>Zaraz? Jak to Alask\u0119? Ju\u017c wyja\u015bniam.<\/p>\n<p>Przystanek Alaska. Northern Exposure. Jestem wielkim fanem tego starego serialu. Na Islandii pierwszy raz w \u017cyciu poczu\u0142em si\u0119, jakbym zosta\u0142 przeniesiony do filmu: odwiedzi\u0142em Patreksfj\u00f6r\u00f0ur, takie islandzkie Cicelly. Zosta\u0142em wr\u0119cz spoliczkowany t\u0105 filmow\u0105 atmosfer\u0105 w lokalnym supermarkecie. Niesamowite&#8230; Jad\u0119 dalej.<\/p>\n<p>Mijaj\u0105 godziny. Czuj\u0119 znu\u017cenie tym cudem, zmiatam gdzie indziej. No i znik\u0142em. W zamieci. Zacz\u0105\u0142o pada\u0107 i pada, wci\u0105\u017c pada \u015bnieg. Na drodze z Trostanfj\u00f6r\u00f0ur (miejsca, kt\u00f3rego nie ma na mapie) do trasy nr 60 zary\u0142em brzuchem auta o nawiany \u015bnieg. Hyundai macha\u0142 rozpaczliwie wszystkimi czterema k\u00f3\u0142kami. Potem &#8211; najgorsze 300m na Islandii, auto wy\u0142o z rozpaczy podczas przepychania si\u0119 przez zaspy, na ci\u0105g\u0142ym po\u015blizgu, szoruj\u0105c o nawiany \u015bnieg, ale uda\u0142o si\u0119. Postanowi\u0142em uciec w og\u00f3le z Fiord\u00f3w i obejrze\u0107 Hvitserkur.<\/p>\n<p>Ci\u0105g\u0142a jazda, ci\u0105g\u0142y opad \u015bniegu. Zadziwiaj\u0105co dwoisty jest up\u0142yw czasu w takich sytuacjach. 3 minuty heroicznej walki na trasie, by jecha\u0107 z grubsza drog\u0105, kt\u00f3rej za choler\u0119 nie wida\u0107, a w g\u0142owie mija 20 minut. Z kolei czasem jad\u0119 20 minut, a czas magicznie przyspiesza i mija jak 3 minuty. Nieprawdopodobne. Po kilku godzinach walki wydosta\u0142em si\u0119 z Fiord\u00f3w tylko po to, by nawigacja zaprowadzi\u0142a mnie wprost do rzeki. Ca\u0142e szcz\u0119\u015bcie, nie gna\u0142em jak typowy Polak, lecz jecha\u0142em ostro\u017cnie, dzi\u0119ki czemu uda\u0142o mi si\u0119 zatrzyma\u0107 auto kilka metr\u00f3w przed rzek\u0105, mimo \u015bliskiego, oblodzonego wjazdu w wod\u0119.<\/p>\n<p>Przeklinaj\u0105c technik\u0119 objecha\u0142em rzek\u0119 drog\u0105 nr 59 i 68 dojecha\u0142em do krajowej jedynki. Pr\u0119dko\u015b\u0107 podr\u00f3\u017cna tego dnia waha\u0142a si\u0119 od 5 do maksimum 40 km\/h, ca\u0142a trasa wynios\u0142a ok. 400km! Je\u017celi kogo\u015b najdzie ochota popatrze\u0107, jak to wygl\u0105da\u0142o, prosz\u0119 bardzo, tylko w\u0142\u0105czcie g\u0142o\u015bniki ;)<\/p>\n<p><iframe loading=\"lazy\" src=\"https:\/\/player.vimeo.com\/video\/213497008\" width=\"640\" height=\"360\" frameborder=\"0\" allowfullscreen=\"allowfullscreen\"><\/iframe><\/p>\n<p><a href=\"https:\/\/vimeo.com\/213497008\">blizzard<\/a> from <a href=\"https:\/\/vimeo.com\/user26646847\">Przemys\u0142aw Wollenszleger<\/a> on <a href=\"https:\/\/vimeo.com\">Vimeo<\/a>.<\/p>\n<p>Siedz\u0119 na stacji N1 Nesti, ze wzgl\u0119du na pot\u0119\u017cne opady \u015bniegu pozamykali drogi na p\u00f3\u0142noc. Ludziska dziwowali si\u0119 okrutnie, \u017ce w og\u00f3le uda\u0142o mi si\u0119 dojecha\u0107.<\/p>\n","protected":false},"excerpt":{"rendered":"<p>W nocy jakie\u015b skrzaty grasowa\u0142y wok\u00f3\u0142 samochodu, budz\u0105c mnie co chwila; p\u00f3\u017aniej okaza\u0142o si\u0119, \u017ce&#8230;<\/p>\n<div class=\"more-link-wrapper\"><a class=\"more-link\" href=\"https:\/\/www.volen.pl\/?p=2099\">Read the post<span class=\"screen-reader-text\">Blizzard<\/span><\/a><\/div>\n","protected":false},"author":1,"featured_media":2113,"comment_status":"closed","ping_status":"closed","sticky":false,"template":"","format":"standard","meta":{"_crdt_document":"","jetpack_post_was_ever_published":false,"_jetpack_newsletter_access":"","_jetpack_dont_email_post_to_subs":false,"_jetpack_newsletter_tier_id":0,"_jetpack_memberships_contains_paywalled_content":false,"_jetpack_memberships_contains_paid_content":false,"footnotes":"","jetpack_publicize_message":"","jetpack_publicize_feature_enabled":true,"jetpack_social_post_already_shared":true,"jetpack_social_options":{"image_generator_settings":{"template":"highway","default_image_id":0,"font":"","enabled":false},"version":2}},"categories":[268,93],"tags":[246,286,283,269,205,8,287],"class_list":["post-2099","post","type-post","status-publish","format-standard","has-post-thumbnail","hentry","category-islandia","category-nawariata","tag-246","tag-blizzard","tag-fiordy-zachodnie","tag-islandia","tag-nawariata","tag-snieg","tag-sniezyca","excerpt","zoom","full-without-featured","even","excerpt-0"],"jetpack_publicize_connections":[],"jetpack_featured_media_url":"https:\/\/i0.wp.com\/www.volen.pl\/wp-content\/uploads\/2017\/04\/wsch%C3%B3d_VOL5408.jpg?fit=2422%2C1206&ssl=1","jetpack_shortlink":"https:\/\/wp.me\/s4lAri-blizzard","jetpack_sharing_enabled":true,"jetpack-related-posts":[{"id":2130,"url":"https:\/\/www.volen.pl\/?p=2130","url_meta":{"origin":2099,"position":0},"title":"Przesyt","author":"volen","date":"2016-11-19","format":false,"excerpt":"Dzi\u015b w nocy po raz pierwszy nie szarpa\u0142o moj\u0105 sypialni\u0105. Wsta\u0142em wcze\u015bnie, wypi\u0142em kaw\u0119, zjad\u0142em \u015bniadanie i pojecha\u0142em na fotograficzne safari. Od Vik a\u017c po drog\u0119 na Hamragar\u00f0ahei\u00f0i w okolicach Seljalandsfoss, czyli praktycznie wszystko, co wzbudzi\u0142o moje wczorajsze WOW! Zajecha\u0142em w miejsca, o kt\u00f3rych nawet nie my\u015bla\u0142em, \u017ce do nich\u2026","rel":"","context":"W \u201eIslandia: snj\u00f3r, \u00eds og eldur&quot;","block_context":{"text":"Islandia: snj\u00f3r, \u00eds og eldur","link":"https:\/\/www.volen.pl\/?cat=268"},"img":{"alt_text":"","src":"https:\/\/i0.wp.com\/www.volen.pl\/wp-content\/uploads\/2017\/06\/30kmh_VOL5803s.jpg?resize=350%2C200","width":350,"height":200,"srcset":"https:\/\/i0.wp.com\/www.volen.pl\/wp-content\/uploads\/2017\/06\/30kmh_VOL5803s.jpg?resize=350%2C200 1x, https:\/\/i0.wp.com\/www.volen.pl\/wp-content\/uploads\/2017\/06\/30kmh_VOL5803s.jpg?resize=525%2C300 1.5x, https:\/\/i0.wp.com\/www.volen.pl\/wp-content\/uploads\/2017\/06\/30kmh_VOL5803s.jpg?resize=700%2C400 2x, https:\/\/i0.wp.com\/www.volen.pl\/wp-content\/uploads\/2017\/06\/30kmh_VOL5803s.jpg?resize=1050%2C600 3x, https:\/\/i0.wp.com\/www.volen.pl\/wp-content\/uploads\/2017\/06\/30kmh_VOL5803s.jpg?resize=1400%2C800 4x"},"classes":[]},{"id":2084,"url":"https:\/\/www.volen.pl\/?p=2084","url_meta":{"origin":2099,"position":1},"title":"Fiordy Zachodnie","author":"volen","date":"2016-11-16","format":false,"excerpt":"Dzisiejszej nocy wichura omal nie przestawi\u0142a samochodu... Hyundai Santa Fe ma z ty\u0142u k\u0105t natarcia, jak \u015bciana hipermarketu, wi\u0119c trz\u0119s\u0142o nim porz\u0105dnie. Wiatr zrywa\u0142 si\u0119 nagle, falami tak, \u017ce nie spos\u00f3b by\u0142o do tego przywykn\u0105\u0107. Nad ranem (ok. 6.00) obudzili mnie przyjezdni azjaci. Du\u017co i g\u0142o\u015bno m\u00f3wili, wi\u0119c doszed\u0142em do\u2026","rel":"","context":"W \u201eIslandia: snj\u00f3r, \u00eds og eldur&quot;","block_context":{"text":"Islandia: snj\u00f3r, \u00eds og eldur","link":"https:\/\/www.volen.pl\/?cat=268"},"img":{"alt_text":"","src":"https:\/\/i0.wp.com\/www.volen.pl\/wp-content\/uploads\/2017\/04\/widok-z-g%C3%B3ry-_VOL5262.jpg?fit=1200%2C795&ssl=1&resize=350%2C200","width":350,"height":200,"srcset":"https:\/\/i0.wp.com\/www.volen.pl\/wp-content\/uploads\/2017\/04\/widok-z-g%C3%B3ry-_VOL5262.jpg?fit=1200%2C795&ssl=1&resize=350%2C200 1x, https:\/\/i0.wp.com\/www.volen.pl\/wp-content\/uploads\/2017\/04\/widok-z-g%C3%B3ry-_VOL5262.jpg?fit=1200%2C795&ssl=1&resize=525%2C300 1.5x, https:\/\/i0.wp.com\/www.volen.pl\/wp-content\/uploads\/2017\/04\/widok-z-g%C3%B3ry-_VOL5262.jpg?fit=1200%2C795&ssl=1&resize=700%2C400 2x, https:\/\/i0.wp.com\/www.volen.pl\/wp-content\/uploads\/2017\/04\/widok-z-g%C3%B3ry-_VOL5262.jpg?fit=1200%2C795&ssl=1&resize=1050%2C600 3x"},"classes":[]},{"id":3919,"url":"https:\/\/www.volen.pl\/?p=3919","url_meta":{"origin":2099,"position":2},"title":"Barania G\u00f3ra","author":"volen","date":"2025-12-03","format":false,"excerpt":"Tu\u017c przed wyjazdem, a w trakcie pakowania, Mieszko ogra\u0142 mnie klika razy w UNO. To taka karciana gra, kt\u00f3rej zasady ch\u0142opcy zmieniaj\u0105 co chwil\u0119 tak, bym \u017cy\u0142 w permanentnej niewiedzy. Nie mia\u0142 lito\u015bci dla ojca, ogra\u0142 do cna, wi\u0119c w g\u00f3ry jecha\u0142em z poczuciem przegranej. Wiadomym by\u0142o, \u017ce tym razem\u2026","rel":"","context":"W \u201eGSB&quot;","block_context":{"text":"GSB","link":"https:\/\/www.volen.pl\/?cat=457"},"img":{"alt_text":"","src":"https:\/\/i0.wp.com\/www.volen.pl\/wp-content\/uploads\/2025\/12\/IMG_20251203_090728.jpg?fit=1200%2C900&ssl=1&resize=350%2C200","width":350,"height":200,"srcset":"https:\/\/i0.wp.com\/www.volen.pl\/wp-content\/uploads\/2025\/12\/IMG_20251203_090728.jpg?fit=1200%2C900&ssl=1&resize=350%2C200 1x, https:\/\/i0.wp.com\/www.volen.pl\/wp-content\/uploads\/2025\/12\/IMG_20251203_090728.jpg?fit=1200%2C900&ssl=1&resize=525%2C300 1.5x, https:\/\/i0.wp.com\/www.volen.pl\/wp-content\/uploads\/2025\/12\/IMG_20251203_090728.jpg?fit=1200%2C900&ssl=1&resize=700%2C400 2x, https:\/\/i0.wp.com\/www.volen.pl\/wp-content\/uploads\/2025\/12\/IMG_20251203_090728.jpg?fit=1200%2C900&ssl=1&resize=1050%2C600 3x"},"classes":[]},{"id":2164,"url":"https:\/\/www.volen.pl\/?p=2164","url_meta":{"origin":2099,"position":3},"title":"Dom","author":"volen","date":"2016-11-21","format":false,"excerpt":"Dzi\u015b dzie\u0144 powrotu do domu. Normalnie zawsze to czu\u0142em gdzie\u015b we wn\u0119trzu, taki dzie\u0144 powrotu nigdy nie jest takim samym dniem, jak te prze\u017cywane podczas podr\u00f3\u017cy. A tu jednak - m\u00f3j b\u0142\u0105d. Nigdy nie m\u00f3w nigdy. Dzie\u0144 wsta\u0142 uroczo w \u015brodku nocy (o 6.30 ciemno, jak o p\u00f3\u0142nocy), ale \u017ce\u2026","rel":"","context":"W \u201eIslandia: snj\u00f3r, \u00eds og eldur&quot;","block_context":{"text":"Islandia: snj\u00f3r, \u00eds og eldur","link":"https:\/\/www.volen.pl\/?cat=268"},"img":{"alt_text":"","src":"https:\/\/i0.wp.com\/www.volen.pl\/wp-content\/uploads\/2017\/07\/reykjavik_VOL6161.jpg?fit=1200%2C795&ssl=1&resize=350%2C200","width":350,"height":200,"srcset":"https:\/\/i0.wp.com\/www.volen.pl\/wp-content\/uploads\/2017\/07\/reykjavik_VOL6161.jpg?fit=1200%2C795&ssl=1&resize=350%2C200 1x, https:\/\/i0.wp.com\/www.volen.pl\/wp-content\/uploads\/2017\/07\/reykjavik_VOL6161.jpg?fit=1200%2C795&ssl=1&resize=525%2C300 1.5x, https:\/\/i0.wp.com\/www.volen.pl\/wp-content\/uploads\/2017\/07\/reykjavik_VOL6161.jpg?fit=1200%2C795&ssl=1&resize=700%2C400 2x, https:\/\/i0.wp.com\/www.volen.pl\/wp-content\/uploads\/2017\/07\/reykjavik_VOL6161.jpg?fit=1200%2C795&ssl=1&resize=1050%2C600 3x"},"classes":[]},{"id":2041,"url":"https:\/\/www.volen.pl\/?p=2041","url_meta":{"origin":2099,"position":4},"title":"Dzie\u0144 pierwszy","author":"volen","date":"2016-11-14","format":false,"excerpt":"Si\u0105pili nosami pe\u0142nymi kataru... Wydawa\u0142oby si\u0119, \u017ce doro\u015bli ludzie, a ci\u0105gle tylko sffff, sffff... Przy oknie siedzia\u0142a Islandka, przy przej\u015bciu Polak. Mi\u0119dzy nimi ja.\u00a0 I ca\u0142\u0105 podr\u00f3\u017c si\u0105pili. A potem si\u0105pili na lotnisku, kiedy czekali\u015bmy na baga\u017ce... Czas p\u0142yn\u0105\u0142, czekali\u015bmy, a oni si\u0105pili... I do d\u0142ugiej listy rzeczy, kt\u00f3rych nie\u2026","rel":"","context":"W \u201eIslandia: snj\u00f3r, \u00eds og eldur&quot;","block_context":{"text":"Islandia: snj\u00f3r, \u00eds og eldur","link":"https:\/\/www.volen.pl\/?cat=268"},"img":{"alt_text":"","src":"https:\/\/i0.wp.com\/www.volen.pl\/wp-content\/uploads\/2017\/01\/droga_VOL4919_2.jpg?fit=1200%2C795&ssl=1&resize=350%2C200","width":350,"height":200,"srcset":"https:\/\/i0.wp.com\/www.volen.pl\/wp-content\/uploads\/2017\/01\/droga_VOL4919_2.jpg?fit=1200%2C795&ssl=1&resize=350%2C200 1x, https:\/\/i0.wp.com\/www.volen.pl\/wp-content\/uploads\/2017\/01\/droga_VOL4919_2.jpg?fit=1200%2C795&ssl=1&resize=525%2C300 1.5x, https:\/\/i0.wp.com\/www.volen.pl\/wp-content\/uploads\/2017\/01\/droga_VOL4919_2.jpg?fit=1200%2C795&ssl=1&resize=700%2C400 2x, https:\/\/i0.wp.com\/www.volen.pl\/wp-content\/uploads\/2017\/01\/droga_VOL4919_2.jpg?fit=1200%2C795&ssl=1&resize=1050%2C600 3x"},"classes":[]},{"id":2071,"url":"https:\/\/www.volen.pl\/?p=2071","url_meta":{"origin":2099,"position":5},"title":"L\u00f3ndrangar","author":"volen","date":"2016-11-15","format":false,"excerpt":"W nocy przeje\u017cd\u017ca\u0142y mimo cztery pojazdy. Pierwszy z nich wystraszy\u0142 mnie solidnie, gdy\u017c w\u0142a\u015bnie zasypia\u0142em. Dwa kolejne s\u0142ysza\u0142em przez sen, a czwarty... No okaza\u0142o si\u0119, \u017ce czwarty to ju\u017c nie by\u0142a noc, tylko 9.15! M\u00f3j Bo\u017ce, spa\u0142em jak dziecko. W sumie przy tym czwartym dalej chcia\u0142em przeczeka\u0107 ciemnic\u0119 i spa\u0107\u2026","rel":"","context":"W \u201eIslandia: snj\u00f3r, \u00eds og eldur&quot;","block_context":{"text":"Islandia: snj\u00f3r, \u00eds og eldur","link":"https:\/\/www.volen.pl\/?cat=268"},"img":{"alt_text":"","src":"https:\/\/i0.wp.com\/www.volen.pl\/wp-content\/uploads\/2017\/04\/blog_panorama-Londrangar-i-Snaefellsjokull_VOL5140.jpg?fit=1200%2C659&ssl=1&resize=350%2C200","width":350,"height":200,"srcset":"https:\/\/i0.wp.com\/www.volen.pl\/wp-content\/uploads\/2017\/04\/blog_panorama-Londrangar-i-Snaefellsjokull_VOL5140.jpg?fit=1200%2C659&ssl=1&resize=350%2C200 1x, https:\/\/i0.wp.com\/www.volen.pl\/wp-content\/uploads\/2017\/04\/blog_panorama-Londrangar-i-Snaefellsjokull_VOL5140.jpg?fit=1200%2C659&ssl=1&resize=525%2C300 1.5x, https:\/\/i0.wp.com\/www.volen.pl\/wp-content\/uploads\/2017\/04\/blog_panorama-Londrangar-i-Snaefellsjokull_VOL5140.jpg?fit=1200%2C659&ssl=1&resize=700%2C400 2x, https:\/\/i0.wp.com\/www.volen.pl\/wp-content\/uploads\/2017\/04\/blog_panorama-Londrangar-i-Snaefellsjokull_VOL5140.jpg?fit=1200%2C659&ssl=1&resize=1050%2C600 3x"},"classes":[]}],"_links":{"self":[{"href":"https:\/\/www.volen.pl\/index.php?rest_route=\/wp\/v2\/posts\/2099","targetHints":{"allow":["GET"]}}],"collection":[{"href":"https:\/\/www.volen.pl\/index.php?rest_route=\/wp\/v2\/posts"}],"about":[{"href":"https:\/\/www.volen.pl\/index.php?rest_route=\/wp\/v2\/types\/post"}],"author":[{"embeddable":true,"href":"https:\/\/www.volen.pl\/index.php?rest_route=\/wp\/v2\/users\/1"}],"replies":[{"embeddable":true,"href":"https:\/\/www.volen.pl\/index.php?rest_route=%2Fwp%2Fv2%2Fcomments&post=2099"}],"version-history":[{"count":10,"href":"https:\/\/www.volen.pl\/index.php?rest_route=\/wp\/v2\/posts\/2099\/revisions"}],"predecessor-version":[{"id":2115,"href":"https:\/\/www.volen.pl\/index.php?rest_route=\/wp\/v2\/posts\/2099\/revisions\/2115"}],"wp:featuredmedia":[{"embeddable":true,"href":"https:\/\/www.volen.pl\/index.php?rest_route=\/wp\/v2\/media\/2113"}],"wp:attachment":[{"href":"https:\/\/www.volen.pl\/index.php?rest_route=%2Fwp%2Fv2%2Fmedia&parent=2099"}],"wp:term":[{"taxonomy":"category","embeddable":true,"href":"https:\/\/www.volen.pl\/index.php?rest_route=%2Fwp%2Fv2%2Fcategories&post=2099"},{"taxonomy":"post_tag","embeddable":true,"href":"https:\/\/www.volen.pl\/index.php?rest_route=%2Fwp%2Fv2%2Ftags&post=2099"}],"curies":[{"name":"wp","href":"https:\/\/api.w.org\/{rel}","templated":true}]}}