{"id":214,"date":"2012-11-19T05:00:00","date_gmt":"2012-11-19T04:00:00","guid":{"rendered":"http:\/\/www.volen.pl\/?p=214"},"modified":"2016-01-17T17:56:17","modified_gmt":"2016-01-17T16:56:17","slug":"skrona","status":"publish","type":"post","link":"https:\/\/www.volen.pl\/?p=214","title":{"rendered":"*skrona"},"content":{"rendered":"<p>Okazuje si\u0119, \u017ce blog nasz bije rekordy popularno\u015bci i wszystkich naszych 3 i p\u00f3\u0142 czytelnik\u00f3w wyrazi\u0142o ostatnio ostro\u017cn\u0105 ch\u0119\u0107 oderwania si\u0119 od ponurej listopadowo-grudniowej rzeczywisto\u015bci poprzez zanurzenie si\u0119 w s\u0142owo pisane inne ni\u017c to z naklejek na chlebie oliwskim czy z puszek po szprotach w pomidorach. Podobno, m\u00f3wi\u0105, fajnie jest si\u0119 przekona\u0107, \u017ce inni s\u0105 jeszcze bardziej pokr\u0119ceni ni\u017c oni.<\/p>\n<p>Owo\u017c wi\u0119c tych s\u0142\u00f3w kilka na deser po szprotkach, smacznego!<\/p>\n<p>Takie czyste, sterylne i odrobin\u0119 wymar\u0142e miasto. Z rana zawini\u0119te w pierzyn\u0119 i \u015bpi\u0105ce snem \u0142apczywym, budz\u0105ce si\u0119 z trudem i na si\u0142\u0119 w okolicach po\u0142udnia, by po pierwszym zmierzchu chy\u0142kiem i prawie nago ucieka\u0107 z powrotem w kierunku ciep\u0142ej sypialni. Troch\u0119 nierzeczywiste i z innego \u015bwiata, a jednak ca\u0142kiem europejskie bior\u0105c pod uwag\u0119 ilo\u015b\u0107 kot\u00f3w szwendaj\u0105cych si\u0119 po ulicach\u2026<br \/>\nNie by\u0142 to wyjazd w ulubionej przez nas formie i tre\u015bci, bo i noclegi by\u0142y jakby z automatu i wiedzieli\u015bmy, dok\u0105d trafimy i w og\u00f3le pe\u0142en bezpiecze\u0144stwa by\u0142 ten wyjazd, co\u015b jakby dzie\u0107mi b\u0119d\u0105c do zoo z rodzicami si\u0119 udali\u015bmy. Podobno kraj dzikich, wielkich i szalonych wiking\u00f3w, lecz poruszaj\u0105cy si\u0119 w nowoczesny spos\u00f3b rycerze Walhalli w rasowych rumakach Volvo traktowali nas jak najcenniejsze kryszta\u0142y zatrzymuj\u0105c si\u0119 nawet na delikatn\u0105 sugesti\u0119 ch\u0119ci przemierzenia asfaltowej przestrzeni. Niby przez okrutne morze, lecz w ciep\u0142ych pieleszach. Niby ju\u017c cywilizowani Szwedzi, lecz jaka\u015b dzika ta ich cywilizacja broni\u0105ca ludziom pope\u0142niania zwyk\u0142ych ludzkich b\u0142\u0119d\u00f3w. Niby mi\u0142o i bezpiecznie, ale w taki dziwny psychiatrycznie wyciszony spos\u00f3b. I wcale si\u0119 nam nie podoba\u0142o to w Szwecji. To z\u0142y kraj jest dla takich, jak my. Dziwnie jako\u015b.<br \/>\nAle na pocz\u0105tku, zupe\u0142nie bez \u015bwiadomo\u015bci, po przemierzeniu labiryntu korytarzy Steny Line w Gdyni, zaokr\u0119towali\u015bmy si\u0119 w ogromnym, p\u0142ywaj\u0105cym mie\u015bcie wraz z naszymi przyjaci\u00f3\u0142mi Kasi\u0105 i Filipem. Kasia, podekscytowana zbli\u017caj\u0105cym si\u0119 wyp\u0142yni\u0119ciem z portu, nie mog\u0142a doczeka\u0107 si\u0119 wzniesienia toast\u00f3w na cze\u015b\u0107 Neptuna na g\u00f3rnym, zewn\u0119trznym pok\u0142adzie statku. Zaopatrzona w b\u0142yskaj\u0105cy gro\u017anie flashem po oczach aparat wyci\u0105gn\u0119\u0142a nas jak tylko po metalowym kad\u0142ubie przesz\u0142o dr\u017cenie odpalonych silnik\u00f3w. Gdynia \u017cegna\u0142a nas wiatrem i\u2026 Zimno jak jasna cholera! Wino\u015bmy spili w rytmie stroboskopowego kasinego b\u0142yskania, pop\u0119dzani nadbiegaj\u0105cym chy\u017co odmro\u017ceniem i udali\u015bmy si\u0119 na hulanki a zaraz potem i ta\u0144ce na pok\u0142adzie numer 9.<br \/>\nHulanki nam si\u0119 przeci\u0105gn\u0119\u0142y z racji tego, \u017ce wino smaczne by\u0142o samo w sobie, a zagryzane kartoflami nektar i ambrozj\u0119 stanowi\u0142y w rzeczy samej. Co do ta\u0144c\u00f3w, to pr\u00f3cz tego, i\u017c gust ludzki wsz\u0119dy taki sam i 102% spo\u0142ecze\u0144stwa naszej planety s\u0142ucha tych samych 5 piosenek disco &#8211; polo, ta\u0144czyli\u015bmy d\u0142ugo i zawzi\u0119cie, pozostawiaj\u0105c sobie ca\u0142e 4 i p\u00f3\u0142 godziny snu przed wysiadk\u0105 na nieprzyjacielskim brzegu.<br \/>\nInteresuj\u0105ca konstatacja na dzie\u0144 dobry: w Szwecji \u015awi\u0119ta Bo\u017cego Narodzenia w po\u0142owie listopada ju\u017c tu\u017c-tu\u017c, a w Rzeczpospolitej jako\u015b o tym wydarzeniu w owym czasie nikt nie pami\u0119ta.<br \/>\nNa ichnim ZKM-ie prosz\u0105 o koron 20 za przejazd, bankomatu w okolicy brak, kto koron ze sob\u0105 nie przemyca\u0142, ten sam sobie winien. Ale uda\u0142o si\u0119 kart\u0105 zap\u0142aci\u0107 w ostatnim momencie, bo ju\u017c chcieli\u015bmy z buta do Grodu Karola rusza\u0107. Kr\u00f3tka przeja\u017cd\u017cka po sm\u0119tnych i \u015bpi\u0105cych jeszcze okolicach i wysiedli\u015bmy w parku Hogwart (a nawet jak nie Hogwart, to podobnie bardzo, nie czepia\u0107 si\u0119 prosz\u0119). St\u0105d wieczorem powr\u00f3t b\u0119dzie nazad, sprawdzi\u0142y dziewcz\u0119ta po trzy razy w czasie gdy ucina\u0142em pogaw\u0119dk\u0119 z kierowc\u0105 autobusu.<br \/>\nG\u0142\u00f3d zaczyna\u0142 doskwiera\u0107, wi\u0119c znale\u017ali\u015bmy cukierni\u0119, na pi\u0119trze kt\u00f3rej cicho ukryta \u015bniadaniowa restauracja by\u0142a z kaw\u0105 do b\u00f3lu brzucha. Bez rewelacji jedzenie, bez rewelacji kawa. Ale nasze kiszki niewybredne, zaraz jak burcze\u0107 przesta\u0142y, ruszyli\u015bmy zdobywa\u0107 miasto.<br \/>\nPrzed najs\u0142ynniejszym, bo i chyba jedynym, ko\u015bcio\u0142em w okolicy jarmark si\u0119 roz\u0142o\u017cy\u0142 z dobrociami r\u00f3\u017cnymi. Nawet ga\u0142\u0105zki \u015bwierkowe mo\u017cna by\u0142o kupi\u0107 z rozp\u0119du. Pozostawiwszy kamufla\u017c le\u015bny lokalnym le\u015bnym ludziom, weszli\u015bmy do ko\u015bcio\u0142a, gdzie akurat polskoj\u0119zyczna przewodniczka polsk\u0105 wycieczk\u0119 oprowadza\u0142a. C\u00f3\u017c si\u0119 rozwodzi\u0107? Zdaje si\u0119, \u017ce fontanna na Skwerze Ko\u015bcuszki ma bogatsz\u0105 i bujniejsz\u0105 histori\u0119. Pora\u017cony od wej\u015bcia prostot\u0105 wn\u0119trza pokr\u0119ci\u0142em si\u0119 chwil\u0119 i, pozostawiwszy Anulk\u0119 i Kasi\u0119 z Filipem w \u015brodku, oblaz\u0142em ko\u015bci\u00f3\u0142 naok\u00f3\u0142. To jest takie uczucie, gdy g\u0142odny jak wilk cz\u0142owiek zagl\u0105da do lod\u00f3wki, a w \u015brodku jedynie kostki lodu pyszni\u0105 si\u0119 swoim istnieniem.<br \/>\nPoszli\u015bmy dalej, by po kilkudziesi\u0119ciu minutach dotrze\u0107 do \u015awiatowego Drewnianego Dziedzictwa Junesko: zabytkowych szwedzkich chatek, kt\u00f3rych hiszpa\u0144skie kolory i krasnoludzkie rozmiary zrobi\u0142y na nas kolosalne wra\u017cenie. Dla tych chatek i daj\u0105cego si\u0119 g\u0142aska\u0107 czarnego kota, warto by\u0142o tu przyje\u017cd\u017ca\u0107. Oczywi\u015bcie &#8211; wpad\u0142em w fotograficzny amok &#8211; i zanim Anulka z przyjaci\u00f3\u0142mi dali rad\u0119 mnie wyci\u0105gn\u0105\u0107, sta\u0142a si\u0119 pora obiadu. Piecht\u0105 do centrum, szybko posz\u0142o. Znalaz\u0142em budk\u0119, w kt\u00f3rej s\u0105 bezpardonowo najlepsze hamburgery na \u015bwiecie! Nie maj\u0105 sobie r\u00f3wnych, pisz\u0119 to wiedz\u0105c, na co si\u0119 wa\u017c\u0119, najwy\u017cej b\u0119d\u0119 ucieka\u0142\u2026<br \/>\nPo po\u017cywnym posi\u0142ku udali\u015bmy si\u0119 obejrze\u0107 bardzo fajne skansenopodobne muzeum wszystkiego, co p\u0142ywa w wodzie, w tym o\u015bmionogiego, wypchanego zwierzaka jakiego\u015b egzotycznego gatunku. Przed muzeum p\u0142on\u0105ce cywilizowane ogniska w metalowych koszach i kolejny jarmark, ktorego uczestnicy, bior\u0105c mnie i Anulk\u0119 za swoich krajan, gadali do nas po ichniemu. Kie\u0142basa 68% czego\u015b w \u015brodku, nie pami\u0119tam (jagni\u0119ciny?), ale bardzo smaczna.<br \/>\nZe wzgl\u0119du na dziwaczne upodobania naszych przyjaci\u00f3\u0142 (Filip na przyk\u0142ad, chyba w ofierze swojemu b\u00f3stwu, ci\u0105gnie dym z jakich\u015b li\u015bci podejrzanych zawini\u0119tych w rurk\u0119 z papieru) odwiedzili\u015bmy Muzeum Morskie czy jako\u015b podobnie, z kt\u00f3rego najbardziej podoba\u0142a mi si\u0119 sala z bardzo wygodnymi fotelami, na kt\u00f3rych do\u015b\u0107 swobodnie sobie poczynaj\u0105c, pospali\u015bmy z Anulk\u0105 w oczekiwaniu na ostudzenie Kasiowych i Filipowych emocji(oboje s\u0105 archeologami i grzebi\u0105 z upodobaniem w ziemi motykami, ogl\u0105daj\u0105 jakie\u015b skrawki sk\u00f3r i inne rzeczy robi\u0105 niedost\u0119pne ludzkiemu poj\u0119ciu).<br \/>\nPodejrzewam, \u017ce byliby zawiedzeni, gdyby si\u0119 dowiedzieli i\u017c o Ich Muzeum napisali\u015bmy Tylko Tyle\u2026 Pami\u0119tamy z niego te\u017c \u015bledzie, co w Ba\u0142tyku p\u0142ywa\u0142y, ale \u015bled\u017a, jak \u015bled\u017a, o czym tu pisa\u0107?<br \/>\nNasta\u0142a pora kolacji, wi\u0119c ewakuowali\u015bmy si\u0119 czym pr\u0119dzej z Muzeum im. Kasi i Filipa i poszli\u015bmy przek\u0105si\u0107 co nieco, a co przybra\u0142o form\u0119 ju\u017c to pizzy, ju\u017c to kebabu, ju\u017c to gyrosa. A obs\u0142uga po naszemu troch\u0119 umia\u0142a powiedzie\u0107, np. \u2018ketchup\u2019, czy \u2018pizza\u2019, ale te\u017c i bardziej swojskie \u2018smacznego\u2019. A co!<br \/>\nPo podw\u00f3rku zacz\u0119\u0142y kr\u0119ci\u0107 si\u0119 jakie\u015b podejrzane typy, damy w kapeluszach z dekoltem od po\u015bladk\u00f3w do p\u0119pka, eleganccy paziowie w koszulach z kr\u00f3tkim r\u0119kawkiem, widzieli\u015bmy te\u017c wied\u017am\u0119 jedn\u0105, a zdarzy\u0107 si\u0119 mo\u017ce te\u017c, \u017ce i jaki\u015b polityk si\u0119 zapodzia\u0142 na mie\u015bcie. Podejrzewali\u015bmy bal w kapitanacie portu lub u burmistrza, ale pewni nie jeste\u015bmy.<br \/>\nW szwedzkim superszwedzkomarkecie okaza\u0142o si\u0119, \u017ce do wyboru jest bezalkoholowe wino lub takie\u017c piwo, gdzieniegdzie te\u017c i woda o podobnej zawarto\u015bci procentowej prawdziwego picia, archeolodzy zakupili wi\u0119c sobie takie eksperymentalne piwo, i pojechali\u015bmy do portu, gdzie okaza\u0142o si\u0119, \u017ce \u0142\u00f3dki jeszcze nie podstawili i czeka\u0107 trzeba. Kilka tysi\u0119cy ludzi i pi\u0119\u0107 krzese\u0142. Znale\u017ali\u015bmy ekskluzywne miejsce pod stolikiem na przeciwko wej\u015bcia do m\u0119skiej toalety i uwalili\u015bmy si\u0119 na pod\u0142odze. Po tym, jak zacz\u0119\u0142y nas bole\u0107 ty\u0142ki i grzbiety, Szwedzi podstawili w ko\u0144cu sw\u00f3j promow\u00f3z i zaokr\u0119towali\u015bmy si\u0119 na powr\u00f3t.<br \/>\nSupermarket na promie mia\u0142 strawniejsze piwo ni\u017c na l\u0105dzie, wi\u0119c z Anulk\u0105 zakupili\u015bmy sobie na pohybel kilka i po spo\u017cyciu ich w towarzystwie Naszych Kochanych Abstynent\u00f3w, poszli\u015bmy ta\u0144czy\u0107: pok\u0142ad ta\u0144czy\u0142, my ta\u0144czyli\u015bmy, by\u0142o fajnie. Zapomnieli\u015bmy si\u0119 z Anul\u0105 i poszli\u015bmy spa\u0107 baaardzo p\u00f3\u017ano. A oprawcy nasi szwedzcy na to po cichu liczyli: rano, zanim s\u0142o\u0144ce mia\u0142o czelno\u015b\u0107 pokaza\u0107 sw\u0105 pyzat\u0105 buzi\u0119, zacz\u0119li wali\u0107 do drzwi i kazali si\u0119 pakowa\u0107 i wynosi\u0107.<br \/>\nCali Szwedzi\u2026<\/p>\n<p>[Best_Wordpress_Gallery id=&#8221;22&#8243; gal_title=&#8221;nawariata: Karlskrona&#8221;]<\/p>\n","protected":false},"excerpt":{"rendered":"<p>Okazuje si\u0119, \u017ce blog nasz bije rekordy popularno\u015bci i wszystkich naszych 3 i p\u00f3\u0142 czytelnik\u00f3w&#8230;<\/p>\n<div class=\"more-link-wrapper\"><a class=\"more-link\" href=\"https:\/\/www.volen.pl\/?p=214\">Read the post<span class=\"screen-reader-text\">*skrona<\/span><\/a><\/div>\n","protected":false},"author":1,"featured_media":212,"comment_status":"closed","ping_status":"closed","sticky":false,"template":"","format":"standard","meta":{"_crdt_document":"","jetpack_post_was_ever_published":false,"_jetpack_newsletter_access":"","_jetpack_dont_email_post_to_subs":false,"_jetpack_newsletter_tier_id":0,"_jetpack_memberships_contains_paywalled_content":false,"_jetpack_memberships_contains_paid_content":false,"footnotes":"","jetpack_publicize_message":"","jetpack_publicize_feature_enabled":true,"jetpack_social_post_already_shared":true,"jetpack_social_options":{"image_generator_settings":{"template":"highway","default_image_id":0,"font":"","enabled":false},"version":2}},"categories":[93,227],"tags":[86,60,85],"class_list":["post-214","post","type-post","status-publish","format-standard","has-post-thumbnail","hentry","category-nawariata","category-szwecja","tag-karlskrona","tag-podroze","tag-szwecja","excerpt","zoom","full-without-featured","even","excerpt-0"],"jetpack_publicize_connections":[],"jetpack_featured_media_url":"https:\/\/i0.wp.com\/www.volen.pl\/wp-content\/uploads\/2012\/12\/tumblr_metizsYyO81rhlwtwo2_1280.jpg?fit=800%2C530&ssl=1","jetpack_shortlink":"https:\/\/wp.me\/s4lAri-skrona","jetpack_sharing_enabled":true,"jetpack-related-posts":[{"id":1824,"url":"https:\/\/www.volen.pl\/?p=1824","url_meta":{"origin":214,"position":0},"title":"Udabno","author":"volen","date":"2016-08-08","format":false,"excerpt":"Po przedarciu si\u0119 przez t\u0142umy wiwatuj\u0105cych wielbicieli ruszyli\u015bmy przed siebie z mocnym postanowieniem cz\u0119stego zbaczania z drogi. Ta wyprawa inna, ni\u017c poprzednie - wzi\u0119li\u015bmy trzeciego cz\u0142onka za\u0142ogi, ma\u0142ego Mieszka - zdobywc\u0119, ze wzgl\u0119du na jego obecno\u015b\u0107 musimy wszystko inaczej ni\u017c zazwyczaj... Jako, \u017ce to nasz debiut z maluszkiem, wszystko co\u2026","rel":"","context":"W \u201e\u043c\u043e\u043b\u043e\u0434\u0435\u0446&quot;","block_context":{"text":"\u043c\u043e\u043b\u043e\u0434\u0435\u0446","link":"https:\/\/www.volen.pl\/?cat=245"},"img":{"alt_text":"","src":"https:\/\/i0.wp.com\/www.volen.pl\/wp-content\/uploads\/2016\/08\/VOL1642.jpg?fit=1200%2C795&ssl=1&resize=350%2C200","width":350,"height":200,"srcset":"https:\/\/i0.wp.com\/www.volen.pl\/wp-content\/uploads\/2016\/08\/VOL1642.jpg?fit=1200%2C795&ssl=1&resize=350%2C200 1x, https:\/\/i0.wp.com\/www.volen.pl\/wp-content\/uploads\/2016\/08\/VOL1642.jpg?fit=1200%2C795&ssl=1&resize=525%2C300 1.5x, https:\/\/i0.wp.com\/www.volen.pl\/wp-content\/uploads\/2016\/08\/VOL1642.jpg?fit=1200%2C795&ssl=1&resize=700%2C400 2x, https:\/\/i0.wp.com\/www.volen.pl\/wp-content\/uploads\/2016\/08\/VOL1642.jpg?fit=1200%2C795&ssl=1&resize=1050%2C600 3x"},"classes":[]},{"id":2006,"url":"https:\/\/www.volen.pl\/?p=2006","url_meta":{"origin":214,"position":1},"title":"Po\u017cegnanie","author":"volen","date":"2017-01-02","format":false,"excerpt":"Zaraz z rana, po toalecie, ruszylil\u015bmy obejrze\u0107 jaskini\u0119 Prometeusza, kt\u00f3ry podobno zaraz po tym, jak podw\u0119dzi\u0142 bogom ogie\u0144, zosta\u0142 przykuty do ska\u0142 Kaukazu. Ba! Niekt\u00f3rzy twierdz\u0105, \u017ce mieszka\u0142 w owej jaskini do niedawna i wyp\u0142oszy\u0142y go dopiero sowieckie misje speleologiczne z 1984-ego. Jak by\u0142o, tak by\u0142o, nie wnikamy, chcieli\u015bmy jedynie\u2026","rel":"","context":"W \u201enawariata&quot;","block_context":{"text":"nawariata","link":"https:\/\/www.volen.pl\/?cat=93"},"img":{"alt_text":"","src":"https:\/\/i0.wp.com\/www.volen.pl\/wp-content\/uploads\/2017\/01\/20160821_090705.jpg?fit=1200%2C675&ssl=1&resize=350%2C200","width":350,"height":200,"srcset":"https:\/\/i0.wp.com\/www.volen.pl\/wp-content\/uploads\/2017\/01\/20160821_090705.jpg?fit=1200%2C675&ssl=1&resize=350%2C200 1x, https:\/\/i0.wp.com\/www.volen.pl\/wp-content\/uploads\/2017\/01\/20160821_090705.jpg?fit=1200%2C675&ssl=1&resize=525%2C300 1.5x, https:\/\/i0.wp.com\/www.volen.pl\/wp-content\/uploads\/2017\/01\/20160821_090705.jpg?fit=1200%2C675&ssl=1&resize=700%2C400 2x, https:\/\/i0.wp.com\/www.volen.pl\/wp-content\/uploads\/2017\/01\/20160821_090705.jpg?fit=1200%2C675&ssl=1&resize=1050%2C600 3x"},"classes":[]},{"id":3366,"url":"https:\/\/www.volen.pl\/?p=3366","url_meta":{"origin":214,"position":2},"title":"Vulcani a sprawa polska","author":"volen","date":"2023-07-03","format":false,"excerpt":"Pisz\u0119 w kolejno\u015bci chronologicznej. Zaraz z samego rana przysz\u0142a do nas czarno-bia\u0142a kicia. Dosta\u0142a par\u0119 smako\u0142yk\u00f3w i po\u0142o\u017cy\u0142a si\u0119 w cieniu namiotu. Przyszed\u0142 te\u017c starszy pan o imieniu Gunter, niesamowicie sympatyczny. Urodzi\u0142 si\u0119 w \u017bninie, za\u015b 3 lata p\u00f3\u017aniej rodzice uciekli wraz z nim przed bolszewikami do Niemiec. Zna troch\u0119\u2026","rel":"","context":"W \u201epo byku&quot;","block_context":{"text":"po byku","link":"https:\/\/www.volen.pl\/?cat=474"},"img":{"alt_text":"","src":"https:\/\/i0.wp.com\/www.volen.pl\/wp-content\/uploads\/2023\/07\/IMG_20230703_123750.jpg?fit=1200%2C900&ssl=1&resize=350%2C200","width":350,"height":200,"srcset":"https:\/\/i0.wp.com\/www.volen.pl\/wp-content\/uploads\/2023\/07\/IMG_20230703_123750.jpg?fit=1200%2C900&ssl=1&resize=350%2C200 1x, https:\/\/i0.wp.com\/www.volen.pl\/wp-content\/uploads\/2023\/07\/IMG_20230703_123750.jpg?fit=1200%2C900&ssl=1&resize=525%2C300 1.5x, https:\/\/i0.wp.com\/www.volen.pl\/wp-content\/uploads\/2023\/07\/IMG_20230703_123750.jpg?fit=1200%2C900&ssl=1&resize=700%2C400 2x, https:\/\/i0.wp.com\/www.volen.pl\/wp-content\/uploads\/2023\/07\/IMG_20230703_123750.jpg?fit=1200%2C900&ssl=1&resize=1050%2C600 3x"},"classes":[]},{"id":376,"url":"https:\/\/www.volen.pl\/?p=376","url_meta":{"origin":214,"position":3},"title":"Wiosna, ach to Ty..!","author":"volen","date":"2014-03-28","format":false,"excerpt":"Po-bud-ka! Wcale nie chcia\u0142o nam si\u0119 wstawa\u0107. Jedynie \u015bwiadomo\u015b\u0107, \u017ce zaraz ze\u017cr\u0105 nam \u015bniadanie wyci\u0105gn\u0119\u0142a nas z \u0142\u00f3\u017cka. Po wyj\u015bciu z pokoju trafili\u015bmy na jak\u0105\u015b konferencj\u0119, mo\u017cna jedynie wyobrazi\u0107 sobie radosne zdumienie gruzi\u0144skich niewiast, w niej udzia\u0142 bior\u0105cych, na widok zaspanej pary wy\u0142aniaj\u0105cej si\u0119 zza drzwi. Hotel nasz nie pr\u00f3\u017cnuje\u2026","rel":"","context":"W \u201eGruzja 2014&quot;","block_context":{"text":"Gruzja 2014","link":"https:\/\/www.volen.pl\/?cat=133"},"img":{"alt_text":"","src":"https:\/\/i0.wp.com\/www.volen.pl\/wp-content\/uploads\/2014\/03\/ikona-jvari-_DSC5481.jpg?fit=1200%2C963&ssl=1&resize=350%2C200","width":350,"height":200,"srcset":"https:\/\/i0.wp.com\/www.volen.pl\/wp-content\/uploads\/2014\/03\/ikona-jvari-_DSC5481.jpg?fit=1200%2C963&ssl=1&resize=350%2C200 1x, https:\/\/i0.wp.com\/www.volen.pl\/wp-content\/uploads\/2014\/03\/ikona-jvari-_DSC5481.jpg?fit=1200%2C963&ssl=1&resize=525%2C300 1.5x, https:\/\/i0.wp.com\/www.volen.pl\/wp-content\/uploads\/2014\/03\/ikona-jvari-_DSC5481.jpg?fit=1200%2C963&ssl=1&resize=700%2C400 2x, https:\/\/i0.wp.com\/www.volen.pl\/wp-content\/uploads\/2014\/03\/ikona-jvari-_DSC5481.jpg?fit=1200%2C963&ssl=1&resize=1050%2C600 3x"},"classes":[]},{"id":231,"url":"https:\/\/www.volen.pl\/?p=231","url_meta":{"origin":214,"position":4},"title":"Achalciche Vardzia i z powrotem","author":"volen","date":"2012-10-06","format":false,"excerpt":"Mieli\u015bmy wsta\u0107 z rana, ale wy\u0142\u0105czony telefon nie budzi, o czym osobi\u015bcie zapomnia\u0142em i nikt nigdy nie dowie si\u0119, czy zrobi\u0142em to z premedytacj\u0105, czy przez zapomnienie. Mniejsza o to. Po \u015bniadaniu poszli\u015bmy na ulic\u0119 \u0142apa\u0107 marszrutk\u0119 do Achalciche. Za drugim strza\u0142em uda\u0142o si\u0119. Wspomnienie tej podr\u00f3\u017cy na d\u0142ugo zapisze\u2026","rel":"","context":"W \u201e7000km - 2012&quot;","block_context":{"text":"7000km - 2012","link":"https:\/\/www.volen.pl\/?cat=135"},"img":{"alt_text":"","src":"https:\/\/i0.wp.com\/www.volen.pl\/wp-content\/uploads\/2016\/01\/DSC_6450.jpg?fit=1200%2C795&ssl=1&resize=350%2C200","width":350,"height":200,"srcset":"https:\/\/i0.wp.com\/www.volen.pl\/wp-content\/uploads\/2016\/01\/DSC_6450.jpg?fit=1200%2C795&ssl=1&resize=350%2C200 1x, https:\/\/i0.wp.com\/www.volen.pl\/wp-content\/uploads\/2016\/01\/DSC_6450.jpg?fit=1200%2C795&ssl=1&resize=525%2C300 1.5x, https:\/\/i0.wp.com\/www.volen.pl\/wp-content\/uploads\/2016\/01\/DSC_6450.jpg?fit=1200%2C795&ssl=1&resize=700%2C400 2x, https:\/\/i0.wp.com\/www.volen.pl\/wp-content\/uploads\/2016\/01\/DSC_6450.jpg?fit=1200%2C795&ssl=1&resize=1050%2C600 3x"},"classes":[]},{"id":2707,"url":"https:\/\/www.volen.pl\/?p=2707","url_meta":{"origin":214,"position":5},"title":"Katu &#8211; Yaryk","author":"volen","date":"2018-06-27","format":false,"excerpt":"Bardzo s\u0142abo spa\u0142em. Wie\u015bci z domu spowodowa\u0142y, \u017ce nie mog\u0142em spa\u0107, przez co zm\u0119czenie wczoraj pokonan\u0105 tras\u0105 i dzik\u0105 wspinaczk\u0105 skumulowa\u0142o si\u0119 do kwadratu. Zjedli\u015bmy \u015bniadanie w towarzystwie dw\u00f3ch kobiet typu mongolskiego, po czym pojechali\u015bmy na Katu - Yaryk. Katu - Yaryk... My\u015bla\u0142em, \u017ce jest on bardziej w poziomie, ni\u017c\u2026","rel":"","context":"W \u201enawariata&quot;","block_context":{"text":"nawariata","link":"https:\/\/www.volen.pl\/?cat=93"},"img":{"alt_text":"","src":"https:\/\/i0.wp.com\/www.volen.pl\/wp-content\/uploads\/2018\/06\/VOL2844.jpg?fit=1200%2C795&ssl=1&resize=350%2C200","width":350,"height":200,"srcset":"https:\/\/i0.wp.com\/www.volen.pl\/wp-content\/uploads\/2018\/06\/VOL2844.jpg?fit=1200%2C795&ssl=1&resize=350%2C200 1x, https:\/\/i0.wp.com\/www.volen.pl\/wp-content\/uploads\/2018\/06\/VOL2844.jpg?fit=1200%2C795&ssl=1&resize=525%2C300 1.5x, https:\/\/i0.wp.com\/www.volen.pl\/wp-content\/uploads\/2018\/06\/VOL2844.jpg?fit=1200%2C795&ssl=1&resize=700%2C400 2x, https:\/\/i0.wp.com\/www.volen.pl\/wp-content\/uploads\/2018\/06\/VOL2844.jpg?fit=1200%2C795&ssl=1&resize=1050%2C600 3x"},"classes":[]}],"_links":{"self":[{"href":"https:\/\/www.volen.pl\/index.php?rest_route=\/wp\/v2\/posts\/214","targetHints":{"allow":["GET"]}}],"collection":[{"href":"https:\/\/www.volen.pl\/index.php?rest_route=\/wp\/v2\/posts"}],"about":[{"href":"https:\/\/www.volen.pl\/index.php?rest_route=\/wp\/v2\/types\/post"}],"author":[{"embeddable":true,"href":"https:\/\/www.volen.pl\/index.php?rest_route=\/wp\/v2\/users\/1"}],"replies":[{"embeddable":true,"href":"https:\/\/www.volen.pl\/index.php?rest_route=%2Fwp%2Fv2%2Fcomments&post=214"}],"version-history":[{"count":3,"href":"https:\/\/www.volen.pl\/index.php?rest_route=\/wp\/v2\/posts\/214\/revisions"}],"predecessor-version":[{"id":1584,"href":"https:\/\/www.volen.pl\/index.php?rest_route=\/wp\/v2\/posts\/214\/revisions\/1584"}],"wp:featuredmedia":[{"embeddable":true,"href":"https:\/\/www.volen.pl\/index.php?rest_route=\/wp\/v2\/media\/212"}],"wp:attachment":[{"href":"https:\/\/www.volen.pl\/index.php?rest_route=%2Fwp%2Fv2%2Fmedia&parent=214"}],"wp:term":[{"taxonomy":"category","embeddable":true,"href":"https:\/\/www.volen.pl\/index.php?rest_route=%2Fwp%2Fv2%2Fcategories&post=214"},{"taxonomy":"post_tag","embeddable":true,"href":"https:\/\/www.volen.pl\/index.php?rest_route=%2Fwp%2Fv2%2Ftags&post=214"}],"curies":[{"name":"wp","href":"https:\/\/api.w.org\/{rel}","templated":true}]}}