{"id":215,"date":"2012-10-21T18:19:13","date_gmt":"2012-10-21T16:19:13","guid":{"rendered":"http:\/\/www.volen.pl\/?p=215"},"modified":"2014-10-09T18:06:05","modified_gmt":"2014-10-09T16:06:05","slug":"6930-km-za-nami-jeste-my-w-domu","status":"publish","type":"post","link":"https:\/\/www.volen.pl\/?p=215","title":{"rendered":"6930 km za nami \/\/ jeste\u015bmy w domu"},"content":{"rendered":"<p>Przyuwa\u017cyli\u015bmy te\u017c tak\u0105 ciekawostk\u0119, \u0142\u0105cz\u0105c\u0105 troch\u0119 Rumuni\u0119 z W\u0119grami i Polsk\u0105. Kurczowe, uporczywe i absolutnie odporne na rzeczywisto\u015b\u0107, trzymanie si\u0119 wydumanego rozk\u0142adu jazdy poci\u0105g\u00f3w. Z niewiadomych przyczyn poci\u0105gi s\u0105 sp\u00f3\u017anione albo ju\u017c na starcie, albo podczas jazdy o dobr\u0105 jedn\u0105 trzeci\u0105 czasu. Uwa\u017camy, i\u017c mo\u017cnaby by\u0142o uelastyczni\u0107 nieco rozk\u0142ady jazdy by ludzie nie mieli z\u0142udnego poczucia, \u017ce trafi\u0105 na czas w wybrane przez siebie miejsce, chocia\u017c w po\u0142\u0105czeniach mi\u0119dzynarodowych.<br \/>Wsiedli\u015bmy do poci\u0105gu do Budapesztu, sp\u00f3\u017ani\u0142 si\u0119 dwie godziny. Wsiedli\u015bmy do poci\u0105gu w Budapeszcie do Pragi, ju\u017c na starcie sp\u00f3\u017ani\u0142 si\u0119 o p\u00f3\u0142torej godziny, a dzielnie walczy\u0142, by op\u00f3\u017anienie to powi\u0119kszy\u0107. Sko\u0144czy\u0142 z wynikiem dwie godziny dwadzie\u015bcia minut op\u00f3\u017anienia. Oczywistym jest, \u017ce podczas wariackiego powrotu takie sp\u00f3\u017anienie w\u0142a\u015bciwie zamyka nam drog\u0119 do jakiegokolwiek poznania miasta.<br \/>Po wyj\u015bciu z poci\u0105gu, w kt\u00f3rym nota bene przedzia\u0142 obok zajmowa\u0142a zgraja dzikich i ha\u0142a\u015bliwych, pijanych nastolatk\u00f3w, pop\u0119dzili\u015bmy w poszukiwaniu dworca autobusowego na Praha Florenc. Ca\u0142e szcz\u0119\u015bcie, okaza\u0142 si\u0119 po\u0142o\u017cony tu\u017c zaraz obok.<br \/>Mieli\u015bmy ca\u0142e 40 minut do odjazdu Polskiego Busa Dot Com, wi\u0119c skorzystali\u015bmy z zaproszenia restauracji De Wi\u00f3r i zjedli\u015bmy i popili\u015bmy, \u017ce hoho. Droga autobusem taka sobie, oczywi\u015bcie &#8211; mog\u0142a by\u0107 gorsza, ale mog\u0142a by\u0107 lepsza &#8211; autobusy tureckie znacznie bardziej komfortowe, obs\u0142uga jaka\u015b taka profesjonalna: tu nie dostalismy ani wody, ani przys\u0142owiowego puknij si\u0119 w g\u0142ow\u0119.<br \/>Zaobserwowali\u015bmy r\u00f3wnie\u017c r\u00f3\u017cnic\u0119 w zachowaniu wychodz\u0105cych pasa\u017cer\u00f3w: mimo wyra\u017anego komunikatu, i\u017cby nie rusza\u0107 si\u0119 z siedze\u0144, dop\u00f3ki autobus si\u0119 porusza, kilka bab polskich z siatami pomkn\u0119\u0142o ku drzwiom, jak tylko na horyzoncie zamajaczy\u0142 koniec trasy. Co wi\u0119cej, reszta pasa\u017cer\u00f3w ruszy\u0142a hurmem w stron\u0119 wyj\u015bcia jak tylko autobus si\u0119 zatrzyma\u0142, gniot\u0105c jeden drugiego, taranuj\u0105c innych i ich baga\u017ce, po czym, tu\u017c po wyj\u015bciu, natychmiast si\u0119 zatrzymywali, skutecznie przeszkadzaj\u0105c reszcie w ewakuacji. W Turcji, co stwierdzamy z przykro\u015bci\u0105, poziom kultury znacznie wy\u017cszy, nikomu nie wydaje si\u0119, \u017ce jest wa\u017cniejszy od innych, czy te\u017c, \u017ce bez jego natychmiastowego wyj\u015bcia runie gospodarka \u015bwiatowa. Turcy potrafi\u0105 bez okazywania zniecierpliwienia jakimkolwiek grymasem sta\u0107 i czeka\u0107, a\u017c matka poskromi swoje dzieci\u0105tko, czy starsza osoba wydostanie si\u0119 ze swego siedzenia. My, polskie byde\u0142ko, jeste\u015bmy najwa\u017cniejsi na \u015bwiecie, sami kr\u00f3lowie i ksi\u0105\u017c\u0119ta, jeden przez drugiego. No c\u00f3\u017c. Przykro patrze\u0107. Najgorsze by\u0142o, i\u017c siedz\u0105cy obok nas obcokrajowiec, podejrzewamy i\u017c rodem z Izraela, bior\u0105c nas chyba za Niemc\u00f3w, porozumiewawczo spogl\u0105da\u0142 i wskazywa\u0142 t\u0142um usi\u0142uj\u0105cy go zdepta\u0107. Ech&#8230;<br \/>Po kilkudziesi\u0119ciu godzinach sp\u0119dzonych w \u015brodkach komunikacji publicznej postanowili\u015bmy za\u017cy\u0107 luksusu, a \u017ce raz, i\u017c brat rodzony wychyli\u0142 si\u0119, \u017ce jedzie do 3city, a dwa, \u017ce kupi\u0142 by\u0142 sobie nowe jakiesik autko, to r\u00f3\u017cnymi \u015brodkami perswazji i gro\u017aby zmusili\u015bmy go, by nas zabra\u0142.<br \/>Po lekkim obiedzie w G\u0119siej Szyi w Toruniu (polecamy lokal r\u0119kami i nogami, wy\u015bmienite jedzenie, zw\u0142aszcza czernina i \u017cur, oba po 8,50pln za mich\u0119 &#8211; pyszne!) dotarli\u015bmy do domu.<br \/>I koniec wycieczki. Zrobili\u015bmy, z grubsza rzecz bior\u0105c 6930 kilometr\u00f3w l\u0105dem: marszrutk\u0105, piechot\u0105, furgonetk\u0105, autobusem, autokarem i poci\u0105giem. Poznali\u015bmy kilku sympatycznych i fajnych ludzi, nigdzie nikt nie chcia\u0142 nam zrobi\u0107 krzywdy.<br \/>Cho\u0107 by\u0142o ma\u0142o czasu, zwiedzili\u015bmy par\u0119 kraj\u00f3w i oswoili\u015bmy kilka miejsc: siedzieli\u015bmy pod drzewem w Goreme, na ruinach muru twierdzy strzeg\u0105cej monastyr Sapara, spali\u015bmy pod nogami kr\u00f3lowej Tamar, wygrzewali\u015bmy ko\u015bci na brzegu morza w Gumbet ko\u0142o Bodrum, znamy dworzec w Konstancy lepiej ni\u017c w Gdyni. By\u0142o fajnie. Ca\u0142kiem na wariata.<\/p>\n","protected":false},"excerpt":{"rendered":"<p>Przyuwa\u017cyli\u015bmy te\u017c tak\u0105 ciekawostk\u0119, \u0142\u0105cz\u0105c\u0105 troch\u0119 Rumuni\u0119 z W\u0119grami i Polsk\u0105. Kurczowe, uporczywe i absolutnie&#8230;<\/p>\n<div class=\"more-link-wrapper\"><a class=\"more-link\" href=\"https:\/\/www.volen.pl\/?p=215\">Read the post<span class=\"screen-reader-text\">6930 km za nami \/\/ jeste\u015bmy w domu<\/span><\/a><\/div>\n","protected":false},"author":1,"featured_media":0,"comment_status":"closed","ping_status":"closed","sticky":false,"template":"","format":"standard","meta":{"_crdt_document":"","jetpack_post_was_ever_published":false,"_jetpack_newsletter_access":"","_jetpack_dont_email_post_to_subs":false,"_jetpack_newsletter_tier_id":0,"_jetpack_memberships_contains_paywalled_content":false,"_jetpack_memberships_contains_paid_content":false,"footnotes":"","jetpack_publicize_message":"","jetpack_publicize_feature_enabled":true,"jetpack_social_post_already_shared":true,"jetpack_social_options":{"image_generator_settings":{"template":"highway","default_image_id":0,"font":"","enabled":false},"version":2}},"categories":[135,93],"tags":[137,88,205,60,72,87],"class_list":["post-215","post","type-post","status-publish","format-standard","hentry","category-7000km-2012","category-nawariata","tag-7000km","tag-czechy","tag-nawariata","tag-podroze","tag-polska","tag-wegry","excerpt","zoom","full-without-featured","even","excerpt-0"],"jetpack_publicize_connections":[],"jetpack_featured_media_url":"","jetpack_shortlink":"https:\/\/wp.me\/p4lAri-3t","jetpack_sharing_enabled":true,"jetpack-related-posts":[{"id":216,"url":"https:\/\/www.volen.pl\/?p=216","url_meta":{"origin":215,"position":0},"title":"Wracamy","author":"volen","date":"2012-10-18","format":false,"excerpt":"Kangur obudzi\u0142 nas o 6.30. Ca\u0142e pi\u0119\u0107 godzin spania, c\u00f3\u017c za luksus. Po jego wyj\u015bciu zdrzemn\u0119li\u015bmy si\u0119 jeszcze. Po zjedzeniu tosta z d\u017cemem w towarzystwie Francuza, poszli\u015bmy na dworzec odda\u0107 na przechowanie baga\u017c i wio na w\u0142\u00f3cz\u0119g\u0119 po mie\u015bcie. Ponure wra\u017cenie jakie zrobi\u0142o na nas to miasto poprzedniego wieczoru, rozwia\u0142o\u2026","rel":"","context":"W \u201e7000km - 2012&quot;","block_context":{"text":"7000km - 2012","link":"https:\/\/www.volen.pl\/?cat=135"},"img":{"alt_text":"","src":"","width":0,"height":0},"classes":[]},{"id":1267,"url":"https:\/\/www.volen.pl\/?p=1267","url_meta":{"origin":215,"position":1},"title":"Alba\u0144ska szko\u0142a jazdy","author":"volen","date":"2015-08-05","format":false,"excerpt":"Ze z\u0142o\u015bci na serbsk\u0105 biurokracj\u0119 postanowili\u015bmy nie tankowa\u0107 w tym - pi\u0119knym sk\u0105din\u0105d - kraju. Na pierwszej napotkanej stacji czarnog\u00f3rskiego Wr\u00f3blenu zatankowali\u015bmy do pe\u0142na z niewielk\u0105 g\u00f3rk\u0105, po czym zjechali\u015bmy do Bijelego Polja, zatrzymali\u015bmy si\u0119 w przydro\u017cnym hotelu i poszli\u015bmy spa\u0107. Trawersata Montenegro by\u0142a czyst\u0105 przyjemno\u015bci\u0105. Prowadzi\u0142 pewn\u0105 \u0142apk\u0105 dzielny\u2026","rel":"","context":"W \u201eBalkan eXpress&quot;","block_context":{"text":"Balkan eXpress","link":"https:\/\/www.volen.pl\/?cat=194"},"img":{"alt_text":"","src":"https:\/\/i0.wp.com\/www.volen.pl\/wp-content\/uploads\/2015\/08\/VOL0251.jpg?fit=1200%2C795&ssl=1&resize=350%2C200","width":350,"height":200,"srcset":"https:\/\/i0.wp.com\/www.volen.pl\/wp-content\/uploads\/2015\/08\/VOL0251.jpg?fit=1200%2C795&ssl=1&resize=350%2C200 1x, https:\/\/i0.wp.com\/www.volen.pl\/wp-content\/uploads\/2015\/08\/VOL0251.jpg?fit=1200%2C795&ssl=1&resize=525%2C300 1.5x, https:\/\/i0.wp.com\/www.volen.pl\/wp-content\/uploads\/2015\/08\/VOL0251.jpg?fit=1200%2C795&ssl=1&resize=700%2C400 2x, https:\/\/i0.wp.com\/www.volen.pl\/wp-content\/uploads\/2015\/08\/VOL0251.jpg?fit=1200%2C795&ssl=1&resize=1050%2C600 3x"},"classes":[]},{"id":239,"url":"https:\/\/www.volen.pl\/?p=239","url_meta":{"origin":215,"position":2},"title":"Tbilisi","author":"volen","date":"2012-10-04","format":false,"excerpt":"Po niezwykle m\u0119cz\u0105cym locie wpadli\u015bmy nad ranem, ok. 4.30 na tbilisia\u0144skie lotnisko. Wbrew hiobowym, apokaliptycznym przepowiedniom, taks\u00f3wkarz nas nie okrad\u0142, nie zabi\u0142, tylko zawi\u00f3z\u0142 ulic\u0105 Lecha Kaczy\u0144skiego do bardzo fajnej miejsc\u00f3wki, roboczo przez niego nazwanej \u201cnasrane turistow\u201d (chodzi o restauracj\u0119 fon. \u2018maczahela\u2019) i poparte na migi o\u015bwiadczeniem o jej ca\u0142odobowej\u2026","rel":"","context":"W \u201e7000km - 2012&quot;","block_context":{"text":"7000km - 2012","link":"https:\/\/www.volen.pl\/?cat=135"},"img":{"alt_text":"","src":"https:\/\/i0.wp.com\/www.volen.pl\/wp-content\/uploads\/2016\/01\/DSC_6202s.jpg?fit=1200%2C795&ssl=1&resize=350%2C200","width":350,"height":200,"srcset":"https:\/\/i0.wp.com\/www.volen.pl\/wp-content\/uploads\/2016\/01\/DSC_6202s.jpg?fit=1200%2C795&ssl=1&resize=350%2C200 1x, https:\/\/i0.wp.com\/www.volen.pl\/wp-content\/uploads\/2016\/01\/DSC_6202s.jpg?fit=1200%2C795&ssl=1&resize=525%2C300 1.5x, https:\/\/i0.wp.com\/www.volen.pl\/wp-content\/uploads\/2016\/01\/DSC_6202s.jpg?fit=1200%2C795&ssl=1&resize=700%2C400 2x, https:\/\/i0.wp.com\/www.volen.pl\/wp-content\/uploads\/2016\/01\/DSC_6202s.jpg?fit=1200%2C795&ssl=1&resize=1050%2C600 3x"},"classes":[]},{"id":1585,"url":"https:\/\/www.volen.pl\/?p=1585","url_meta":{"origin":215,"position":3},"title":"z Gruzji do domu &#8211; 7000km","author":"volen","date":"2012-10-22","format":false,"excerpt":"Polecieli\u015bmy, zobaczyli\u015bmy, wygrali\u015bmy... Tylko, \u017ce powr\u00f3t zaplanowali\u015bmy do ostatniego szczeg\u00f3\u0142u: wracamy jak B\u00f3g da, l\u0105dem przez Turcj\u0119 albo promem do Konstancy, albo si\u0119 zobaczy jeszcze... Start by\u0142 d\u0142ugi i m\u0119cz\u0105cy, gdy\u017c najpierw by\u0142a 1. Ryga, w kt\u00f3rej zjedli\u015bmy tosty, a potem dopiero przywita\u0142a nas 2. gruzi\u0144ska Stra\u017c Graniczna cz\u0119stuj\u0105ca nas\u2026","rel":"","context":"W \u201e7000km - 2012&quot;","block_context":{"text":"7000km - 2012","link":"https:\/\/www.volen.pl\/?cat=135"},"img":{"alt_text":"","src":"","width":0,"height":0},"classes":[]},{"id":2164,"url":"https:\/\/www.volen.pl\/?p=2164","url_meta":{"origin":215,"position":4},"title":"Dom","author":"volen","date":"2016-11-21","format":false,"excerpt":"Dzi\u015b dzie\u0144 powrotu do domu. Normalnie zawsze to czu\u0142em gdzie\u015b we wn\u0119trzu, taki dzie\u0144 powrotu nigdy nie jest takim samym dniem, jak te prze\u017cywane podczas podr\u00f3\u017cy. A tu jednak - m\u00f3j b\u0142\u0105d. Nigdy nie m\u00f3w nigdy. Dzie\u0144 wsta\u0142 uroczo w \u015brodku nocy (o 6.30 ciemno, jak o p\u00f3\u0142nocy), ale \u017ce\u2026","rel":"","context":"W \u201eIslandia: snj\u00f3r, \u00eds og eldur&quot;","block_context":{"text":"Islandia: snj\u00f3r, \u00eds og eldur","link":"https:\/\/www.volen.pl\/?cat=268"},"img":{"alt_text":"","src":"https:\/\/i0.wp.com\/www.volen.pl\/wp-content\/uploads\/2017\/07\/reykjavik_VOL6161.jpg?fit=1200%2C795&ssl=1&resize=350%2C200","width":350,"height":200,"srcset":"https:\/\/i0.wp.com\/www.volen.pl\/wp-content\/uploads\/2017\/07\/reykjavik_VOL6161.jpg?fit=1200%2C795&ssl=1&resize=350%2C200 1x, https:\/\/i0.wp.com\/www.volen.pl\/wp-content\/uploads\/2017\/07\/reykjavik_VOL6161.jpg?fit=1200%2C795&ssl=1&resize=525%2C300 1.5x, https:\/\/i0.wp.com\/www.volen.pl\/wp-content\/uploads\/2017\/07\/reykjavik_VOL6161.jpg?fit=1200%2C795&ssl=1&resize=700%2C400 2x, https:\/\/i0.wp.com\/www.volen.pl\/wp-content\/uploads\/2017\/07\/reykjavik_VOL6161.jpg?fit=1200%2C795&ssl=1&resize=1050%2C600 3x"},"classes":[]},{"id":3073,"url":"https:\/\/www.volen.pl\/?p=3073","url_meta":{"origin":215,"position":5},"title":"\u017burawie","author":"volen","date":"2018-10-11","format":false,"excerpt":"W nocy pada\u0142o, namiot mokry. Wszystko wilgotne w \u015brodku, wi\u0119c zastosowa\u0142em sw\u00f3j stary spos\u00f3b, rozci\u0105gn\u0105\u0142em z ty\u0142u kabiny link\u0119. Jeden \u015bpiw\u00f3r suszy si\u0119 na siedzeniu, drugi (tak, wygodny jestem, lubi\u0119 mie\u0107 w miar\u0119 mi\u0119kko pod plecami) na tej lince. Leje, ci\u0105gle wilgo\u0107 s\u0105czy si\u0119 z nieba, \u015bwiate\u0142ka samochod\u00f3w z naprzeciwka\u2026","rel":"","context":"W \u201enawariata&quot;","block_context":{"text":"nawariata","link":"https:\/\/www.volen.pl\/?cat=93"},"img":{"alt_text":"","src":"https:\/\/i0.wp.com\/www.volen.pl\/wp-content\/uploads\/2023\/02\/20181007_082919_HDR-scaled.jpg?fit=1200%2C600&ssl=1&resize=350%2C200","width":350,"height":200,"srcset":"https:\/\/i0.wp.com\/www.volen.pl\/wp-content\/uploads\/2023\/02\/20181007_082919_HDR-scaled.jpg?fit=1200%2C600&ssl=1&resize=350%2C200 1x, https:\/\/i0.wp.com\/www.volen.pl\/wp-content\/uploads\/2023\/02\/20181007_082919_HDR-scaled.jpg?fit=1200%2C600&ssl=1&resize=525%2C300 1.5x, https:\/\/i0.wp.com\/www.volen.pl\/wp-content\/uploads\/2023\/02\/20181007_082919_HDR-scaled.jpg?fit=1200%2C600&ssl=1&resize=700%2C400 2x, https:\/\/i0.wp.com\/www.volen.pl\/wp-content\/uploads\/2023\/02\/20181007_082919_HDR-scaled.jpg?fit=1200%2C600&ssl=1&resize=1050%2C600 3x"},"classes":[]}],"_links":{"self":[{"href":"https:\/\/www.volen.pl\/index.php?rest_route=\/wp\/v2\/posts\/215","targetHints":{"allow":["GET"]}}],"collection":[{"href":"https:\/\/www.volen.pl\/index.php?rest_route=\/wp\/v2\/posts"}],"about":[{"href":"https:\/\/www.volen.pl\/index.php?rest_route=\/wp\/v2\/types\/post"}],"author":[{"embeddable":true,"href":"https:\/\/www.volen.pl\/index.php?rest_route=\/wp\/v2\/users\/1"}],"replies":[{"embeddable":true,"href":"https:\/\/www.volen.pl\/index.php?rest_route=%2Fwp%2Fv2%2Fcomments&post=215"}],"version-history":[{"count":1,"href":"https:\/\/www.volen.pl\/index.php?rest_route=\/wp\/v2\/posts\/215\/revisions"}],"predecessor-version":[{"id":246,"href":"https:\/\/www.volen.pl\/index.php?rest_route=\/wp\/v2\/posts\/215\/revisions\/246"}],"wp:attachment":[{"href":"https:\/\/www.volen.pl\/index.php?rest_route=%2Fwp%2Fv2%2Fmedia&parent=215"}],"wp:term":[{"taxonomy":"category","embeddable":true,"href":"https:\/\/www.volen.pl\/index.php?rest_route=%2Fwp%2Fv2%2Fcategories&post=215"},{"taxonomy":"post_tag","embeddable":true,"href":"https:\/\/www.volen.pl\/index.php?rest_route=%2Fwp%2Fv2%2Ftags&post=215"}],"curies":[{"name":"wp","href":"https:\/\/api.w.org\/{rel}","templated":true}]}}