{"id":2164,"date":"2016-11-21T20:45:19","date_gmt":"2016-11-21T19:45:19","guid":{"rendered":"http:\/\/www.volen.pl\/?p=2164"},"modified":"2017-07-18T20:52:48","modified_gmt":"2017-07-18T18:52:48","slug":"dom","status":"publish","type":"post","link":"https:\/\/www.volen.pl\/?p=2164","title":{"rendered":"Dom"},"content":{"rendered":"<p>Dzi\u015b dzie\u0144 powrotu do domu.<\/p>\n<p>Normalnie zawsze to czu\u0142em gdzie\u015b we wn\u0119trzu, taki dzie\u0144 powrotu nigdy nie jest takim samym dniem, jak te prze\u017cywane podczas podr\u00f3\u017cy. A tu jednak &#8211; m\u00f3j b\u0142\u0105d. Nigdy nie m\u00f3w nigdy.<\/p>\n<p>Dzie\u0144 wsta\u0142 uroczo w \u015brodku nocy (o 6.30 ciemno, jak o p\u00f3\u0142nocy), ale \u017ce ju\u017c si\u0119 wyspa\u0142em, to wsta\u0142em.<\/p>\n<p>Przygotowa\u0142em si\u0119 do check-outu, poszed\u0142em na \u015bniadanie i zda\u0142em klucz. Baga\u017ce zostawi\u0142em w samochodzie. Po \u015bniadaniu wyszed\u0142em na miasto, popatrze\u0107 jak si\u0119 budzi. A Reykjavik budzi si\u0119 powoli. Po godzinie zacz\u0119\u0142y pojawia\u0107 si\u0119 samochody, potem krajobraz nabra\u0142 cieplejszych, azjatyckich barw. Dopiero na ko\u0144cu wstaj\u0105 Amerykanie.<\/p>\n<div class=\"tiled-gallery type-rectangular tiled-gallery-unresized\" data-original-width=\"500\" data-carousel-extra='{&quot;blog_id&quot;:1,&quot;permalink&quot;:&quot;https:\\\/\\\/www.volen.pl\\\/?p=2164&quot;,&quot;likes_blog_id&quot;:64250308}' itemscope itemtype=\"http:\/\/schema.org\/ImageGallery\" > <div class=\"gallery-row\" style=\"width: 500px; height: 226px;\" data-original-width=\"500\" data-original-height=\"226\" > <div class=\"gallery-group images-1\" style=\"width: 339px; height: 226px;\" data-original-width=\"339\" data-original-height=\"226\" > <div class=\"tiled-gallery-item tiled-gallery-item-large\" itemprop=\"associatedMedia\" itemscope itemtype=\"http:\/\/schema.org\/ImageObject\"> <a href=\"https:\/\/www.volen.pl\/?attachment_id=2170\" border=\"0\" itemprop=\"url\"> <meta itemprop=\"width\" content=\"335\"> <meta itemprop=\"height\" content=\"222\"> <img decoding=\"async\" class=\"\" data-attachment-id=\"2170\" data-orig-file=\"https:\/\/www.volen.pl\/wp-content\/uploads\/2017\/07\/sklep-muzyczny_VOL6101.jpg\" data-orig-size=\"2460,1630\" data-comments-opened=\"\" data-image-meta=\"{&quot;aperture&quot;:&quot;9.5&quot;,&quot;credit&quot;:&quot;Przemyslaw \\u0027volen\\u0027 Wollenszleger&quot;,&quot;camera&quot;:&quot;NIKON D7000&quot;,&quot;caption&quot;:&quot;&quot;,&quot;created_timestamp&quot;:&quot;1479720788&quot;,&quot;copyright&quot;:&quot;&quot;,&quot;focal_length&quot;:&quot;14&quot;,&quot;iso&quot;:&quot;200&quot;,&quot;shutter_speed&quot;:&quot;4&quot;,&quot;title&quot;:&quot;&quot;,&quot;orientation&quot;:&quot;1&quot;}\" data-image-title=\"sklep muzyczny_VOL6101\" data-image-description=\"\" data-medium-file=\"https:\/\/i0.wp.com\/www.volen.pl\/wp-content\/uploads\/2017\/07\/sklep-muzyczny_VOL6101.jpg?fit=1024%2C679&#038;ssl=1\" data-large-file=\"https:\/\/i0.wp.com\/www.volen.pl\/wp-content\/uploads\/2017\/07\/sklep-muzyczny_VOL6101.jpg?fit=2048%2C1357&#038;ssl=1\" src=\"https:\/\/i0.wp.com\/www.volen.pl\/wp-content\/uploads\/2017\/07\/sklep-muzyczny_VOL6101.jpg?w=335&#038;h=222&#038;ssl=1\" srcset=\"https:\/\/i0.wp.com\/www.volen.pl\/wp-content\/uploads\/2017\/07\/sklep-muzyczny_VOL6101.jpg?w=2460&amp;ssl=1 2460w, https:\/\/i0.wp.com\/www.volen.pl\/wp-content\/uploads\/2017\/07\/sklep-muzyczny_VOL6101.jpg?resize=1024%2C679&amp;ssl=1 1024w, https:\/\/i0.wp.com\/www.volen.pl\/wp-content\/uploads\/2017\/07\/sklep-muzyczny_VOL6101.jpg?resize=2048%2C1357&amp;ssl=1 2048w, https:\/\/i0.wp.com\/www.volen.pl\/wp-content\/uploads\/2017\/07\/sklep-muzyczny_VOL6101.jpg?resize=120%2C80&amp;ssl=1 120w\" width=\"335\" height=\"222\" loading=\"lazy\" data-original-width=\"335\" data-original-height=\"222\" itemprop=\"http:\/\/schema.org\/image\" title=\"sklep muzyczny_VOL6101\" alt=\"sklep muzyczny_VOL6101\" style=\"width: 335px; height: 222px;\" \/> <\/a> <\/div> <\/div> <!-- close group --> <div class=\"gallery-group images-2\" style=\"width: 161px; height: 226px;\" data-original-width=\"161\" data-original-height=\"226\" > <div class=\"tiled-gallery-item tiled-gallery-item-small\" itemprop=\"associatedMedia\" itemscope itemtype=\"http:\/\/schema.org\/ImageObject\"> <a href=\"https:\/\/www.volen.pl\/?attachment_id=2171\" border=\"0\" itemprop=\"url\"> <meta itemprop=\"width\" content=\"157\"> <meta itemprop=\"height\" content=\"114\"> <img decoding=\"async\" class=\"\" data-attachment-id=\"2171\" data-orig-file=\"https:\/\/www.volen.pl\/wp-content\/uploads\/2017\/07\/skola_VOL6116.jpg\" data-orig-size=\"2042,1474\" data-comments-opened=\"\" data-image-meta=\"{&quot;aperture&quot;:&quot;8&quot;,&quot;credit&quot;:&quot;Przemyslaw \\u0027volen\\u0027 Wollenszleger&quot;,&quot;camera&quot;:&quot;NIKON D7000&quot;,&quot;caption&quot;:&quot;&quot;,&quot;created_timestamp&quot;:&quot;1479722781&quot;,&quot;copyright&quot;:&quot;&quot;,&quot;focal_length&quot;:&quot;14&quot;,&quot;iso&quot;:&quot;100&quot;,&quot;shutter_speed&quot;:&quot;4&quot;,&quot;title&quot;:&quot;&quot;,&quot;orientation&quot;:&quot;1&quot;}\" data-image-title=\"skola_VOL6116\" data-image-description=\"\" data-medium-file=\"https:\/\/i0.wp.com\/www.volen.pl\/wp-content\/uploads\/2017\/07\/skola_VOL6116.jpg?fit=1024%2C739&#038;ssl=1\" data-large-file=\"https:\/\/i0.wp.com\/www.volen.pl\/wp-content\/uploads\/2017\/07\/skola_VOL6116.jpg?fit=2042%2C1474&#038;ssl=1\" src=\"https:\/\/i0.wp.com\/www.volen.pl\/wp-content\/uploads\/2017\/07\/skola_VOL6116.jpg?w=157&#038;h=114&#038;ssl=1\" srcset=\"https:\/\/i0.wp.com\/www.volen.pl\/wp-content\/uploads\/2017\/07\/skola_VOL6116.jpg?w=2042&amp;ssl=1 2042w, https:\/\/i0.wp.com\/www.volen.pl\/wp-content\/uploads\/2017\/07\/skola_VOL6116.jpg?resize=1024%2C739&amp;ssl=1 1024w\" width=\"157\" height=\"114\" loading=\"lazy\" data-original-width=\"157\" data-original-height=\"114\" itemprop=\"http:\/\/schema.org\/image\" title=\"skola_VOL6116\" alt=\"skola_VOL6116\" style=\"width: 157px; height: 114px;\" \/> <\/a> <\/div> <div class=\"tiled-gallery-item tiled-gallery-item-small\" itemprop=\"associatedMedia\" itemscope itemtype=\"http:\/\/schema.org\/ImageObject\"> <a href=\"https:\/\/www.volen.pl\/?attachment_id=2167\" border=\"0\" itemprop=\"url\"> <meta itemprop=\"width\" content=\"157\"> <meta itemprop=\"height\" content=\"104\"> <img decoding=\"async\" class=\"\" data-attachment-id=\"2167\" data-orig-file=\"https:\/\/www.volen.pl\/wp-content\/uploads\/2017\/07\/fotograf_VOL6089.jpg\" data-orig-size=\"2464,1632\" data-comments-opened=\"\" data-image-meta=\"{&quot;aperture&quot;:&quot;8&quot;,&quot;credit&quot;:&quot;Przemyslaw \\u0027volen\\u0027 Wollenszleger&quot;,&quot;camera&quot;:&quot;NIKON D7000&quot;,&quot;caption&quot;:&quot;&quot;,&quot;created_timestamp&quot;:&quot;1479720351&quot;,&quot;copyright&quot;:&quot;&quot;,&quot;focal_length&quot;:&quot;14&quot;,&quot;iso&quot;:&quot;100&quot;,&quot;shutter_speed&quot;:&quot;4&quot;,&quot;title&quot;:&quot;&quot;,&quot;orientation&quot;:&quot;1&quot;}\" data-image-title=\"fotograf_VOL6089\" data-image-description=\"\" data-medium-file=\"https:\/\/i0.wp.com\/www.volen.pl\/wp-content\/uploads\/2017\/07\/fotograf_VOL6089.jpg?fit=1024%2C678&#038;ssl=1\" data-large-file=\"https:\/\/i0.wp.com\/www.volen.pl\/wp-content\/uploads\/2017\/07\/fotograf_VOL6089.jpg?fit=2048%2C1356&#038;ssl=1\" src=\"https:\/\/i0.wp.com\/www.volen.pl\/wp-content\/uploads\/2017\/07\/fotograf_VOL6089.jpg?w=157&#038;h=104&#038;ssl=1\" srcset=\"https:\/\/i0.wp.com\/www.volen.pl\/wp-content\/uploads\/2017\/07\/fotograf_VOL6089.jpg?w=2464&amp;ssl=1 2464w, https:\/\/i0.wp.com\/www.volen.pl\/wp-content\/uploads\/2017\/07\/fotograf_VOL6089.jpg?resize=1024%2C678&amp;ssl=1 1024w, https:\/\/i0.wp.com\/www.volen.pl\/wp-content\/uploads\/2017\/07\/fotograf_VOL6089.jpg?resize=2048%2C1356&amp;ssl=1 2048w, https:\/\/i0.wp.com\/www.volen.pl\/wp-content\/uploads\/2017\/07\/fotograf_VOL6089.jpg?resize=120%2C80&amp;ssl=1 120w\" width=\"157\" height=\"104\" loading=\"lazy\" data-original-width=\"157\" data-original-height=\"104\" itemprop=\"http:\/\/schema.org\/image\" title=\"fotograf_VOL6089\" alt=\"fotograf_VOL6089\" style=\"width: 157px; height: 104px;\" \/> <\/a> <\/div> <\/div> <!-- close group --> <\/div> <!-- close row --> <div class=\"gallery-row\" style=\"width: 500px; height: 168px;\" data-original-width=\"500\" data-original-height=\"168\" > <div class=\"gallery-group images-1\" style=\"width: 249px; height: 168px;\" data-original-width=\"249\" data-original-height=\"168\" > <div class=\"tiled-gallery-item tiled-gallery-item-small\" itemprop=\"associatedMedia\" itemscope itemtype=\"http:\/\/schema.org\/ImageObject\"> <a href=\"https:\/\/www.volen.pl\/?attachment_id=2169\" border=\"0\" itemprop=\"url\"> <meta itemprop=\"width\" content=\"245\"> <meta itemprop=\"height\" content=\"164\"> <img decoding=\"async\" class=\"\" data-attachment-id=\"2169\" data-orig-file=\"https:\/\/www.volen.pl\/wp-content\/uploads\/2017\/07\/rower-DSC_8786.jpg\" data-orig-size=\"1976,1323\" data-comments-opened=\"\" data-image-meta=\"{&quot;aperture&quot;:&quot;0&quot;,&quot;credit&quot;:&quot;&quot;,&quot;camera&quot;:&quot;&quot;,&quot;caption&quot;:&quot;&quot;,&quot;created_timestamp&quot;:&quot;0&quot;,&quot;copyright&quot;:&quot;&quot;,&quot;focal_length&quot;:&quot;0&quot;,&quot;iso&quot;:&quot;0&quot;,&quot;shutter_speed&quot;:&quot;0&quot;,&quot;title&quot;:&quot;&quot;,&quot;orientation&quot;:&quot;0&quot;}\" data-image-title=\"rower DSC_8786\" data-image-description=\"\" data-medium-file=\"https:\/\/i0.wp.com\/www.volen.pl\/wp-content\/uploads\/2017\/07\/rower-DSC_8786.jpg?fit=1024%2C686&#038;ssl=1\" data-large-file=\"https:\/\/i0.wp.com\/www.volen.pl\/wp-content\/uploads\/2017\/07\/rower-DSC_8786.jpg?fit=1976%2C1323&#038;ssl=1\" src=\"https:\/\/i0.wp.com\/www.volen.pl\/wp-content\/uploads\/2017\/07\/rower-DSC_8786.jpg?w=245&#038;h=164&#038;ssl=1\" srcset=\"https:\/\/i0.wp.com\/www.volen.pl\/wp-content\/uploads\/2017\/07\/rower-DSC_8786.jpg?w=1976&amp;ssl=1 1976w, https:\/\/i0.wp.com\/www.volen.pl\/wp-content\/uploads\/2017\/07\/rower-DSC_8786.jpg?resize=1024%2C686&amp;ssl=1 1024w, https:\/\/i0.wp.com\/www.volen.pl\/wp-content\/uploads\/2017\/07\/rower-DSC_8786.jpg?resize=120%2C80&amp;ssl=1 120w\" width=\"245\" height=\"164\" loading=\"lazy\" data-original-width=\"245\" data-original-height=\"164\" itemprop=\"http:\/\/schema.org\/image\" title=\"rower DSC_8786\" alt=\"rower DSC_8786\" style=\"width: 245px; height: 164px;\" \/> <\/a> <\/div> <\/div> <!-- close group --> <div class=\"gallery-group images-1\" style=\"width: 251px; height: 168px;\" data-original-width=\"251\" data-original-height=\"168\" > <div class=\"tiled-gallery-item tiled-gallery-item-small\" itemprop=\"associatedMedia\" itemscope itemtype=\"http:\/\/schema.org\/ImageObject\"> <a href=\"https:\/\/www.volen.pl\/?attachment_id=2168\" border=\"0\" itemprop=\"url\"> <meta itemprop=\"width\" content=\"247\"> <meta itemprop=\"height\" content=\"164\"> <img decoding=\"async\" class=\"\" data-attachment-id=\"2168\" data-orig-file=\"https:\/\/www.volen.pl\/wp-content\/uploads\/2017\/07\/reykjavik_VOL6161.jpg\" data-orig-size=\"2048,1356\" data-comments-opened=\"\" data-image-meta=\"{&quot;aperture&quot;:&quot;0&quot;,&quot;credit&quot;:&quot;&quot;,&quot;camera&quot;:&quot;&quot;,&quot;caption&quot;:&quot;&quot;,&quot;created_timestamp&quot;:&quot;0&quot;,&quot;copyright&quot;:&quot;&quot;,&quot;focal_length&quot;:&quot;0&quot;,&quot;iso&quot;:&quot;0&quot;,&quot;shutter_speed&quot;:&quot;0&quot;,&quot;title&quot;:&quot;&quot;,&quot;orientation&quot;:&quot;0&quot;}\" data-image-title=\"reykjavik_VOL6161\" data-image-description=\"\" data-medium-file=\"https:\/\/i0.wp.com\/www.volen.pl\/wp-content\/uploads\/2017\/07\/reykjavik_VOL6161.jpg?fit=1024%2C678&#038;ssl=1\" data-large-file=\"https:\/\/i0.wp.com\/www.volen.pl\/wp-content\/uploads\/2017\/07\/reykjavik_VOL6161.jpg?fit=2048%2C1356&#038;ssl=1\" src=\"https:\/\/i0.wp.com\/www.volen.pl\/wp-content\/uploads\/2017\/07\/reykjavik_VOL6161.jpg?w=247&#038;h=164&#038;ssl=1\" srcset=\"https:\/\/i0.wp.com\/www.volen.pl\/wp-content\/uploads\/2017\/07\/reykjavik_VOL6161.jpg?w=2048&amp;ssl=1 2048w, https:\/\/i0.wp.com\/www.volen.pl\/wp-content\/uploads\/2017\/07\/reykjavik_VOL6161.jpg?resize=1024%2C678&amp;ssl=1 1024w, https:\/\/i0.wp.com\/www.volen.pl\/wp-content\/uploads\/2017\/07\/reykjavik_VOL6161.jpg?resize=120%2C80&amp;ssl=1 120w\" width=\"247\" height=\"164\" loading=\"lazy\" data-original-width=\"247\" data-original-height=\"164\" itemprop=\"http:\/\/schema.org\/image\" title=\"reykjavik_VOL6161\" alt=\"reykjavik_VOL6161\" style=\"width: 247px; height: 164px;\" \/> <\/a> <\/div> <\/div> <!-- close group --> <\/div> <!-- close row --> <\/div>\n<p>O wyznaczonej sobie wcze\u015bniej godzinie wr\u00f3ci\u0142em do auta i spakowa\u0142em si\u0119 do lotu, ale nawet to nie zmieni\u0142o struktury dnia, tej jego organicznej tkanki tak r\u00f3\u017cnej od innych, wcze\u015bniej prze\u017cywanych przeze mnie dni powrotu.<\/p>\n<p>Dotar\u0142em do City Car Rentals, zda\u0142em auto, a ch\u0142opak z obs\u0142ugi zawi\u00f3z\u0142 mnie na lotnisko.<\/p>\n<p>Lotnisko w Keflaviku w swej dolnej cz\u0119\u015bci nie posiada siedze\u0144, \u017c\u0119by si\u0119 ludno\u015b\u0107 nie zal\u0119g\u0142a. Dopiero po oddaniu baga\u017cu i kontroli, na sali odlot\u00f3w s\u0105 siedzenia.<\/p>\n<p>S\u0142\u00f3wko na temat stra\u017cy granicznej: polska Stra\u017c Graniczna, te t\u0119pe, bezduszne, aroganckie i nieuprzejme nadwi\u015bla\u0144skie gbury, powinna uczy\u0107 si\u0119 obowi\u0105zkowo uprzejmo\u015bci minimum 3 lata na sta\u017cu u islandczyk\u00f3w. Najm\u0142odszy stra\u017cnik islandzki ma wi\u0119cej empatycznego profesjonalizmu, ni\u017c ca\u0142a banda SG na Ok\u0119ciu czy R\u0119biechowie.<\/p>\n<p>Zosta\u0142o p\u00f3\u0142 godziny do zamkni\u0119cia bramki, a ja w\u0142a\u015bnie zjad\u0142em kolacj\u0119 i pisz\u0119 te s\u0142owa. Niebawem b\u0119d\u0119 w domu. Ale wylatuj\u0105c z Islandii, jak nigdy wcze\u015bniej&#8230; czuj\u0119, \u017ce wylatuj\u0119 z domu.<\/p>\n","protected":false},"excerpt":{"rendered":"<p>Dzi\u015b dzie\u0144 powrotu do domu. Normalnie zawsze to czu\u0142em gdzie\u015b we wn\u0119trzu, taki dzie\u0144 powrotu&#8230;<\/p>\n<div class=\"more-link-wrapper\"><a class=\"more-link\" href=\"https:\/\/www.volen.pl\/?p=2164\">Read the post<span class=\"screen-reader-text\">Dom<\/span><\/a><\/div>\n","protected":false},"author":1,"featured_media":2168,"comment_status":"closed","ping_status":"closed","sticky":false,"template":"","format":"standard","meta":{"_crdt_document":"","jetpack_post_was_ever_published":false,"_jetpack_newsletter_access":"","_jetpack_dont_email_post_to_subs":false,"_jetpack_newsletter_tier_id":0,"_jetpack_memberships_contains_paywalled_content":false,"_jetpack_memberships_contains_paid_content":false,"footnotes":"","jetpack_publicize_message":"","jetpack_publicize_feature_enabled":true,"jetpack_social_post_already_shared":true,"jetpack_social_options":{"image_generator_settings":{"template":"highway","default_image_id":0,"font":"","enabled":false},"version":2}},"categories":[268,93],"tags":[246,295,269,205,270],"class_list":["post-2164","post","type-post","status-publish","format-standard","has-post-thumbnail","hentry","category-islandia","category-nawariata","tag-246","tag-harpa","tag-islandia","tag-nawariata","tag-reykjavik","excerpt","zoom","full-without-featured","even","excerpt-0"],"jetpack_publicize_connections":[],"jetpack_featured_media_url":"https:\/\/i0.wp.com\/www.volen.pl\/wp-content\/uploads\/2017\/07\/reykjavik_VOL6161.jpg?fit=2048%2C1356&ssl=1","jetpack_shortlink":"https:\/\/wp.me\/s4lAri-dom","jetpack_sharing_enabled":true,"jetpack-related-posts":[{"id":2041,"url":"https:\/\/www.volen.pl\/?p=2041","url_meta":{"origin":2164,"position":0},"title":"Dzie\u0144 pierwszy","author":"volen","date":"2016-11-14","format":false,"excerpt":"Si\u0105pili nosami pe\u0142nymi kataru... Wydawa\u0142oby si\u0119, \u017ce doro\u015bli ludzie, a ci\u0105gle tylko sffff, sffff... Przy oknie siedzia\u0142a Islandka, przy przej\u015bciu Polak. Mi\u0119dzy nimi ja.\u00a0 I ca\u0142\u0105 podr\u00f3\u017c si\u0105pili. A potem si\u0105pili na lotnisku, kiedy czekali\u015bmy na baga\u017ce... Czas p\u0142yn\u0105\u0142, czekali\u015bmy, a oni si\u0105pili... I do d\u0142ugiej listy rzeczy, kt\u00f3rych nie\u2026","rel":"","context":"W \u201eIslandia: snj\u00f3r, \u00eds og eldur&quot;","block_context":{"text":"Islandia: snj\u00f3r, \u00eds og eldur","link":"https:\/\/www.volen.pl\/?cat=268"},"img":{"alt_text":"","src":"https:\/\/i0.wp.com\/www.volen.pl\/wp-content\/uploads\/2017\/01\/droga_VOL4919_2.jpg?fit=1200%2C795&ssl=1&resize=350%2C200","width":350,"height":200,"srcset":"https:\/\/i0.wp.com\/www.volen.pl\/wp-content\/uploads\/2017\/01\/droga_VOL4919_2.jpg?fit=1200%2C795&ssl=1&resize=350%2C200 1x, https:\/\/i0.wp.com\/www.volen.pl\/wp-content\/uploads\/2017\/01\/droga_VOL4919_2.jpg?fit=1200%2C795&ssl=1&resize=525%2C300 1.5x, https:\/\/i0.wp.com\/www.volen.pl\/wp-content\/uploads\/2017\/01\/droga_VOL4919_2.jpg?fit=1200%2C795&ssl=1&resize=700%2C400 2x, https:\/\/i0.wp.com\/www.volen.pl\/wp-content\/uploads\/2017\/01\/droga_VOL4919_2.jpg?fit=1200%2C795&ssl=1&resize=1050%2C600 3x"},"classes":[]},{"id":508,"url":"https:\/\/www.volen.pl\/?p=508","url_meta":{"origin":2164,"position":1},"title":"Kutaisi. \u10e5\u10e3\u10d7\u10d0\u10d8\u10e1\u10d8.","author":"volen","date":"2014-04-02","format":false,"excerpt":"Najcz\u0119\u015bciej odwiedzane przez nas miasto w Gruzji. Nie z powodu jakiej\u015b osza\u0142amiaj\u0105cej urody, nie. Raczej z powodu strategicznego po\u0142o\u017cenia. Lokalny w\u0119ze\u0142 komunikacyjny. Siedziba parlamentu Gruzji, kt\u00f3rego budynek wyr\u00f3\u017cnia si\u0119 na tle okolicznej architektury, jak pierwszy pryszcz na twarzy nastolatki. Zauwa\u017cyli\u015bmy przy okazji, i\u017c Gruzini lubi\u0105 takie falowano - \u015blimakowate kszta\u0142ty\u2026","rel":"","context":"W \u201eGruzja 2014&quot;","block_context":{"text":"Gruzja 2014","link":"https:\/\/www.volen.pl\/?cat=133"},"img":{"alt_text":"","src":"https:\/\/i0.wp.com\/www.volen.pl\/wp-content\/uploads\/2014\/04\/katedra-_DSC7010.jpg?fit=795%2C1200&ssl=1&resize=350%2C200","width":350,"height":200,"srcset":"https:\/\/i0.wp.com\/www.volen.pl\/wp-content\/uploads\/2014\/04\/katedra-_DSC7010.jpg?fit=795%2C1200&ssl=1&resize=350%2C200 1x, https:\/\/i0.wp.com\/www.volen.pl\/wp-content\/uploads\/2014\/04\/katedra-_DSC7010.jpg?fit=795%2C1200&ssl=1&resize=525%2C300 1.5x, https:\/\/i0.wp.com\/www.volen.pl\/wp-content\/uploads\/2014\/04\/katedra-_DSC7010.jpg?fit=795%2C1200&ssl=1&resize=700%2C400 2x"},"classes":[]},{"id":2084,"url":"https:\/\/www.volen.pl\/?p=2084","url_meta":{"origin":2164,"position":2},"title":"Fiordy Zachodnie","author":"volen","date":"2016-11-16","format":false,"excerpt":"Dzisiejszej nocy wichura omal nie przestawi\u0142a samochodu... Hyundai Santa Fe ma z ty\u0142u k\u0105t natarcia, jak \u015bciana hipermarketu, wi\u0119c trz\u0119s\u0142o nim porz\u0105dnie. Wiatr zrywa\u0142 si\u0119 nagle, falami tak, \u017ce nie spos\u00f3b by\u0142o do tego przywykn\u0105\u0107. Nad ranem (ok. 6.00) obudzili mnie przyjezdni azjaci. Du\u017co i g\u0142o\u015bno m\u00f3wili, wi\u0119c doszed\u0142em do\u2026","rel":"","context":"W \u201eIslandia: snj\u00f3r, \u00eds og eldur&quot;","block_context":{"text":"Islandia: snj\u00f3r, \u00eds og eldur","link":"https:\/\/www.volen.pl\/?cat=268"},"img":{"alt_text":"","src":"https:\/\/i0.wp.com\/www.volen.pl\/wp-content\/uploads\/2017\/04\/widok-z-g%C3%B3ry-_VOL5262.jpg?fit=1200%2C795&ssl=1&resize=350%2C200","width":350,"height":200,"srcset":"https:\/\/i0.wp.com\/www.volen.pl\/wp-content\/uploads\/2017\/04\/widok-z-g%C3%B3ry-_VOL5262.jpg?fit=1200%2C795&ssl=1&resize=350%2C200 1x, https:\/\/i0.wp.com\/www.volen.pl\/wp-content\/uploads\/2017\/04\/widok-z-g%C3%B3ry-_VOL5262.jpg?fit=1200%2C795&ssl=1&resize=525%2C300 1.5x, https:\/\/i0.wp.com\/www.volen.pl\/wp-content\/uploads\/2017\/04\/widok-z-g%C3%B3ry-_VOL5262.jpg?fit=1200%2C795&ssl=1&resize=700%2C400 2x, https:\/\/i0.wp.com\/www.volen.pl\/wp-content\/uploads\/2017\/04\/widok-z-g%C3%B3ry-_VOL5262.jpg?fit=1200%2C795&ssl=1&resize=1050%2C600 3x"},"classes":[]},{"id":2119,"url":"https:\/\/www.volen.pl\/?p=2119","url_meta":{"origin":2164,"position":3},"title":"Wielki odwr\u00f3t","author":"volen","date":"2016-11-18","format":false,"excerpt":"Zjad\u0142em kanapk\u0119 z sa\u0142atk\u0105, kawy sobie nie robi\u0142em, gdy\u017c o 8.00 otwierali stacj\u0119, dok\u0105d uda\u0142em si\u0119 po \u015bniadaniu. Kawa i wiadomo\u015bci. Otwarto drog\u0119 nr 1 na p\u00f3\u0142noc - jest szansa obejrze\u0107 Hvitserkur. To tylko 60km ode mnie. Droga oblodzona, dwa razy wiatr zakr\u0119ci\u0142 autem, jak ba\u0144k\u0105 mydlan\u0105. Po zje\u017adzie z\u2026","rel":"","context":"W \u201eIslandia: snj\u00f3r, \u00eds og eldur&quot;","block_context":{"text":"Islandia: snj\u00f3r, \u00eds og eldur","link":"https:\/\/www.volen.pl\/?cat=268"},"img":{"alt_text":"","src":"https:\/\/i0.wp.com\/www.volen.pl\/wp-content\/uploads\/2017\/05\/koniki-DSC_8557-1.jpg?fit=1200%2C593&ssl=1&resize=350%2C200","width":350,"height":200,"srcset":"https:\/\/i0.wp.com\/www.volen.pl\/wp-content\/uploads\/2017\/05\/koniki-DSC_8557-1.jpg?fit=1200%2C593&ssl=1&resize=350%2C200 1x, https:\/\/i0.wp.com\/www.volen.pl\/wp-content\/uploads\/2017\/05\/koniki-DSC_8557-1.jpg?fit=1200%2C593&ssl=1&resize=525%2C300 1.5x, https:\/\/i0.wp.com\/www.volen.pl\/wp-content\/uploads\/2017\/05\/koniki-DSC_8557-1.jpg?fit=1200%2C593&ssl=1&resize=700%2C400 2x, https:\/\/i0.wp.com\/www.volen.pl\/wp-content\/uploads\/2017\/05\/koniki-DSC_8557-1.jpg?fit=1200%2C593&ssl=1&resize=1050%2C600 3x"},"classes":[]},{"id":2130,"url":"https:\/\/www.volen.pl\/?p=2130","url_meta":{"origin":2164,"position":4},"title":"Przesyt","author":"volen","date":"2016-11-19","format":false,"excerpt":"Dzi\u015b w nocy po raz pierwszy nie szarpa\u0142o moj\u0105 sypialni\u0105. Wsta\u0142em wcze\u015bnie, wypi\u0142em kaw\u0119, zjad\u0142em \u015bniadanie i pojecha\u0142em na fotograficzne safari. Od Vik a\u017c po drog\u0119 na Hamragar\u00f0ahei\u00f0i w okolicach Seljalandsfoss, czyli praktycznie wszystko, co wzbudzi\u0142o moje wczorajsze WOW! Zajecha\u0142em w miejsca, o kt\u00f3rych nawet nie my\u015bla\u0142em, \u017ce do nich\u2026","rel":"","context":"W \u201eIslandia: snj\u00f3r, \u00eds og eldur&quot;","block_context":{"text":"Islandia: snj\u00f3r, \u00eds og eldur","link":"https:\/\/www.volen.pl\/?cat=268"},"img":{"alt_text":"","src":"https:\/\/i0.wp.com\/www.volen.pl\/wp-content\/uploads\/2017\/06\/30kmh_VOL5803s.jpg?resize=350%2C200","width":350,"height":200,"srcset":"https:\/\/i0.wp.com\/www.volen.pl\/wp-content\/uploads\/2017\/06\/30kmh_VOL5803s.jpg?resize=350%2C200 1x, https:\/\/i0.wp.com\/www.volen.pl\/wp-content\/uploads\/2017\/06\/30kmh_VOL5803s.jpg?resize=525%2C300 1.5x, https:\/\/i0.wp.com\/www.volen.pl\/wp-content\/uploads\/2017\/06\/30kmh_VOL5803s.jpg?resize=700%2C400 2x, https:\/\/i0.wp.com\/www.volen.pl\/wp-content\/uploads\/2017\/06\/30kmh_VOL5803s.jpg?resize=1050%2C600 3x, https:\/\/i0.wp.com\/www.volen.pl\/wp-content\/uploads\/2017\/06\/30kmh_VOL5803s.jpg?resize=1400%2C800 4x"},"classes":[]},{"id":2321,"url":"https:\/\/www.volen.pl\/?p=2321","url_meta":{"origin":2164,"position":5},"title":"nawariata","author":"volen","date":"2018-06-02","format":false,"excerpt":"Te dwa dni to ci\u0105g\u0142a jazda bez trzymanki. W Saratowie wymy\u015bli\u0142em owe kulki, potem pomy\u015bla\u0142em sobie, \u017ce przecie\u017c to rzut beretem do Morza Kaspijskiego, naoko\u0142o kt\u00f3rego kr\u0105\u017c\u0119 od 8 lat i nie mog\u0119 jako\u015b go dotkn\u0105\u0107, wi\u0119c za jednym rzutem, niejako przy okazji, wpadniemy nad morze. Zacz\u0119li\u015bmy porankiem o zapachu\u2026","rel":"","context":"W \u201enawariata&quot;","block_context":{"text":"nawariata","link":"https:\/\/www.volen.pl\/?cat=93"},"img":{"alt_text":"","src":"https:\/\/i0.wp.com\/www.volen.pl\/wp-content\/uploads\/2018\/06\/VOL0225.jpg?fit=1200%2C795&ssl=1&resize=350%2C200","width":350,"height":200,"srcset":"https:\/\/i0.wp.com\/www.volen.pl\/wp-content\/uploads\/2018\/06\/VOL0225.jpg?fit=1200%2C795&ssl=1&resize=350%2C200 1x, https:\/\/i0.wp.com\/www.volen.pl\/wp-content\/uploads\/2018\/06\/VOL0225.jpg?fit=1200%2C795&ssl=1&resize=525%2C300 1.5x, https:\/\/i0.wp.com\/www.volen.pl\/wp-content\/uploads\/2018\/06\/VOL0225.jpg?fit=1200%2C795&ssl=1&resize=700%2C400 2x, https:\/\/i0.wp.com\/www.volen.pl\/wp-content\/uploads\/2018\/06\/VOL0225.jpg?fit=1200%2C795&ssl=1&resize=1050%2C600 3x"},"classes":[]}],"_links":{"self":[{"href":"https:\/\/www.volen.pl\/index.php?rest_route=\/wp\/v2\/posts\/2164","targetHints":{"allow":["GET"]}}],"collection":[{"href":"https:\/\/www.volen.pl\/index.php?rest_route=\/wp\/v2\/posts"}],"about":[{"href":"https:\/\/www.volen.pl\/index.php?rest_route=\/wp\/v2\/types\/post"}],"author":[{"embeddable":true,"href":"https:\/\/www.volen.pl\/index.php?rest_route=\/wp\/v2\/users\/1"}],"replies":[{"embeddable":true,"href":"https:\/\/www.volen.pl\/index.php?rest_route=%2Fwp%2Fv2%2Fcomments&post=2164"}],"version-history":[{"count":2,"href":"https:\/\/www.volen.pl\/index.php?rest_route=\/wp\/v2\/posts\/2164\/revisions"}],"predecessor-version":[{"id":2172,"href":"https:\/\/www.volen.pl\/index.php?rest_route=\/wp\/v2\/posts\/2164\/revisions\/2172"}],"wp:featuredmedia":[{"embeddable":true,"href":"https:\/\/www.volen.pl\/index.php?rest_route=\/wp\/v2\/media\/2168"}],"wp:attachment":[{"href":"https:\/\/www.volen.pl\/index.php?rest_route=%2Fwp%2Fv2%2Fmedia&parent=2164"}],"wp:term":[{"taxonomy":"category","embeddable":true,"href":"https:\/\/www.volen.pl\/index.php?rest_route=%2Fwp%2Fv2%2Fcategories&post=2164"},{"taxonomy":"post_tag","embeddable":true,"href":"https:\/\/www.volen.pl\/index.php?rest_route=%2Fwp%2Fv2%2Ftags&post=2164"}],"curies":[{"name":"wp","href":"https:\/\/api.w.org\/{rel}","templated":true}]}}