{"id":224,"date":"2012-10-13T04:00:00","date_gmt":"2012-10-13T02:00:00","guid":{"rendered":"http:\/\/www.volen.pl\/?p=224"},"modified":"2016-01-23T18:57:25","modified_gmt":"2016-01-23T17:57:25","slug":"kapadocja","status":"publish","type":"post","link":"https:\/\/www.volen.pl\/?p=224","title":{"rendered":"Kapadocja"},"content":{"rendered":"<p>Po \u015bniadanku, zjedzonym w ciep\u0142ych promieniach wschodz\u0105cego s\u0142o\u0144ca na tarasie hotelu Archpalace, pojechali\u015bmy na wyczekiwan\u0105 wycieczk\u0119. Mamy do\u015b\u0107 miast kamiennych, wykutych w skale monastyr\u00f3w i podziemnych sal i tuneli. Straci\u0142y urok nieznanego, oswoili\u015bmy je, a na ko\u0144cu przejad\u0142y si\u0119. Nie zrozumcie nas \u017ale, Kapadocja to bardzo pi\u0119kne miejsce, warte odwiedzenia, ale my mamy do\u015b\u0107.<\/p>\n<p>Od pocz\u0105tku byli\u015bmy sceptycznie nastawieni do zorganizowanych wycieczek. To wra\u017cenie w\u0142a\u015bnie nam si\u0119 utrwali\u0142o. Spotkali\u015bmy si\u0119 w mi\u0119dzynarodowym towarzystwie: dwie \u015bwiergotki ameryka\u0144skie, jeden kangur, \u0142o\u015b kanadyjski, jedna Helga oraz trzy klasyczne odcienie \u017c\u00f3\u0142tego i w\u0142oskie go\u0142\u0105bki. Po mi\u0142ym powitaniu, wys\u0142uchaniu kr\u00f3tkiej historii rejonu (od 4000BC do XXw.) dotarli\u015bmy do podziemnego miasta Derinkuyu. W rzeczy samej wykute w skale ma\u0142e, w\u0105skie korytarzyki, klaustrofobiczne komnaty, podziemna stajnia, wszystko pi\u0119kne, ale pod\u0142e Turki zabra\u0142y nam statyw. To nam si\u0119 bardzo nie spodoba\u0142o. Zdj\u0119cia pod ziemi\u0105 z r\u0119ki? <img data-recalc-dims=\"1\" loading=\"lazy\" decoding=\"async\" data-attachment-id=\"1751\" data-permalink=\"https:\/\/www.volen.pl\/?attachment_id=1751\" data-orig-file=\"https:\/\/i0.wp.com\/www.volen.pl\/wp-content\/uploads\/2012\/10\/DSC_7779.jpg?fit=1976%2C1309&amp;ssl=1\" data-orig-size=\"1976,1309\" data-comments-opened=\"0\" data-image-meta=\"{&quot;aperture&quot;:&quot;0&quot;,&quot;credit&quot;:&quot;&quot;,&quot;camera&quot;:&quot;&quot;,&quot;caption&quot;:&quot;&quot;,&quot;created_timestamp&quot;:&quot;0&quot;,&quot;copyright&quot;:&quot;&quot;,&quot;focal_length&quot;:&quot;0&quot;,&quot;iso&quot;:&quot;0&quot;,&quot;shutter_speed&quot;:&quot;0&quot;,&quot;title&quot;:&quot;&quot;,&quot;orientation&quot;:&quot;0&quot;}\" data-image-title=\"DSC_7779\" data-image-description=\"\" data-image-caption=\"\" data-large-file=\"https:\/\/i0.wp.com\/www.volen.pl\/wp-content\/uploads\/2012\/10\/DSC_7779.jpg?fit=1976%2C1309&amp;ssl=1\" class=\"alignnone size-medium wp-image-1751\" src=\"https:\/\/i0.wp.com\/www.volen.pl\/wp-content\/uploads\/2012\/10\/DSC_7779.jpg?resize=1024%2C678&#038;ssl=1\" alt=\"DSC_7779\" width=\"1024\" height=\"678\" srcset=\"https:\/\/i0.wp.com\/www.volen.pl\/wp-content\/uploads\/2012\/10\/DSC_7779.jpg?resize=1024%2C678&amp;ssl=1 1024w, https:\/\/i0.wp.com\/www.volen.pl\/wp-content\/uploads\/2012\/10\/DSC_7779.jpg?resize=528%2C350&amp;ssl=1 528w, https:\/\/i0.wp.com\/www.volen.pl\/wp-content\/uploads\/2012\/10\/DSC_7779.jpg?w=1976&amp;ssl=1 1976w\" sizes=\"auto, (max-width: 1000px) 100vw, 1000px\" \/> <img data-recalc-dims=\"1\" loading=\"lazy\" decoding=\"async\" data-attachment-id=\"1752\" data-permalink=\"https:\/\/www.volen.pl\/?attachment_id=1752\" data-orig-file=\"https:\/\/i0.wp.com\/www.volen.pl\/wp-content\/uploads\/2012\/10\/DSC_7777.jpg?fit=1976%2C1309&amp;ssl=1\" data-orig-size=\"1976,1309\" data-comments-opened=\"0\" data-image-meta=\"{&quot;aperture&quot;:&quot;0&quot;,&quot;credit&quot;:&quot;&quot;,&quot;camera&quot;:&quot;&quot;,&quot;caption&quot;:&quot;&quot;,&quot;created_timestamp&quot;:&quot;0&quot;,&quot;copyright&quot;:&quot;&quot;,&quot;focal_length&quot;:&quot;0&quot;,&quot;iso&quot;:&quot;0&quot;,&quot;shutter_speed&quot;:&quot;0&quot;,&quot;title&quot;:&quot;&quot;,&quot;orientation&quot;:&quot;0&quot;}\" data-image-title=\"DSC_7777\" data-image-description=\"\" data-image-caption=\"\" data-large-file=\"https:\/\/i0.wp.com\/www.volen.pl\/wp-content\/uploads\/2012\/10\/DSC_7777.jpg?fit=1976%2C1309&amp;ssl=1\" class=\"alignnone size-medium wp-image-1752\" src=\"https:\/\/i0.wp.com\/www.volen.pl\/wp-content\/uploads\/2012\/10\/DSC_7777.jpg?resize=1024%2C678&#038;ssl=1\" alt=\"DSC_7777\" width=\"1024\" height=\"678\" srcset=\"https:\/\/i0.wp.com\/www.volen.pl\/wp-content\/uploads\/2012\/10\/DSC_7777.jpg?resize=1024%2C678&amp;ssl=1 1024w, https:\/\/i0.wp.com\/www.volen.pl\/wp-content\/uploads\/2012\/10\/DSC_7777.jpg?resize=528%2C350&amp;ssl=1 528w, https:\/\/i0.wp.com\/www.volen.pl\/wp-content\/uploads\/2012\/10\/DSC_7777.jpg?w=1976&amp;ssl=1 1976w\" sizes=\"auto, (max-width: 1000px) 100vw, 1000px\" \/><\/p>\n<p>Nast\u0119pny punkt wycieczki to wspania\u0142y kanion, wed\u0142ug przewodniczki, pi\u0119kniejszy ni\u017c Wielki Kanion w Arizonie. Nie wiemy, w Arizonie nie byli\u015bmy, o tym kanionie te\u017c trudno nam co\u015b powiedzie\u0107. Zwiedzanie kanionu polega\u0142o na szybkim marszobiegu w\u015br\u00f3d t\u0142umu innych wycieczek. Nasze pr\u00f3by uchwycenia czego\u015b pi\u0119knego ko\u0144czy\u0142y si\u0119 nerwowym cmokaniem przewodniczki, co wi\u0119cej, usi\u0142owa\u0142a straszy\u0107 pozostaj\u0105cych z ty\u0142u dzikimi zwierz\u0119tami, takimi jak lwy, gepardy, tygrysy. My spotkali\u015bmy jedynie p\u00f3\u0142dzikiego osio\u0142ka, stadko g\u0119si i ca\u0142kiem oswojonego kotka.<\/p>\n<div class=\"tiled-gallery type-rectangular tiled-gallery-unresized\" data-original-width=\"500\" data-carousel-extra='{&quot;blog_id&quot;:1,&quot;permalink&quot;:&quot;https:\\\/\\\/www.volen.pl\\\/?p=224&quot;,&quot;likes_blog_id&quot;:64250308}' itemscope itemtype=\"http:\/\/schema.org\/ImageGallery\" > <div class=\"gallery-row\" style=\"width: 500px; height: 427px;\" data-original-width=\"500\" data-original-height=\"427\" > <div class=\"gallery-group images-1\" style=\"width: 287px; height: 427px;\" data-original-width=\"287\" data-original-height=\"427\" > <div class=\"tiled-gallery-item tiled-gallery-item-large\" itemprop=\"associatedMedia\" itemscope itemtype=\"http:\/\/schema.org\/ImageObject\"> <a href=\"https:\/\/www.volen.pl\/?attachment_id=1761\" border=\"0\" itemprop=\"url\"> <meta itemprop=\"width\" content=\"283\"> <meta itemprop=\"height\" content=\"423\"> <img decoding=\"async\" class=\"\" data-attachment-id=\"1761\" data-orig-file=\"https:\/\/www.volen.pl\/wp-content\/uploads\/2012\/10\/DSC_7617.jpg\" data-orig-size=\"1976,2952\" data-comments-opened=\"\" data-image-meta=\"{&quot;aperture&quot;:&quot;9&quot;,&quot;credit&quot;:&quot;&quot;,&quot;camera&quot;:&quot;NIKON D40X&quot;,&quot;caption&quot;:&quot;&quot;,&quot;created_timestamp&quot;:&quot;1350128280&quot;,&quot;copyright&quot;:&quot;&quot;,&quot;focal_length&quot;:&quot;50&quot;,&quot;iso&quot;:&quot;200&quot;,&quot;shutter_speed&quot;:&quot;0.00625&quot;,&quot;title&quot;:&quot;&quot;,&quot;orientation&quot;:&quot;1&quot;}\" data-image-title=\"DSC_7617\" data-image-description=\"\" data-medium-file=\"https:\/\/i0.wp.com\/www.volen.pl\/wp-content\/uploads\/2012\/10\/DSC_7617.jpg?fit=685%2C1024&#038;ssl=1\" data-large-file=\"https:\/\/i0.wp.com\/www.volen.pl\/wp-content\/uploads\/2012\/10\/DSC_7617.jpg?fit=1371%2C2048&#038;ssl=1\" src=\"https:\/\/i0.wp.com\/www.volen.pl\/wp-content\/uploads\/2012\/10\/DSC_7617.jpg?w=283&#038;h=423&#038;ssl=1\" srcset=\"https:\/\/i0.wp.com\/www.volen.pl\/wp-content\/uploads\/2012\/10\/DSC_7617.jpg?w=1976&amp;ssl=1 1976w, https:\/\/i0.wp.com\/www.volen.pl\/wp-content\/uploads\/2012\/10\/DSC_7617.jpg?resize=685%2C1024&amp;ssl=1 685w, https:\/\/i0.wp.com\/www.volen.pl\/wp-content\/uploads\/2012\/10\/DSC_7617.jpg?resize=1371%2C2048&amp;ssl=1 1371w, https:\/\/i0.wp.com\/www.volen.pl\/wp-content\/uploads\/2012\/10\/DSC_7617.jpg?resize=234%2C350&amp;ssl=1 234w\" width=\"283\" height=\"423\" loading=\"lazy\" data-original-width=\"283\" data-original-height=\"423\" itemprop=\"http:\/\/schema.org\/image\" title=\"DSC_7617\" alt=\"turecka cowgirl\" style=\"width: 283px; height: 423px;\" \/> <\/a> <div class=\"tiled-gallery-caption\" itemprop=\"caption description\"> turecka cowgirl <\/div> <\/div> <\/div> <!-- close group --> <div class=\"gallery-group images-3\" style=\"width: 213px; height: 427px;\" data-original-width=\"213\" data-original-height=\"427\" > <div class=\"tiled-gallery-item tiled-gallery-item-small\" itemprop=\"associatedMedia\" itemscope itemtype=\"http:\/\/schema.org\/ImageObject\"> <a href=\"https:\/\/www.volen.pl\/?attachment_id=1753\" border=\"0\" itemprop=\"url\"> <meta itemprop=\"width\" content=\"209\"> <meta itemprop=\"height\" content=\"139\"> <img decoding=\"async\" class=\"\" data-attachment-id=\"1753\" data-orig-file=\"https:\/\/www.volen.pl\/wp-content\/uploads\/2012\/10\/DSC_7903.jpg\" data-orig-size=\"1976,1309\" data-comments-opened=\"\" data-image-meta=\"{&quot;aperture&quot;:&quot;8&quot;,&quot;credit&quot;:&quot;Przemyslaw \\u0027volen\\u0027 Wollenszleger&quot;,&quot;camera&quot;:&quot;NIKON D7000&quot;,&quot;caption&quot;:&quot;&quot;,&quot;created_timestamp&quot;:&quot;1350130562&quot;,&quot;copyright&quot;:&quot;&quot;,&quot;focal_length&quot;:&quot;105&quot;,&quot;iso&quot;:&quot;100&quot;,&quot;shutter_speed&quot;:&quot;0.033333333333333&quot;,&quot;title&quot;:&quot;&quot;,&quot;orientation&quot;:&quot;1&quot;}\" data-image-title=\"DSC_7903\" data-image-description=\"\" data-medium-file=\"https:\/\/i0.wp.com\/www.volen.pl\/wp-content\/uploads\/2012\/10\/DSC_7903.jpg?fit=1024%2C678&#038;ssl=1\" data-large-file=\"https:\/\/i0.wp.com\/www.volen.pl\/wp-content\/uploads\/2012\/10\/DSC_7903.jpg?fit=1976%2C1309&#038;ssl=1\" src=\"https:\/\/i0.wp.com\/www.volen.pl\/wp-content\/uploads\/2012\/10\/DSC_7903.jpg?w=209&#038;h=139&#038;ssl=1\" srcset=\"https:\/\/i0.wp.com\/www.volen.pl\/wp-content\/uploads\/2012\/10\/DSC_7903.jpg?w=1976&amp;ssl=1 1976w, https:\/\/i0.wp.com\/www.volen.pl\/wp-content\/uploads\/2012\/10\/DSC_7903.jpg?resize=1024%2C678&amp;ssl=1 1024w, https:\/\/i0.wp.com\/www.volen.pl\/wp-content\/uploads\/2012\/10\/DSC_7903.jpg?resize=528%2C350&amp;ssl=1 528w\" width=\"209\" height=\"139\" loading=\"lazy\" data-original-width=\"209\" data-original-height=\"139\" itemprop=\"http:\/\/schema.org\/image\" title=\"DSC_7903\" alt=\"dziki oswojony kotek\" style=\"width: 209px; height: 139px;\" \/> <\/a> <div class=\"tiled-gallery-caption\" itemprop=\"caption description\"> dziki oswojony kotek <\/div> <\/div> <div class=\"tiled-gallery-item tiled-gallery-item-small\" itemprop=\"associatedMedia\" itemscope itemtype=\"http:\/\/schema.org\/ImageObject\"> <a href=\"https:\/\/www.volen.pl\/?attachment_id=1759\" border=\"0\" itemprop=\"url\"> <meta itemprop=\"width\" content=\"209\"> <meta itemprop=\"height\" content=\"138\"> <img decoding=\"async\" class=\"\" data-attachment-id=\"1759\" data-orig-file=\"https:\/\/www.volen.pl\/wp-content\/uploads\/2012\/10\/DSC_7945.jpg\" data-orig-size=\"1976,1309\" data-comments-opened=\"\" data-image-meta=\"{&quot;aperture&quot;:&quot;8&quot;,&quot;credit&quot;:&quot;Przemyslaw \\u0027volen\\u0027 Wollenszleger&quot;,&quot;camera&quot;:&quot;NIKON D7000&quot;,&quot;caption&quot;:&quot;&quot;,&quot;created_timestamp&quot;:&quot;1350132574&quot;,&quot;copyright&quot;:&quot;&quot;,&quot;focal_length&quot;:&quot;18&quot;,&quot;iso&quot;:&quot;100&quot;,&quot;shutter_speed&quot;:&quot;0.04&quot;,&quot;title&quot;:&quot;&quot;,&quot;orientation&quot;:&quot;1&quot;}\" data-image-title=\"DSC_7945\" data-image-description=\"\" data-medium-file=\"https:\/\/i0.wp.com\/www.volen.pl\/wp-content\/uploads\/2012\/10\/DSC_7945.jpg?fit=1024%2C678&#038;ssl=1\" data-large-file=\"https:\/\/i0.wp.com\/www.volen.pl\/wp-content\/uploads\/2012\/10\/DSC_7945.jpg?fit=1976%2C1309&#038;ssl=1\" src=\"https:\/\/i0.wp.com\/www.volen.pl\/wp-content\/uploads\/2012\/10\/DSC_7945.jpg?w=209&#038;h=138&#038;ssl=1\" srcset=\"https:\/\/i0.wp.com\/www.volen.pl\/wp-content\/uploads\/2012\/10\/DSC_7945.jpg?w=1976&amp;ssl=1 1976w, https:\/\/i0.wp.com\/www.volen.pl\/wp-content\/uploads\/2012\/10\/DSC_7945.jpg?resize=1024%2C678&amp;ssl=1 1024w, https:\/\/i0.wp.com\/www.volen.pl\/wp-content\/uploads\/2012\/10\/DSC_7945.jpg?resize=528%2C350&amp;ssl=1 528w\" width=\"209\" height=\"138\" loading=\"lazy\" data-original-width=\"209\" data-original-height=\"138\" itemprop=\"http:\/\/schema.org\/image\" title=\"DSC_7945\" alt=\"stolik\" style=\"width: 209px; height: 138px;\" \/> <\/a> <div class=\"tiled-gallery-caption\" itemprop=\"caption description\"> stolik <\/div> <\/div> <div class=\"tiled-gallery-item tiled-gallery-item-small\" itemprop=\"associatedMedia\" itemscope itemtype=\"http:\/\/schema.org\/ImageObject\"> <a href=\"https:\/\/www.volen.pl\/?attachment_id=1758\" border=\"0\" itemprop=\"url\"> <meta itemprop=\"width\" content=\"209\"> <meta itemprop=\"height\" content=\"138\"> <img decoding=\"async\" class=\"\" data-attachment-id=\"1758\" data-orig-file=\"https:\/\/www.volen.pl\/wp-content\/uploads\/2012\/10\/DSC_7826.jpg\" data-orig-size=\"1976,1309\" data-comments-opened=\"\" data-image-meta=\"{&quot;aperture&quot;:&quot;8&quot;,&quot;credit&quot;:&quot;Przemyslaw \\u0027volen\\u0027 Wollenszleger&quot;,&quot;camera&quot;:&quot;NIKON D7000&quot;,&quot;caption&quot;:&quot;&quot;,&quot;created_timestamp&quot;:&quot;1350128479&quot;,&quot;copyright&quot;:&quot;&quot;,&quot;focal_length&quot;:&quot;28&quot;,&quot;iso&quot;:&quot;100&quot;,&quot;shutter_speed&quot;:&quot;0.008&quot;,&quot;title&quot;:&quot;&quot;,&quot;orientation&quot;:&quot;1&quot;}\" data-image-title=\"DSC_7826\" data-image-description=\"\" data-medium-file=\"https:\/\/i0.wp.com\/www.volen.pl\/wp-content\/uploads\/2012\/10\/DSC_7826.jpg?fit=1024%2C678&#038;ssl=1\" data-large-file=\"https:\/\/i0.wp.com\/www.volen.pl\/wp-content\/uploads\/2012\/10\/DSC_7826.jpg?fit=1976%2C1309&#038;ssl=1\" src=\"https:\/\/i0.wp.com\/www.volen.pl\/wp-content\/uploads\/2012\/10\/DSC_7826.jpg?w=209&#038;h=138&#038;ssl=1\" srcset=\"https:\/\/i0.wp.com\/www.volen.pl\/wp-content\/uploads\/2012\/10\/DSC_7826.jpg?w=1976&amp;ssl=1 1976w, https:\/\/i0.wp.com\/www.volen.pl\/wp-content\/uploads\/2012\/10\/DSC_7826.jpg?resize=1024%2C678&amp;ssl=1 1024w, https:\/\/i0.wp.com\/www.volen.pl\/wp-content\/uploads\/2012\/10\/DSC_7826.jpg?resize=528%2C350&amp;ssl=1 528w\" width=\"209\" height=\"138\" loading=\"lazy\" data-original-width=\"209\" data-original-height=\"138\" itemprop=\"http:\/\/schema.org\/image\" title=\"DSC_7826\" alt=\"kanion Ihlara\" style=\"width: 209px; height: 138px;\" \/> <\/a> <div class=\"tiled-gallery-caption\" itemprop=\"caption description\"> kanion Ihlara <\/div> <\/div> <\/div> <!-- close group --> <\/div> <!-- close row --> <div class=\"gallery-row\" style=\"width: 500px; height: 167px;\" data-original-width=\"500\" data-original-height=\"167\" > <div class=\"gallery-group images-1\" style=\"width: 250px; height: 167px;\" data-original-width=\"250\" data-original-height=\"167\" > <div class=\"tiled-gallery-item tiled-gallery-item-small\" itemprop=\"associatedMedia\" itemscope itemtype=\"http:\/\/schema.org\/ImageObject\"> <a href=\"https:\/\/www.volen.pl\/?attachment_id=1757\" border=\"0\" itemprop=\"url\"> <meta itemprop=\"width\" content=\"246\"> <meta itemprop=\"height\" content=\"163\"> <img decoding=\"async\" class=\"\" data-attachment-id=\"1757\" data-orig-file=\"https:\/\/www.volen.pl\/wp-content\/uploads\/2012\/10\/DSC_7886.jpg\" data-orig-size=\"1976,1309\" data-comments-opened=\"\" data-image-meta=\"{&quot;aperture&quot;:&quot;8&quot;,&quot;credit&quot;:&quot;Przemyslaw \\u0027volen\\u0027 Wollenszleger&quot;,&quot;camera&quot;:&quot;NIKON D7000&quot;,&quot;caption&quot;:&quot;&quot;,&quot;created_timestamp&quot;:&quot;1350130327&quot;,&quot;copyright&quot;:&quot;&quot;,&quot;focal_length&quot;:&quot;105&quot;,&quot;iso&quot;:&quot;100&quot;,&quot;shutter_speed&quot;:&quot;0.0125&quot;,&quot;title&quot;:&quot;&quot;,&quot;orientation&quot;:&quot;1&quot;}\" data-image-title=\"DSC_7886\" data-image-description=\"\" data-medium-file=\"https:\/\/i0.wp.com\/www.volen.pl\/wp-content\/uploads\/2012\/10\/DSC_7886.jpg?fit=1024%2C678&#038;ssl=1\" data-large-file=\"https:\/\/i0.wp.com\/www.volen.pl\/wp-content\/uploads\/2012\/10\/DSC_7886.jpg?fit=1976%2C1309&#038;ssl=1\" src=\"https:\/\/i0.wp.com\/www.volen.pl\/wp-content\/uploads\/2012\/10\/DSC_7886.jpg?w=246&#038;h=163&#038;ssl=1\" srcset=\"https:\/\/i0.wp.com\/www.volen.pl\/wp-content\/uploads\/2012\/10\/DSC_7886.jpg?w=1976&amp;ssl=1 1976w, https:\/\/i0.wp.com\/www.volen.pl\/wp-content\/uploads\/2012\/10\/DSC_7886.jpg?resize=1024%2C678&amp;ssl=1 1024w, https:\/\/i0.wp.com\/www.volen.pl\/wp-content\/uploads\/2012\/10\/DSC_7886.jpg?resize=528%2C350&amp;ssl=1 528w\" width=\"246\" height=\"163\" loading=\"lazy\" data-original-width=\"246\" data-original-height=\"163\" itemprop=\"http:\/\/schema.org\/image\" title=\"DSC_7886\" alt=\"dziki osio\u0142ek\" style=\"width: 246px; height: 163px;\" \/> <\/a> <div class=\"tiled-gallery-caption\" itemprop=\"caption description\"> dziki osio\u0142ek <\/div> <\/div> <\/div> <!-- close group --> <div class=\"gallery-group images-1\" style=\"width: 250px; height: 167px;\" data-original-width=\"250\" data-original-height=\"167\" > <div class=\"tiled-gallery-item tiled-gallery-item-small\" itemprop=\"associatedMedia\" itemscope itemtype=\"http:\/\/schema.org\/ImageObject\"> <a href=\"https:\/\/www.volen.pl\/?attachment_id=1762\" border=\"0\" itemprop=\"url\"> <meta itemprop=\"width\" content=\"246\"> <meta itemprop=\"height\" content=\"163\"> <img decoding=\"async\" class=\"\" data-attachment-id=\"1762\" data-orig-file=\"https:\/\/www.volen.pl\/wp-content\/uploads\/2012\/10\/DSC_7912.jpg\" data-orig-size=\"1976,1309\" data-comments-opened=\"\" data-image-meta=\"{&quot;aperture&quot;:&quot;11&quot;,&quot;credit&quot;:&quot;Przemyslaw \\u0027volen\\u0027 Wollenszleger&quot;,&quot;camera&quot;:&quot;NIKON D7000&quot;,&quot;caption&quot;:&quot;&quot;,&quot;created_timestamp&quot;:&quot;1350130908&quot;,&quot;copyright&quot;:&quot;&quot;,&quot;focal_length&quot;:&quot;32&quot;,&quot;iso&quot;:&quot;100&quot;,&quot;shutter_speed&quot;:&quot;0.1&quot;,&quot;title&quot;:&quot;&quot;,&quot;orientation&quot;:&quot;1&quot;}\" data-image-title=\"DSC_7912\" data-image-description=\"\" data-medium-file=\"https:\/\/i0.wp.com\/www.volen.pl\/wp-content\/uploads\/2012\/10\/DSC_7912.jpg?fit=1024%2C678&#038;ssl=1\" data-large-file=\"https:\/\/i0.wp.com\/www.volen.pl\/wp-content\/uploads\/2012\/10\/DSC_7912.jpg?fit=1976%2C1309&#038;ssl=1\" src=\"https:\/\/i0.wp.com\/www.volen.pl\/wp-content\/uploads\/2012\/10\/DSC_7912.jpg?w=246&#038;h=163&#038;ssl=1\" srcset=\"https:\/\/i0.wp.com\/www.volen.pl\/wp-content\/uploads\/2012\/10\/DSC_7912.jpg?w=1976&amp;ssl=1 1976w, https:\/\/i0.wp.com\/www.volen.pl\/wp-content\/uploads\/2012\/10\/DSC_7912.jpg?resize=1024%2C678&amp;ssl=1 1024w, https:\/\/i0.wp.com\/www.volen.pl\/wp-content\/uploads\/2012\/10\/DSC_7912.jpg?resize=528%2C350&amp;ssl=1 528w\" width=\"246\" height=\"163\" loading=\"lazy\" data-original-width=\"246\" data-original-height=\"163\" itemprop=\"http:\/\/schema.org\/image\" title=\"DSC_7912\" alt=\"Kot domowy\" style=\"width: 246px; height: 163px;\" \/> <\/a> <div class=\"tiled-gallery-caption\" itemprop=\"caption description\"> Kot domowy <\/div> <\/div> <\/div> <!-- close group --> <\/div> <!-- close row --> <\/div>\n<p>Turki maj\u0105 fajny spos\u00f3b na powi\u0119kszenie ilo\u015bci miejsc w restauracji: ustawiaj\u0105 drewniane b\u0105d\u017a metalowe podesty w rw\u0105cym nurcie rzeczki, robi\u0105 do nich k\u0142adki i tak powstaj\u0105 miejsca vipowskie.<\/p>\n<p><img data-recalc-dims=\"1\" loading=\"lazy\" decoding=\"async\" data-attachment-id=\"1763\" data-permalink=\"https:\/\/www.volen.pl\/?attachment_id=1763\" data-orig-file=\"https:\/\/i0.wp.com\/www.volen.pl\/wp-content\/uploads\/2012\/10\/DSC_7890.jpg?fit=1976%2C1309&amp;ssl=1\" data-orig-size=\"1976,1309\" data-comments-opened=\"0\" data-image-meta=\"{&quot;aperture&quot;:&quot;8&quot;,&quot;credit&quot;:&quot;Przemyslaw &#039;volen&#039; Wollenszleger&quot;,&quot;camera&quot;:&quot;NIKON D7000&quot;,&quot;caption&quot;:&quot;&quot;,&quot;created_timestamp&quot;:&quot;1350130386&quot;,&quot;copyright&quot;:&quot;&quot;,&quot;focal_length&quot;:&quot;42&quot;,&quot;iso&quot;:&quot;100&quot;,&quot;shutter_speed&quot;:&quot;0.016666666666667&quot;,&quot;title&quot;:&quot;&quot;,&quot;orientation&quot;:&quot;1&quot;}\" data-image-title=\"DSC_7890\" data-image-description=\"\" data-image-caption=\"\" data-large-file=\"https:\/\/i0.wp.com\/www.volen.pl\/wp-content\/uploads\/2012\/10\/DSC_7890.jpg?fit=1976%2C1309&amp;ssl=1\" class=\"alignnone size-medium wp-image-1763\" src=\"https:\/\/i0.wp.com\/www.volen.pl\/wp-content\/uploads\/2012\/10\/DSC_7890.jpg?resize=1024%2C678&#038;ssl=1\" alt=\"DSC_7890\" width=\"1024\" height=\"678\" srcset=\"https:\/\/i0.wp.com\/www.volen.pl\/wp-content\/uploads\/2012\/10\/DSC_7890.jpg?resize=1024%2C678&amp;ssl=1 1024w, https:\/\/i0.wp.com\/www.volen.pl\/wp-content\/uploads\/2012\/10\/DSC_7890.jpg?resize=528%2C350&amp;ssl=1 528w, https:\/\/i0.wp.com\/www.volen.pl\/wp-content\/uploads\/2012\/10\/DSC_7890.jpg?w=1976&amp;ssl=1 1976w\" sizes=\"auto, (max-width: 1000px) 100vw, 1000px\" \/><\/p>\n<p>Po pouczaj\u0105cym biegu w kanionie, pojechali\u015bmy obejrze\u0107 kopi\u0119 monastyru gruzi\u0144skiej Wardzi w Selime. Wci\u0105\u017c nas poganiali. Przed nami by\u0142y jeszcze trzy punkty tego jak\u017ce bogatego programu. Dolina Go\u0142\u0119bi, fabryka ozd\u00f3b z onyksu i punkt widokowy nad Goreme.<\/p>\n<p><img data-recalc-dims=\"1\" loading=\"lazy\" decoding=\"async\" data-attachment-id=\"1748\" data-permalink=\"https:\/\/www.volen.pl\/?attachment_id=1748\" data-orig-file=\"https:\/\/i0.wp.com\/www.volen.pl\/wp-content\/uploads\/2012\/10\/DSC_8007.jpg?fit=1976%2C1309&amp;ssl=1\" data-orig-size=\"1976,1309\" data-comments-opened=\"0\" data-image-meta=\"{&quot;aperture&quot;:&quot;0&quot;,&quot;credit&quot;:&quot;&quot;,&quot;camera&quot;:&quot;&quot;,&quot;caption&quot;:&quot;&quot;,&quot;created_timestamp&quot;:&quot;0&quot;,&quot;copyright&quot;:&quot;&quot;,&quot;focal_length&quot;:&quot;0&quot;,&quot;iso&quot;:&quot;0&quot;,&quot;shutter_speed&quot;:&quot;0&quot;,&quot;title&quot;:&quot;&quot;,&quot;orientation&quot;:&quot;0&quot;}\" data-image-title=\"DSC_8007\" data-image-description=\"\" data-image-caption=\"\" data-large-file=\"https:\/\/i0.wp.com\/www.volen.pl\/wp-content\/uploads\/2012\/10\/DSC_8007.jpg?fit=1976%2C1309&amp;ssl=1\" class=\"alignnone size-medium wp-image-1748\" src=\"https:\/\/i0.wp.com\/www.volen.pl\/wp-content\/uploads\/2012\/10\/DSC_8007.jpg?resize=1024%2C678&#038;ssl=1\" alt=\"DSC_8007\" width=\"1024\" height=\"678\" srcset=\"https:\/\/i0.wp.com\/www.volen.pl\/wp-content\/uploads\/2012\/10\/DSC_8007.jpg?resize=1024%2C678&amp;ssl=1 1024w, https:\/\/i0.wp.com\/www.volen.pl\/wp-content\/uploads\/2012\/10\/DSC_8007.jpg?resize=528%2C350&amp;ssl=1 528w, https:\/\/i0.wp.com\/www.volen.pl\/wp-content\/uploads\/2012\/10\/DSC_8007.jpg?w=1976&amp;ssl=1 1976w\" sizes=\"auto, (max-width: 1000px) 100vw, 1000px\" \/> <img data-recalc-dims=\"1\" loading=\"lazy\" decoding=\"async\" data-attachment-id=\"1750\" data-permalink=\"https:\/\/www.volen.pl\/?attachment_id=1750\" data-orig-file=\"https:\/\/i0.wp.com\/www.volen.pl\/wp-content\/uploads\/2012\/10\/DSC_8029.jpg?fit=1976%2C1309&amp;ssl=1\" data-orig-size=\"1976,1309\" data-comments-opened=\"0\" data-image-meta=\"{&quot;aperture&quot;:&quot;0&quot;,&quot;credit&quot;:&quot;&quot;,&quot;camera&quot;:&quot;&quot;,&quot;caption&quot;:&quot;&quot;,&quot;created_timestamp&quot;:&quot;0&quot;,&quot;copyright&quot;:&quot;&quot;,&quot;focal_length&quot;:&quot;0&quot;,&quot;iso&quot;:&quot;0&quot;,&quot;shutter_speed&quot;:&quot;0&quot;,&quot;title&quot;:&quot;&quot;,&quot;orientation&quot;:&quot;0&quot;}\" data-image-title=\"DSC_8029\" data-image-description=\"\" data-image-caption=\"\" data-large-file=\"https:\/\/i0.wp.com\/www.volen.pl\/wp-content\/uploads\/2012\/10\/DSC_8029.jpg?fit=1976%2C1309&amp;ssl=1\" class=\"alignnone size-medium wp-image-1750\" src=\"https:\/\/i0.wp.com\/www.volen.pl\/wp-content\/uploads\/2012\/10\/DSC_8029.jpg?resize=1024%2C678&#038;ssl=1\" alt=\"DSC_8029\" width=\"1024\" height=\"678\" srcset=\"https:\/\/i0.wp.com\/www.volen.pl\/wp-content\/uploads\/2012\/10\/DSC_8029.jpg?resize=1024%2C678&amp;ssl=1 1024w, https:\/\/i0.wp.com\/www.volen.pl\/wp-content\/uploads\/2012\/10\/DSC_8029.jpg?resize=528%2C350&amp;ssl=1 528w, https:\/\/i0.wp.com\/www.volen.pl\/wp-content\/uploads\/2012\/10\/DSC_8029.jpg?w=1976&amp;ssl=1 1976w\" sizes=\"auto, (max-width: 1000px) 100vw, 1000px\" \/><\/p>\n<p>O Dolinie Go\u0142\u0119bi i punkcie widokowym mo\u017cna powiedzie\u0107, \u017ce praktycznie niczym si\u0119 nie r\u00f3\u017cni\u0142y, po\u0142o\u017cone od siebie o sto metr\u00f3w w linii prostej i s\u0142u\u017cy\u0142y generalnie do robienia zdj\u0119\u0107 panoramicznych miasta. Turczyny w ka\u017cdym z tych miejsc poustawia\u0142y jeden na drugim stragan\u00f3w z tureckimi dobrociami a\u017ceby oskuba\u0107 turyst\u00f3w. Bylo to jednak\u017ce nienachalne. Za\u015b fabryka ozd\u00f3b z onyksu\u2026<\/p>\n<p><img data-recalc-dims=\"1\" loading=\"lazy\" decoding=\"async\" data-attachment-id=\"1754\" data-permalink=\"https:\/\/www.volen.pl\/?attachment_id=1754\" data-orig-file=\"https:\/\/i0.wp.com\/www.volen.pl\/wp-content\/uploads\/2012\/10\/DSC_8051.jpg?fit=1976%2C1309&amp;ssl=1\" data-orig-size=\"1976,1309\" data-comments-opened=\"0\" data-image-meta=\"{&quot;aperture&quot;:&quot;8&quot;,&quot;credit&quot;:&quot;Przemyslaw &#039;volen&#039; Wollenszleger&quot;,&quot;camera&quot;:&quot;NIKON D7000&quot;,&quot;caption&quot;:&quot;&quot;,&quot;created_timestamp&quot;:&quot;1350143724&quot;,&quot;copyright&quot;:&quot;&quot;,&quot;focal_length&quot;:&quot;26&quot;,&quot;iso&quot;:&quot;100&quot;,&quot;shutter_speed&quot;:&quot;0.016666666666667&quot;,&quot;title&quot;:&quot;&quot;,&quot;orientation&quot;:&quot;1&quot;}\" data-image-title=\"DSC_8051\" data-image-description=\"\" data-image-caption=\"\" data-large-file=\"https:\/\/i0.wp.com\/www.volen.pl\/wp-content\/uploads\/2012\/10\/DSC_8051.jpg?fit=1976%2C1309&amp;ssl=1\" class=\"alignnone size-medium wp-image-1754\" src=\"https:\/\/i0.wp.com\/www.volen.pl\/wp-content\/uploads\/2012\/10\/DSC_8051.jpg?resize=1024%2C678&#038;ssl=1\" alt=\"DSC_8051\" width=\"1024\" height=\"678\" srcset=\"https:\/\/i0.wp.com\/www.volen.pl\/wp-content\/uploads\/2012\/10\/DSC_8051.jpg?resize=1024%2C678&amp;ssl=1 1024w, https:\/\/i0.wp.com\/www.volen.pl\/wp-content\/uploads\/2012\/10\/DSC_8051.jpg?resize=528%2C350&amp;ssl=1 528w, https:\/\/i0.wp.com\/www.volen.pl\/wp-content\/uploads\/2012\/10\/DSC_8051.jpg?w=1976&amp;ssl=1 1976w\" sizes=\"auto, (max-width: 1000px) 100vw, 1000px\" \/><br \/>\n<img data-recalc-dims=\"1\" loading=\"lazy\" decoding=\"async\" data-attachment-id=\"1749\" data-permalink=\"https:\/\/www.volen.pl\/?attachment_id=1749\" data-orig-file=\"https:\/\/i0.wp.com\/www.volen.pl\/wp-content\/uploads\/2012\/10\/DSC_8037.jpg?fit=1976%2C1309&amp;ssl=1\" data-orig-size=\"1976,1309\" data-comments-opened=\"0\" data-image-meta=\"{&quot;aperture&quot;:&quot;8&quot;,&quot;credit&quot;:&quot;Przemyslaw &#039;volen&#039; Wollenszleger&quot;,&quot;camera&quot;:&quot;NIKON D7000&quot;,&quot;caption&quot;:&quot;&quot;,&quot;created_timestamp&quot;:&quot;1350143616&quot;,&quot;copyright&quot;:&quot;&quot;,&quot;focal_length&quot;:&quot;105&quot;,&quot;iso&quot;:&quot;100&quot;,&quot;shutter_speed&quot;:&quot;0.008&quot;,&quot;title&quot;:&quot;&quot;,&quot;orientation&quot;:&quot;1&quot;}\" data-image-title=\"DSC_8037\" data-image-description=\"\" data-image-caption=\"\" data-large-file=\"https:\/\/i0.wp.com\/www.volen.pl\/wp-content\/uploads\/2012\/10\/DSC_8037.jpg?fit=1976%2C1309&amp;ssl=1\" class=\"alignnone size-medium wp-image-1749\" src=\"https:\/\/i0.wp.com\/www.volen.pl\/wp-content\/uploads\/2012\/10\/DSC_8037.jpg?resize=1024%2C678&#038;ssl=1\" alt=\"DSC_8037\" width=\"1024\" height=\"678\" srcset=\"https:\/\/i0.wp.com\/www.volen.pl\/wp-content\/uploads\/2012\/10\/DSC_8037.jpg?resize=1024%2C678&amp;ssl=1 1024w, https:\/\/i0.wp.com\/www.volen.pl\/wp-content\/uploads\/2012\/10\/DSC_8037.jpg?resize=528%2C350&amp;ssl=1 528w, https:\/\/i0.wp.com\/www.volen.pl\/wp-content\/uploads\/2012\/10\/DSC_8037.jpg?w=1976&amp;ssl=1 1976w\" sizes=\"auto, (max-width: 1000px) 100vw, 1000px\" \/><\/p>\n<p>W fabryce zobaczyli\u015bmy kr\u00f3tk\u0105 prezentacj\u0119 wycinania, obr\u00f3bki i polerowania kamyk\u00f3w, us\u0142yszeli\u015bmy do tego odpowiedni komentarz, po czym na cz\u0119\u015b\u0107 dalsz\u0105 prezentacji zaproszono nas pi\u0119tro wy\u017cej, gdzie pokazano r\u00f3\u017cnice mi\u0119dzy czterema gatunkami turkusu na \u015bwiecie (chi\u0144skiego, ameryka\u0144skiego, tureckiego i rosyjskiego). Ta cz\u0119\u015b\u0107 prezentacji, odbywaj\u0105ca si\u0119 ju\u017c w sklepie, zako\u0144czy\u0142a si\u0119 s\u0142owami: \u201cudanych zakup\u00f3w!\u201d.<\/p>\n<p><img data-recalc-dims=\"1\" loading=\"lazy\" decoding=\"async\" data-attachment-id=\"1760\" data-permalink=\"https:\/\/www.volen.pl\/?attachment_id=1760\" data-orig-file=\"https:\/\/i0.wp.com\/www.volen.pl\/wp-content\/uploads\/2012\/10\/DSC_8108.jpg?fit=1976%2C1309&amp;ssl=1\" data-orig-size=\"1976,1309\" data-comments-opened=\"0\" data-image-meta=\"{&quot;aperture&quot;:&quot;4.2&quot;,&quot;credit&quot;:&quot;Przemyslaw &#039;volen&#039; Wollenszleger&quot;,&quot;camera&quot;:&quot;NIKON D7000&quot;,&quot;caption&quot;:&quot;&quot;,&quot;created_timestamp&quot;:&quot;1350145456&quot;,&quot;copyright&quot;:&quot;&quot;,&quot;focal_length&quot;:&quot;30&quot;,&quot;iso&quot;:&quot;1600&quot;,&quot;shutter_speed&quot;:&quot;0.004&quot;,&quot;title&quot;:&quot;&quot;,&quot;orientation&quot;:&quot;1&quot;}\" data-image-title=\"DSC_8108\" data-image-description=\"\" data-image-caption=\"\" data-large-file=\"https:\/\/i0.wp.com\/www.volen.pl\/wp-content\/uploads\/2012\/10\/DSC_8108.jpg?fit=1976%2C1309&amp;ssl=1\" class=\"alignnone size-medium wp-image-1760\" src=\"https:\/\/i0.wp.com\/www.volen.pl\/wp-content\/uploads\/2012\/10\/DSC_8108.jpg?resize=1024%2C678&#038;ssl=1\" alt=\"DSC_8108\" width=\"1024\" height=\"678\" srcset=\"https:\/\/i0.wp.com\/www.volen.pl\/wp-content\/uploads\/2012\/10\/DSC_8108.jpg?resize=1024%2C678&amp;ssl=1 1024w, https:\/\/i0.wp.com\/www.volen.pl\/wp-content\/uploads\/2012\/10\/DSC_8108.jpg?resize=528%2C350&amp;ssl=1 528w, https:\/\/i0.wp.com\/www.volen.pl\/wp-content\/uploads\/2012\/10\/DSC_8108.jpg?w=1976&amp;ssl=1 1976w\" sizes=\"auto, (max-width: 1000px) 100vw, 1000px\" \/><\/p>\n<p>Jedno jest pewne. Zorganizowane wycieczki nie s\u0105 dla nas.<\/p>\n","protected":false},"excerpt":{"rendered":"<p>Po \u015bniadanku, zjedzonym w ciep\u0142ych promieniach wschodz\u0105cego s\u0142o\u0144ca na tarasie hotelu Archpalace, pojechali\u015bmy na wyczekiwan\u0105&#8230;<\/p>\n<div class=\"more-link-wrapper\"><a class=\"more-link\" href=\"https:\/\/www.volen.pl\/?p=224\">Read the post<span class=\"screen-reader-text\">Kapadocja<\/span><\/a><\/div>\n","protected":false},"author":1,"featured_media":1749,"comment_status":"closed","ping_status":"closed","sticky":false,"template":"","format":"standard","meta":{"_crdt_document":"","jetpack_post_was_ever_published":false,"_jetpack_newsletter_access":"","_jetpack_dont_email_post_to_subs":false,"_jetpack_newsletter_tier_id":0,"_jetpack_memberships_contains_paywalled_content":false,"_jetpack_memberships_contains_paid_content":false,"footnotes":"","jetpack_publicize_message":"","jetpack_publicize_feature_enabled":true,"jetpack_social_post_already_shared":true,"jetpack_social_options":{"image_generator_settings":{"template":"highway","default_image_id":0,"font":"","enabled":false},"version":2}},"categories":[135,93],"tags":[137,234,235,205,60,90],"class_list":["post-224","post","type-post","status-publish","format-standard","has-post-thumbnail","hentry","category-7000km-2012","category-nawariata","tag-7000km","tag-derinkuyu","tag-ihlara-valley","tag-nawariata","tag-podroze","tag-turcja","excerpt","zoom","full-without-featured","even","excerpt-0"],"jetpack_publicize_connections":[],"jetpack_featured_media_url":"https:\/\/i0.wp.com\/www.volen.pl\/wp-content\/uploads\/2012\/10\/DSC_8037.jpg?fit=1976%2C1309&ssl=1","jetpack_shortlink":"https:\/\/wp.me\/p4lAri-3C","jetpack_sharing_enabled":true,"jetpack-related-posts":[{"id":244,"url":"https:\/\/www.volen.pl\/?p=244","url_meta":{"origin":224,"position":0},"title":"Ryga","author":"volen","date":"2012-10-03","format":false,"excerpt":"Po wyj\u015bciu z samolotu zrobili\u015bmy zrzut\u0119 z dwiema Rosjankami na taks\u00f3wk\u0119 do centrum miasta. Mamy par\u0119 godzin przed lotem do Tbilisi. W Rydze, do\u015b\u0107 tradycyjnie dla mnie, spotka\u0142em mojego nowego przyjaciela, bardzo potrzebuj\u0105cego wsparcia finansowego. Zgodzi\u0142 si\u0119 uprzejmie na zdj\u0119cia, wi\u0119c mam go ustrzelonego na wieki :) Podczas wa\u0142\u0119sania si\u0119\u2026","rel":"","context":"W \u201e7000km - 2012&quot;","block_context":{"text":"7000km - 2012","link":"https:\/\/www.volen.pl\/?cat=135"},"img":{"alt_text":"","src":"https:\/\/i0.wp.com\/www.volen.pl\/wp-content\/uploads\/2012\/10\/DSC_5998.jpg?fit=1200%2C795&ssl=1&resize=350%2C200","width":350,"height":200,"srcset":"https:\/\/i0.wp.com\/www.volen.pl\/wp-content\/uploads\/2012\/10\/DSC_5998.jpg?fit=1200%2C795&ssl=1&resize=350%2C200 1x, https:\/\/i0.wp.com\/www.volen.pl\/wp-content\/uploads\/2012\/10\/DSC_5998.jpg?fit=1200%2C795&ssl=1&resize=525%2C300 1.5x, https:\/\/i0.wp.com\/www.volen.pl\/wp-content\/uploads\/2012\/10\/DSC_5998.jpg?fit=1200%2C795&ssl=1&resize=700%2C400 2x, https:\/\/i0.wp.com\/www.volen.pl\/wp-content\/uploads\/2012\/10\/DSC_5998.jpg?fit=1200%2C795&ssl=1&resize=1050%2C600 3x"},"classes":[]},{"id":239,"url":"https:\/\/www.volen.pl\/?p=239","url_meta":{"origin":224,"position":1},"title":"Tbilisi","author":"volen","date":"2012-10-04","format":false,"excerpt":"Po niezwykle m\u0119cz\u0105cym locie wpadli\u015bmy nad ranem, ok. 4.30 na tbilisia\u0144skie lotnisko. Wbrew hiobowym, apokaliptycznym przepowiedniom, taks\u00f3wkarz nas nie okrad\u0142, nie zabi\u0142, tylko zawi\u00f3z\u0142 ulic\u0105 Lecha Kaczy\u0144skiego do bardzo fajnej miejsc\u00f3wki, roboczo przez niego nazwanej \u201cnasrane turistow\u201d (chodzi o restauracj\u0119 fon. \u2018maczahela\u2019) i poparte na migi o\u015bwiadczeniem o jej ca\u0142odobowej\u2026","rel":"","context":"W \u201e7000km - 2012&quot;","block_context":{"text":"7000km - 2012","link":"https:\/\/www.volen.pl\/?cat=135"},"img":{"alt_text":"","src":"https:\/\/i0.wp.com\/www.volen.pl\/wp-content\/uploads\/2016\/01\/DSC_6202s.jpg?fit=1200%2C795&ssl=1&resize=350%2C200","width":350,"height":200,"srcset":"https:\/\/i0.wp.com\/www.volen.pl\/wp-content\/uploads\/2016\/01\/DSC_6202s.jpg?fit=1200%2C795&ssl=1&resize=350%2C200 1x, https:\/\/i0.wp.com\/www.volen.pl\/wp-content\/uploads\/2016\/01\/DSC_6202s.jpg?fit=1200%2C795&ssl=1&resize=525%2C300 1.5x, https:\/\/i0.wp.com\/www.volen.pl\/wp-content\/uploads\/2016\/01\/DSC_6202s.jpg?fit=1200%2C795&ssl=1&resize=700%2C400 2x, https:\/\/i0.wp.com\/www.volen.pl\/wp-content\/uploads\/2016\/01\/DSC_6202s.jpg?fit=1200%2C795&ssl=1&resize=1050%2C600 3x"},"classes":[]},{"id":225,"url":"https:\/\/www.volen.pl\/?p=225","url_meta":{"origin":224,"position":2},"title":"2490","author":"volen","date":"2012-10-12","format":false,"excerpt":"W nocy okaza\u0142o si\u0119, \u017ce przep\u0142acony obiad kosztuje znacznie wi\u0119cej, ni\u017c na pocz\u0105tku si\u0119 wydawa\u0142o. Nudno\u015bci i gor\u0105czka, spanie w p\u00f3\u0142letargu do \u015bwitu, kiedy to muezin zacz\u0105\u0142 zaprasza\u0107 do modlitwy. M\u00f3j organizm reaguje zazwyczaj bardzo szybko i bardzo silnie. Byli\u015bmy um\u00f3wieni na wycieczk\u0119 na 9.30 - Anulka, mimo moich be\u0142kotliwych\u2026","rel":"","context":"W \u201e7000km - 2012&quot;","block_context":{"text":"7000km - 2012","link":"https:\/\/www.volen.pl\/?cat=135"},"img":{"alt_text":"","src":"https:\/\/i0.wp.com\/www.volen.pl\/wp-content\/uploads\/2012\/10\/DSC_7680.jpg?fit=1200%2C795&ssl=1&resize=350%2C200","width":350,"height":200,"srcset":"https:\/\/i0.wp.com\/www.volen.pl\/wp-content\/uploads\/2012\/10\/DSC_7680.jpg?fit=1200%2C795&ssl=1&resize=350%2C200 1x, https:\/\/i0.wp.com\/www.volen.pl\/wp-content\/uploads\/2012\/10\/DSC_7680.jpg?fit=1200%2C795&ssl=1&resize=525%2C300 1.5x, https:\/\/i0.wp.com\/www.volen.pl\/wp-content\/uploads\/2012\/10\/DSC_7680.jpg?fit=1200%2C795&ssl=1&resize=700%2C400 2x, https:\/\/i0.wp.com\/www.volen.pl\/wp-content\/uploads\/2012\/10\/DSC_7680.jpg?fit=1200%2C795&ssl=1&resize=1050%2C600 3x"},"classes":[]},{"id":218,"url":"https:\/\/www.volen.pl\/?p=218","url_meta":{"origin":224,"position":3},"title":"Noc na komisariacie","author":"volen","date":"2012-10-17","format":false,"excerpt":"Turcy gotuj\u0105 jajka na \u015bniadanie. Stosy gotowanych jajek stoj\u0105 w jawnej sprzeczno\u015bci z kebabem i innymi daniami obiadowymi, kt\u00f3re przysz\u0142o w Turcji nam ogl\u0105da\u0107, kosztowa\u0107 lub odchorowywa\u0107. Jajka gotowane s\u0105 na twardo i stanowi\u0142y jedyn\u0105 nasz\u0105 kulinarn\u0105 pociech\u0119 przez obfity w wydarzenia pobyt w Turcji. Po zjedzeniu jajek poszli\u015bmy w\u2026","rel":"","context":"W \u201e7000km - 2012&quot;","block_context":{"text":"7000km - 2012","link":"https:\/\/www.volen.pl\/?cat=135"},"img":{"alt_text":"","src":"","width":0,"height":0},"classes":[]},{"id":232,"url":"https:\/\/www.volen.pl\/?p=232","url_meta":{"origin":224,"position":4},"title":"Tbilisi Gori Bord\u017comi","author":"volen","date":"2012-10-05","format":false,"excerpt":"Po po\u017cywnym \u015bniadaniu udali\u015bmy si\u0119 w podr\u00f3\u017c ku nieznanemu. Zdecydowali\u015bmy, i\u017c obejrzymy skalne miasto Uplisciche, po\u0142o\u017cone ok. 10km na wsch\u00f3d od Gori, miejsca narodzenia J\u00f3zefa Wissarionowicza Stalina. Ruszyli\u015bmy marszrutk\u0105 nr 118 w kierunku tbiliskiego PKP, jakie\u017c by\u0142o nasze zdziwienie, \u017ce \u00f3w dworzec by\u0142 niew\u0142a\u015bciwy! Zadane od niechcenia pytanie o Gori\u2026","rel":"","context":"W \u201e7000km - 2012&quot;","block_context":{"text":"7000km - 2012","link":"https:\/\/www.volen.pl\/?cat=135"},"img":{"alt_text":"","src":"https:\/\/i0.wp.com\/www.volen.pl\/wp-content\/uploads\/2012\/10\/DSC_6237.jpg?fit=1200%2C795&ssl=1&resize=350%2C200","width":350,"height":200,"srcset":"https:\/\/i0.wp.com\/www.volen.pl\/wp-content\/uploads\/2012\/10\/DSC_6237.jpg?fit=1200%2C795&ssl=1&resize=350%2C200 1x, https:\/\/i0.wp.com\/www.volen.pl\/wp-content\/uploads\/2012\/10\/DSC_6237.jpg?fit=1200%2C795&ssl=1&resize=525%2C300 1.5x, https:\/\/i0.wp.com\/www.volen.pl\/wp-content\/uploads\/2012\/10\/DSC_6237.jpg?fit=1200%2C795&ssl=1&resize=700%2C400 2x, https:\/\/i0.wp.com\/www.volen.pl\/wp-content\/uploads\/2012\/10\/DSC_6237.jpg?fit=1200%2C795&ssl=1&resize=1050%2C600 3x"},"classes":[]},{"id":231,"url":"https:\/\/www.volen.pl\/?p=231","url_meta":{"origin":224,"position":5},"title":"Achalciche Vardzia i z powrotem","author":"volen","date":"2012-10-06","format":false,"excerpt":"Mieli\u015bmy wsta\u0107 z rana, ale wy\u0142\u0105czony telefon nie budzi, o czym osobi\u015bcie zapomnia\u0142em i nikt nigdy nie dowie si\u0119, czy zrobi\u0142em to z premedytacj\u0105, czy przez zapomnienie. Mniejsza o to. Po \u015bniadaniu poszli\u015bmy na ulic\u0119 \u0142apa\u0107 marszrutk\u0119 do Achalciche. Za drugim strza\u0142em uda\u0142o si\u0119. Wspomnienie tej podr\u00f3\u017cy na d\u0142ugo zapisze\u2026","rel":"","context":"W \u201e7000km - 2012&quot;","block_context":{"text":"7000km - 2012","link":"https:\/\/www.volen.pl\/?cat=135"},"img":{"alt_text":"","src":"https:\/\/i0.wp.com\/www.volen.pl\/wp-content\/uploads\/2016\/01\/DSC_6450.jpg?fit=1200%2C795&ssl=1&resize=350%2C200","width":350,"height":200,"srcset":"https:\/\/i0.wp.com\/www.volen.pl\/wp-content\/uploads\/2016\/01\/DSC_6450.jpg?fit=1200%2C795&ssl=1&resize=350%2C200 1x, https:\/\/i0.wp.com\/www.volen.pl\/wp-content\/uploads\/2016\/01\/DSC_6450.jpg?fit=1200%2C795&ssl=1&resize=525%2C300 1.5x, https:\/\/i0.wp.com\/www.volen.pl\/wp-content\/uploads\/2016\/01\/DSC_6450.jpg?fit=1200%2C795&ssl=1&resize=700%2C400 2x, https:\/\/i0.wp.com\/www.volen.pl\/wp-content\/uploads\/2016\/01\/DSC_6450.jpg?fit=1200%2C795&ssl=1&resize=1050%2C600 3x"},"classes":[]}],"_links":{"self":[{"href":"https:\/\/www.volen.pl\/index.php?rest_route=\/wp\/v2\/posts\/224","targetHints":{"allow":["GET"]}}],"collection":[{"href":"https:\/\/www.volen.pl\/index.php?rest_route=\/wp\/v2\/posts"}],"about":[{"href":"https:\/\/www.volen.pl\/index.php?rest_route=\/wp\/v2\/types\/post"}],"author":[{"embeddable":true,"href":"https:\/\/www.volen.pl\/index.php?rest_route=\/wp\/v2\/users\/1"}],"replies":[{"embeddable":true,"href":"https:\/\/www.volen.pl\/index.php?rest_route=%2Fwp%2Fv2%2Fcomments&post=224"}],"version-history":[{"count":3,"href":"https:\/\/www.volen.pl\/index.php?rest_route=\/wp\/v2\/posts\/224\/revisions"}],"predecessor-version":[{"id":1764,"href":"https:\/\/www.volen.pl\/index.php?rest_route=\/wp\/v2\/posts\/224\/revisions\/1764"}],"wp:featuredmedia":[{"embeddable":true,"href":"https:\/\/www.volen.pl\/index.php?rest_route=\/wp\/v2\/media\/1749"}],"wp:attachment":[{"href":"https:\/\/www.volen.pl\/index.php?rest_route=%2Fwp%2Fv2%2Fmedia&parent=224"}],"wp:term":[{"taxonomy":"category","embeddable":true,"href":"https:\/\/www.volen.pl\/index.php?rest_route=%2Fwp%2Fv2%2Fcategories&post=224"},{"taxonomy":"post_tag","embeddable":true,"href":"https:\/\/www.volen.pl\/index.php?rest_route=%2Fwp%2Fv2%2Ftags&post=224"}],"curies":[{"name":"wp","href":"https:\/\/api.w.org\/{rel}","templated":true}]}}