{"id":225,"date":"2012-10-12T18:40:01","date_gmt":"2012-10-12T16:40:01","guid":{"rendered":"http:\/\/www.volen.pl\/?p=225"},"modified":"2016-01-23T18:25:45","modified_gmt":"2016-01-23T17:25:45","slug":"2490","status":"publish","type":"post","link":"https:\/\/www.volen.pl\/?p=225","title":{"rendered":"2490"},"content":{"rendered":"<p>W nocy okaza\u0142o si\u0119, \u017ce przep\u0142acony obiad kosztuje znacznie wi\u0119cej, ni\u017c na pocz\u0105tku si\u0119 wydawa\u0142o. Nudno\u015bci i gor\u0105czka, spanie w p\u00f3\u0142letargu do \u015bwitu, kiedy to muezin zacz\u0105\u0142 zaprasza\u0107 do modlitwy. M\u00f3j organizm reaguje zazwyczaj bardzo szybko i bardzo silnie. Byli\u015bmy um\u00f3wieni na wycieczk\u0119 na 9.30 &#8211; Anulka, mimo moich be\u0142kotliwych zapewnie\u0144, \u017ce czuj\u0119 si\u0119 wy\u015bmienicie, posz\u0142a, dobra kobieta, i prze\u0142o\u017cy\u0142a j\u0105 na jutro. Na dobre przebudzi\u0142em si\u0119 dopiero ko\u0142o po\u0142udnia i postanowi\u0142em jednak wsta\u0107, pospacerowa\u0107. Obejrzeli\u015bmy z daleka Ortahisar i wr\u00f3cili\u015bmy zregenerowa\u0107 si\u0142y do hotelu, tak wi\u0119c &#8211; dzi\u015b nudy.<\/p>\n<p><div class=\"tiled-gallery type-rectangular tiled-gallery-unresized\" data-original-width=\"500\" data-carousel-extra='{&quot;blog_id&quot;:1,&quot;permalink&quot;:&quot;https:\\\/\\\/www.volen.pl\\\/?p=225&quot;,&quot;likes_blog_id&quot;:64250308}' itemscope itemtype=\"http:\/\/schema.org\/ImageGallery\" > <div class=\"gallery-row\" style=\"width: 500px; height: 428px;\" data-original-width=\"500\" data-original-height=\"428\" > <div class=\"gallery-group images-1\" style=\"width: 288px; height: 428px;\" data-original-width=\"288\" data-original-height=\"428\" > <div class=\"tiled-gallery-item tiled-gallery-item-large\" itemprop=\"associatedMedia\" itemscope itemtype=\"http:\/\/schema.org\/ImageObject\"> <a href=\"https:\/\/www.volen.pl\/?attachment_id=1740\" border=\"0\" itemprop=\"url\"> <meta itemprop=\"width\" content=\"284\"> <meta itemprop=\"height\" content=\"424\"> <img decoding=\"async\" class=\"\" data-attachment-id=\"1740\" data-orig-file=\"https:\/\/www.volen.pl\/wp-content\/uploads\/2012\/10\/DSC_7587.jpg\" data-orig-size=\"1323,1976\" data-comments-opened=\"\" data-image-meta=\"{&quot;aperture&quot;:&quot;9&quot;,&quot;credit&quot;:&quot;&quot;,&quot;camera&quot;:&quot;NIKON D40X&quot;,&quot;caption&quot;:&quot;&quot;,&quot;created_timestamp&quot;:&quot;1350045136&quot;,&quot;copyright&quot;:&quot;&quot;,&quot;focal_length&quot;:&quot;50&quot;,&quot;iso&quot;:&quot;100&quot;,&quot;shutter_speed&quot;:&quot;0.004&quot;,&quot;title&quot;:&quot;&quot;,&quot;orientation&quot;:&quot;1&quot;}\" data-image-title=\"DSC_7587\" data-image-description=\"\" data-medium-file=\"https:\/\/i0.wp.com\/www.volen.pl\/wp-content\/uploads\/2012\/10\/DSC_7587.jpg?fit=686%2C1024&#038;ssl=1\" data-large-file=\"https:\/\/i0.wp.com\/www.volen.pl\/wp-content\/uploads\/2012\/10\/DSC_7587.jpg?fit=1323%2C1976&#038;ssl=1\" src=\"https:\/\/i0.wp.com\/www.volen.pl\/wp-content\/uploads\/2012\/10\/DSC_7587.jpg?w=284&#038;h=424&#038;ssl=1\" srcset=\"https:\/\/i0.wp.com\/www.volen.pl\/wp-content\/uploads\/2012\/10\/DSC_7587.jpg?w=1323&amp;ssl=1 1323w, https:\/\/i0.wp.com\/www.volen.pl\/wp-content\/uploads\/2012\/10\/DSC_7587.jpg?resize=686%2C1024&amp;ssl=1 686w, https:\/\/i0.wp.com\/www.volen.pl\/wp-content\/uploads\/2012\/10\/DSC_7587.jpg?resize=234%2C350&amp;ssl=1 234w\" width=\"284\" height=\"424\" loading=\"lazy\" data-original-width=\"284\" data-original-height=\"424\" itemprop=\"http:\/\/schema.org\/image\" title=\"DSC_7587\" alt=\"1001 drobiazg\u00f3w\" style=\"width: 284px; height: 424px;\" \/> <\/a> <div class=\"tiled-gallery-caption\" itemprop=\"caption description\"> 1001 drobiazg\u00f3w <\/div> <\/div> <\/div> <!-- close group --> <div class=\"gallery-group images-3\" style=\"width: 212px; height: 428px;\" data-original-width=\"212\" data-original-height=\"428\" > <div class=\"tiled-gallery-item tiled-gallery-item-small\" itemprop=\"associatedMedia\" itemscope itemtype=\"http:\/\/schema.org\/ImageObject\"> <a href=\"https:\/\/www.volen.pl\/?attachment_id=1741\" border=\"0\" itemprop=\"url\"> <meta itemprop=\"width\" content=\"208\"> <meta itemprop=\"height\" content=\"140\"> <img decoding=\"async\" class=\"\" data-attachment-id=\"1741\" data-orig-file=\"https:\/\/www.volen.pl\/wp-content\/uploads\/2012\/10\/DSC_7595.jpg\" data-orig-size=\"1976,1323\" data-comments-opened=\"\" data-image-meta=\"{&quot;aperture&quot;:&quot;9&quot;,&quot;credit&quot;:&quot;&quot;,&quot;camera&quot;:&quot;NIKON D40X&quot;,&quot;caption&quot;:&quot;&quot;,&quot;created_timestamp&quot;:&quot;1350048157&quot;,&quot;copyright&quot;:&quot;&quot;,&quot;focal_length&quot;:&quot;50&quot;,&quot;iso&quot;:&quot;100&quot;,&quot;shutter_speed&quot;:&quot;0.005&quot;,&quot;title&quot;:&quot;&quot;,&quot;orientation&quot;:&quot;1&quot;}\" data-image-title=\"DSC_7595\" data-image-description=\"\" data-medium-file=\"https:\/\/i0.wp.com\/www.volen.pl\/wp-content\/uploads\/2012\/10\/DSC_7595.jpg?fit=1024%2C686&#038;ssl=1\" data-large-file=\"https:\/\/i0.wp.com\/www.volen.pl\/wp-content\/uploads\/2012\/10\/DSC_7595.jpg?fit=1976%2C1323&#038;ssl=1\" src=\"https:\/\/i0.wp.com\/www.volen.pl\/wp-content\/uploads\/2012\/10\/DSC_7595.jpg?w=208&#038;h=140&#038;ssl=1\" srcset=\"https:\/\/i0.wp.com\/www.volen.pl\/wp-content\/uploads\/2012\/10\/DSC_7595.jpg?w=1976&amp;ssl=1 1976w, https:\/\/i0.wp.com\/www.volen.pl\/wp-content\/uploads\/2012\/10\/DSC_7595.jpg?resize=1024%2C686&amp;ssl=1 1024w, https:\/\/i0.wp.com\/www.volen.pl\/wp-content\/uploads\/2012\/10\/DSC_7595.jpg?resize=523%2C350&amp;ssl=1 523w\" width=\"208\" height=\"140\" loading=\"lazy\" data-original-width=\"208\" data-original-height=\"140\" itemprop=\"http:\/\/schema.org\/image\" title=\"DSC_7595\" alt=\"na tle Ortahisar\" style=\"width: 208px; height: 140px;\" \/> <\/a> <div class=\"tiled-gallery-caption\" itemprop=\"caption description\"> na tle Ortahisar <\/div> <\/div> <div class=\"tiled-gallery-item tiled-gallery-item-small\" itemprop=\"associatedMedia\" itemscope itemtype=\"http:\/\/schema.org\/ImageObject\"> <a href=\"https:\/\/www.volen.pl\/?attachment_id=1742\" border=\"0\" itemprop=\"url\"> <meta itemprop=\"width\" content=\"208\"> <meta itemprop=\"height\" content=\"138\"> <img decoding=\"async\" class=\"\" data-attachment-id=\"1742\" data-orig-file=\"https:\/\/www.volen.pl\/wp-content\/uploads\/2012\/10\/DSC_7650.jpg\" data-orig-size=\"1976,1309\" data-comments-opened=\"\" data-image-meta=\"{&quot;aperture&quot;:&quot;8&quot;,&quot;credit&quot;:&quot;Przemyslaw \\u0027volen\\u0027 Wollenszleger&quot;,&quot;camera&quot;:&quot;NIKON D7000&quot;,&quot;caption&quot;:&quot;&quot;,&quot;created_timestamp&quot;:&quot;1350044695&quot;,&quot;copyright&quot;:&quot;&quot;,&quot;focal_length&quot;:&quot;18&quot;,&quot;iso&quot;:&quot;100&quot;,&quot;shutter_speed&quot;:&quot;0.00625&quot;,&quot;title&quot;:&quot;&quot;,&quot;orientation&quot;:&quot;1&quot;}\" data-image-title=\"DSC_7650\" data-image-description=\"\" data-medium-file=\"https:\/\/i0.wp.com\/www.volen.pl\/wp-content\/uploads\/2012\/10\/DSC_7650.jpg?fit=1024%2C678&#038;ssl=1\" data-large-file=\"https:\/\/i0.wp.com\/www.volen.pl\/wp-content\/uploads\/2012\/10\/DSC_7650.jpg?fit=1976%2C1309&#038;ssl=1\" src=\"https:\/\/i0.wp.com\/www.volen.pl\/wp-content\/uploads\/2012\/10\/DSC_7650.jpg?w=208&#038;h=138&#038;ssl=1\" srcset=\"https:\/\/i0.wp.com\/www.volen.pl\/wp-content\/uploads\/2012\/10\/DSC_7650.jpg?w=1976&amp;ssl=1 1976w, https:\/\/i0.wp.com\/www.volen.pl\/wp-content\/uploads\/2012\/10\/DSC_7650.jpg?resize=1024%2C678&amp;ssl=1 1024w, https:\/\/i0.wp.com\/www.volen.pl\/wp-content\/uploads\/2012\/10\/DSC_7650.jpg?resize=528%2C350&amp;ssl=1 528w\" width=\"208\" height=\"138\" loading=\"lazy\" data-original-width=\"208\" data-original-height=\"138\" itemprop=\"http:\/\/schema.org\/image\" title=\"DSC_7650\" alt=\"panorama na Goreme\" style=\"width: 208px; height: 138px;\" \/> <\/a> <div class=\"tiled-gallery-caption\" itemprop=\"caption description\"> panorama na Goreme <\/div> <\/div> <div class=\"tiled-gallery-item tiled-gallery-item-small\" itemprop=\"associatedMedia\" itemscope itemtype=\"http:\/\/schema.org\/ImageObject\"> <a href=\"https:\/\/www.volen.pl\/?attachment_id=1743\" border=\"0\" itemprop=\"url\"> <meta itemprop=\"width\" content=\"208\"> <meta itemprop=\"height\" content=\"138\"> <img decoding=\"async\" class=\"\" data-attachment-id=\"1743\" data-orig-file=\"https:\/\/www.volen.pl\/wp-content\/uploads\/2012\/10\/DSC_7680.jpg\" data-orig-size=\"1976,1309\" data-comments-opened=\"\" data-image-meta=\"{&quot;aperture&quot;:&quot;9&quot;,&quot;credit&quot;:&quot;Przemyslaw \\u0027volen\\u0027 Wollenszleger&quot;,&quot;camera&quot;:&quot;NIKON D7000&quot;,&quot;caption&quot;:&quot;&quot;,&quot;created_timestamp&quot;:&quot;1350047537&quot;,&quot;copyright&quot;:&quot;&quot;,&quot;focal_length&quot;:&quot;105&quot;,&quot;iso&quot;:&quot;100&quot;,&quot;shutter_speed&quot;:&quot;0.00625&quot;,&quot;title&quot;:&quot;&quot;,&quot;orientation&quot;:&quot;1&quot;}\" data-image-title=\"DSC_7680\" data-image-description=\"\" data-medium-file=\"https:\/\/i0.wp.com\/www.volen.pl\/wp-content\/uploads\/2012\/10\/DSC_7680.jpg?fit=1024%2C678&#038;ssl=1\" data-large-file=\"https:\/\/i0.wp.com\/www.volen.pl\/wp-content\/uploads\/2012\/10\/DSC_7680.jpg?fit=1976%2C1309&#038;ssl=1\" src=\"https:\/\/i0.wp.com\/www.volen.pl\/wp-content\/uploads\/2012\/10\/DSC_7680.jpg?w=208&#038;h=138&#038;ssl=1\" srcset=\"https:\/\/i0.wp.com\/www.volen.pl\/wp-content\/uploads\/2012\/10\/DSC_7680.jpg?w=1976&amp;ssl=1 1976w, https:\/\/i0.wp.com\/www.volen.pl\/wp-content\/uploads\/2012\/10\/DSC_7680.jpg?resize=1024%2C678&amp;ssl=1 1024w, https:\/\/i0.wp.com\/www.volen.pl\/wp-content\/uploads\/2012\/10\/DSC_7680.jpg?resize=528%2C350&amp;ssl=1 528w\" width=\"208\" height=\"138\" loading=\"lazy\" data-original-width=\"208\" data-original-height=\"138\" itemprop=\"http:\/\/schema.org\/image\" title=\"DSC_7680\" alt=\"Ortahisar\" style=\"width: 208px; height: 138px;\" \/> <\/a> <div class=\"tiled-gallery-caption\" itemprop=\"caption description\"> Ortahisar <\/div> <\/div> <\/div> <!-- close group --> <\/div> <!-- close row --> <div class=\"gallery-row\" style=\"width: 500px; height: 167px;\" data-original-width=\"500\" data-original-height=\"167\" > <div class=\"gallery-group images-1\" style=\"width: 250px; height: 167px;\" data-original-width=\"250\" data-original-height=\"167\" > <div class=\"tiled-gallery-item tiled-gallery-item-small\" itemprop=\"associatedMedia\" itemscope itemtype=\"http:\/\/schema.org\/ImageObject\"> <a href=\"https:\/\/www.volen.pl\/?attachment_id=1744\" border=\"0\" itemprop=\"url\"> <meta itemprop=\"width\" content=\"246\"> <meta itemprop=\"height\" content=\"163\"> <img decoding=\"async\" class=\"\" data-attachment-id=\"1744\" data-orig-file=\"https:\/\/www.volen.pl\/wp-content\/uploads\/2012\/10\/DSC_7706.jpg\" data-orig-size=\"1976,1309\" data-comments-opened=\"\" data-image-meta=\"{&quot;aperture&quot;:&quot;9&quot;,&quot;credit&quot;:&quot;Przemyslaw \\u0027volen\\u0027 Wollenszleger&quot;,&quot;camera&quot;:&quot;NIKON D7000&quot;,&quot;caption&quot;:&quot;&quot;,&quot;created_timestamp&quot;:&quot;1350047733&quot;,&quot;copyright&quot;:&quot;&quot;,&quot;focal_length&quot;:&quot;21&quot;,&quot;iso&quot;:&quot;100&quot;,&quot;shutter_speed&quot;:&quot;0.0125&quot;,&quot;title&quot;:&quot;&quot;,&quot;orientation&quot;:&quot;1&quot;}\" data-image-title=\"DSC_7706\" data-image-description=\"\" data-medium-file=\"https:\/\/i0.wp.com\/www.volen.pl\/wp-content\/uploads\/2012\/10\/DSC_7706.jpg?fit=1024%2C678&#038;ssl=1\" data-large-file=\"https:\/\/i0.wp.com\/www.volen.pl\/wp-content\/uploads\/2012\/10\/DSC_7706.jpg?fit=1976%2C1309&#038;ssl=1\" src=\"https:\/\/i0.wp.com\/www.volen.pl\/wp-content\/uploads\/2012\/10\/DSC_7706.jpg?w=246&#038;h=163&#038;ssl=1\" srcset=\"https:\/\/i0.wp.com\/www.volen.pl\/wp-content\/uploads\/2012\/10\/DSC_7706.jpg?w=1976&amp;ssl=1 1976w, https:\/\/i0.wp.com\/www.volen.pl\/wp-content\/uploads\/2012\/10\/DSC_7706.jpg?resize=1024%2C678&amp;ssl=1 1024w, https:\/\/i0.wp.com\/www.volen.pl\/wp-content\/uploads\/2012\/10\/DSC_7706.jpg?resize=528%2C350&amp;ssl=1 528w\" width=\"246\" height=\"163\" loading=\"lazy\" data-original-width=\"246\" data-original-height=\"163\" itemprop=\"http:\/\/schema.org\/image\" title=\"DSC_7706\" alt=\"Kot pod drzewkiem\" style=\"width: 246px; height: 163px;\" \/> <\/a> <div class=\"tiled-gallery-caption\" itemprop=\"caption description\"> Kot pod drzewkiem <\/div> <\/div> <\/div> <!-- close group --> <div class=\"gallery-group images-1\" style=\"width: 250px; height: 167px;\" data-original-width=\"250\" data-original-height=\"167\" > <div class=\"tiled-gallery-item tiled-gallery-item-small\" itemprop=\"associatedMedia\" itemscope itemtype=\"http:\/\/schema.org\/ImageObject\"> <a href=\"https:\/\/www.volen.pl\/?attachment_id=1745\" border=\"0\" itemprop=\"url\"> <meta itemprop=\"width\" content=\"246\"> <meta itemprop=\"height\" content=\"163\"> <img decoding=\"async\" class=\"\" data-attachment-id=\"1745\" data-orig-file=\"https:\/\/www.volen.pl\/wp-content\/uploads\/2012\/10\/DSC_7760.jpg\" data-orig-size=\"1976,1309\" data-comments-opened=\"\" data-image-meta=\"{&quot;aperture&quot;:&quot;8&quot;,&quot;credit&quot;:&quot;Przemyslaw \\u0027volen\\u0027 Wollenszleger&quot;,&quot;camera&quot;:&quot;NIKON D7000&quot;,&quot;caption&quot;:&quot;&quot;,&quot;created_timestamp&quot;:&quot;1350053441&quot;,&quot;copyright&quot;:&quot;&quot;,&quot;focal_length&quot;:&quot;105&quot;,&quot;iso&quot;:&quot;100&quot;,&quot;shutter_speed&quot;:&quot;0.004&quot;,&quot;title&quot;:&quot;&quot;,&quot;orientation&quot;:&quot;1&quot;}\" data-image-title=\"DSC_7760\" data-image-description=\"\" data-medium-file=\"https:\/\/i0.wp.com\/www.volen.pl\/wp-content\/uploads\/2012\/10\/DSC_7760.jpg?fit=1024%2C678&#038;ssl=1\" data-large-file=\"https:\/\/i0.wp.com\/www.volen.pl\/wp-content\/uploads\/2012\/10\/DSC_7760.jpg?fit=1976%2C1309&#038;ssl=1\" src=\"https:\/\/i0.wp.com\/www.volen.pl\/wp-content\/uploads\/2012\/10\/DSC_7760.jpg?w=246&#038;h=163&#038;ssl=1\" srcset=\"https:\/\/i0.wp.com\/www.volen.pl\/wp-content\/uploads\/2012\/10\/DSC_7760.jpg?w=1976&amp;ssl=1 1976w, https:\/\/i0.wp.com\/www.volen.pl\/wp-content\/uploads\/2012\/10\/DSC_7760.jpg?resize=1024%2C678&amp;ssl=1 1024w, https:\/\/i0.wp.com\/www.volen.pl\/wp-content\/uploads\/2012\/10\/DSC_7760.jpg?resize=528%2C350&amp;ssl=1 528w\" width=\"246\" height=\"163\" loading=\"lazy\" data-original-width=\"246\" data-original-height=\"163\" itemprop=\"http:\/\/schema.org\/image\" title=\"DSC_7760\" alt=\"kot na murku\" style=\"width: 246px; height: 163px;\" \/> <\/a> <div class=\"tiled-gallery-caption\" itemprop=\"caption description\"> kot na murku <\/div> <\/div> <\/div> <!-- close group --> <\/div> <!-- close row --> <\/div><br \/>\nJutro mamy zobaczy\u0107 podziemne miasto. Czekamy na to z niecierpliwo\u015bci\u0105.<\/p>\n<p>Dosz\u0142y nas wyrazy wsp\u00f3\u0142czucia z powodu deszczowej pogody, kt\u00f3ra niby to nas prze\u015bladowa\u0142a. Bardzo dzi\u0119kujemy z tego powodu, ale deszcz, podobnie jak wiatr i s\u0142o\u0144ce jest jedynie elementem pogody, kt\u00f3ry mo\u017cna &#8211; lub nie &#8211; wykorzysta\u0107 do swoich cel\u00f3w.<\/p>\n<p>Nie pragniemy wylegiwa\u0107 si\u0119 na s\u0142onecznych, piaszczystych, gor\u0105cych pla\u017cach. Gdyby tak by\u0142o, kupiliby\u015bmy wycieczk\u0119 na przyk\u0142ad tu: <a href=\"http:\/\/www.panoramio.com\/photo\/2066659\">http:\/\/www.panoramio.com\/photo\/2066659<\/a><br \/>\nW\u0142a\u015bciwie, to o co chodzi w tej naszej wyprawie? Jak to jest, \u017ce jednych ci\u0105gnie do podr\u00f3\u017cy, a innych nie? Przemierzanie ogromnych przestrzeni, poznawanie ludzi i ich kraju, tego, jak \u017cyj\u0105, jak m\u00f3wi\u0105, co jedz\u0105 to jeden ze sposob\u00f3w sp\u0119dzania wolnego czasu. Czemu, zamiast byczy\u0107 si\u0119 w s\u0142o\u0144cu, wolimy w\u0142\u00f3czy\u0107 si\u0119 bez planu? Nikt tego nie wie.<\/p>\n<p>Przed nami jeden z niewielu zaplanowanych (od 2 dni raptem) miejsc docelowych: pojedziemy do Bodrum. Jak si\u0119 nam spodoba, zostaniemy, jak nie &#8211; wsi\u0105dziemy, trzymaj\u0105c w r\u0119ku zielony kamyk, do jakiegokolwiek \u015brodka komunikacji i po\u017cegnamy to miejsce bez \u017calu.<\/p>\n<p>Bywa, \u017ce pierwszy rzut oka odstr\u0119cza nas od pozostania w danym miejscu, by\u0142o tak z Ankar\u0105. Na pewno ma wiele fajnych miejsc i wielu fajnych ludzi, ale &#8211; b\u0119d\u0105c na wyprawie, mamy luksus decydowania w zale\u017cno\u015bci od naszych kaprys\u00f3w. I mo\u017ce to jest w\u0142a\u015bnie najlepsze?<\/p>\n","protected":false},"excerpt":{"rendered":"<p>W nocy okaza\u0142o si\u0119, \u017ce przep\u0142acony obiad kosztuje znacznie wi\u0119cej, ni\u017c na pocz\u0105tku si\u0119 wydawa\u0142o.&#8230;<\/p>\n<div class=\"more-link-wrapper\"><a class=\"more-link\" href=\"https:\/\/www.volen.pl\/?p=225\">Read the post<span class=\"screen-reader-text\">2490<\/span><\/a><\/div>\n","protected":false},"author":1,"featured_media":1743,"comment_status":"closed","ping_status":"closed","sticky":false,"template":"","format":"standard","meta":{"_crdt_document":"","jetpack_post_was_ever_published":false,"_jetpack_newsletter_access":"","_jetpack_dont_email_post_to_subs":false,"_jetpack_newsletter_tier_id":0,"_jetpack_memberships_contains_paywalled_content":false,"_jetpack_memberships_contains_paid_content":false,"footnotes":"","jetpack_publicize_message":"","jetpack_publicize_feature_enabled":true,"jetpack_social_post_already_shared":true,"jetpack_social_options":{"image_generator_settings":{"template":"highway","default_image_id":0,"font":"","enabled":false},"version":2}},"categories":[135,93],"tags":[137,232,205,233,60,90],"class_list":["post-225","post","type-post","status-publish","format-standard","has-post-thumbnail","hentry","category-7000km-2012","category-nawariata","tag-7000km","tag-goreme","tag-nawariata","tag-ortahisar","tag-podroze","tag-turcja","excerpt","zoom","full-without-featured","even","excerpt-0"],"jetpack_publicize_connections":[],"jetpack_featured_media_url":"https:\/\/i0.wp.com\/www.volen.pl\/wp-content\/uploads\/2012\/10\/DSC_7680.jpg?fit=1976%2C1309&ssl=1","jetpack_shortlink":"https:\/\/wp.me\/s4lAri-2490","jetpack_sharing_enabled":true,"jetpack-related-posts":[{"id":226,"url":"https:\/\/www.volen.pl\/?p=226","url_meta":{"origin":225,"position":0},"title":"otokar","author":"volen","date":"2012-10-11","format":false,"excerpt":"Ca\u0142a noc w pozycji p\u00f3\u0142le\u017c\u0105cop\u00f3\u0142siedz\u0105cej z bol\u0105c\u0105 ko\u015bci\u0105 ogonow\u0105, opuchni\u0119t\u0105 i bol\u0105c\u0105 szyj\u0105 oraz zgi\u0119tymi w kolanach nogami. Czego wi\u0119cej od \u017cycia chcie\u0107? W nocy wr\u00f3ci\u0142 deszcz i jego niemilkn\u0105cy szum umila\u0142 nam podr\u00f3\u017c. Rejs autokarem, opr\u00f3cz dolegliwo\u015bci fizycznych, przyni\u00f3s\u0142 tak\u017ce inne spostrze\u017cenia. Stewardem w naszym otokarze by\u0142 Turek, bardzo\u2026","rel":"","context":"W \u201e7000km - 2012&quot;","block_context":{"text":"7000km - 2012","link":"https:\/\/www.volen.pl\/?cat=135"},"img":{"alt_text":"","src":"https:\/\/i0.wp.com\/www.volen.pl\/wp-content\/uploads\/2012\/10\/DSC_7547.jpg?fit=1200%2C803&ssl=1&resize=350%2C200","width":350,"height":200,"srcset":"https:\/\/i0.wp.com\/www.volen.pl\/wp-content\/uploads\/2012\/10\/DSC_7547.jpg?fit=1200%2C803&ssl=1&resize=350%2C200 1x, https:\/\/i0.wp.com\/www.volen.pl\/wp-content\/uploads\/2012\/10\/DSC_7547.jpg?fit=1200%2C803&ssl=1&resize=525%2C300 1.5x, https:\/\/i0.wp.com\/www.volen.pl\/wp-content\/uploads\/2012\/10\/DSC_7547.jpg?fit=1200%2C803&ssl=1&resize=700%2C400 2x, https:\/\/i0.wp.com\/www.volen.pl\/wp-content\/uploads\/2012\/10\/DSC_7547.jpg?fit=1200%2C803&ssl=1&resize=1050%2C600 3x"},"classes":[]},{"id":227,"url":"https:\/\/www.volen.pl\/?p=227","url_meta":{"origin":225,"position":1},"title":"Trabzon, miasto tureckie","author":"volen","date":"2012-10-10","format":false,"excerpt":"Ko\u0144czy si\u0119 pierwszy ca\u0142kowicie turecki dzie\u0144 wyprawy. \u015aniadanie jak w Europie, do wyboru, st\u00f3\u0142 szwedzki. By\u0142o wszystko, ser, jajka, mortadela itp. ale NIE BY\u0141O KAWY! Dziki kraj. By\u0142a za to herbata, od kt\u00f3rej serce staje. Deszcz w nocy te\u017c usta\u0142. Mieli\u015bmy dzi\u015b jecha\u0107 z dwoma Turkami na zwiedzanie pobliskiego monastyru,\u2026","rel":"","context":"W \u201e7000km - 2012&quot;","block_context":{"text":"7000km - 2012","link":"https:\/\/www.volen.pl\/?cat=135"},"img":{"alt_text":"","src":"https:\/\/i0.wp.com\/www.volen.pl\/wp-content\/uploads\/2012\/10\/DSC_7396.jpg?fit=1200%2C795&ssl=1&resize=350%2C200","width":350,"height":200,"srcset":"https:\/\/i0.wp.com\/www.volen.pl\/wp-content\/uploads\/2012\/10\/DSC_7396.jpg?fit=1200%2C795&ssl=1&resize=350%2C200 1x, https:\/\/i0.wp.com\/www.volen.pl\/wp-content\/uploads\/2012\/10\/DSC_7396.jpg?fit=1200%2C795&ssl=1&resize=525%2C300 1.5x, https:\/\/i0.wp.com\/www.volen.pl\/wp-content\/uploads\/2012\/10\/DSC_7396.jpg?fit=1200%2C795&ssl=1&resize=700%2C400 2x, https:\/\/i0.wp.com\/www.volen.pl\/wp-content\/uploads\/2012\/10\/DSC_7396.jpg?fit=1200%2C795&ssl=1&resize=1050%2C600 3x"},"classes":[]},{"id":244,"url":"https:\/\/www.volen.pl\/?p=244","url_meta":{"origin":225,"position":2},"title":"Ryga","author":"volen","date":"2012-10-03","format":false,"excerpt":"Po wyj\u015bciu z samolotu zrobili\u015bmy zrzut\u0119 z dwiema Rosjankami na taks\u00f3wk\u0119 do centrum miasta. Mamy par\u0119 godzin przed lotem do Tbilisi. W Rydze, do\u015b\u0107 tradycyjnie dla mnie, spotka\u0142em mojego nowego przyjaciela, bardzo potrzebuj\u0105cego wsparcia finansowego. Zgodzi\u0142 si\u0119 uprzejmie na zdj\u0119cia, wi\u0119c mam go ustrzelonego na wieki :) Podczas wa\u0142\u0119sania si\u0119\u2026","rel":"","context":"W \u201e7000km - 2012&quot;","block_context":{"text":"7000km - 2012","link":"https:\/\/www.volen.pl\/?cat=135"},"img":{"alt_text":"","src":"https:\/\/i0.wp.com\/www.volen.pl\/wp-content\/uploads\/2012\/10\/DSC_5998.jpg?fit=1200%2C795&ssl=1&resize=350%2C200","width":350,"height":200,"srcset":"https:\/\/i0.wp.com\/www.volen.pl\/wp-content\/uploads\/2012\/10\/DSC_5998.jpg?fit=1200%2C795&ssl=1&resize=350%2C200 1x, https:\/\/i0.wp.com\/www.volen.pl\/wp-content\/uploads\/2012\/10\/DSC_5998.jpg?fit=1200%2C795&ssl=1&resize=525%2C300 1.5x, https:\/\/i0.wp.com\/www.volen.pl\/wp-content\/uploads\/2012\/10\/DSC_5998.jpg?fit=1200%2C795&ssl=1&resize=700%2C400 2x, https:\/\/i0.wp.com\/www.volen.pl\/wp-content\/uploads\/2012\/10\/DSC_5998.jpg?fit=1200%2C795&ssl=1&resize=1050%2C600 3x"},"classes":[]},{"id":231,"url":"https:\/\/www.volen.pl\/?p=231","url_meta":{"origin":225,"position":3},"title":"Achalciche Vardzia i z powrotem","author":"volen","date":"2012-10-06","format":false,"excerpt":"Mieli\u015bmy wsta\u0107 z rana, ale wy\u0142\u0105czony telefon nie budzi, o czym osobi\u015bcie zapomnia\u0142em i nikt nigdy nie dowie si\u0119, czy zrobi\u0142em to z premedytacj\u0105, czy przez zapomnienie. Mniejsza o to. Po \u015bniadaniu poszli\u015bmy na ulic\u0119 \u0142apa\u0107 marszrutk\u0119 do Achalciche. Za drugim strza\u0142em uda\u0142o si\u0119. Wspomnienie tej podr\u00f3\u017cy na d\u0142ugo zapisze\u2026","rel":"","context":"W \u201e7000km - 2012&quot;","block_context":{"text":"7000km - 2012","link":"https:\/\/www.volen.pl\/?cat=135"},"img":{"alt_text":"","src":"https:\/\/i0.wp.com\/www.volen.pl\/wp-content\/uploads\/2016\/01\/DSC_6450.jpg?fit=1200%2C795&ssl=1&resize=350%2C200","width":350,"height":200,"srcset":"https:\/\/i0.wp.com\/www.volen.pl\/wp-content\/uploads\/2016\/01\/DSC_6450.jpg?fit=1200%2C795&ssl=1&resize=350%2C200 1x, https:\/\/i0.wp.com\/www.volen.pl\/wp-content\/uploads\/2016\/01\/DSC_6450.jpg?fit=1200%2C795&ssl=1&resize=525%2C300 1.5x, https:\/\/i0.wp.com\/www.volen.pl\/wp-content\/uploads\/2016\/01\/DSC_6450.jpg?fit=1200%2C795&ssl=1&resize=700%2C400 2x, https:\/\/i0.wp.com\/www.volen.pl\/wp-content\/uploads\/2016\/01\/DSC_6450.jpg?fit=1200%2C795&ssl=1&resize=1050%2C600 3x"},"classes":[]},{"id":232,"url":"https:\/\/www.volen.pl\/?p=232","url_meta":{"origin":225,"position":4},"title":"Tbilisi Gori Bord\u017comi","author":"volen","date":"2012-10-05","format":false,"excerpt":"Po po\u017cywnym \u015bniadaniu udali\u015bmy si\u0119 w podr\u00f3\u017c ku nieznanemu. Zdecydowali\u015bmy, i\u017c obejrzymy skalne miasto Uplisciche, po\u0142o\u017cone ok. 10km na wsch\u00f3d od Gori, miejsca narodzenia J\u00f3zefa Wissarionowicza Stalina. Ruszyli\u015bmy marszrutk\u0105 nr 118 w kierunku tbiliskiego PKP, jakie\u017c by\u0142o nasze zdziwienie, \u017ce \u00f3w dworzec by\u0142 niew\u0142a\u015bciwy! Zadane od niechcenia pytanie o Gori\u2026","rel":"","context":"W \u201e7000km - 2012&quot;","block_context":{"text":"7000km - 2012","link":"https:\/\/www.volen.pl\/?cat=135"},"img":{"alt_text":"","src":"https:\/\/i0.wp.com\/www.volen.pl\/wp-content\/uploads\/2012\/10\/DSC_6237.jpg?fit=1200%2C795&ssl=1&resize=350%2C200","width":350,"height":200,"srcset":"https:\/\/i0.wp.com\/www.volen.pl\/wp-content\/uploads\/2012\/10\/DSC_6237.jpg?fit=1200%2C795&ssl=1&resize=350%2C200 1x, https:\/\/i0.wp.com\/www.volen.pl\/wp-content\/uploads\/2012\/10\/DSC_6237.jpg?fit=1200%2C795&ssl=1&resize=525%2C300 1.5x, https:\/\/i0.wp.com\/www.volen.pl\/wp-content\/uploads\/2012\/10\/DSC_6237.jpg?fit=1200%2C795&ssl=1&resize=700%2C400 2x, https:\/\/i0.wp.com\/www.volen.pl\/wp-content\/uploads\/2012\/10\/DSC_6237.jpg?fit=1200%2C795&ssl=1&resize=1050%2C600 3x"},"classes":[]},{"id":230,"url":"https:\/\/www.volen.pl\/?p=230","url_meta":{"origin":225,"position":5},"title":"Z Achalciche do Kutaisi","author":"volen","date":"2012-10-07","format":false,"excerpt":"A owo\u017c i nasta\u0142 dzie\u0144 si\u00f3dmy pa\u017adziernika Anno Domini 2012. Oko\u0142o godziny 1.00 w nocy obudzi\u0142 nas \u0142omot do drzwi, to s\u0105siadka Miszy chcia\u0142a taks\u00f3wk\u0119 do Bord\u017comi po nocy bra\u0107. Ca\u0142e szcz\u0119\u015bcie, nie zgodzi\u0142 si\u0119, a my usi\u0142owali\u015bmy znowu zasn\u0105\u0107. Ledwo si\u0119 uda\u0142o, a ju\u017c pi\u0105ta na zegarze, tubylcy zacz\u0119li\u2026","rel":"","context":"W \u201e7000km - 2012&quot;","block_context":{"text":"7000km - 2012","link":"https:\/\/www.volen.pl\/?cat=135"},"img":{"alt_text":"","src":"https:\/\/i0.wp.com\/www.volen.pl\/wp-content\/uploads\/2012\/10\/8144379657_df79d49bb1_k.jpg?fit=1200%2C796&ssl=1&resize=350%2C200","width":350,"height":200,"srcset":"https:\/\/i0.wp.com\/www.volen.pl\/wp-content\/uploads\/2012\/10\/8144379657_df79d49bb1_k.jpg?fit=1200%2C796&ssl=1&resize=350%2C200 1x, https:\/\/i0.wp.com\/www.volen.pl\/wp-content\/uploads\/2012\/10\/8144379657_df79d49bb1_k.jpg?fit=1200%2C796&ssl=1&resize=525%2C300 1.5x, https:\/\/i0.wp.com\/www.volen.pl\/wp-content\/uploads\/2012\/10\/8144379657_df79d49bb1_k.jpg?fit=1200%2C796&ssl=1&resize=700%2C400 2x, https:\/\/i0.wp.com\/www.volen.pl\/wp-content\/uploads\/2012\/10\/8144379657_df79d49bb1_k.jpg?fit=1200%2C796&ssl=1&resize=1050%2C600 3x"},"classes":[]}],"_links":{"self":[{"href":"https:\/\/www.volen.pl\/index.php?rest_route=\/wp\/v2\/posts\/225","targetHints":{"allow":["GET"]}}],"collection":[{"href":"https:\/\/www.volen.pl\/index.php?rest_route=\/wp\/v2\/posts"}],"about":[{"href":"https:\/\/www.volen.pl\/index.php?rest_route=\/wp\/v2\/types\/post"}],"author":[{"embeddable":true,"href":"https:\/\/www.volen.pl\/index.php?rest_route=\/wp\/v2\/users\/1"}],"replies":[{"embeddable":true,"href":"https:\/\/www.volen.pl\/index.php?rest_route=%2Fwp%2Fv2%2Fcomments&post=225"}],"version-history":[{"count":3,"href":"https:\/\/www.volen.pl\/index.php?rest_route=\/wp\/v2\/posts\/225\/revisions"}],"predecessor-version":[{"id":1746,"href":"https:\/\/www.volen.pl\/index.php?rest_route=\/wp\/v2\/posts\/225\/revisions\/1746"}],"wp:featuredmedia":[{"embeddable":true,"href":"https:\/\/www.volen.pl\/index.php?rest_route=\/wp\/v2\/media\/1743"}],"wp:attachment":[{"href":"https:\/\/www.volen.pl\/index.php?rest_route=%2Fwp%2Fv2%2Fmedia&parent=225"}],"wp:term":[{"taxonomy":"category","embeddable":true,"href":"https:\/\/www.volen.pl\/index.php?rest_route=%2Fwp%2Fv2%2Fcategories&post=225"},{"taxonomy":"post_tag","embeddable":true,"href":"https:\/\/www.volen.pl\/index.php?rest_route=%2Fwp%2Fv2%2Ftags&post=225"}],"curies":[{"name":"wp","href":"https:\/\/api.w.org\/{rel}","templated":true}]}}