{"id":228,"date":"2012-10-09T04:00:00","date_gmt":"2012-10-09T02:00:00","guid":{"rendered":"http:\/\/www.volen.pl\/?p=228"},"modified":"2016-01-20T20:40:13","modified_gmt":"2016-01-20T19:40:13","slug":"wyje-d-amy-z-gruzji","status":"publish","type":"post","link":"https:\/\/www.volen.pl\/?p=228","title":{"rendered":"Wyje\u017cd\u017camy z Gruzji"},"content":{"rendered":"<p>Od rana pada\u0142 deszcz. Cho\u0107 okre\u015blenie pada\u0142 jest mo\u017ce nie na miejscu. Raczej wali\u0142 si\u0119 z nieba jedn\u0105 wielk\u0105 strug\u0105. Kr\u00f3tkie wyj\u015bcie na dw\u00f3r by\u0142o jak wskoczenie do basenu. W ka\u017cdym razie, po \u015bniadaniu, kt\u00f3re sk\u0142ada\u0142o si\u0119 z gotowanego jajka, dw\u00f3ch zimnych par\u00f3wek i ciep\u0142ej kaszy gryczanej, udali\u015bmy si\u0119 w um\u00f3wione z Ili\u0105 miejsce. My przyszli\u015bmy, Ilia nie. Nie wiemy czemu. Mo\u017ce \u017ale dogadali\u015bmy miejsce, mo\u017ce czas? W Batumi chcieli\u015bmy zakotwiczy\u0107 na dwa dni \u017ceby odpocz\u0105\u0107 troch\u0119, ale wal\u0105ce si\u0119 z nieba hektolitry wody przekona\u0142y nas do wyjazdu do Turcji.<br \/>\nMusz\u0119 powiedzie\u0107, \u017ce tak s\u0142owa co poniekt\u00f3rych w ojczy\u017anie, jak i nastawienie Miszy i Ilii do Turk\u00f3w powodowa\u0142o u mnie narastaj\u0105cy niepok\u00f3j. Niby ta Turcja cywilizowana, niby chce do Unii, ale &#8211; my\u015bla\u0142em &#8211; to wsch\u00f3d, dziki, g\u00f3rzysty, islamski kraj, gdzie szybko za\u0142atwia si\u0119 niewiernych. Kamieniami. Tak wi\u0119c, niby trzeba jecha\u0107, ale si\u0119 nie chcia\u0142o. Z\u0142apali\u015bmy taks\u00f3wk\u0119, wyja\u015bnili\u015bmy \u017ce potrzebujemy \u201cpamieniat\u2019 diengi\u201d a potem na marszrutk\u0119 do Turk\u00f3w. Taks\u00f3wkarz &#8211; rzecz oczywista &#8211; i zawi\u00f3z\u0142 i poczeka\u0142 i zaprowadzi\u0142 i palcem pokaza\u0142 i \u017cyczy\u0142 przyjemnej drogi.<\/p>\n<p>W biurze, bo tu o dziwo ju\u017c nie marszrutka, ale autobus i swoje biuro mia\u0142, siedzia\u0142y dwie dziewczyny, jedna wzi\u0119\u0142a za ma\u0142o pieni\u0119dzy i potem musia\u0142a si\u0119 prosi\u0107 o wi\u0119cej, a druga, wyra\u017anie zafascynowana s\u0142owia\u0144sk\u0105 urod\u0105 (chyba Ani) zrobi\u0142a nam kaw\u0119 i odda\u0142a swe \u015bniadanie. Fajnie.<\/p>\n<p>Podr\u00f3\u017c do Turcji normalna. Autem na czterech ko\u0142ach. W sumie nic do opowiadania, gdyby nie to, \u017ce zaraz po wyruszeniu autobusu w tras\u0119, wsiad\u0142a do\u0144 dziewczyna, zacz\u0119\u0142a gada\u0107 ze wszystkimi pasa\u017cerami (poza nami), po czym podesz\u0142a do kierowcy i porozumiewawczo co\u015b po gruzi\u0144sku pomrucza\u0142a. Chwil\u0119 potem autobus zatrzyma\u0142 si\u0119, drzwi otworzy\u0142y a do \u015brodka zacz\u0105\u0142 wje\u017cd\u017ca\u0107 przemyt: papierosy i w\u00f3dka. Z Gruzji do Turcji przemyca si\u0119 alkohol i fajki. Dziewczyna na koniec usi\u0142owa\u0142a si\u0119 dogada\u0107 te\u017c z nami, ale i bariera j\u0119zykowa i og\u00f3lne trudno\u015bci spo\u0142eczne spowodowa\u0142y, \u017ce si\u0119 odczepi\u0142a.<\/p>\n<p>Na marginesie dodam, \u017ce tu, na wschodzie, wszyscy fajcz\u0105, dozwolone s\u0105 reklamy papieros\u00f3w, ba! nawet niekt\u00f3re manekiny trzymaj\u0105 fajki w \u0142apach w markowych sklepach typu Dolce&amp;Gabana, Levi\u2019s, tudzie\u017c u kilku w\u0142oskich projektant\u00f3w, kt\u00f3rzy mog\u0105 by\u0107 na \u015bwiecie s\u0142awni, znani i lubiani, chocia\u017c mi akurat umkn\u0119\u0142y te nazwiska.<\/p>\n<p>Podsumuj\u0119 te\u017c Gruzj\u0119 od razu w kilku s\u0142owach. Polacy od Gruzin\u00f3w mog\u0105 uczy\u0107 si\u0119 go\u015bcinno\u015bci i ch\u0119ci niesienia pomocy. Koniec, kropka. Przys\u0142owiowa \u2018polska go\u015bcinno\u015b\u0107\u2019 przy gruzi\u0144skiej to jaka\u015b kpina. Z ca\u0142ym szacunkiem dla Polski i Polak\u00f3w, ale Polacy w Gruzji mog\u0105 si\u0119 uczy\u0107 go\u015bcinno\u015bci, jak ma\u0142e dzieci alfabetu. W Gruzji najbardziej zagubiony cz\u0142owiek poradzi sobie znakomicie. W\u0142a\u015bciwie, im bardziej zagubiony, tym bardziej go Gruzini poprowadz\u0105. Wystarczy stan\u0105\u0107 nogami na tej ziemi. To jest niesamowite.<\/p>\n<p>Wyjecha\u0107 z Gruzji \u0142atwo, ale wjecha\u0107 do Turcji ju\u017c trudniej. Przej\u015bcie granicy tureckiej to dyscyplina sportowa, mog\u0105ca sta\u0107 si\u0119 olimpijsk\u0105. Najpierw kontrola paszportowa, potem poszukiwania miejsca, gdzie mo\u017cna kupi\u0107 wiz\u0119, potem walka o miejsce przy okienku, bo kierowcy tir\u00f3w zawsze si\u0119 spiesz\u0105 i zawsze s\u0105 najwa\u017cniejsi, a potem powr\u00f3t do kontroli paszportowej i kolejna walka o miejsce przy okienku. Dobrze, \u017ce biali\u015bmy jak mleko, to nas \u0142atwiej zapami\u0119ta\u0107 &#8211; powt\u00f3rna kontrola by\u0142a b\u0142ahostk\u0105 i stra\u017cnik wzi\u0105\u0142 nasze paszporty bez kolejki. Wystarczy\u0142o zobi\u0107 oczy kota ze Shreka.<\/p>\n<p>Wracaj\u0105c do tematu. Autobus wjecha\u0142 do Turcji, deszcz la\u0142 dalej, ludzie powoli wykruszali si\u0119, a ja po drodze z rosn\u0105cym zaniepokojeniem obserwowa\u0142em, \u017ce wysiadaj\u0105ce kobiety przystraja\u0142y g\u0142owy chustami i \u017ce na ulicach jedynie policjantka w mundurze bez takowej chusty paradowa\u0142a. Po jakim\u015b czasie zostali\u015bmy sami z szajk\u0105 przemytnik\u00f3w i jedn\u0105 babink\u0105, co wsiad\u0142a po drodze. Przemytnicy, ustami swej rzeczniczki, usi\u0142owali wywiedzie\u0107 si\u0119, dok\u0105d w Trabzonie si\u0119 udajemy. Kobieta ta jest przyw\u00f3dczyni\u0105 faktyczn\u0105 szajki, acz jej cz\u0142onkom wydaje si\u0119, \u017ce rz\u0105dzi kto inny. Nie ma ona cierpliwo\u015bci, nie zwyk\u0142a ponawia\u0107 pyta\u0144. P\u00f3\u0142g\u0142uchy, bezrozumny i niekumaty bia\u0142as, jak ja, o ile nie chce na lotnisko, to si\u0119 go wysadza po bo\u017cemu, czyli gdzie\u015b w okolicach cywilizowanych.<\/p>\n<p>I tak trafili\u015bmy do Trabzonu, miasta, gdzie podobno nic nie ma, a ludzie wierz\u0105cy na niewiernych poluj\u0105 z ko\u0142kami albo kamieniami. Wyl\u0105dowali\u015bmy w miejscu pe\u0142nym marszrutek, otokar\u00f3w\u2026 i Turk\u00f3w. W my\u015bl, \u017ce giniemy z podniesionym czo\u0142em, uda\u0142em si\u0119 na rze\u017awi\u0105c\u0105 pogaw\u0119dk\u0119 z grupk\u0105 tubylc\u00f3w. Usi\u0142owa\u0142em zorientowa\u0107 si\u0119, kiedy odchodzi autobus do Samsun, nast\u0119pnego miasta Turcji, \u017ceby jak najszybciej mie\u0107 j\u0105 za sob\u0105. I co? Wysz\u0142o, jak zawsze: nigdy nie nastawiaj si\u0119 w oparciu o opinie innych os\u00f3b. Turki nic nie kuma\u0142y, oboj\u0119tnie jakim j\u0119zykiem nie gada\u0142em, ale m\u00f3j u\u015bmiech sprawia\u0142, \u017ce starali si\u0119 pom\u00f3c.<\/p>\n<div class=\"tiled-gallery type-rectangular tiled-gallery-unresized\" data-original-width=\"500\" data-carousel-extra='{&quot;blog_id&quot;:1,&quot;permalink&quot;:&quot;https:\\\/\\\/www.volen.pl\\\/?p=228&quot;,&quot;likes_blog_id&quot;:64250308}' itemscope itemtype=\"http:\/\/schema.org\/ImageGallery\" > <div class=\"gallery-row\" style=\"width: 500px; height: 223px;\" data-original-width=\"500\" data-original-height=\"223\" > <div class=\"gallery-group images-1\" style=\"width: 334px; height: 223px;\" data-original-width=\"334\" data-original-height=\"223\" > <div class=\"tiled-gallery-item tiled-gallery-item-large\" itemprop=\"associatedMedia\" itemscope itemtype=\"http:\/\/schema.org\/ImageObject\"> <a href=\"https:\/\/www.volen.pl\/?attachment_id=1702\" border=\"0\" itemprop=\"url\"> <meta itemprop=\"width\" content=\"330\"> <meta itemprop=\"height\" content=\"219\"> <img decoding=\"async\" class=\"\" data-attachment-id=\"1702\" data-orig-file=\"https:\/\/www.volen.pl\/wp-content\/uploads\/2012\/10\/DSC_7124.jpg\" data-orig-size=\"1581,1047\" data-comments-opened=\"\" data-image-meta=\"{&quot;aperture&quot;:&quot;5.6&quot;,&quot;credit&quot;:&quot;Przemyslaw \\u0027volen\\u0027 Wollenszleger&quot;,&quot;camera&quot;:&quot;NIKON D7000&quot;,&quot;caption&quot;:&quot;&quot;,&quot;created_timestamp&quot;:&quot;1349776995&quot;,&quot;copyright&quot;:&quot;&quot;,&quot;focal_length&quot;:&quot;28&quot;,&quot;iso&quot;:&quot;800&quot;,&quot;shutter_speed&quot;:&quot;0.05&quot;,&quot;title&quot;:&quot;&quot;,&quot;orientation&quot;:&quot;1&quot;}\" data-image-title=\"DSC_7124\" data-image-description=\"\" data-medium-file=\"https:\/\/i0.wp.com\/www.volen.pl\/wp-content\/uploads\/2012\/10\/DSC_7124.jpg?fit=1024%2C678&#038;ssl=1\" data-large-file=\"https:\/\/i0.wp.com\/www.volen.pl\/wp-content\/uploads\/2012\/10\/DSC_7124.jpg?fit=1581%2C1047&#038;ssl=1\" src=\"https:\/\/i0.wp.com\/www.volen.pl\/wp-content\/uploads\/2012\/10\/DSC_7124.jpg?w=330&#038;h=219&#038;ssl=1\" srcset=\"https:\/\/i0.wp.com\/www.volen.pl\/wp-content\/uploads\/2012\/10\/DSC_7124.jpg?w=1581&amp;ssl=1 1581w, https:\/\/i0.wp.com\/www.volen.pl\/wp-content\/uploads\/2012\/10\/DSC_7124.jpg?resize=1024%2C678&amp;ssl=1 1024w, https:\/\/i0.wp.com\/www.volen.pl\/wp-content\/uploads\/2012\/10\/DSC_7124.jpg?resize=529%2C350&amp;ssl=1 529w\" width=\"330\" height=\"219\" loading=\"lazy\" data-original-width=\"330\" data-original-height=\"219\" itemprop=\"http:\/\/schema.org\/image\" title=\"DSC_7124\" alt=\"Turcja\" style=\"width: 330px; height: 219px;\" \/> <\/a> <div class=\"tiled-gallery-caption\" itemprop=\"caption description\"> Turcja <\/div> <\/div> <\/div> <!-- close group --> <div class=\"gallery-group images-2\" style=\"width: 166px; height: 223px;\" data-original-width=\"166\" data-original-height=\"223\" > <div class=\"tiled-gallery-item tiled-gallery-item-small\" itemprop=\"associatedMedia\" itemscope itemtype=\"http:\/\/schema.org\/ImageObject\"> <a href=\"https:\/\/www.volen.pl\/?attachment_id=1703\" border=\"0\" itemprop=\"url\"> <meta itemprop=\"width\" content=\"162\"> <meta itemprop=\"height\" content=\"108\"> <img decoding=\"async\" class=\"\" data-attachment-id=\"1703\" data-orig-file=\"https:\/\/www.volen.pl\/wp-content\/uploads\/2012\/10\/DSC_7126.jpg\" data-orig-size=\"1581,1047\" data-comments-opened=\"\" data-image-meta=\"{&quot;aperture&quot;:&quot;8&quot;,&quot;credit&quot;:&quot;Przemyslaw \\u0027volen\\u0027 Wollenszleger&quot;,&quot;camera&quot;:&quot;NIKON D7000&quot;,&quot;caption&quot;:&quot;&quot;,&quot;created_timestamp&quot;:&quot;1349796776&quot;,&quot;copyright&quot;:&quot;&quot;,&quot;focal_length&quot;:&quot;18&quot;,&quot;iso&quot;:&quot;800&quot;,&quot;shutter_speed&quot;:&quot;0.04&quot;,&quot;title&quot;:&quot;&quot;,&quot;orientation&quot;:&quot;1&quot;}\" data-image-title=\"DSC_7126\" data-image-description=\"\" data-medium-file=\"https:\/\/i0.wp.com\/www.volen.pl\/wp-content\/uploads\/2012\/10\/DSC_7126.jpg?fit=1024%2C678&#038;ssl=1\" data-large-file=\"https:\/\/i0.wp.com\/www.volen.pl\/wp-content\/uploads\/2012\/10\/DSC_7126.jpg?fit=1581%2C1047&#038;ssl=1\" src=\"https:\/\/i0.wp.com\/www.volen.pl\/wp-content\/uploads\/2012\/10\/DSC_7126.jpg?w=162&#038;h=108&#038;ssl=1\" srcset=\"https:\/\/i0.wp.com\/www.volen.pl\/wp-content\/uploads\/2012\/10\/DSC_7126.jpg?w=1581&amp;ssl=1 1581w, https:\/\/i0.wp.com\/www.volen.pl\/wp-content\/uploads\/2012\/10\/DSC_7126.jpg?resize=1024%2C678&amp;ssl=1 1024w, https:\/\/i0.wp.com\/www.volen.pl\/wp-content\/uploads\/2012\/10\/DSC_7126.jpg?resize=529%2C350&amp;ssl=1 529w\" width=\"162\" height=\"108\" loading=\"lazy\" data-original-width=\"162\" data-original-height=\"108\" itemprop=\"http:\/\/schema.org\/image\" title=\"DSC_7126\" alt=\"uliczka\" style=\"width: 162px; height: 108px;\" \/> <\/a> <div class=\"tiled-gallery-caption\" itemprop=\"caption description\"> uliczka <\/div> <\/div> <div class=\"tiled-gallery-item tiled-gallery-item-small\" itemprop=\"associatedMedia\" itemscope itemtype=\"http:\/\/schema.org\/ImageObject\"> <a href=\"https:\/\/www.volen.pl\/?attachment_id=1704\" border=\"0\" itemprop=\"url\"> <meta itemprop=\"width\" content=\"162\"> <meta itemprop=\"height\" content=\"107\"> <img decoding=\"async\" class=\"\" data-attachment-id=\"1704\" data-orig-file=\"https:\/\/www.volen.pl\/wp-content\/uploads\/2012\/10\/DSC_7133.jpg\" data-orig-size=\"1581,1047\" data-comments-opened=\"\" data-image-meta=\"{&quot;aperture&quot;:&quot;8&quot;,&quot;credit&quot;:&quot;Przemyslaw \\u0027volen\\u0027 Wollenszleger&quot;,&quot;camera&quot;:&quot;NIKON D7000&quot;,&quot;caption&quot;:&quot;&quot;,&quot;created_timestamp&quot;:&quot;1349796949&quot;,&quot;copyright&quot;:&quot;&quot;,&quot;focal_length&quot;:&quot;18&quot;,&quot;iso&quot;:&quot;800&quot;,&quot;shutter_speed&quot;:&quot;0.066666666666667&quot;,&quot;title&quot;:&quot;&quot;,&quot;orientation&quot;:&quot;1&quot;}\" data-image-title=\"DSC_7133\" data-image-description=\"\" data-medium-file=\"https:\/\/i0.wp.com\/www.volen.pl\/wp-content\/uploads\/2012\/10\/DSC_7133.jpg?fit=1024%2C678&#038;ssl=1\" data-large-file=\"https:\/\/i0.wp.com\/www.volen.pl\/wp-content\/uploads\/2012\/10\/DSC_7133.jpg?fit=1581%2C1047&#038;ssl=1\" src=\"https:\/\/i0.wp.com\/www.volen.pl\/wp-content\/uploads\/2012\/10\/DSC_7133.jpg?w=162&#038;h=107&#038;ssl=1\" srcset=\"https:\/\/i0.wp.com\/www.volen.pl\/wp-content\/uploads\/2012\/10\/DSC_7133.jpg?w=1581&amp;ssl=1 1581w, https:\/\/i0.wp.com\/www.volen.pl\/wp-content\/uploads\/2012\/10\/DSC_7133.jpg?resize=1024%2C678&amp;ssl=1 1024w, https:\/\/i0.wp.com\/www.volen.pl\/wp-content\/uploads\/2012\/10\/DSC_7133.jpg?resize=529%2C350&amp;ssl=1 529w\" width=\"162\" height=\"107\" loading=\"lazy\" data-original-width=\"162\" data-original-height=\"107\" itemprop=\"http:\/\/schema.org\/image\" title=\"DSC_7133\" alt=\"uliczka\" style=\"width: 162px; height: 107px;\" \/> <\/a> <div class=\"tiled-gallery-caption\" itemprop=\"caption description\"> uliczka <\/div> <\/div> <\/div> <!-- close group --> <\/div> <!-- close row --> <div class=\"gallery-row\" style=\"width: 500px; height: 84px;\" data-original-width=\"500\" data-original-height=\"84\" > <div class=\"gallery-group images-1\" style=\"width: 125px; height: 84px;\" data-original-width=\"125\" data-original-height=\"84\" > <div class=\"tiled-gallery-item tiled-gallery-item-small\" itemprop=\"associatedMedia\" itemscope itemtype=\"http:\/\/schema.org\/ImageObject\"> <a href=\"https:\/\/www.volen.pl\/?attachment_id=1705\" border=\"0\" itemprop=\"url\"> <meta itemprop=\"width\" content=\"121\"> <meta itemprop=\"height\" content=\"80\"> <img decoding=\"async\" class=\"\" data-attachment-id=\"1705\" data-orig-file=\"https:\/\/www.volen.pl\/wp-content\/uploads\/2012\/10\/DSC_7146.jpg\" data-orig-size=\"1581,1047\" data-comments-opened=\"\" data-image-meta=\"{&quot;aperture&quot;:&quot;8&quot;,&quot;credit&quot;:&quot;Przemyslaw \\u0027volen\\u0027 Wollenszleger&quot;,&quot;camera&quot;:&quot;NIKON D7000&quot;,&quot;caption&quot;:&quot;&quot;,&quot;created_timestamp&quot;:&quot;1349797264&quot;,&quot;copyright&quot;:&quot;&quot;,&quot;focal_length&quot;:&quot;18&quot;,&quot;iso&quot;:&quot;800&quot;,&quot;shutter_speed&quot;:&quot;0.02&quot;,&quot;title&quot;:&quot;&quot;,&quot;orientation&quot;:&quot;1&quot;}\" data-image-title=\"DSC_7146\" data-image-description=\"\" data-medium-file=\"https:\/\/i0.wp.com\/www.volen.pl\/wp-content\/uploads\/2012\/10\/DSC_7146.jpg?fit=1024%2C678&#038;ssl=1\" data-large-file=\"https:\/\/i0.wp.com\/www.volen.pl\/wp-content\/uploads\/2012\/10\/DSC_7146.jpg?fit=1581%2C1047&#038;ssl=1\" src=\"https:\/\/i0.wp.com\/www.volen.pl\/wp-content\/uploads\/2012\/10\/DSC_7146.jpg?w=121&#038;h=80&#038;ssl=1\" srcset=\"https:\/\/i0.wp.com\/www.volen.pl\/wp-content\/uploads\/2012\/10\/DSC_7146.jpg?w=1581&amp;ssl=1 1581w, https:\/\/i0.wp.com\/www.volen.pl\/wp-content\/uploads\/2012\/10\/DSC_7146.jpg?resize=1024%2C678&amp;ssl=1 1024w, https:\/\/i0.wp.com\/www.volen.pl\/wp-content\/uploads\/2012\/10\/DSC_7146.jpg?resize=529%2C350&amp;ssl=1 529w\" width=\"121\" height=\"80\" loading=\"lazy\" data-original-width=\"121\" data-original-height=\"80\" itemprop=\"http:\/\/schema.org\/image\" title=\"DSC_7146\" alt=\"sklepik\" style=\"width: 121px; height: 80px;\" \/> <\/a> <div class=\"tiled-gallery-caption\" itemprop=\"caption description\"> sklepik <\/div> <\/div> <\/div> <!-- close group --> <div class=\"gallery-group images-1\" style=\"width: 125px; height: 84px;\" data-original-width=\"125\" data-original-height=\"84\" > <div class=\"tiled-gallery-item tiled-gallery-item-small\" itemprop=\"associatedMedia\" itemscope itemtype=\"http:\/\/schema.org\/ImageObject\"> <a href=\"https:\/\/www.volen.pl\/?attachment_id=1706\" border=\"0\" itemprop=\"url\"> <meta itemprop=\"width\" content=\"121\"> <meta itemprop=\"height\" content=\"80\"> <img decoding=\"async\" class=\"\" data-attachment-id=\"1706\" data-orig-file=\"https:\/\/www.volen.pl\/wp-content\/uploads\/2012\/10\/DSC_7198.jpg\" data-orig-size=\"1581,1047\" data-comments-opened=\"\" data-image-meta=\"{&quot;aperture&quot;:&quot;8&quot;,&quot;credit&quot;:&quot;Przemyslaw \\u0027volen\\u0027 Wollenszleger&quot;,&quot;camera&quot;:&quot;NIKON D7000&quot;,&quot;caption&quot;:&quot;&quot;,&quot;created_timestamp&quot;:&quot;1349802950&quot;,&quot;copyright&quot;:&quot;&quot;,&quot;focal_length&quot;:&quot;18&quot;,&quot;iso&quot;:&quot;100&quot;,&quot;shutter_speed&quot;:&quot;0.76923076923077&quot;,&quot;title&quot;:&quot;&quot;,&quot;orientation&quot;:&quot;1&quot;}\" data-image-title=\"DSC_7198\" data-image-description=\"\" data-medium-file=\"https:\/\/i0.wp.com\/www.volen.pl\/wp-content\/uploads\/2012\/10\/DSC_7198.jpg?fit=1024%2C678&#038;ssl=1\" data-large-file=\"https:\/\/i0.wp.com\/www.volen.pl\/wp-content\/uploads\/2012\/10\/DSC_7198.jpg?fit=1581%2C1047&#038;ssl=1\" src=\"https:\/\/i0.wp.com\/www.volen.pl\/wp-content\/uploads\/2012\/10\/DSC_7198.jpg?w=121&#038;h=80&#038;ssl=1\" srcset=\"https:\/\/i0.wp.com\/www.volen.pl\/wp-content\/uploads\/2012\/10\/DSC_7198.jpg?w=1581&amp;ssl=1 1581w, https:\/\/i0.wp.com\/www.volen.pl\/wp-content\/uploads\/2012\/10\/DSC_7198.jpg?resize=1024%2C678&amp;ssl=1 1024w, https:\/\/i0.wp.com\/www.volen.pl\/wp-content\/uploads\/2012\/10\/DSC_7198.jpg?resize=529%2C350&amp;ssl=1 529w\" width=\"121\" height=\"80\" loading=\"lazy\" data-original-width=\"121\" data-original-height=\"80\" itemprop=\"http:\/\/schema.org\/image\" title=\"DSC_7198\" alt=\"targ rybny\" style=\"width: 121px; height: 80px;\" \/> <\/a> <div class=\"tiled-gallery-caption\" itemprop=\"caption description\"> targ rybny <\/div> <\/div> <\/div> <!-- close group --> <div class=\"gallery-group images-1\" style=\"width: 125px; height: 84px;\" data-original-width=\"125\" data-original-height=\"84\" > <div class=\"tiled-gallery-item tiled-gallery-item-small\" itemprop=\"associatedMedia\" itemscope itemtype=\"http:\/\/schema.org\/ImageObject\"> <a href=\"https:\/\/www.volen.pl\/?attachment_id=1708\" border=\"0\" itemprop=\"url\"> <meta itemprop=\"width\" content=\"121\"> <meta itemprop=\"height\" content=\"80\"> <img decoding=\"async\" class=\"\" data-attachment-id=\"1708\" data-orig-file=\"https:\/\/www.volen.pl\/wp-content\/uploads\/2012\/10\/DSC_7158.jpg\" data-orig-size=\"1581,1047\" data-comments-opened=\"\" data-image-meta=\"{&quot;aperture&quot;:&quot;8&quot;,&quot;credit&quot;:&quot;Przemyslaw \\u0027volen\\u0027 Wollenszleger&quot;,&quot;camera&quot;:&quot;NIKON D7000&quot;,&quot;caption&quot;:&quot;&quot;,&quot;created_timestamp&quot;:&quot;1349797505&quot;,&quot;copyright&quot;:&quot;&quot;,&quot;focal_length&quot;:&quot;32&quot;,&quot;iso&quot;:&quot;800&quot;,&quot;shutter_speed&quot;:&quot;0.025&quot;,&quot;title&quot;:&quot;&quot;,&quot;orientation&quot;:&quot;1&quot;}\" data-image-title=\"DSC_7158\" data-image-description=\"\" data-medium-file=\"https:\/\/i0.wp.com\/www.volen.pl\/wp-content\/uploads\/2012\/10\/DSC_7158.jpg?fit=1024%2C678&#038;ssl=1\" data-large-file=\"https:\/\/i0.wp.com\/www.volen.pl\/wp-content\/uploads\/2012\/10\/DSC_7158.jpg?fit=1581%2C1047&#038;ssl=1\" src=\"https:\/\/i0.wp.com\/www.volen.pl\/wp-content\/uploads\/2012\/10\/DSC_7158.jpg?w=121&#038;h=80&#038;ssl=1\" srcset=\"https:\/\/i0.wp.com\/www.volen.pl\/wp-content\/uploads\/2012\/10\/DSC_7158.jpg?w=1581&amp;ssl=1 1581w, https:\/\/i0.wp.com\/www.volen.pl\/wp-content\/uploads\/2012\/10\/DSC_7158.jpg?resize=1024%2C678&amp;ssl=1 1024w, https:\/\/i0.wp.com\/www.volen.pl\/wp-content\/uploads\/2012\/10\/DSC_7158.jpg?resize=529%2C350&amp;ssl=1 529w\" width=\"121\" height=\"80\" loading=\"lazy\" data-original-width=\"121\" data-original-height=\"80\" itemprop=\"http:\/\/schema.org\/image\" title=\"DSC_7158\" alt=\"Trabzon\" style=\"width: 121px; height: 80px;\" \/> <\/a> <div class=\"tiled-gallery-caption\" itemprop=\"caption description\"> Trabzon <\/div> <\/div> <\/div> <!-- close group --> <div class=\"gallery-group images-1\" style=\"width: 125px; height: 84px;\" data-original-width=\"125\" data-original-height=\"84\" > <div class=\"tiled-gallery-item tiled-gallery-item-small\" itemprop=\"associatedMedia\" itemscope itemtype=\"http:\/\/schema.org\/ImageObject\"> <a href=\"https:\/\/www.volen.pl\/?attachment_id=1709\" border=\"0\" itemprop=\"url\"> <meta itemprop=\"width\" content=\"121\"> <meta itemprop=\"height\" content=\"80\"> <img decoding=\"async\" class=\"\" data-attachment-id=\"1709\" data-orig-file=\"https:\/\/www.volen.pl\/wp-content\/uploads\/2012\/10\/DSC_7194.jpg\" data-orig-size=\"1581,1047\" data-comments-opened=\"\" data-image-meta=\"{&quot;aperture&quot;:&quot;8&quot;,&quot;credit&quot;:&quot;Przemyslaw \\u0027volen\\u0027 Wollenszleger&quot;,&quot;camera&quot;:&quot;NIKON D7000&quot;,&quot;caption&quot;:&quot;&quot;,&quot;created_timestamp&quot;:&quot;1349802677&quot;,&quot;copyright&quot;:&quot;&quot;,&quot;focal_length&quot;:&quot;40&quot;,&quot;iso&quot;:&quot;100&quot;,&quot;shutter_speed&quot;:&quot;0.76923076923077&quot;,&quot;title&quot;:&quot;&quot;,&quot;orientation&quot;:&quot;1&quot;}\" data-image-title=\"DSC_7194\" data-image-description=\"\" data-medium-file=\"https:\/\/i0.wp.com\/www.volen.pl\/wp-content\/uploads\/2012\/10\/DSC_7194.jpg?fit=1024%2C678&#038;ssl=1\" data-large-file=\"https:\/\/i0.wp.com\/www.volen.pl\/wp-content\/uploads\/2012\/10\/DSC_7194.jpg?fit=1581%2C1047&#038;ssl=1\" src=\"https:\/\/i0.wp.com\/www.volen.pl\/wp-content\/uploads\/2012\/10\/DSC_7194.jpg?w=121&#038;h=80&#038;ssl=1\" srcset=\"https:\/\/i0.wp.com\/www.volen.pl\/wp-content\/uploads\/2012\/10\/DSC_7194.jpg?w=1581&amp;ssl=1 1581w, https:\/\/i0.wp.com\/www.volen.pl\/wp-content\/uploads\/2012\/10\/DSC_7194.jpg?resize=1024%2C678&amp;ssl=1 1024w, https:\/\/i0.wp.com\/www.volen.pl\/wp-content\/uploads\/2012\/10\/DSC_7194.jpg?resize=529%2C350&amp;ssl=1 529w\" width=\"121\" height=\"80\" loading=\"lazy\" data-original-width=\"121\" data-original-height=\"80\" itemprop=\"http:\/\/schema.org\/image\" title=\"DSC_7194\" alt=\"uliczka\" style=\"width: 121px; height: 80px;\" \/> <\/a> <div class=\"tiled-gallery-caption\" itemprop=\"caption description\"> uliczka <\/div> <\/div> <\/div> <!-- close group --> <\/div> <!-- close row --> <\/div>\n<p>Deszcz la\u0142 w dalszym ci\u0105gu. Par\u0119 metr\u00f3w dalej znale\u017ali\u015bmy hotel. Kilka pyta\u0144 odkry\u0142o prawie doskona\u0142\u0105 nieznajomo\u015b\u0107 j\u0119zyk\u00f3w obcych w\u015br\u00f3d personelu i wywo\u0142a\u0142o z biura managera hotelu, kt\u00f3ry zna troch\u0119 rosyjski. Uzgodnili\u015bmy pobyt i popytali\u015bmy o atrakcje wok\u00f3\u0142 Trabzonu. Manager wskaza\u0142 na wisz\u0105cy w hallu obraz niedaleko po\u0142o\u017conego monastyru i le\u017c\u0105cej niedaleko cerkwii. Na nasze zrozumia\u0142e pytania, jak si\u0119 tam dosta\u0107, znowu\u017c wywi\u0105za\u0142a si\u0119 dyskusja zaci\u0119ta, Turki gada\u0142y co\u015b po swojemu, i wysz\u0142o \u017ce jutro dw\u00f3ch w\u0142a\u015bnie si\u0119 melduj\u0105cych tureckich go\u015bci b\u0119dzie jecha\u0142o go obejrze\u0107. Um\u00f3wili\u015bmy si\u0119 z nimi na 10.00. Zobaczymy, co b\u0119dzie.<\/p>\n<p><img data-recalc-dims=\"1\" loading=\"lazy\" decoding=\"async\" data-attachment-id=\"1711\" data-permalink=\"https:\/\/www.volen.pl\/?attachment_id=1711\" data-orig-file=\"https:\/\/i0.wp.com\/www.volen.pl\/wp-content\/uploads\/2012\/10\/DSC_7457.jpg?fit=1976%2C1309&amp;ssl=1\" data-orig-size=\"1976,1309\" data-comments-opened=\"0\" data-image-meta=\"{&quot;aperture&quot;:&quot;8&quot;,&quot;credit&quot;:&quot;Przemyslaw &#039;volen&#039; Wollenszleger&quot;,&quot;camera&quot;:&quot;NIKON D7000&quot;,&quot;caption&quot;:&quot;&quot;,&quot;created_timestamp&quot;:&quot;1349890554&quot;,&quot;copyright&quot;:&quot;&quot;,&quot;focal_length&quot;:&quot;105&quot;,&quot;iso&quot;:&quot;1000&quot;,&quot;shutter_speed&quot;:&quot;0.04&quot;,&quot;title&quot;:&quot;&quot;,&quot;orientation&quot;:&quot;1&quot;}\" data-image-title=\"DSC_7457\" data-image-description=\"\" data-image-caption=\"\" data-large-file=\"https:\/\/i0.wp.com\/www.volen.pl\/wp-content\/uploads\/2012\/10\/DSC_7457.jpg?fit=1976%2C1309&amp;ssl=1\" class=\"alignnone size-medium wp-image-1711\" src=\"https:\/\/i0.wp.com\/www.volen.pl\/wp-content\/uploads\/2012\/10\/DSC_7457.jpg?resize=1024%2C678&#038;ssl=1\" alt=\"DSC_7457\" width=\"1024\" height=\"678\" srcset=\"https:\/\/i0.wp.com\/www.volen.pl\/wp-content\/uploads\/2012\/10\/DSC_7457.jpg?resize=1024%2C678&amp;ssl=1 1024w, https:\/\/i0.wp.com\/www.volen.pl\/wp-content\/uploads\/2012\/10\/DSC_7457.jpg?resize=528%2C350&amp;ssl=1 528w, https:\/\/i0.wp.com\/www.volen.pl\/wp-content\/uploads\/2012\/10\/DSC_7457.jpg?w=1976&amp;ssl=1 1976w\" sizes=\"auto, (max-width: 1000px) 100vw, 1000px\" \/><\/p>\n<p>Deszcz la\u0142, jakby mia\u0142 nast\u0105pi\u0107 nowy potop, a my poszli\u015bmy w miasto. Ma\u0142a, w\u0105ska, brukowana uliczka, pe\u0142no sklep\u00f3w, pe\u0142no \u015bwiate\u0142ek, handel pe\u0142n\u0105 g\u0119b\u0105. Poszwendali\u015bmy si\u0119 po mie\u015bcie, zjedli\u015bmy obiadokolacj\u0119 i idziemy spa\u0107.<\/p>\n<p>Jutro jedziemy do monastyru. A mo\u017ce i dalej?<\/p>\n<p>PS. Anula narzeka, \u017ce Turcja ma na mnie z\u0142y wp\u0142yw. W\u0142a\u015bciwie nie wiem, czemu? Mamy par\u0119 dni, aby to wszystko poobserwowa\u0107 i powzi\u0105\u0107 odpowiednie, bo swoje, uprzedzenia.<\/p>\n","protected":false},"excerpt":{"rendered":"<p>Od rana pada\u0142 deszcz. Cho\u0107 okre\u015blenie pada\u0142 jest mo\u017ce nie na miejscu. Raczej wali\u0142 si\u0119&#8230;<\/p>\n<div class=\"more-link-wrapper\"><a class=\"more-link\" href=\"https:\/\/www.volen.pl\/?p=228\">Read the post<span class=\"screen-reader-text\">Wyje\u017cd\u017camy z Gruzji<\/span><\/a><\/div>\n","protected":false},"author":1,"featured_media":1702,"comment_status":"closed","ping_status":"closed","sticky":false,"template":"","format":"standard","meta":{"_crdt_document":"","jetpack_post_was_ever_published":false,"_jetpack_newsletter_access":"","_jetpack_dont_email_post_to_subs":false,"_jetpack_newsletter_tier_id":0,"_jetpack_memberships_contains_paywalled_content":false,"_jetpack_memberships_contains_paid_content":false,"footnotes":"","jetpack_publicize_message":"","jetpack_publicize_feature_enabled":true,"jetpack_social_post_already_shared":true,"jetpack_social_options":{"image_generator_settings":{"template":"highway","default_image_id":0,"font":"","enabled":false},"version":2}},"categories":[135,93],"tags":[137,92,205,60,90],"class_list":["post-228","post","type-post","status-publish","format-standard","has-post-thumbnail","hentry","category-7000km-2012","category-nawariata","tag-7000km","tag-gruzja","tag-nawariata","tag-podroze","tag-turcja","excerpt","zoom","full-without-featured","even","excerpt-0"],"jetpack_publicize_connections":[],"jetpack_featured_media_url":"https:\/\/i0.wp.com\/www.volen.pl\/wp-content\/uploads\/2012\/10\/DSC_7124.jpg?fit=1581%2C1047&ssl=1","jetpack_shortlink":"https:\/\/wp.me\/p4lAri-3G","jetpack_sharing_enabled":true,"jetpack-related-posts":[{"id":225,"url":"https:\/\/www.volen.pl\/?p=225","url_meta":{"origin":228,"position":0},"title":"2490","author":"volen","date":"2012-10-12","format":false,"excerpt":"W nocy okaza\u0142o si\u0119, \u017ce przep\u0142acony obiad kosztuje znacznie wi\u0119cej, ni\u017c na pocz\u0105tku si\u0119 wydawa\u0142o. Nudno\u015bci i gor\u0105czka, spanie w p\u00f3\u0142letargu do \u015bwitu, kiedy to muezin zacz\u0105\u0142 zaprasza\u0107 do modlitwy. M\u00f3j organizm reaguje zazwyczaj bardzo szybko i bardzo silnie. Byli\u015bmy um\u00f3wieni na wycieczk\u0119 na 9.30 - Anulka, mimo moich be\u0142kotliwych\u2026","rel":"","context":"W \u201e7000km - 2012&quot;","block_context":{"text":"7000km - 2012","link":"https:\/\/www.volen.pl\/?cat=135"},"img":{"alt_text":"","src":"https:\/\/i0.wp.com\/www.volen.pl\/wp-content\/uploads\/2012\/10\/DSC_7680.jpg?fit=1200%2C795&ssl=1&resize=350%2C200","width":350,"height":200,"srcset":"https:\/\/i0.wp.com\/www.volen.pl\/wp-content\/uploads\/2012\/10\/DSC_7680.jpg?fit=1200%2C795&ssl=1&resize=350%2C200 1x, https:\/\/i0.wp.com\/www.volen.pl\/wp-content\/uploads\/2012\/10\/DSC_7680.jpg?fit=1200%2C795&ssl=1&resize=525%2C300 1.5x, https:\/\/i0.wp.com\/www.volen.pl\/wp-content\/uploads\/2012\/10\/DSC_7680.jpg?fit=1200%2C795&ssl=1&resize=700%2C400 2x, https:\/\/i0.wp.com\/www.volen.pl\/wp-content\/uploads\/2012\/10\/DSC_7680.jpg?fit=1200%2C795&ssl=1&resize=1050%2C600 3x"},"classes":[]},{"id":226,"url":"https:\/\/www.volen.pl\/?p=226","url_meta":{"origin":228,"position":1},"title":"otokar","author":"volen","date":"2012-10-11","format":false,"excerpt":"Ca\u0142a noc w pozycji p\u00f3\u0142le\u017c\u0105cop\u00f3\u0142siedz\u0105cej z bol\u0105c\u0105 ko\u015bci\u0105 ogonow\u0105, opuchni\u0119t\u0105 i bol\u0105c\u0105 szyj\u0105 oraz zgi\u0119tymi w kolanach nogami. Czego wi\u0119cej od \u017cycia chcie\u0107? W nocy wr\u00f3ci\u0142 deszcz i jego niemilkn\u0105cy szum umila\u0142 nam podr\u00f3\u017c. Rejs autokarem, opr\u00f3cz dolegliwo\u015bci fizycznych, przyni\u00f3s\u0142 tak\u017ce inne spostrze\u017cenia. Stewardem w naszym otokarze by\u0142 Turek, bardzo\u2026","rel":"","context":"W \u201e7000km - 2012&quot;","block_context":{"text":"7000km - 2012","link":"https:\/\/www.volen.pl\/?cat=135"},"img":{"alt_text":"","src":"https:\/\/i0.wp.com\/www.volen.pl\/wp-content\/uploads\/2012\/10\/DSC_7547.jpg?fit=1200%2C803&ssl=1&resize=350%2C200","width":350,"height":200,"srcset":"https:\/\/i0.wp.com\/www.volen.pl\/wp-content\/uploads\/2012\/10\/DSC_7547.jpg?fit=1200%2C803&ssl=1&resize=350%2C200 1x, https:\/\/i0.wp.com\/www.volen.pl\/wp-content\/uploads\/2012\/10\/DSC_7547.jpg?fit=1200%2C803&ssl=1&resize=525%2C300 1.5x, https:\/\/i0.wp.com\/www.volen.pl\/wp-content\/uploads\/2012\/10\/DSC_7547.jpg?fit=1200%2C803&ssl=1&resize=700%2C400 2x, https:\/\/i0.wp.com\/www.volen.pl\/wp-content\/uploads\/2012\/10\/DSC_7547.jpg?fit=1200%2C803&ssl=1&resize=1050%2C600 3x"},"classes":[]},{"id":362,"url":"https:\/\/www.volen.pl\/?p=362","url_meta":{"origin":228,"position":2},"title":"kult Ernesto","author":"volen","date":"2014-03-27","format":false,"excerpt":"Od rana samego m\u017cy\u0142o a deszczy\u0142o niemo\u017cebnie. Obejrzeli\u015bmy sobie targ kutaisia\u0144ski, spili\u015bmy kaw\u0119 w znajomym barze, ze zdumieniem zobaczyli\u015bmy Che Guevar\u0119, kt\u00f3ry tu \u015brednio na miejscu si\u0119 wydawa\u0142, poszukali\u015bmy poczty przez chwil\u0119, a potem postanowili\u015bmy zabra\u0107 si\u0119 w inne miejsce. Wybrali\u015bmy Tbilisi jako punkt docelowy, po czym udali\u015bmy si\u0119 na\u2026","rel":"","context":"W \u201eGruzja 2014&quot;","block_context":{"text":"Gruzja 2014","link":"https:\/\/www.volen.pl\/?cat=133"},"img":{"alt_text":"","src":"https:\/\/i0.wp.com\/www.volen.pl\/wp-content\/uploads\/2014\/03\/che-_DSC5434.jpg?fit=795%2C1200&ssl=1&resize=350%2C200","width":350,"height":200,"srcset":"https:\/\/i0.wp.com\/www.volen.pl\/wp-content\/uploads\/2014\/03\/che-_DSC5434.jpg?fit=795%2C1200&ssl=1&resize=350%2C200 1x, https:\/\/i0.wp.com\/www.volen.pl\/wp-content\/uploads\/2014\/03\/che-_DSC5434.jpg?fit=795%2C1200&ssl=1&resize=525%2C300 1.5x, https:\/\/i0.wp.com\/www.volen.pl\/wp-content\/uploads\/2014\/03\/che-_DSC5434.jpg?fit=795%2C1200&ssl=1&resize=700%2C400 2x"},"classes":[]},{"id":229,"url":"https:\/\/www.volen.pl\/?p=229","url_meta":{"origin":228,"position":3},"title":"Wy\u015bcig z Kutaisi do Batumi","author":"volen","date":"2012-10-08","format":false,"excerpt":"Kutaisi\u2026 Nie maj\u0105c dla nas nic ciekawego do zaoferowania postanowili\u015bmy je opu\u015bci\u0107. Jaskinie akurat nieczynne, inne atrakcje albo nielegalne, albo tucz\u0105ce\u2026 Wstali\u015bmy jako\u015b tak prawie na czas, ogarn\u0119li\u015bmy nasz pok\u00f3j i poszli\u015bmy do babule\u0144ki, w\u0142a\u015bcicielki hostelu, z kt\u00f3r\u0105 dzie\u0144 wcze\u015bniej ustalili\u015bmy, i\u017c dostaniemy kaw\u0119, mimo \u017ce kupili\u015bmy opcj\u0119 bez \u015bniadania.\u2026","rel":"","context":"W \u201e7000km - 2012&quot;","block_context":{"text":"7000km - 2012","link":"https:\/\/www.volen.pl\/?cat=135"},"img":{"alt_text":"","src":"https:\/\/i0.wp.com\/www.volen.pl\/wp-content\/uploads\/2012\/10\/DSC_7015.jpg?fit=1200%2C795&ssl=1&resize=350%2C200","width":350,"height":200,"srcset":"https:\/\/i0.wp.com\/www.volen.pl\/wp-content\/uploads\/2012\/10\/DSC_7015.jpg?fit=1200%2C795&ssl=1&resize=350%2C200 1x, https:\/\/i0.wp.com\/www.volen.pl\/wp-content\/uploads\/2012\/10\/DSC_7015.jpg?fit=1200%2C795&ssl=1&resize=525%2C300 1.5x, https:\/\/i0.wp.com\/www.volen.pl\/wp-content\/uploads\/2012\/10\/DSC_7015.jpg?fit=1200%2C795&ssl=1&resize=700%2C400 2x, https:\/\/i0.wp.com\/www.volen.pl\/wp-content\/uploads\/2012\/10\/DSC_7015.jpg?fit=1200%2C795&ssl=1&resize=1050%2C600 3x"},"classes":[]},{"id":220,"url":"https:\/\/www.volen.pl\/?p=220","url_meta":{"origin":228,"position":4},"title":"Bodrum","author":"volen","date":"2012-10-15","format":false,"excerpt":"No dobra... Przyznajemy si\u0119... Nie lubimy spa\u0107 w autobusach. Nie s\u0105 za bardzo wygodne. O tym, \u017ce trudy i niewygody podr\u00f3\u017cy \u0142atwo si\u0119 zapomina \u015bwiadczy niesamowita \u0142atwo\u015b\u0107 z jak\u0105 wdepn\u0119li\u015bmy w pi\u0119tnastogodzinn\u0105, nocn\u0105 podr\u00f3\u017c autobusem. Zupe\u0142nie jak lemingi bez \u015bwiadomo\u015bci p\u0119dz\u0105ce na urwisty brzeg morza, my siedli\u015bmy do Metra. Gwoli\u2026","rel":"","context":"W \u201e7000km - 2012&quot;","block_context":{"text":"7000km - 2012","link":"https:\/\/www.volen.pl\/?cat=135"},"img":{"alt_text":"","src":"https:\/\/i0.wp.com\/www.volen.pl\/wp-content\/uploads\/2012\/10\/DSC_8240.jpg?fit=1200%2C795&ssl=1&resize=350%2C200","width":350,"height":200,"srcset":"https:\/\/i0.wp.com\/www.volen.pl\/wp-content\/uploads\/2012\/10\/DSC_8240.jpg?fit=1200%2C795&ssl=1&resize=350%2C200 1x, https:\/\/i0.wp.com\/www.volen.pl\/wp-content\/uploads\/2012\/10\/DSC_8240.jpg?fit=1200%2C795&ssl=1&resize=525%2C300 1.5x, https:\/\/i0.wp.com\/www.volen.pl\/wp-content\/uploads\/2012\/10\/DSC_8240.jpg?fit=1200%2C795&ssl=1&resize=700%2C400 2x, https:\/\/i0.wp.com\/www.volen.pl\/wp-content\/uploads\/2012\/10\/DSC_8240.jpg?fit=1200%2C795&ssl=1&resize=1050%2C600 3x"},"classes":[]},{"id":224,"url":"https:\/\/www.volen.pl\/?p=224","url_meta":{"origin":228,"position":5},"title":"Kapadocja","author":"volen","date":"2012-10-13","format":false,"excerpt":"Po \u015bniadanku, zjedzonym w ciep\u0142ych promieniach wschodz\u0105cego s\u0142o\u0144ca na tarasie hotelu Archpalace, pojechali\u015bmy na wyczekiwan\u0105 wycieczk\u0119. Mamy do\u015b\u0107 miast kamiennych, wykutych w skale monastyr\u00f3w i podziemnych sal i tuneli. Straci\u0142y urok nieznanego, oswoili\u015bmy je, a na ko\u0144cu przejad\u0142y si\u0119. Nie zrozumcie nas \u017ale, Kapadocja to bardzo pi\u0119kne miejsce, warte odwiedzenia,\u2026","rel":"","context":"W \u201e7000km - 2012&quot;","block_context":{"text":"7000km - 2012","link":"https:\/\/www.volen.pl\/?cat=135"},"img":{"alt_text":"","src":"https:\/\/i0.wp.com\/www.volen.pl\/wp-content\/uploads\/2012\/10\/DSC_8037.jpg?fit=1200%2C795&ssl=1&resize=350%2C200","width":350,"height":200,"srcset":"https:\/\/i0.wp.com\/www.volen.pl\/wp-content\/uploads\/2012\/10\/DSC_8037.jpg?fit=1200%2C795&ssl=1&resize=350%2C200 1x, https:\/\/i0.wp.com\/www.volen.pl\/wp-content\/uploads\/2012\/10\/DSC_8037.jpg?fit=1200%2C795&ssl=1&resize=525%2C300 1.5x, https:\/\/i0.wp.com\/www.volen.pl\/wp-content\/uploads\/2012\/10\/DSC_8037.jpg?fit=1200%2C795&ssl=1&resize=700%2C400 2x, https:\/\/i0.wp.com\/www.volen.pl\/wp-content\/uploads\/2012\/10\/DSC_8037.jpg?fit=1200%2C795&ssl=1&resize=1050%2C600 3x"},"classes":[]}],"_links":{"self":[{"href":"https:\/\/www.volen.pl\/index.php?rest_route=\/wp\/v2\/posts\/228","targetHints":{"allow":["GET"]}}],"collection":[{"href":"https:\/\/www.volen.pl\/index.php?rest_route=\/wp\/v2\/posts"}],"about":[{"href":"https:\/\/www.volen.pl\/index.php?rest_route=\/wp\/v2\/types\/post"}],"author":[{"embeddable":true,"href":"https:\/\/www.volen.pl\/index.php?rest_route=\/wp\/v2\/users\/1"}],"replies":[{"embeddable":true,"href":"https:\/\/www.volen.pl\/index.php?rest_route=%2Fwp%2Fv2%2Fcomments&post=228"}],"version-history":[{"count":5,"href":"https:\/\/www.volen.pl\/index.php?rest_route=\/wp\/v2\/posts\/228\/revisions"}],"predecessor-version":[{"id":1712,"href":"https:\/\/www.volen.pl\/index.php?rest_route=\/wp\/v2\/posts\/228\/revisions\/1712"}],"wp:featuredmedia":[{"embeddable":true,"href":"https:\/\/www.volen.pl\/index.php?rest_route=\/wp\/v2\/media\/1702"}],"wp:attachment":[{"href":"https:\/\/www.volen.pl\/index.php?rest_route=%2Fwp%2Fv2%2Fmedia&parent=228"}],"wp:term":[{"taxonomy":"category","embeddable":true,"href":"https:\/\/www.volen.pl\/index.php?rest_route=%2Fwp%2Fv2%2Fcategories&post=228"},{"taxonomy":"post_tag","embeddable":true,"href":"https:\/\/www.volen.pl\/index.php?rest_route=%2Fwp%2Fv2%2Ftags&post=228"}],"curies":[{"name":"wp","href":"https:\/\/api.w.org\/{rel}","templated":true}]}}