{"id":239,"date":"2012-10-04T15:38:00","date_gmt":"2012-10-04T13:38:00","guid":{"rendered":"http:\/\/www.volen.pl\/?p=239"},"modified":"2016-01-17T20:01:02","modified_gmt":"2016-01-17T19:01:02","slug":"tbilisi","status":"publish","type":"post","link":"https:\/\/www.volen.pl\/?p=239","title":{"rendered":"Tbilisi"},"content":{"rendered":"<p>Po niezwykle m\u0119cz\u0105cym locie wpadli\u015bmy nad ranem, ok. 4.30 na tbilisia\u0144skie lotnisko.<\/p>\n<p>Wbrew hiobowym, apokaliptycznym przepowiedniom, taks\u00f3wkarz nas nie okrad\u0142, nie zabi\u0142, tylko zawi\u00f3z\u0142 ulic\u0105 Lecha Kaczy\u0144skiego do bardzo fajnej miejsc\u00f3wki, roboczo przez niego nazwanej \u201cnasrane turistow\u201d (chodzi o restauracj\u0119 fon. \u2018<em>maczahela<\/em>\u2019) i poparte na migi o\u015bwiadczeniem o jej ca\u0142odobowej dost\u0119pno\u015bci. Niech mu B\u00f3g zap\u0142aci, bo lepiej nie m\u00f3g\u0142 zrobi\u0107. Przy wt\u00f3rze z\u0142o\u017conego z pijanych, gruzi\u0144skich wsp\u00f3\u0142towarzyszy, ch\u00f3ru m\u0119skiego, nota bene, nadzwyczaj profesjonalnie brzmi\u0105cego, zjedli\u015bmy ma\u0142e chaczapuri na dwoje. Gdyby\u015bmy wzi\u0119li du\u017ce, pewnie starczy\u0142oby na powr\u00f3t do kraju\u2026<\/p>\n<p>Znalaz\u0142y si\u0119 te\u017c kolejne dwie, potrzebuj\u0105ce duszyczki przyobleczone w cia\u0142a ma\u0142ych ch\u0142opc\u00f3w, niesamowicie sprawnych fizycznie, co jasno si\u0119 okaza\u0142o po tempie wspinania za pieni\u0105\u017ckiem.<\/p>\n<p>Przed wschodem s\u0142o\u0144ca wzi\u0119li\u015bmy niechc\u0105co okoliczne, dzikie, o czym nie widzieli\u015bmy, psy na spacer i wspi\u0119li\u015bmy si\u0119 do ichniej twierdzy i pos\u0105gu kr\u00f3lowej Tamary. W sumie przereklamowane ;) Znale\u017ali\u015bmy hostel, bo Ania zasypia\u0142a podczas marszu i po kr\u00f3tkim, pokrzepiaj\u0105cym boju z wod\u0105 lej\u0105c\u0105 si\u0119 zewsz\u0105d w toalecie, poszli\u015bmy spa\u0107.<\/p>\n<div class=\"tiled-gallery type-rectangular tiled-gallery-unresized\" data-original-width=\"500\" data-carousel-extra='{&quot;blog_id&quot;:1,&quot;permalink&quot;:&quot;https:\\\/\\\/www.volen.pl\\\/?p=239&quot;,&quot;likes_blog_id&quot;:64250308}' itemscope itemtype=\"http:\/\/schema.org\/ImageGallery\" > <div class=\"gallery-row\" style=\"width: 500px; height: 353px;\" data-original-width=\"500\" data-original-height=\"353\" > <div class=\"gallery-group images-2\" style=\"width: 265px; height: 353px;\" data-original-width=\"265\" data-original-height=\"353\" > <div class=\"tiled-gallery-item tiled-gallery-item-large\" itemprop=\"associatedMedia\" itemscope itemtype=\"http:\/\/schema.org\/ImageObject\"> <a href=\"https:\/\/www.volen.pl\/?attachment_id=1633\" border=\"0\" itemprop=\"url\"> <meta itemprop=\"width\" content=\"261\"> <meta itemprop=\"height\" content=\"173\"> <img decoding=\"async\" class=\"\" data-attachment-id=\"1633\" data-orig-file=\"https:\/\/www.volen.pl\/wp-content\/uploads\/2016\/01\/DSC_6039s.jpg\" data-orig-size=\"1976,1309\" data-comments-opened=\"\" data-image-meta=\"{&quot;aperture&quot;:&quot;5.6&quot;,&quot;credit&quot;:&quot;Przemyslaw \\u0027volen\\u0027 Wollenszleger&quot;,&quot;camera&quot;:&quot;NIKON D7000&quot;,&quot;caption&quot;:&quot;&quot;,&quot;created_timestamp&quot;:&quot;1349325368&quot;,&quot;copyright&quot;:&quot;&quot;,&quot;focal_length&quot;:&quot;105&quot;,&quot;iso&quot;:&quot;100&quot;,&quot;shutter_speed&quot;:&quot;0.125&quot;,&quot;title&quot;:&quot;&quot;,&quot;orientation&quot;:&quot;1&quot;}\" data-image-title=\"tu\u017c przed wschodem\" data-image-description=\"\" data-medium-file=\"https:\/\/i0.wp.com\/www.volen.pl\/wp-content\/uploads\/2016\/01\/DSC_6039s.jpg?fit=1024%2C678&#038;ssl=1\" data-large-file=\"https:\/\/i0.wp.com\/www.volen.pl\/wp-content\/uploads\/2016\/01\/DSC_6039s.jpg?fit=1976%2C1309&#038;ssl=1\" src=\"https:\/\/i0.wp.com\/www.volen.pl\/wp-content\/uploads\/2016\/01\/DSC_6039s.jpg?w=261&#038;h=173&#038;ssl=1\" srcset=\"https:\/\/i0.wp.com\/www.volen.pl\/wp-content\/uploads\/2016\/01\/DSC_6039s.jpg?w=1976&amp;ssl=1 1976w, https:\/\/i0.wp.com\/www.volen.pl\/wp-content\/uploads\/2016\/01\/DSC_6039s.jpg?resize=1024%2C678&amp;ssl=1 1024w, https:\/\/i0.wp.com\/www.volen.pl\/wp-content\/uploads\/2016\/01\/DSC_6039s.jpg?resize=528%2C350&amp;ssl=1 528w\" width=\"261\" height=\"173\" loading=\"lazy\" data-original-width=\"261\" data-original-height=\"173\" itemprop=\"http:\/\/schema.org\/image\" title=\"tu\u017c przed wschodem\" alt=\"tu\u017c przed wschodem\" style=\"width: 261px; height: 173px;\" \/> <\/a> <\/div> <div class=\"tiled-gallery-item tiled-gallery-item-large\" itemprop=\"associatedMedia\" itemscope itemtype=\"http:\/\/schema.org\/ImageObject\"> <a href=\"https:\/\/www.volen.pl\/?attachment_id=1632\" border=\"0\" itemprop=\"url\"> <meta itemprop=\"width\" content=\"261\"> <meta itemprop=\"height\" content=\"172\"> <img decoding=\"async\" class=\"\" data-attachment-id=\"1632\" data-orig-file=\"https:\/\/www.volen.pl\/wp-content\/uploads\/2016\/01\/DSC_6066s.jpg\" data-orig-size=\"1976,1309\" data-comments-opened=\"\" data-image-meta=\"{&quot;aperture&quot;:&quot;10&quot;,&quot;credit&quot;:&quot;Przemyslaw \\u0027volen\\u0027 Wollenszleger&quot;,&quot;camera&quot;:&quot;NIKON D7000&quot;,&quot;caption&quot;:&quot;&quot;,&quot;created_timestamp&quot;:&quot;1349327750&quot;,&quot;copyright&quot;:&quot;&quot;,&quot;focal_length&quot;:&quot;18&quot;,&quot;iso&quot;:&quot;100&quot;,&quot;shutter_speed&quot;:&quot;0.033333333333333&quot;,&quot;title&quot;:&quot;&quot;,&quot;orientation&quot;:&quot;1&quot;}\" data-image-title=\"wsch\u00f3d nad miastem\" data-image-description=\"\" data-medium-file=\"https:\/\/i0.wp.com\/www.volen.pl\/wp-content\/uploads\/2016\/01\/DSC_6066s.jpg?fit=1024%2C678&#038;ssl=1\" data-large-file=\"https:\/\/i0.wp.com\/www.volen.pl\/wp-content\/uploads\/2016\/01\/DSC_6066s.jpg?fit=1976%2C1309&#038;ssl=1\" src=\"https:\/\/i0.wp.com\/www.volen.pl\/wp-content\/uploads\/2016\/01\/DSC_6066s.jpg?w=261&#038;h=172&#038;ssl=1\" srcset=\"https:\/\/i0.wp.com\/www.volen.pl\/wp-content\/uploads\/2016\/01\/DSC_6066s.jpg?w=1976&amp;ssl=1 1976w, https:\/\/i0.wp.com\/www.volen.pl\/wp-content\/uploads\/2016\/01\/DSC_6066s.jpg?resize=1024%2C678&amp;ssl=1 1024w, https:\/\/i0.wp.com\/www.volen.pl\/wp-content\/uploads\/2016\/01\/DSC_6066s.jpg?resize=528%2C350&amp;ssl=1 528w\" width=\"261\" height=\"172\" loading=\"lazy\" data-original-width=\"261\" data-original-height=\"172\" itemprop=\"http:\/\/schema.org\/image\" title=\"wsch\u00f3d nad miastem\" alt=\"wsch\u00f3d nad miastem\" style=\"width: 261px; height: 172px;\" \/> <\/a> <\/div> <\/div> <!-- close group --> <div class=\"gallery-group images-1\" style=\"width: 235px; height: 353px;\" data-original-width=\"235\" data-original-height=\"353\" > <div class=\"tiled-gallery-item tiled-gallery-item-small\" itemprop=\"associatedMedia\" itemscope itemtype=\"http:\/\/schema.org\/ImageObject\"> <a href=\"https:\/\/www.volen.pl\/?attachment_id=1636\" border=\"0\" itemprop=\"url\"> <meta itemprop=\"width\" content=\"231\"> <meta itemprop=\"height\" content=\"349\"> <img decoding=\"async\" class=\"\" data-attachment-id=\"1636\" data-orig-file=\"https:\/\/www.volen.pl\/wp-content\/uploads\/2016\/01\/DSC_6092s.jpg\" data-orig-size=\"1976,2983\" data-comments-opened=\"\" data-image-meta=\"{&quot;aperture&quot;:&quot;11&quot;,&quot;credit&quot;:&quot;Przemyslaw \\u0027volen\\u0027 Wollenszleger&quot;,&quot;camera&quot;:&quot;NIKON D7000&quot;,&quot;caption&quot;:&quot;&quot;,&quot;created_timestamp&quot;:&quot;1349329736&quot;,&quot;copyright&quot;:&quot;&quot;,&quot;focal_length&quot;:&quot;62&quot;,&quot;iso&quot;:&quot;100&quot;,&quot;shutter_speed&quot;:&quot;0.00625&quot;,&quot;title&quot;:&quot;&quot;,&quot;orientation&quot;:&quot;1&quot;}\" data-image-title=\"Tamara\" data-image-description=\"\" data-medium-file=\"https:\/\/i0.wp.com\/www.volen.pl\/wp-content\/uploads\/2016\/01\/DSC_6092s.jpg?fit=678%2C1024&#038;ssl=1\" data-large-file=\"https:\/\/i0.wp.com\/www.volen.pl\/wp-content\/uploads\/2016\/01\/DSC_6092s.jpg?fit=1357%2C2048&#038;ssl=1\" src=\"https:\/\/i0.wp.com\/www.volen.pl\/wp-content\/uploads\/2016\/01\/DSC_6092s.jpg?w=231&#038;h=349&#038;ssl=1\" srcset=\"https:\/\/i0.wp.com\/www.volen.pl\/wp-content\/uploads\/2016\/01\/DSC_6092s.jpg?w=1976&amp;ssl=1 1976w, https:\/\/i0.wp.com\/www.volen.pl\/wp-content\/uploads\/2016\/01\/DSC_6092s.jpg?resize=678%2C1024&amp;ssl=1 678w, https:\/\/i0.wp.com\/www.volen.pl\/wp-content\/uploads\/2016\/01\/DSC_6092s.jpg?resize=1357%2C2048&amp;ssl=1 1357w, https:\/\/i0.wp.com\/www.volen.pl\/wp-content\/uploads\/2016\/01\/DSC_6092s.jpg?resize=232%2C350&amp;ssl=1 232w\" width=\"231\" height=\"349\" loading=\"lazy\" data-original-width=\"231\" data-original-height=\"349\" itemprop=\"http:\/\/schema.org\/image\" title=\"Tamara\" alt=\"Tamara\" style=\"width: 231px; height: 349px;\" \/> <\/a> <\/div> <\/div> <!-- close group --> <\/div> <!-- close row --> <\/div>\n<p>Na obiad przepyszne chinkali z mi\u0119sem wo\u0142owym. To serwowane w Warszawie mo\u017ce si\u0119 schowa\u0107.<\/p>\n<p>Postanowili\u015bmy poszuka\u0107 transportu poza Tbilisi i zwiedzili\u015bmy w zwi\u0105zku z tym dzikie a tajemnicze miejsca, w kt\u00f3rych ludzie starali si\u0119 nam pom\u00f3c mimo absolutnego braku wsp\u00f3lnego j\u0119zyka. Dworzec w Tbilisi, obecnie zamieniony na co\u015b w rodzaju gdy\u0144skiej hali targowej, zas\u0142uguje na osobny opis. Oko\u0142o godziny szukali\u015bmy czego\u015b cho\u0107 w niewielkim stopniu zwi\u0105zanego z gruzi\u0144skim PKP, ale jak uda\u0142o nam si\u0119 odnale\u017a\u0107 kas\u0119, to zaj\u0119\u0142y si\u0119 nami wszystkie chyba panie tam pracuj\u0105ce. Summa summarum i tak niewiele si\u0119 dowiedzieli\u015bmy, ale by\u0142o mi\u0142o. Przy okazji dwa spostrze\u017cenia. Gruzini pal\u0105 wsz\u0119dzie, do\u015b\u0107 nami\u0119tnie, wi\u0119c zostali\u015bmy zaszczyceni pani\u0105 w kasie z petem w ustach. A drugie, to to, \u017ce, pomimo ca\u0142ego otwarcia Gruzji na \u015bwiat, t\u0142um\u00f3w turyst\u00f3w itp, mamy wra\u017cenie, \u017ce, gdy idziemy ulic\u0105, szepcz\u0105 mi\u0119dzy sob\u0105, \u017ce chyba istnieje \u017cycie na Marsie, a dw\u00f3ch przybysz\u00f3w stamt\u0105d w\u0142a\u015bnie sobie po Tbilisi spaceruje.<\/p>\n<p>Co\u015b tu si\u0119 dzia\u0142o z wyborami ostatnio i lataj\u0105 wozy na sygnale i pe\u0142no dziennikarzy trzeciorz\u0119dowych si\u0119 tu kr\u0119ci, w\u0142a\u017c\u0105c przed obiektyw.<\/p>\n<div class=\"tiled-gallery type-rectangular tiled-gallery-unresized\" data-original-width=\"500\" data-carousel-extra='{&quot;blog_id&quot;:1,&quot;permalink&quot;:&quot;https:\\\/\\\/www.volen.pl\\\/?p=239&quot;,&quot;likes_blog_id&quot;:64250308}' itemscope itemtype=\"http:\/\/schema.org\/ImageGallery\" > <div class=\"gallery-row\" style=\"width: 500px; height: 223px;\" data-original-width=\"500\" data-original-height=\"223\" > <div class=\"gallery-group images-1\" style=\"width: 334px; height: 223px;\" data-original-width=\"334\" data-original-height=\"223\" > <div class=\"tiled-gallery-item tiled-gallery-item-large\" itemprop=\"associatedMedia\" itemscope itemtype=\"http:\/\/schema.org\/ImageObject\"> <a href=\"https:\/\/www.volen.pl\/?attachment_id=1635\" border=\"0\" itemprop=\"url\"> <meta itemprop=\"width\" content=\"330\"> <meta itemprop=\"height\" content=\"219\"> <img decoding=\"async\" class=\"\" data-attachment-id=\"1635\" data-orig-file=\"https:\/\/www.volen.pl\/wp-content\/uploads\/2016\/01\/DSC_6202s.jpg\" data-orig-size=\"1976,1309\" data-comments-opened=\"\" data-image-meta=\"{&quot;aperture&quot;:&quot;9&quot;,&quot;credit&quot;:&quot;Przemyslaw \\u0027volen\\u0027 Wollenszleger&quot;,&quot;camera&quot;:&quot;NIKON D7000&quot;,&quot;caption&quot;:&quot;&quot;,&quot;created_timestamp&quot;:&quot;1349370243&quot;,&quot;copyright&quot;:&quot;&quot;,&quot;focal_length&quot;:&quot;8&quot;,&quot;iso&quot;:&quot;100&quot;,&quot;shutter_speed&quot;:&quot;1.6&quot;,&quot;title&quot;:&quot;&quot;,&quot;orientation&quot;:&quot;1&quot;}\" data-image-title=\"nocn\u0105 por\u0105\" data-image-description=\"\" data-medium-file=\"https:\/\/i0.wp.com\/www.volen.pl\/wp-content\/uploads\/2016\/01\/DSC_6202s.jpg?fit=1024%2C678&#038;ssl=1\" data-large-file=\"https:\/\/i0.wp.com\/www.volen.pl\/wp-content\/uploads\/2016\/01\/DSC_6202s.jpg?fit=1976%2C1309&#038;ssl=1\" src=\"https:\/\/i0.wp.com\/www.volen.pl\/wp-content\/uploads\/2016\/01\/DSC_6202s.jpg?w=330&#038;h=219&#038;ssl=1\" srcset=\"https:\/\/i0.wp.com\/www.volen.pl\/wp-content\/uploads\/2016\/01\/DSC_6202s.jpg?w=1976&amp;ssl=1 1976w, https:\/\/i0.wp.com\/www.volen.pl\/wp-content\/uploads\/2016\/01\/DSC_6202s.jpg?resize=1024%2C678&amp;ssl=1 1024w, https:\/\/i0.wp.com\/www.volen.pl\/wp-content\/uploads\/2016\/01\/DSC_6202s.jpg?resize=528%2C350&amp;ssl=1 528w\" width=\"330\" height=\"219\" loading=\"lazy\" data-original-width=\"330\" data-original-height=\"219\" itemprop=\"http:\/\/schema.org\/image\" title=\"nocn\u0105 por\u0105\" alt=\"nocn\u0105 por\u0105\" style=\"width: 330px; height: 219px;\" \/> <\/a> <\/div> <\/div> <!-- close group --> <div class=\"gallery-group images-2\" style=\"width: 166px; height: 223px;\" data-original-width=\"166\" data-original-height=\"223\" > <div class=\"tiled-gallery-item tiled-gallery-item-small\" itemprop=\"associatedMedia\" itemscope itemtype=\"http:\/\/schema.org\/ImageObject\"> <a href=\"https:\/\/www.volen.pl\/?attachment_id=1634\" border=\"0\" itemprop=\"url\"> <meta itemprop=\"width\" content=\"162\"> <meta itemprop=\"height\" content=\"108\"> <img decoding=\"async\" class=\"\" data-attachment-id=\"1634\" data-orig-file=\"https:\/\/www.volen.pl\/wp-content\/uploads\/2016\/01\/DSC_6200s.jpg\" data-orig-size=\"1976,1309\" data-comments-opened=\"\" data-image-meta=\"{&quot;aperture&quot;:&quot;9&quot;,&quot;credit&quot;:&quot;Przemyslaw \\u0027volen\\u0027 Wollenszleger&quot;,&quot;camera&quot;:&quot;NIKON D7000&quot;,&quot;caption&quot;:&quot;&quot;,&quot;created_timestamp&quot;:&quot;1349370157&quot;,&quot;copyright&quot;:&quot;&quot;,&quot;focal_length&quot;:&quot;8&quot;,&quot;iso&quot;:&quot;100&quot;,&quot;shutter_speed&quot;:&quot;1.3&quot;,&quot;title&quot;:&quot;&quot;,&quot;orientation&quot;:&quot;1&quot;}\" data-image-title=\"dziennikarze przed obiektywem\" data-image-description=\"\" data-medium-file=\"https:\/\/i0.wp.com\/www.volen.pl\/wp-content\/uploads\/2016\/01\/DSC_6200s.jpg?fit=1024%2C678&#038;ssl=1\" data-large-file=\"https:\/\/i0.wp.com\/www.volen.pl\/wp-content\/uploads\/2016\/01\/DSC_6200s.jpg?fit=1976%2C1309&#038;ssl=1\" src=\"https:\/\/i0.wp.com\/www.volen.pl\/wp-content\/uploads\/2016\/01\/DSC_6200s.jpg?w=162&#038;h=108&#038;ssl=1\" srcset=\"https:\/\/i0.wp.com\/www.volen.pl\/wp-content\/uploads\/2016\/01\/DSC_6200s.jpg?w=1976&amp;ssl=1 1976w, https:\/\/i0.wp.com\/www.volen.pl\/wp-content\/uploads\/2016\/01\/DSC_6200s.jpg?resize=1024%2C678&amp;ssl=1 1024w, https:\/\/i0.wp.com\/www.volen.pl\/wp-content\/uploads\/2016\/01\/DSC_6200s.jpg?resize=528%2C350&amp;ssl=1 528w\" width=\"162\" height=\"108\" loading=\"lazy\" data-original-width=\"162\" data-original-height=\"108\" itemprop=\"http:\/\/schema.org\/image\" title=\"dziennikarze przed obiektywem\" alt=\"dziennikarze przed obiektywem\" style=\"width: 162px; height: 108px;\" \/> <\/a> <\/div> <div class=\"tiled-gallery-item tiled-gallery-item-small\" itemprop=\"associatedMedia\" itemscope itemtype=\"http:\/\/schema.org\/ImageObject\"> <a href=\"https:\/\/www.volen.pl\/?attachment_id=1631\" border=\"0\" itemprop=\"url\"> <meta itemprop=\"width\" content=\"162\"> <meta itemprop=\"height\" content=\"107\"> <img decoding=\"async\" class=\"\" data-attachment-id=\"1631\" data-orig-file=\"https:\/\/www.volen.pl\/wp-content\/uploads\/2016\/01\/DSC_6114s.jpg\" data-orig-size=\"1976,1309\" data-comments-opened=\"\" data-image-meta=\"{&quot;aperture&quot;:&quot;8&quot;,&quot;credit&quot;:&quot;Przemyslaw \\u0027volen\\u0027 Wollenszleger&quot;,&quot;camera&quot;:&quot;NIKON D7000&quot;,&quot;caption&quot;:&quot;&quot;,&quot;created_timestamp&quot;:&quot;1349332889&quot;,&quot;copyright&quot;:&quot;&quot;,&quot;focal_length&quot;:&quot;105&quot;,&quot;iso&quot;:&quot;800&quot;,&quot;shutter_speed&quot;:&quot;0.0025&quot;,&quot;title&quot;:&quot;&quot;,&quot;orientation&quot;:&quot;1&quot;}\" data-image-title=\"kawiarenka\" data-image-description=\"\" data-medium-file=\"https:\/\/i0.wp.com\/www.volen.pl\/wp-content\/uploads\/2016\/01\/DSC_6114s.jpg?fit=1024%2C678&#038;ssl=1\" data-large-file=\"https:\/\/i0.wp.com\/www.volen.pl\/wp-content\/uploads\/2016\/01\/DSC_6114s.jpg?fit=1976%2C1309&#038;ssl=1\" src=\"https:\/\/i0.wp.com\/www.volen.pl\/wp-content\/uploads\/2016\/01\/DSC_6114s.jpg?w=162&#038;h=107&#038;ssl=1\" srcset=\"https:\/\/i0.wp.com\/www.volen.pl\/wp-content\/uploads\/2016\/01\/DSC_6114s.jpg?w=1976&amp;ssl=1 1976w, https:\/\/i0.wp.com\/www.volen.pl\/wp-content\/uploads\/2016\/01\/DSC_6114s.jpg?resize=1024%2C678&amp;ssl=1 1024w, https:\/\/i0.wp.com\/www.volen.pl\/wp-content\/uploads\/2016\/01\/DSC_6114s.jpg?resize=528%2C350&amp;ssl=1 528w\" width=\"162\" height=\"107\" loading=\"lazy\" data-original-width=\"162\" data-original-height=\"107\" itemprop=\"http:\/\/schema.org\/image\" title=\"kawiarenka\" alt=\"kawiarenka\" style=\"width: 162px; height: 107px;\" \/> <\/a> <\/div> <\/div> <!-- close group --> <\/div> <!-- close row --> <div class=\"gallery-row\" style=\"width: 500px; height: 112px;\" data-original-width=\"500\" data-original-height=\"112\" > <div class=\"gallery-group images-1\" style=\"width: 167px; height: 112px;\" data-original-width=\"167\" data-original-height=\"112\" > <div class=\"tiled-gallery-item tiled-gallery-item-small\" itemprop=\"associatedMedia\" itemscope itemtype=\"http:\/\/schema.org\/ImageObject\"> <a href=\"https:\/\/www.volen.pl\/?attachment_id=1630\" border=\"0\" itemprop=\"url\"> <meta itemprop=\"width\" content=\"163\"> <meta itemprop=\"height\" content=\"108\"> <img decoding=\"async\" class=\"\" data-attachment-id=\"1630\" data-orig-file=\"https:\/\/www.volen.pl\/wp-content\/uploads\/2016\/01\/DSC_6183s.jpg\" data-orig-size=\"1976,1309\" data-comments-opened=\"\" data-image-meta=\"{&quot;aperture&quot;:&quot;9&quot;,&quot;credit&quot;:&quot;Przemyslaw \\u0027volen\\u0027 Wollenszleger&quot;,&quot;camera&quot;:&quot;NIKON D7000&quot;,&quot;caption&quot;:&quot;&quot;,&quot;created_timestamp&quot;:&quot;1349369413&quot;,&quot;copyright&quot;:&quot;&quot;,&quot;focal_length&quot;:&quot;8&quot;,&quot;iso&quot;:&quot;100&quot;,&quot;shutter_speed&quot;:&quot;1&quot;,&quot;title&quot;:&quot;&quot;,&quot;orientation&quot;:&quot;1&quot;}\" data-image-title=\"wieczorem\" data-image-description=\"\" data-medium-file=\"https:\/\/i0.wp.com\/www.volen.pl\/wp-content\/uploads\/2016\/01\/DSC_6183s.jpg?fit=1024%2C678&#038;ssl=1\" data-large-file=\"https:\/\/i0.wp.com\/www.volen.pl\/wp-content\/uploads\/2016\/01\/DSC_6183s.jpg?fit=1976%2C1309&#038;ssl=1\" src=\"https:\/\/i0.wp.com\/www.volen.pl\/wp-content\/uploads\/2016\/01\/DSC_6183s.jpg?w=163&#038;h=108&#038;ssl=1\" srcset=\"https:\/\/i0.wp.com\/www.volen.pl\/wp-content\/uploads\/2016\/01\/DSC_6183s.jpg?w=1976&amp;ssl=1 1976w, https:\/\/i0.wp.com\/www.volen.pl\/wp-content\/uploads\/2016\/01\/DSC_6183s.jpg?resize=1024%2C678&amp;ssl=1 1024w, https:\/\/i0.wp.com\/www.volen.pl\/wp-content\/uploads\/2016\/01\/DSC_6183s.jpg?resize=528%2C350&amp;ssl=1 528w\" width=\"163\" height=\"108\" loading=\"lazy\" data-original-width=\"163\" data-original-height=\"108\" itemprop=\"http:\/\/schema.org\/image\" title=\"wieczorem\" alt=\"wieczorem\" style=\"width: 163px; height: 108px;\" \/> <\/a> <\/div> <\/div> <!-- close group --> <div class=\"gallery-group images-1\" style=\"width: 167px; height: 112px;\" data-original-width=\"167\" data-original-height=\"112\" > <div class=\"tiled-gallery-item tiled-gallery-item-small\" itemprop=\"associatedMedia\" itemscope itemtype=\"http:\/\/schema.org\/ImageObject\"> <a href=\"https:\/\/www.volen.pl\/?attachment_id=1629\" border=\"0\" itemprop=\"url\"> <meta itemprop=\"width\" content=\"163\"> <meta itemprop=\"height\" content=\"108\"> <img decoding=\"async\" class=\"\" data-attachment-id=\"1629\" data-orig-file=\"https:\/\/www.volen.pl\/wp-content\/uploads\/2016\/01\/DSC_6150s.jpg\" data-orig-size=\"1976,1309\" data-comments-opened=\"\" data-image-meta=\"{&quot;aperture&quot;:&quot;9&quot;,&quot;credit&quot;:&quot;Przemyslaw \\u0027volen\\u0027 Wollenszleger&quot;,&quot;camera&quot;:&quot;NIKON D7000&quot;,&quot;caption&quot;:&quot;&quot;,&quot;created_timestamp&quot;:&quot;1349359377&quot;,&quot;copyright&quot;:&quot;&quot;,&quot;focal_length&quot;:&quot;80&quot;,&quot;iso&quot;:&quot;250&quot;,&quot;shutter_speed&quot;:&quot;0.025&quot;,&quot;title&quot;:&quot;&quot;,&quot;orientation&quot;:&quot;1&quot;}\" data-image-title=\"Kot z Ronaldem Reaganem\" data-image-description=\"\" data-medium-file=\"https:\/\/i0.wp.com\/www.volen.pl\/wp-content\/uploads\/2016\/01\/DSC_6150s.jpg?fit=1024%2C678&#038;ssl=1\" data-large-file=\"https:\/\/i0.wp.com\/www.volen.pl\/wp-content\/uploads\/2016\/01\/DSC_6150s.jpg?fit=1976%2C1309&#038;ssl=1\" src=\"https:\/\/i0.wp.com\/www.volen.pl\/wp-content\/uploads\/2016\/01\/DSC_6150s.jpg?w=163&#038;h=108&#038;ssl=1\" srcset=\"https:\/\/i0.wp.com\/www.volen.pl\/wp-content\/uploads\/2016\/01\/DSC_6150s.jpg?w=1976&amp;ssl=1 1976w, https:\/\/i0.wp.com\/www.volen.pl\/wp-content\/uploads\/2016\/01\/DSC_6150s.jpg?resize=1024%2C678&amp;ssl=1 1024w, https:\/\/i0.wp.com\/www.volen.pl\/wp-content\/uploads\/2016\/01\/DSC_6150s.jpg?resize=528%2C350&amp;ssl=1 528w\" width=\"163\" height=\"108\" loading=\"lazy\" data-original-width=\"163\" data-original-height=\"108\" itemprop=\"http:\/\/schema.org\/image\" title=\"Kot z Ronaldem Reaganem\" alt=\"Kot z Ronaldem Reaganem\" style=\"width: 163px; height: 108px;\" \/> <\/a> <\/div> <\/div> <!-- close group --> <div class=\"gallery-group images-1\" style=\"width: 166px; height: 112px;\" data-original-width=\"166\" data-original-height=\"112\" > <div class=\"tiled-gallery-item tiled-gallery-item-small\" itemprop=\"associatedMedia\" itemscope itemtype=\"http:\/\/schema.org\/ImageObject\"> <a href=\"https:\/\/www.volen.pl\/?attachment_id=1628\" border=\"0\" itemprop=\"url\"> <meta itemprop=\"width\" content=\"162\"> <meta itemprop=\"height\" content=\"108\"> <img decoding=\"async\" class=\"\" data-attachment-id=\"1628\" data-orig-file=\"https:\/\/www.volen.pl\/wp-content\/uploads\/2016\/01\/DSC_6157s.jpg\" data-orig-size=\"1976,1309\" data-comments-opened=\"\" data-image-meta=\"{&quot;aperture&quot;:&quot;9&quot;,&quot;credit&quot;:&quot;Przemyslaw \\u0027volen\\u0027 Wollenszleger&quot;,&quot;camera&quot;:&quot;NIKON D7000&quot;,&quot;caption&quot;:&quot;&quot;,&quot;created_timestamp&quot;:&quot;1349360830&quot;,&quot;copyright&quot;:&quot;&quot;,&quot;focal_length&quot;:&quot;24&quot;,&quot;iso&quot;:&quot;400&quot;,&quot;shutter_speed&quot;:&quot;0.076923076923077&quot;,&quot;title&quot;:&quot;&quot;,&quot;orientation&quot;:&quot;1&quot;}\" data-image-title=\"zau\u0142ek\" data-image-description=\"\" data-medium-file=\"https:\/\/i0.wp.com\/www.volen.pl\/wp-content\/uploads\/2016\/01\/DSC_6157s.jpg?fit=1024%2C678&#038;ssl=1\" data-large-file=\"https:\/\/i0.wp.com\/www.volen.pl\/wp-content\/uploads\/2016\/01\/DSC_6157s.jpg?fit=1976%2C1309&#038;ssl=1\" src=\"https:\/\/i0.wp.com\/www.volen.pl\/wp-content\/uploads\/2016\/01\/DSC_6157s.jpg?w=162&#038;h=108&#038;ssl=1\" srcset=\"https:\/\/i0.wp.com\/www.volen.pl\/wp-content\/uploads\/2016\/01\/DSC_6157s.jpg?w=1976&amp;ssl=1 1976w, https:\/\/i0.wp.com\/www.volen.pl\/wp-content\/uploads\/2016\/01\/DSC_6157s.jpg?resize=1024%2C678&amp;ssl=1 1024w, https:\/\/i0.wp.com\/www.volen.pl\/wp-content\/uploads\/2016\/01\/DSC_6157s.jpg?resize=528%2C350&amp;ssl=1 528w\" width=\"162\" height=\"108\" loading=\"lazy\" data-original-width=\"162\" data-original-height=\"108\" itemprop=\"http:\/\/schema.org\/image\" title=\"zau\u0142ek\" alt=\"zau\u0142ek\" style=\"width: 162px; height: 108px;\" \/> <\/a> <\/div> <\/div> <!-- close group --> <\/div> <!-- close row --> <div class=\"gallery-row\" style=\"width: 500px; height: 223px;\" data-original-width=\"500\" data-original-height=\"223\" > <div class=\"gallery-group images-2\" style=\"width: 166px; height: 223px;\" data-original-width=\"166\" data-original-height=\"223\" > <div class=\"tiled-gallery-item tiled-gallery-item-small\" itemprop=\"associatedMedia\" itemscope itemtype=\"http:\/\/schema.org\/ImageObject\"> <a href=\"https:\/\/www.volen.pl\/?attachment_id=1627\" border=\"0\" itemprop=\"url\"> <meta itemprop=\"width\" content=\"162\"> <meta itemprop=\"height\" content=\"108\"> <img decoding=\"async\" class=\"\" data-attachment-id=\"1627\" data-orig-file=\"https:\/\/www.volen.pl\/wp-content\/uploads\/2016\/01\/DSC_6113s.jpg\" data-orig-size=\"1976,1309\" data-comments-opened=\"\" data-image-meta=\"{&quot;aperture&quot;:&quot;5&quot;,&quot;credit&quot;:&quot;Przemyslaw \\u0027volen\\u0027 Wollenszleger&quot;,&quot;camera&quot;:&quot;NIKON D7000&quot;,&quot;caption&quot;:&quot;&quot;,&quot;created_timestamp&quot;:&quot;1349331592&quot;,&quot;copyright&quot;:&quot;&quot;,&quot;focal_length&quot;:&quot;18&quot;,&quot;iso&quot;:&quot;100&quot;,&quot;shutter_speed&quot;:&quot;0.008&quot;,&quot;title&quot;:&quot;&quot;,&quot;orientation&quot;:&quot;1&quot;}\" data-image-title=\"mi\u0142o\u015b\u0107\" data-image-description=\"\" data-medium-file=\"https:\/\/i0.wp.com\/www.volen.pl\/wp-content\/uploads\/2016\/01\/DSC_6113s.jpg?fit=1024%2C678&#038;ssl=1\" data-large-file=\"https:\/\/i0.wp.com\/www.volen.pl\/wp-content\/uploads\/2016\/01\/DSC_6113s.jpg?fit=1976%2C1309&#038;ssl=1\" src=\"https:\/\/i0.wp.com\/www.volen.pl\/wp-content\/uploads\/2016\/01\/DSC_6113s.jpg?w=162&#038;h=108&#038;ssl=1\" srcset=\"https:\/\/i0.wp.com\/www.volen.pl\/wp-content\/uploads\/2016\/01\/DSC_6113s.jpg?w=1976&amp;ssl=1 1976w, https:\/\/i0.wp.com\/www.volen.pl\/wp-content\/uploads\/2016\/01\/DSC_6113s.jpg?resize=1024%2C678&amp;ssl=1 1024w, https:\/\/i0.wp.com\/www.volen.pl\/wp-content\/uploads\/2016\/01\/DSC_6113s.jpg?resize=528%2C350&amp;ssl=1 528w\" width=\"162\" height=\"108\" loading=\"lazy\" data-original-width=\"162\" data-original-height=\"108\" itemprop=\"http:\/\/schema.org\/image\" title=\"mi\u0142o\u015b\u0107\" alt=\"mi\u0142o\u015b\u0107\" style=\"width: 162px; height: 108px;\" \/> <\/a> <\/div> <div class=\"tiled-gallery-item tiled-gallery-item-small\" itemprop=\"associatedMedia\" itemscope itemtype=\"http:\/\/schema.org\/ImageObject\"> <a href=\"https:\/\/www.volen.pl\/?attachment_id=1626\" border=\"0\" itemprop=\"url\"> <meta itemprop=\"width\" content=\"162\"> <meta itemprop=\"height\" content=\"107\"> <img decoding=\"async\" class=\"\" data-attachment-id=\"1626\" data-orig-file=\"https:\/\/www.volen.pl\/wp-content\/uploads\/2016\/01\/DSC_6107s.jpg\" data-orig-size=\"1976,1309\" data-comments-opened=\"\" data-image-meta=\"{&quot;aperture&quot;:&quot;5&quot;,&quot;credit&quot;:&quot;Przemyslaw \\u0027volen\\u0027 Wollenszleger&quot;,&quot;camera&quot;:&quot;NIKON D7000&quot;,&quot;caption&quot;:&quot;&quot;,&quot;created_timestamp&quot;:&quot;1349331296&quot;,&quot;copyright&quot;:&quot;&quot;,&quot;focal_length&quot;:&quot;50&quot;,&quot;iso&quot;:&quot;100&quot;,&quot;shutter_speed&quot;:&quot;0.0125&quot;,&quot;title&quot;:&quot;&quot;,&quot;orientation&quot;:&quot;1&quot;}\" data-image-title=\"zau\u0142ek\" data-image-description=\"\" data-medium-file=\"https:\/\/i0.wp.com\/www.volen.pl\/wp-content\/uploads\/2016\/01\/DSC_6107s.jpg?fit=1024%2C678&#038;ssl=1\" data-large-file=\"https:\/\/i0.wp.com\/www.volen.pl\/wp-content\/uploads\/2016\/01\/DSC_6107s.jpg?fit=1976%2C1309&#038;ssl=1\" src=\"https:\/\/i0.wp.com\/www.volen.pl\/wp-content\/uploads\/2016\/01\/DSC_6107s.jpg?w=162&#038;h=107&#038;ssl=1\" srcset=\"https:\/\/i0.wp.com\/www.volen.pl\/wp-content\/uploads\/2016\/01\/DSC_6107s.jpg?w=1976&amp;ssl=1 1976w, https:\/\/i0.wp.com\/www.volen.pl\/wp-content\/uploads\/2016\/01\/DSC_6107s.jpg?resize=1024%2C678&amp;ssl=1 1024w, https:\/\/i0.wp.com\/www.volen.pl\/wp-content\/uploads\/2016\/01\/DSC_6107s.jpg?resize=528%2C350&amp;ssl=1 528w\" width=\"162\" height=\"107\" loading=\"lazy\" data-original-width=\"162\" data-original-height=\"107\" itemprop=\"http:\/\/schema.org\/image\" title=\"zau\u0142ek\" alt=\"zau\u0142ek\" style=\"width: 162px; height: 107px;\" \/> <\/a> <\/div> <\/div> <!-- close group --> <div class=\"gallery-group images-1\" style=\"width: 334px; height: 223px;\" data-original-width=\"334\" data-original-height=\"223\" > <div class=\"tiled-gallery-item tiled-gallery-item-large\" itemprop=\"associatedMedia\" itemscope itemtype=\"http:\/\/schema.org\/ImageObject\"> <a href=\"https:\/\/www.volen.pl\/?attachment_id=1625\" border=\"0\" itemprop=\"url\"> <meta itemprop=\"width\" content=\"330\"> <meta itemprop=\"height\" content=\"219\"> <img decoding=\"async\" class=\"\" data-attachment-id=\"1625\" data-orig-file=\"https:\/\/www.volen.pl\/wp-content\/uploads\/2016\/01\/DSC_6176s.jpg\" data-orig-size=\"1976,1309\" data-comments-opened=\"\" data-image-meta=\"{&quot;aperture&quot;:&quot;8&quot;,&quot;credit&quot;:&quot;Przemyslaw \\u0027volen\\u0027 Wollenszleger&quot;,&quot;camera&quot;:&quot;NIKON D7000&quot;,&quot;caption&quot;:&quot;&quot;,&quot;created_timestamp&quot;:&quot;1349369133&quot;,&quot;copyright&quot;:&quot;&quot;,&quot;focal_length&quot;:&quot;8&quot;,&quot;iso&quot;:&quot;100&quot;,&quot;shutter_speed&quot;:&quot;0.5&quot;,&quot;title&quot;:&quot;&quot;,&quot;orientation&quot;:&quot;1&quot;}\" data-image-title=\"wieczorem\" data-image-description=\"\" data-medium-file=\"https:\/\/i0.wp.com\/www.volen.pl\/wp-content\/uploads\/2016\/01\/DSC_6176s.jpg?fit=1024%2C678&#038;ssl=1\" data-large-file=\"https:\/\/i0.wp.com\/www.volen.pl\/wp-content\/uploads\/2016\/01\/DSC_6176s.jpg?fit=1976%2C1309&#038;ssl=1\" src=\"https:\/\/i0.wp.com\/www.volen.pl\/wp-content\/uploads\/2016\/01\/DSC_6176s.jpg?w=330&#038;h=219&#038;ssl=1\" srcset=\"https:\/\/i0.wp.com\/www.volen.pl\/wp-content\/uploads\/2016\/01\/DSC_6176s.jpg?w=1976&amp;ssl=1 1976w, https:\/\/i0.wp.com\/www.volen.pl\/wp-content\/uploads\/2016\/01\/DSC_6176s.jpg?resize=1024%2C678&amp;ssl=1 1024w, https:\/\/i0.wp.com\/www.volen.pl\/wp-content\/uploads\/2016\/01\/DSC_6176s.jpg?resize=528%2C350&amp;ssl=1 528w\" width=\"330\" height=\"219\" loading=\"lazy\" data-original-width=\"330\" data-original-height=\"219\" itemprop=\"http:\/\/schema.org\/image\" title=\"wieczorem\" alt=\"wieczorem\" style=\"width: 330px; height: 219px;\" \/> <\/a> <\/div> <\/div> <!-- close group --> <\/div> <!-- close row --> <div class=\"gallery-row\" style=\"width: 500px; height: 167px;\" data-original-width=\"500\" data-original-height=\"167\" > <div class=\"gallery-group images-1\" style=\"width: 250px; height: 167px;\" data-original-width=\"250\" data-original-height=\"167\" > <div class=\"tiled-gallery-item tiled-gallery-item-small\" itemprop=\"associatedMedia\" itemscope itemtype=\"http:\/\/schema.org\/ImageObject\"> <a href=\"https:\/\/www.volen.pl\/?attachment_id=1624\" border=\"0\" itemprop=\"url\"> <meta itemprop=\"width\" content=\"246\"> <meta itemprop=\"height\" content=\"163\"> <img decoding=\"async\" class=\"\" data-attachment-id=\"1624\" data-orig-file=\"https:\/\/www.volen.pl\/wp-content\/uploads\/2016\/01\/DSC_6142s.jpg\" data-orig-size=\"1976,1309\" data-comments-opened=\"\" data-image-meta=\"{&quot;aperture&quot;:&quot;9&quot;,&quot;credit&quot;:&quot;Przemyslaw \\u0027volen\\u0027 Wollenszleger&quot;,&quot;camera&quot;:&quot;NIKON D7000&quot;,&quot;caption&quot;:&quot;&quot;,&quot;created_timestamp&quot;:&quot;1349359138&quot;,&quot;copyright&quot;:&quot;&quot;,&quot;focal_length&quot;:&quot;21&quot;,&quot;iso&quot;:&quot;100&quot;,&quot;shutter_speed&quot;:&quot;0.016666666666667&quot;,&quot;title&quot;:&quot;&quot;,&quot;orientation&quot;:&quot;1&quot;}\" data-image-title=\"szklarnia pokoju\" data-image-description=\"\" data-medium-file=\"https:\/\/i0.wp.com\/www.volen.pl\/wp-content\/uploads\/2016\/01\/DSC_6142s.jpg?fit=1024%2C678&#038;ssl=1\" data-large-file=\"https:\/\/i0.wp.com\/www.volen.pl\/wp-content\/uploads\/2016\/01\/DSC_6142s.jpg?fit=1976%2C1309&#038;ssl=1\" src=\"https:\/\/i0.wp.com\/www.volen.pl\/wp-content\/uploads\/2016\/01\/DSC_6142s.jpg?w=246&#038;h=163&#038;ssl=1\" srcset=\"https:\/\/i0.wp.com\/www.volen.pl\/wp-content\/uploads\/2016\/01\/DSC_6142s.jpg?w=1976&amp;ssl=1 1976w, https:\/\/i0.wp.com\/www.volen.pl\/wp-content\/uploads\/2016\/01\/DSC_6142s.jpg?resize=1024%2C678&amp;ssl=1 1024w, https:\/\/i0.wp.com\/www.volen.pl\/wp-content\/uploads\/2016\/01\/DSC_6142s.jpg?resize=528%2C350&amp;ssl=1 528w\" width=\"246\" height=\"163\" loading=\"lazy\" data-original-width=\"246\" data-original-height=\"163\" itemprop=\"http:\/\/schema.org\/image\" title=\"szklarnia pokoju\" alt=\"szklarnia pokoju\" style=\"width: 246px; height: 163px;\" \/> <\/a> <\/div> <\/div> <!-- close group --> <div class=\"gallery-group images-1\" style=\"width: 250px; height: 167px;\" data-original-width=\"250\" data-original-height=\"167\" > <div class=\"tiled-gallery-item tiled-gallery-item-small\" itemprop=\"associatedMedia\" itemscope itemtype=\"http:\/\/schema.org\/ImageObject\"> <a href=\"https:\/\/www.volen.pl\/?attachment_id=1623\" border=\"0\" itemprop=\"url\"> <meta itemprop=\"width\" content=\"246\"> <meta itemprop=\"height\" content=\"163\"> <img decoding=\"async\" class=\"\" data-attachment-id=\"1623\" data-orig-file=\"https:\/\/www.volen.pl\/wp-content\/uploads\/2016\/01\/DSC_6118s.jpg\" data-orig-size=\"1976,1309\" data-comments-opened=\"\" data-image-meta=\"{&quot;aperture&quot;:&quot;8&quot;,&quot;credit&quot;:&quot;Przemyslaw \\u0027volen\\u0027 Wollenszleger&quot;,&quot;camera&quot;:&quot;NIKON D7000&quot;,&quot;caption&quot;:&quot;&quot;,&quot;created_timestamp&quot;:&quot;1349334453&quot;,&quot;copyright&quot;:&quot;&quot;,&quot;focal_length&quot;:&quot;80&quot;,&quot;iso&quot;:&quot;160&quot;,&quot;shutter_speed&quot;:&quot;0.025&quot;,&quot;title&quot;:&quot;&quot;,&quot;orientation&quot;:&quot;1&quot;}\" data-image-title=\"misiaki\" data-image-description=\"\" data-medium-file=\"https:\/\/i0.wp.com\/www.volen.pl\/wp-content\/uploads\/2016\/01\/DSC_6118s.jpg?fit=1024%2C678&#038;ssl=1\" data-large-file=\"https:\/\/i0.wp.com\/www.volen.pl\/wp-content\/uploads\/2016\/01\/DSC_6118s.jpg?fit=1976%2C1309&#038;ssl=1\" src=\"https:\/\/i0.wp.com\/www.volen.pl\/wp-content\/uploads\/2016\/01\/DSC_6118s.jpg?w=246&#038;h=163&#038;ssl=1\" srcset=\"https:\/\/i0.wp.com\/www.volen.pl\/wp-content\/uploads\/2016\/01\/DSC_6118s.jpg?w=1976&amp;ssl=1 1976w, https:\/\/i0.wp.com\/www.volen.pl\/wp-content\/uploads\/2016\/01\/DSC_6118s.jpg?resize=1024%2C678&amp;ssl=1 1024w, https:\/\/i0.wp.com\/www.volen.pl\/wp-content\/uploads\/2016\/01\/DSC_6118s.jpg?resize=528%2C350&amp;ssl=1 528w\" width=\"246\" height=\"163\" loading=\"lazy\" data-original-width=\"246\" data-original-height=\"163\" itemprop=\"http:\/\/schema.org\/image\" title=\"misiaki\" alt=\"misiaki\" style=\"width: 246px; height: 163px;\" \/> <\/a> <\/div> <\/div> <!-- close group --> <\/div> <!-- close row --> <\/div>\n<p>Teraz pijemy wino, ale przed chwil\u0105 robili\u015bmy zdj\u0119cia, kt\u00f3re rzadko w kontek\u015bcie Gruzji si\u0119 ogl\u0105da. Nie jakie\u015b nobliwe ruiny, lecz fajn\u0105 zabaw\u0119 \u015bwiat\u0142em na nowoczesnej konstrukcji. Mo\u017ce kiedy\u015b komu\u015b poka\u017cemy ;) CIEP\u0141O TU!!!<\/p>\n","protected":false},"excerpt":{"rendered":"<p>Po niezwykle m\u0119cz\u0105cym locie wpadli\u015bmy nad ranem, ok. 4.30 na tbilisia\u0144skie lotnisko. Wbrew hiobowym, apokaliptycznym&#8230;<\/p>\n<div class=\"more-link-wrapper\"><a class=\"more-link\" href=\"https:\/\/www.volen.pl\/?p=239\">Read the post<span class=\"screen-reader-text\">Tbilisi<\/span><\/a><\/div>\n","protected":false},"author":1,"featured_media":1635,"comment_status":"closed","ping_status":"closed","sticky":false,"template":"","format":"standard","meta":{"_crdt_document":"","jetpack_post_was_ever_published":false,"_jetpack_newsletter_access":"","_jetpack_dont_email_post_to_subs":false,"_jetpack_newsletter_tier_id":0,"_jetpack_memberships_contains_paywalled_content":false,"_jetpack_memberships_contains_paid_content":false,"footnotes":"","jetpack_publicize_message":"","jetpack_publicize_feature_enabled":true,"jetpack_social_post_already_shared":true,"jetpack_social_options":{"image_generator_settings":{"template":"highway","default_image_id":0,"font":"","enabled":false},"version":2}},"categories":[135,93],"tags":[137,205,60],"class_list":["post-239","post","type-post","status-publish","format-standard","has-post-thumbnail","hentry","category-7000km-2012","category-nawariata","tag-7000km","tag-nawariata","tag-podroze","excerpt","zoom","full-without-featured","even","excerpt-0"],"jetpack_publicize_connections":[],"jetpack_featured_media_url":"https:\/\/i0.wp.com\/www.volen.pl\/wp-content\/uploads\/2016\/01\/DSC_6202s.jpg?fit=1976%2C1309&ssl=1","jetpack_shortlink":"https:\/\/wp.me\/s4lAri-tbilisi","jetpack_sharing_enabled":true,"jetpack-related-posts":[{"id":244,"url":"https:\/\/www.volen.pl\/?p=244","url_meta":{"origin":239,"position":0},"title":"Ryga","author":"volen","date":"2012-10-03","format":false,"excerpt":"Po wyj\u015bciu z samolotu zrobili\u015bmy zrzut\u0119 z dwiema Rosjankami na taks\u00f3wk\u0119 do centrum miasta. Mamy par\u0119 godzin przed lotem do Tbilisi. W Rydze, do\u015b\u0107 tradycyjnie dla mnie, spotka\u0142em mojego nowego przyjaciela, bardzo potrzebuj\u0105cego wsparcia finansowego. Zgodzi\u0142 si\u0119 uprzejmie na zdj\u0119cia, wi\u0119c mam go ustrzelonego na wieki :) Podczas wa\u0142\u0119sania si\u0119\u2026","rel":"","context":"W \u201e7000km - 2012&quot;","block_context":{"text":"7000km - 2012","link":"https:\/\/www.volen.pl\/?cat=135"},"img":{"alt_text":"","src":"https:\/\/i0.wp.com\/www.volen.pl\/wp-content\/uploads\/2012\/10\/DSC_5998.jpg?fit=1200%2C795&ssl=1&resize=350%2C200","width":350,"height":200,"srcset":"https:\/\/i0.wp.com\/www.volen.pl\/wp-content\/uploads\/2012\/10\/DSC_5998.jpg?fit=1200%2C795&ssl=1&resize=350%2C200 1x, https:\/\/i0.wp.com\/www.volen.pl\/wp-content\/uploads\/2012\/10\/DSC_5998.jpg?fit=1200%2C795&ssl=1&resize=525%2C300 1.5x, https:\/\/i0.wp.com\/www.volen.pl\/wp-content\/uploads\/2012\/10\/DSC_5998.jpg?fit=1200%2C795&ssl=1&resize=700%2C400 2x, https:\/\/i0.wp.com\/www.volen.pl\/wp-content\/uploads\/2012\/10\/DSC_5998.jpg?fit=1200%2C795&ssl=1&resize=1050%2C600 3x"},"classes":[]},{"id":216,"url":"https:\/\/www.volen.pl\/?p=216","url_meta":{"origin":239,"position":1},"title":"Wracamy","author":"volen","date":"2012-10-18","format":false,"excerpt":"Kangur obudzi\u0142 nas o 6.30. Ca\u0142e pi\u0119\u0107 godzin spania, c\u00f3\u017c za luksus. Po jego wyj\u015bciu zdrzemn\u0119li\u015bmy si\u0119 jeszcze. Po zjedzeniu tosta z d\u017cemem w towarzystwie Francuza, poszli\u015bmy na dworzec odda\u0107 na przechowanie baga\u017c i wio na w\u0142\u00f3cz\u0119g\u0119 po mie\u015bcie. Ponure wra\u017cenie jakie zrobi\u0142o na nas to miasto poprzedniego wieczoru, rozwia\u0142o\u2026","rel":"","context":"W \u201e7000km - 2012&quot;","block_context":{"text":"7000km - 2012","link":"https:\/\/www.volen.pl\/?cat=135"},"img":{"alt_text":"","src":"","width":0,"height":0},"classes":[]},{"id":240,"url":"https:\/\/www.volen.pl\/?p=240","url_meta":{"origin":239,"position":2},"title":"gruzi\u0144ska Stra\u017c Graniczna","author":"volen","date":"2012-10-04","format":"gallery","excerpt":"Powitanie. Gruzi\u0144ska stra\u017c graniczna, podczas kontroli paszportowej, wr\u0119cza drobny upominek :) Podejrzewamy, \u017ce ma to na celu delikatne znieczulenie niczego nie podejrzewaj\u0105cego turysty na gruzi\u0144sk\u0105 rzeczywisto\u015b\u0107\u2026","rel":"","context":"W \u201e7000km - 2012&quot;","block_context":{"text":"7000km - 2012","link":"https:\/\/www.volen.pl\/?cat=135"},"img":{"alt_text":"","src":"https:\/\/i0.wp.com\/www.volen.pl\/wp-content\/uploads\/2012\/10\/tumblr_mbd78fHUq61rhlwtwo1_1280.jpg?resize=350%2C200","width":350,"height":200},"classes":[]},{"id":220,"url":"https:\/\/www.volen.pl\/?p=220","url_meta":{"origin":239,"position":3},"title":"Bodrum","author":"volen","date":"2012-10-15","format":false,"excerpt":"No dobra... Przyznajemy si\u0119... Nie lubimy spa\u0107 w autobusach. Nie s\u0105 za bardzo wygodne. O tym, \u017ce trudy i niewygody podr\u00f3\u017cy \u0142atwo si\u0119 zapomina \u015bwiadczy niesamowita \u0142atwo\u015b\u0107 z jak\u0105 wdepn\u0119li\u015bmy w pi\u0119tnastogodzinn\u0105, nocn\u0105 podr\u00f3\u017c autobusem. Zupe\u0142nie jak lemingi bez \u015bwiadomo\u015bci p\u0119dz\u0105ce na urwisty brzeg morza, my siedli\u015bmy do Metra. Gwoli\u2026","rel":"","context":"W \u201e7000km - 2012&quot;","block_context":{"text":"7000km - 2012","link":"https:\/\/www.volen.pl\/?cat=135"},"img":{"alt_text":"","src":"https:\/\/i0.wp.com\/www.volen.pl\/wp-content\/uploads\/2012\/10\/DSC_8240.jpg?fit=1200%2C795&ssl=1&resize=350%2C200","width":350,"height":200,"srcset":"https:\/\/i0.wp.com\/www.volen.pl\/wp-content\/uploads\/2012\/10\/DSC_8240.jpg?fit=1200%2C795&ssl=1&resize=350%2C200 1x, https:\/\/i0.wp.com\/www.volen.pl\/wp-content\/uploads\/2012\/10\/DSC_8240.jpg?fit=1200%2C795&ssl=1&resize=525%2C300 1.5x, https:\/\/i0.wp.com\/www.volen.pl\/wp-content\/uploads\/2012\/10\/DSC_8240.jpg?fit=1200%2C795&ssl=1&resize=700%2C400 2x, https:\/\/i0.wp.com\/www.volen.pl\/wp-content\/uploads\/2012\/10\/DSC_8240.jpg?fit=1200%2C795&ssl=1&resize=1050%2C600 3x"},"classes":[]},{"id":225,"url":"https:\/\/www.volen.pl\/?p=225","url_meta":{"origin":239,"position":4},"title":"2490","author":"volen","date":"2012-10-12","format":false,"excerpt":"W nocy okaza\u0142o si\u0119, \u017ce przep\u0142acony obiad kosztuje znacznie wi\u0119cej, ni\u017c na pocz\u0105tku si\u0119 wydawa\u0142o. Nudno\u015bci i gor\u0105czka, spanie w p\u00f3\u0142letargu do \u015bwitu, kiedy to muezin zacz\u0105\u0142 zaprasza\u0107 do modlitwy. M\u00f3j organizm reaguje zazwyczaj bardzo szybko i bardzo silnie. Byli\u015bmy um\u00f3wieni na wycieczk\u0119 na 9.30 - Anulka, mimo moich be\u0142kotliwych\u2026","rel":"","context":"W \u201e7000km - 2012&quot;","block_context":{"text":"7000km - 2012","link":"https:\/\/www.volen.pl\/?cat=135"},"img":{"alt_text":"","src":"https:\/\/i0.wp.com\/www.volen.pl\/wp-content\/uploads\/2012\/10\/DSC_7680.jpg?fit=1200%2C795&ssl=1&resize=350%2C200","width":350,"height":200,"srcset":"https:\/\/i0.wp.com\/www.volen.pl\/wp-content\/uploads\/2012\/10\/DSC_7680.jpg?fit=1200%2C795&ssl=1&resize=350%2C200 1x, https:\/\/i0.wp.com\/www.volen.pl\/wp-content\/uploads\/2012\/10\/DSC_7680.jpg?fit=1200%2C795&ssl=1&resize=525%2C300 1.5x, https:\/\/i0.wp.com\/www.volen.pl\/wp-content\/uploads\/2012\/10\/DSC_7680.jpg?fit=1200%2C795&ssl=1&resize=700%2C400 2x, https:\/\/i0.wp.com\/www.volen.pl\/wp-content\/uploads\/2012\/10\/DSC_7680.jpg?fit=1200%2C795&ssl=1&resize=1050%2C600 3x"},"classes":[]},{"id":219,"url":"https:\/\/www.volen.pl\/?p=219","url_meta":{"origin":239,"position":5},"title":"Pralnia","author":"volen","date":"2012-10-15","format":false,"excerpt":"Istambu\u0142 wkurzy\u0142 nas niesamowicie. Miasto, w kt\u00f3rym z czterech stron \u015bwiata jest po\u0142udnie. Ale najpierw. Po autobusowo-promowej przeprawie przez Morze Marmara posilili\u015bmy si\u0119 w sto\u0142\u00f3wce dla pracownik\u00f3w Pamukkale na Buyuk Otogar. Kupili\u015bmy bilety do Konstancy, a sprzedawca wyekspediowa\u0142 nas dla pewno\u015bci metrem do Aksaray, sk\u0105d mieli\u015bmy mie\u0107 nast\u0119pnego dnia autobus.\u2026","rel":"","context":"W \u201e7000km - 2012&quot;","block_context":{"text":"7000km - 2012","link":"https:\/\/www.volen.pl\/?cat=135"},"img":{"alt_text":"","src":"","width":0,"height":0},"classes":[]}],"_links":{"self":[{"href":"https:\/\/www.volen.pl\/index.php?rest_route=\/wp\/v2\/posts\/239","targetHints":{"allow":["GET"]}}],"collection":[{"href":"https:\/\/www.volen.pl\/index.php?rest_route=\/wp\/v2\/posts"}],"about":[{"href":"https:\/\/www.volen.pl\/index.php?rest_route=\/wp\/v2\/types\/post"}],"author":[{"embeddable":true,"href":"https:\/\/www.volen.pl\/index.php?rest_route=\/wp\/v2\/users\/1"}],"replies":[{"embeddable":true,"href":"https:\/\/www.volen.pl\/index.php?rest_route=%2Fwp%2Fv2%2Fcomments&post=239"}],"version-history":[{"count":4,"href":"https:\/\/www.volen.pl\/index.php?rest_route=\/wp\/v2\/posts\/239\/revisions"}],"predecessor-version":[{"id":1637,"href":"https:\/\/www.volen.pl\/index.php?rest_route=\/wp\/v2\/posts\/239\/revisions\/1637"}],"wp:featuredmedia":[{"embeddable":true,"href":"https:\/\/www.volen.pl\/index.php?rest_route=\/wp\/v2\/media\/1635"}],"wp:attachment":[{"href":"https:\/\/www.volen.pl\/index.php?rest_route=%2Fwp%2Fv2%2Fmedia&parent=239"}],"wp:term":[{"taxonomy":"category","embeddable":true,"href":"https:\/\/www.volen.pl\/index.php?rest_route=%2Fwp%2Fv2%2Fcategories&post=239"},{"taxonomy":"post_tag","embeddable":true,"href":"https:\/\/www.volen.pl\/index.php?rest_route=%2Fwp%2Fv2%2Ftags&post=239"}],"curies":[{"name":"wp","href":"https:\/\/api.w.org\/{rel}","templated":true}]}}