{"id":240,"date":"2012-10-04T10:10:07","date_gmt":"2012-10-04T08:10:07","guid":{"rendered":"http:\/\/www.volen.pl\/?p=240"},"modified":"2016-01-17T18:10:22","modified_gmt":"2016-01-17T17:10:22","slug":"powitanie-gruzi-ska-stra-graniczna-podczas","status":"publish","type":"post","link":"https:\/\/www.volen.pl\/?p=240","title":{"rendered":"gruzi\u0144ska Stra\u017c Graniczna"},"content":{"rendered":"<div class=\"tiled-gallery type-rectangular tiled-gallery-unresized\" data-original-width=\"500\" data-carousel-extra='{&quot;blog_id&quot;:1,&quot;permalink&quot;:&quot;https:\\\/\\\/www.volen.pl\\\/?p=240&quot;,&quot;likes_blog_id&quot;:64250308}' itemscope itemtype=\"http:\/\/schema.org\/ImageGallery\" > <div class=\"gallery-row\" style=\"width: 500px; height: 376px;\" data-original-width=\"500\" data-original-height=\"376\" > <div class=\"gallery-group images-1\" style=\"width: 500px; height: 376px;\" data-original-width=\"500\" data-original-height=\"376\" > <div class=\"tiled-gallery-item tiled-gallery-item-large\" itemprop=\"associatedMedia\" itemscope itemtype=\"http:\/\/schema.org\/ImageObject\"> <a href=\"https:\/\/www.volen.pl\/?attachment_id=241\" border=\"0\" itemprop=\"url\"> <meta itemprop=\"width\" content=\"496\"> <meta itemprop=\"height\" content=\"372\"> <img decoding=\"async\" class=\"\" data-attachment-id=\"241\" data-orig-file=\"https:\/\/www.volen.pl\/wp-content\/uploads\/2012\/10\/tumblr_mbd78fHUq61rhlwtwo1_1280.jpg\" data-orig-size=\"1280,960\" data-comments-opened=\"\" data-image-meta=\"{&quot;aperture&quot;:&quot;0&quot;,&quot;credit&quot;:&quot;&quot;,&quot;camera&quot;:&quot;&quot;,&quot;caption&quot;:&quot;&quot;,&quot;created_timestamp&quot;:&quot;0&quot;,&quot;copyright&quot;:&quot;&quot;,&quot;focal_length&quot;:&quot;0&quot;,&quot;iso&quot;:&quot;0&quot;,&quot;shutter_speed&quot;:&quot;0&quot;,&quot;title&quot;:&quot;&quot;}\" data-image-title=\"\" data-image-description=\"\" data-medium-file=\"https:\/\/i0.wp.com\/www.volen.pl\/wp-content\/uploads\/2012\/10\/tumblr_mbd78fHUq61rhlwtwo1_1280.jpg?fit=1024%2C768&#038;ssl=1\" data-large-file=\"https:\/\/i0.wp.com\/www.volen.pl\/wp-content\/uploads\/2012\/10\/tumblr_mbd78fHUq61rhlwtwo1_1280.jpg?fit=1280%2C960&#038;ssl=1\" src=\"https:\/\/i0.wp.com\/www.volen.pl\/wp-content\/uploads\/2012\/10\/tumblr_mbd78fHUq61rhlwtwo1_1280.jpg?w=496&#038;h=372&#038;ssl=1\" srcset=\"https:\/\/i0.wp.com\/www.volen.pl\/wp-content\/uploads\/2012\/10\/tumblr_mbd78fHUq61rhlwtwo1_1280.jpg?w=1280&amp;ssl=1 1280w, https:\/\/i0.wp.com\/www.volen.pl\/wp-content\/uploads\/2012\/10\/tumblr_mbd78fHUq61rhlwtwo1_1280.jpg?resize=1024%2C768&amp;ssl=1 1024w\" width=\"496\" height=\"372\" loading=\"lazy\" data-original-width=\"496\" data-original-height=\"372\" itemprop=\"http:\/\/schema.org\/image\" title=\"\" alt=\"\" style=\"width: 496px; height: 372px;\" \/> <\/a> <\/div> <\/div> <!-- close group --> <\/div> <!-- close row --> <\/div>\n<p>Powitanie.<br \/>\nGruzi\u0144ska stra\u017c graniczna, podczas kontroli paszportowej, wr\u0119cza drobny upominek :)<br \/>\nPodejrzewamy, \u017ce ma to na celu delikatne znieczulenie niczego nie podejrzewaj\u0105cego turysty na gruzi\u0144sk\u0105 rzeczywisto\u015b\u0107\u2026<\/p>\n","protected":false},"excerpt":{"rendered":"<p>Powitanie. Gruzi\u0144ska stra\u017c graniczna, podczas kontroli paszportowej, wr\u0119cza drobny upominek :) Podejrzewamy, \u017ce ma to&#8230;<\/p>\n<div class=\"more-link-wrapper\"><a class=\"more-link\" href=\"https:\/\/www.volen.pl\/?p=240\">Read the post<span class=\"screen-reader-text\">gruzi\u0144ska Stra\u017c Graniczna<\/span><\/a><\/div>\n","protected":false},"author":1,"featured_media":0,"comment_status":"closed","ping_status":"closed","sticky":false,"template":"","format":"gallery","meta":{"_crdt_document":"","jetpack_post_was_ever_published":false,"_jetpack_newsletter_access":"","_jetpack_dont_email_post_to_subs":false,"_jetpack_newsletter_tier_id":0,"_jetpack_memberships_contains_paywalled_content":false,"_jetpack_memberships_contains_paid_content":false,"footnotes":"","jetpack_publicize_message":"","jetpack_publicize_feature_enabled":true,"jetpack_social_post_already_shared":true,"jetpack_social_options":{"image_generator_settings":{"template":"highway","default_image_id":0,"font":"","enabled":false},"version":2}},"categories":[135,93],"tags":[137,205,60],"class_list":["post-240","post","type-post","status-publish","format-gallery","hentry","category-7000km-2012","category-nawariata","tag-7000km","tag-nawariata","tag-podroze","post_format-post-format-gallery","excerpt","zoom","full-without-featured","even","excerpt-0"],"jetpack_publicize_connections":[],"jetpack_featured_media_url":"","jetpack_shortlink":"https:\/\/wp.me\/p4lAri-3S","jetpack_sharing_enabled":true,"jetpack-related-posts":[{"id":1585,"url":"https:\/\/www.volen.pl\/?p=1585","url_meta":{"origin":240,"position":0},"title":"z Gruzji do domu &#8211; 7000km","author":"volen","date":"2012-10-22","format":false,"excerpt":"Polecieli\u015bmy, zobaczyli\u015bmy, wygrali\u015bmy... Tylko, \u017ce powr\u00f3t zaplanowali\u015bmy do ostatniego szczeg\u00f3\u0142u: wracamy jak B\u00f3g da, l\u0105dem przez Turcj\u0119 albo promem do Konstancy, albo si\u0119 zobaczy jeszcze... Start by\u0142 d\u0142ugi i m\u0119cz\u0105cy, gdy\u017c najpierw by\u0142a 1. Ryga, w kt\u00f3rej zjedli\u015bmy tosty, a potem dopiero przywita\u0142a nas 2. gruzi\u0144ska Stra\u017c Graniczna cz\u0119stuj\u0105ca nas\u2026","rel":"","context":"W \u201e7000km - 2012&quot;","block_context":{"text":"7000km - 2012","link":"https:\/\/www.volen.pl\/?cat=135"},"img":{"alt_text":"","src":"","width":0,"height":0},"classes":[]},{"id":2725,"url":"https:\/\/www.volen.pl\/?p=2725","url_meta":{"origin":240,"position":1},"title":"Czas i przestrze\u0144","author":"volen","date":"2018-06-28","format":false,"excerpt":"Przez Kosz-Agacz podjechali\u015bmy do granicy z Mongoli\u0105, niestety - zamkni\u0119ta. Tzn. w Rosji praznik i wiesna, granic\u0119 otworz\u0105 niebawem, bo we \u015brod\u0119. A dzisiaj poniedzia\u0142ek. Czas i przestrze\u0144. Dwoje najwi\u0119kszych wrog\u00f3w cz\u0142owieka. Na pocz\u0105tku my\u015bla\u0142em, \u017ceby objecha\u0107 kawa\u0142ek, ale jednak poczekamy tu, na miejscu. Daleko jecha\u0107, d\u0142ugo jecha\u0107, ba! drogo\u2026","rel":"","context":"W \u201enawariata&quot;","block_context":{"text":"nawariata","link":"https:\/\/www.volen.pl\/?cat=93"},"img":{"alt_text":"","src":"https:\/\/i0.wp.com\/www.volen.pl\/wp-content\/uploads\/2018\/06\/wyr_VOL2884.jpg?fit=1200%2C795&ssl=1&resize=350%2C200","width":350,"height":200,"srcset":"https:\/\/i0.wp.com\/www.volen.pl\/wp-content\/uploads\/2018\/06\/wyr_VOL2884.jpg?fit=1200%2C795&ssl=1&resize=350%2C200 1x, https:\/\/i0.wp.com\/www.volen.pl\/wp-content\/uploads\/2018\/06\/wyr_VOL2884.jpg?fit=1200%2C795&ssl=1&resize=525%2C300 1.5x, https:\/\/i0.wp.com\/www.volen.pl\/wp-content\/uploads\/2018\/06\/wyr_VOL2884.jpg?fit=1200%2C795&ssl=1&resize=700%2C400 2x, https:\/\/i0.wp.com\/www.volen.pl\/wp-content\/uploads\/2018\/06\/wyr_VOL2884.jpg?fit=1200%2C795&ssl=1&resize=1050%2C600 3x"},"classes":[]},{"id":362,"url":"https:\/\/www.volen.pl\/?p=362","url_meta":{"origin":240,"position":2},"title":"kult Ernesto","author":"volen","date":"2014-03-27","format":false,"excerpt":"Od rana samego m\u017cy\u0142o a deszczy\u0142o niemo\u017cebnie. Obejrzeli\u015bmy sobie targ kutaisia\u0144ski, spili\u015bmy kaw\u0119 w znajomym barze, ze zdumieniem zobaczyli\u015bmy Che Guevar\u0119, kt\u00f3ry tu \u015brednio na miejscu si\u0119 wydawa\u0142, poszukali\u015bmy poczty przez chwil\u0119, a potem postanowili\u015bmy zabra\u0107 si\u0119 w inne miejsce. Wybrali\u015bmy Tbilisi jako punkt docelowy, po czym udali\u015bmy si\u0119 na\u2026","rel":"","context":"W \u201eGruzja 2014&quot;","block_context":{"text":"Gruzja 2014","link":"https:\/\/www.volen.pl\/?cat=133"},"img":{"alt_text":"","src":"https:\/\/i0.wp.com\/www.volen.pl\/wp-content\/uploads\/2014\/03\/che-_DSC5434.jpg?fit=795%2C1200&ssl=1&resize=350%2C200","width":350,"height":200,"srcset":"https:\/\/i0.wp.com\/www.volen.pl\/wp-content\/uploads\/2014\/03\/che-_DSC5434.jpg?fit=795%2C1200&ssl=1&resize=350%2C200 1x, https:\/\/i0.wp.com\/www.volen.pl\/wp-content\/uploads\/2014\/03\/che-_DSC5434.jpg?fit=795%2C1200&ssl=1&resize=525%2C300 1.5x, https:\/\/i0.wp.com\/www.volen.pl\/wp-content\/uploads\/2014\/03\/che-_DSC5434.jpg?fit=795%2C1200&ssl=1&resize=700%2C400 2x"},"classes":[]},{"id":2164,"url":"https:\/\/www.volen.pl\/?p=2164","url_meta":{"origin":240,"position":3},"title":"Dom","author":"volen","date":"2016-11-21","format":false,"excerpt":"Dzi\u015b dzie\u0144 powrotu do domu. Normalnie zawsze to czu\u0142em gdzie\u015b we wn\u0119trzu, taki dzie\u0144 powrotu nigdy nie jest takim samym dniem, jak te prze\u017cywane podczas podr\u00f3\u017cy. A tu jednak - m\u00f3j b\u0142\u0105d. Nigdy nie m\u00f3w nigdy. Dzie\u0144 wsta\u0142 uroczo w \u015brodku nocy (o 6.30 ciemno, jak o p\u00f3\u0142nocy), ale \u017ce\u2026","rel":"","context":"W \u201eIslandia: snj\u00f3r, \u00eds og eldur&quot;","block_context":{"text":"Islandia: snj\u00f3r, \u00eds og eldur","link":"https:\/\/www.volen.pl\/?cat=268"},"img":{"alt_text":"","src":"https:\/\/i0.wp.com\/www.volen.pl\/wp-content\/uploads\/2017\/07\/reykjavik_VOL6161.jpg?fit=1200%2C795&ssl=1&resize=350%2C200","width":350,"height":200,"srcset":"https:\/\/i0.wp.com\/www.volen.pl\/wp-content\/uploads\/2017\/07\/reykjavik_VOL6161.jpg?fit=1200%2C795&ssl=1&resize=350%2C200 1x, https:\/\/i0.wp.com\/www.volen.pl\/wp-content\/uploads\/2017\/07\/reykjavik_VOL6161.jpg?fit=1200%2C795&ssl=1&resize=525%2C300 1.5x, https:\/\/i0.wp.com\/www.volen.pl\/wp-content\/uploads\/2017\/07\/reykjavik_VOL6161.jpg?fit=1200%2C795&ssl=1&resize=700%2C400 2x, https:\/\/i0.wp.com\/www.volen.pl\/wp-content\/uploads\/2017\/07\/reykjavik_VOL6161.jpg?fit=1200%2C795&ssl=1&resize=1050%2C600 3x"},"classes":[]},{"id":2505,"url":"https:\/\/www.volen.pl\/?p=2505","url_meta":{"origin":240,"position":4},"title":"K\u0142opot z pami\u0119ci\u0105. I ch\u0119ci\u0105.","author":"volen","date":"2018-06-14","format":false,"excerpt":"Pobudka w d\u017awi\u0119kach bzyczenia komar\u00f3w, szybkie pakowanie jak przed nadchodz\u0105cym frontem, czarna, s\u0142odka kawa i jazda przed siebie. Na kr\u00f3tkim postoju jeszcze par\u0119 zdj\u0119\u0107, przy okazji znalaz\u0142em kilka dodatkowych skamienia\u0142o\u015bci skorupiak\u00f3w. Opu\u015bcili\u015bmy brzegi jeziora kr\u00f3tk\u0105 wspinaczk\u0105 na p\u0142aski jak st\u00f3\u0142 p\u0142askowy\u017c. Nakopali\u015bmy sadzonek na dzia\u0142k\u0119. Nie wiemy, czy to legalne.\u2026","rel":"","context":"W \u201enawariata&quot;","block_context":{"text":"nawariata","link":"https:\/\/www.volen.pl\/?cat=93"},"img":{"alt_text":"","src":"https:\/\/i0.wp.com\/www.volen.pl\/wp-content\/uploads\/2018\/06\/VOL1780.jpg?fit=1200%2C795&ssl=1&resize=350%2C200","width":350,"height":200,"srcset":"https:\/\/i0.wp.com\/www.volen.pl\/wp-content\/uploads\/2018\/06\/VOL1780.jpg?fit=1200%2C795&ssl=1&resize=350%2C200 1x, https:\/\/i0.wp.com\/www.volen.pl\/wp-content\/uploads\/2018\/06\/VOL1780.jpg?fit=1200%2C795&ssl=1&resize=525%2C300 1.5x, https:\/\/i0.wp.com\/www.volen.pl\/wp-content\/uploads\/2018\/06\/VOL1780.jpg?fit=1200%2C795&ssl=1&resize=700%2C400 2x, https:\/\/i0.wp.com\/www.volen.pl\/wp-content\/uploads\/2018\/06\/VOL1780.jpg?fit=1200%2C795&ssl=1&resize=1050%2C600 3x"},"classes":[]},{"id":221,"url":"https:\/\/www.volen.pl\/?p=221","url_meta":{"origin":240,"position":5},"title":"Kot internetowy","author":"volen","date":"2012-10-14","format":"gallery","excerpt":"Anulka, skupiona, wrzuca zaleg\u0142y post na tumblera. Dzi\u015b Bodrum\u2026 taki turecki Sopot, nic ciekawego, idziemy si\u0119 wypluska\u0107 i chodu st\u0105d! Ceny i\u015bcie wariackie :)","rel":"","context":"W \u201e7000km - 2012&quot;","block_context":{"text":"7000km - 2012","link":"https:\/\/www.volen.pl\/?cat=135"},"img":{"alt_text":"","src":"https:\/\/i0.wp.com\/www.volen.pl\/wp-content\/uploads\/2012\/10\/tumblr_mbvmfqYDgc1rhlwtwo1_1280.jpg?resize=350%2C200","width":350,"height":200},"classes":[]}],"_links":{"self":[{"href":"https:\/\/www.volen.pl\/index.php?rest_route=\/wp\/v2\/posts\/240","targetHints":{"allow":["GET"]}}],"collection":[{"href":"https:\/\/www.volen.pl\/index.php?rest_route=\/wp\/v2\/posts"}],"about":[{"href":"https:\/\/www.volen.pl\/index.php?rest_route=\/wp\/v2\/types\/post"}],"author":[{"embeddable":true,"href":"https:\/\/www.volen.pl\/index.php?rest_route=\/wp\/v2\/users\/1"}],"replies":[{"embeddable":true,"href":"https:\/\/www.volen.pl\/index.php?rest_route=%2Fwp%2Fv2%2Fcomments&post=240"}],"version-history":[{"count":2,"href":"https:\/\/www.volen.pl\/index.php?rest_route=\/wp\/v2\/posts\/240\/revisions"}],"predecessor-version":[{"id":1587,"href":"https:\/\/www.volen.pl\/index.php?rest_route=\/wp\/v2\/posts\/240\/revisions\/1587"}],"wp:attachment":[{"href":"https:\/\/www.volen.pl\/index.php?rest_route=%2Fwp%2Fv2%2Fmedia&parent=240"}],"wp:term":[{"taxonomy":"category","embeddable":true,"href":"https:\/\/www.volen.pl\/index.php?rest_route=%2Fwp%2Fv2%2Fcategories&post=240"},{"taxonomy":"post_tag","embeddable":true,"href":"https:\/\/www.volen.pl\/index.php?rest_route=%2Fwp%2Fv2%2Ftags&post=240"}],"curies":[{"name":"wp","href":"https:\/\/api.w.org\/{rel}","templated":true}]}}