{"id":2852,"date":"2018-07-11T11:10:37","date_gmt":"2018-07-11T09:10:37","guid":{"rendered":"http:\/\/www.volen.pl\/?p=2852"},"modified":"2018-07-11T04:43:33","modified_gmt":"2018-07-11T02:43:33","slug":"bajkal","status":"publish","type":"post","link":"https:\/\/www.volen.pl\/?p=2852","title":{"rendered":"Bajka\u0142"},"content":{"rendered":"<p>Ruszyli\u015bmy znad jeziora G\u0119siego. Rano woda jeszcze lepsza do k\u0105pieli.<br \/>\nJechali\u015bmy w\u015br\u00f3d \u0142agodnie pofalowanych wzg\u00f3rz poro\u015bni\u0119tych rzadkim lasem brzozowo &#8211; sosnowym&#8230; Z chwili na chwil\u0119, moje przyzwyczajone do br\u0105zu i \u017c\u00f3\u0142ci stepu oczy zacz\u0119\u0142y pa\u015b\u0107 si\u0119 soczyst\u0105 zieleni\u0105 \u0142\u0105k i las\u00f3w.<br \/>\n<a href=\"https:\/\/i0.wp.com\/www.volen.pl\/wp-content\/uploads\/2018\/07\/gory_lasy_VOL3632.jpg?ssl=1\"><img data-recalc-dims=\"1\" loading=\"lazy\" decoding=\"async\" data-attachment-id=\"2868\" data-permalink=\"https:\/\/www.volen.pl\/?attachment_id=2868\" data-orig-file=\"https:\/\/i0.wp.com\/www.volen.pl\/wp-content\/uploads\/2018\/07\/gory_lasy_VOL3632.jpg?fit=1976%2C926&amp;ssl=1\" data-orig-size=\"1976,926\" data-comments-opened=\"1\" data-image-meta=\"{&quot;aperture&quot;:&quot;0&quot;,&quot;credit&quot;:&quot;&quot;,&quot;camera&quot;:&quot;&quot;,&quot;caption&quot;:&quot;&quot;,&quot;created_timestamp&quot;:&quot;0&quot;,&quot;copyright&quot;:&quot;&quot;,&quot;focal_length&quot;:&quot;0&quot;,&quot;iso&quot;:&quot;0&quot;,&quot;shutter_speed&quot;:&quot;0&quot;,&quot;title&quot;:&quot;&quot;,&quot;orientation&quot;:&quot;0&quot;}\" data-image-title=\"gory_lasy_VOL3632\" data-image-description=\"\" data-image-caption=\"\" data-large-file=\"https:\/\/i0.wp.com\/www.volen.pl\/wp-content\/uploads\/2018\/07\/gory_lasy_VOL3632.jpg?fit=1976%2C926&amp;ssl=1\" src=\"https:\/\/i0.wp.com\/www.volen.pl\/wp-content\/uploads\/2018\/07\/gory_lasy_VOL3632.jpg?resize=1976%2C926&#038;ssl=1\" alt=\"\" width=\"1976\" height=\"926\" class=\"aligncenter size-full wp-image-2868\" srcset=\"https:\/\/i0.wp.com\/www.volen.pl\/wp-content\/uploads\/2018\/07\/gory_lasy_VOL3632.jpg?w=1976&amp;ssl=1 1976w, https:\/\/i0.wp.com\/www.volen.pl\/wp-content\/uploads\/2018\/07\/gory_lasy_VOL3632.jpg?resize=1024%2C480&amp;ssl=1 1024w\" sizes=\"auto, (max-width: 1000px) 100vw, 1000px\" \/><\/a><br \/>\nPo drodze zjechali\u015bmy do chramu w Mostovce, gdzie trafili\u015bmy na pi\u0119kny koncert popa na dzwonach, uuuuu, a\u017c ciarki przechodzi\u0142y po plecach.<br \/>\n<iframe loading=\"lazy\" width=\"560\" height=\"315\" src=\"https:\/\/www.youtube.com\/embed\/HauGWNqR3Ms\" frameborder=\"0\" allow=\"autoplay; encrypted-media\" allowfullscreen><\/iframe><br \/>\nKilka kilometr\u00f3w od g\u0142\u00f3wnej trasy pu\u015bcili\u015bmy drona w delcie Selengi; zastanawiali\u015bmy si\u0119, czy da rad\u0119: wiatr w porywach \u015bci\u0105ga\u0142 jogurt z \u0142y\u017ceczki. No. Da\u0142 rad\u0119. Bucza\u0142, ale da\u0142.<br \/>\nI wreszcie&#8230; Bajka\u0142! Pierwszy raz w \u017cyciu dotar\u0142em do Bajka\u0142u. Wie\u015b Istomino na po\u0142udniowym brzegu Syberyjskiego Morza do\u017cywotnio dzier\u017cy\u0107 b\u0119dzie zaszczyt bycia pierwszym miejscem mojego spotkania z Bajka\u0142em.<div class=\"tiled-gallery type-rectangular tiled-gallery-unresized\" data-original-width=\"500\" data-carousel-extra='{&quot;blog_id&quot;:1,&quot;permalink&quot;:&quot;https:\\\/\\\/www.volen.pl\\\/?p=2852&quot;,&quot;likes_blog_id&quot;:64250308}' itemscope itemtype=\"http:\/\/schema.org\/ImageGallery\" > <div class=\"gallery-row\" style=\"width: 500px; height: 252px;\" data-original-width=\"500\" data-original-height=\"252\" > <div class=\"gallery-group images-1\" style=\"width: 500px; height: 252px;\" data-original-width=\"500\" data-original-height=\"252\" > <div class=\"tiled-gallery-item tiled-gallery-item-large\" itemprop=\"associatedMedia\" itemscope itemtype=\"http:\/\/schema.org\/ImageObject\"> <a href=\"https:\/\/www.volen.pl\/?attachment_id=2873\" border=\"0\" itemprop=\"url\"> <meta itemprop=\"width\" content=\"496\"> <meta itemprop=\"height\" content=\"248\"> <img decoding=\"async\" class=\"\" data-attachment-id=\"2873\" data-orig-file=\"https:\/\/www.volen.pl\/wp-content\/uploads\/2018\/07\/po\u0142udniowy_bajka\u0142_VOL3653.jpg\" data-orig-size=\"2460,1230\" data-comments-opened=\"1\" data-image-meta=\"{&quot;aperture&quot;:&quot;0&quot;,&quot;credit&quot;:&quot;&quot;,&quot;camera&quot;:&quot;&quot;,&quot;caption&quot;:&quot;&quot;,&quot;created_timestamp&quot;:&quot;0&quot;,&quot;copyright&quot;:&quot;&quot;,&quot;focal_length&quot;:&quot;0&quot;,&quot;iso&quot;:&quot;0&quot;,&quot;shutter_speed&quot;:&quot;0&quot;,&quot;title&quot;:&quot;&quot;,&quot;orientation&quot;:&quot;0&quot;}\" data-image-title=\"po\u0142udniowy_bajka\u0142_VOL3653\" data-image-description=\"\" data-medium-file=\"https:\/\/i0.wp.com\/www.volen.pl\/wp-content\/uploads\/2018\/07\/po%C5%82udniowy_bajka%C5%82_VOL3653.jpg?fit=1024%2C512&#038;ssl=1\" data-large-file=\"https:\/\/i0.wp.com\/www.volen.pl\/wp-content\/uploads\/2018\/07\/po%C5%82udniowy_bajka%C5%82_VOL3653.jpg?fit=2048%2C1024&#038;ssl=1\" src=\"https:\/\/i0.wp.com\/www.volen.pl\/wp-content\/uploads\/2018\/07\/po%C5%82udniowy_bajka%C5%82_VOL3653.jpg?w=496&#038;h=248&#038;ssl=1\" width=\"496\" height=\"248\" loading=\"lazy\" data-original-width=\"496\" data-original-height=\"248\" itemprop=\"http:\/\/schema.org\/image\" title=\"po\u0142udniowy_bajka\u0142_VOL3653\" alt=\"po\u0142udniowy_bajka\u0142_VOL3653\" style=\"width: 496px; height: 248px;\" \/> <\/a> <\/div> <\/div> <!-- close group --> <\/div> <!-- close row --> <div class=\"gallery-row\" style=\"width: 500px; height: 135px;\" data-original-width=\"500\" data-original-height=\"135\" > <div class=\"gallery-group images-1\" style=\"width: 250px; height: 135px;\" data-original-width=\"250\" data-original-height=\"135\" > <div class=\"tiled-gallery-item tiled-gallery-item-small\" itemprop=\"associatedMedia\" itemscope itemtype=\"http:\/\/schema.org\/ImageObject\"> <a href=\"https:\/\/www.volen.pl\/?attachment_id=2874\" border=\"0\" itemprop=\"url\"> <meta itemprop=\"width\" content=\"246\"> <meta itemprop=\"height\" content=\"131\"> <img decoding=\"async\" class=\"\" data-attachment-id=\"2874\" data-orig-file=\"https:\/\/www.volen.pl\/wp-content\/uploads\/2018\/07\/po\u0142udniowy_bajka\u0142_VOL3675.jpg\" data-orig-size=\"2464,1314\" data-comments-opened=\"1\" data-image-meta=\"{&quot;aperture&quot;:&quot;0&quot;,&quot;credit&quot;:&quot;&quot;,&quot;camera&quot;:&quot;&quot;,&quot;caption&quot;:&quot;&quot;,&quot;created_timestamp&quot;:&quot;0&quot;,&quot;copyright&quot;:&quot;&quot;,&quot;focal_length&quot;:&quot;0&quot;,&quot;iso&quot;:&quot;0&quot;,&quot;shutter_speed&quot;:&quot;0&quot;,&quot;title&quot;:&quot;&quot;,&quot;orientation&quot;:&quot;0&quot;}\" data-image-title=\"po\u0142udniowy_bajka\u0142_VOL3675\" data-image-description=\"\" data-medium-file=\"https:\/\/i0.wp.com\/www.volen.pl\/wp-content\/uploads\/2018\/07\/po%C5%82udniowy_bajka%C5%82_VOL3675.jpg?fit=1024%2C546&#038;ssl=1\" data-large-file=\"https:\/\/i0.wp.com\/www.volen.pl\/wp-content\/uploads\/2018\/07\/po%C5%82udniowy_bajka%C5%82_VOL3675.jpg?fit=2048%2C1092&#038;ssl=1\" src=\"https:\/\/i0.wp.com\/www.volen.pl\/wp-content\/uploads\/2018\/07\/po%C5%82udniowy_bajka%C5%82_VOL3675.jpg?w=246&#038;h=131&#038;ssl=1\" width=\"246\" height=\"131\" loading=\"lazy\" data-original-width=\"246\" data-original-height=\"131\" itemprop=\"http:\/\/schema.org\/image\" title=\"po\u0142udniowy_bajka\u0142_VOL3675\" alt=\"po\u0142udniowy_bajka\u0142_VOL3675\" style=\"width: 246px; height: 131px;\" \/> <\/a> <\/div> <\/div> <!-- close group --> <div class=\"gallery-group images-1\" style=\"width: 250px; height: 135px;\" data-original-width=\"250\" data-original-height=\"135\" > <div class=\"tiled-gallery-item tiled-gallery-item-small\" itemprop=\"associatedMedia\" itemscope itemtype=\"http:\/\/schema.org\/ImageObject\"> <a href=\"https:\/\/www.volen.pl\/?attachment_id=2871\" border=\"0\" itemprop=\"url\"> <meta itemprop=\"width\" content=\"246\"> <meta itemprop=\"height\" content=\"131\"> <img decoding=\"async\" class=\"\" data-attachment-id=\"2871\" data-orig-file=\"https:\/\/www.volen.pl\/wp-content\/uploads\/2018\/07\/bajka\u0142_pierwszy_widok_VOL3645.jpg\" data-orig-size=\"2435,1299\" data-comments-opened=\"1\" data-image-meta=\"{&quot;aperture&quot;:&quot;0&quot;,&quot;credit&quot;:&quot;&quot;,&quot;camera&quot;:&quot;&quot;,&quot;caption&quot;:&quot;&quot;,&quot;created_timestamp&quot;:&quot;0&quot;,&quot;copyright&quot;:&quot;&quot;,&quot;focal_length&quot;:&quot;0&quot;,&quot;iso&quot;:&quot;0&quot;,&quot;shutter_speed&quot;:&quot;0&quot;,&quot;title&quot;:&quot;&quot;,&quot;orientation&quot;:&quot;0&quot;}\" data-image-title=\"bajka\u0142_pierwszy_widok_VOL3645\" data-image-description=\"\" data-medium-file=\"https:\/\/i0.wp.com\/www.volen.pl\/wp-content\/uploads\/2018\/07\/bajka%C5%82_pierwszy_widok_VOL3645.jpg?fit=1024%2C546&#038;ssl=1\" data-large-file=\"https:\/\/i0.wp.com\/www.volen.pl\/wp-content\/uploads\/2018\/07\/bajka%C5%82_pierwszy_widok_VOL3645.jpg?fit=2048%2C1093&#038;ssl=1\" src=\"https:\/\/i0.wp.com\/www.volen.pl\/wp-content\/uploads\/2018\/07\/bajka%C5%82_pierwszy_widok_VOL3645.jpg?w=246&#038;h=131&#038;ssl=1\" width=\"246\" height=\"131\" loading=\"lazy\" data-original-width=\"246\" data-original-height=\"131\" itemprop=\"http:\/\/schema.org\/image\" title=\"bajka\u0142_pierwszy_widok_VOL3645\" alt=\"bajka\u0142_pierwszy_widok_VOL3645\" style=\"width: 246px; height: 131px;\" \/> <\/a> <\/div> <\/div> <!-- close group --> <\/div> <!-- close row --> <div class=\"gallery-row\" style=\"width: 500px; height: 140px;\" data-original-width=\"500\" data-original-height=\"140\" > <div class=\"gallery-group images-1\" style=\"width: 234px; height: 140px;\" data-original-width=\"234\" data-original-height=\"140\" > <div class=\"tiled-gallery-item tiled-gallery-item-small\" itemprop=\"associatedMedia\" itemscope itemtype=\"http:\/\/schema.org\/ImageObject\"> <a href=\"https:\/\/www.volen.pl\/?attachment_id=2870\" border=\"0\" itemprop=\"url\"> <meta itemprop=\"width\" content=\"230\"> <meta itemprop=\"height\" content=\"136\"> <img decoding=\"async\" class=\"\" data-attachment-id=\"2870\" data-orig-file=\"https:\/\/www.volen.pl\/wp-content\/uploads\/2018\/07\/rozlewiska_przy_po\u0142udniowym_bajkale_VOL3683.jpg\" data-orig-size=\"2464,1452\" data-comments-opened=\"1\" data-image-meta=\"{&quot;aperture&quot;:&quot;0&quot;,&quot;credit&quot;:&quot;&quot;,&quot;camera&quot;:&quot;&quot;,&quot;caption&quot;:&quot;&quot;,&quot;created_timestamp&quot;:&quot;0&quot;,&quot;copyright&quot;:&quot;&quot;,&quot;focal_length&quot;:&quot;0&quot;,&quot;iso&quot;:&quot;0&quot;,&quot;shutter_speed&quot;:&quot;0&quot;,&quot;title&quot;:&quot;&quot;,&quot;orientation&quot;:&quot;0&quot;}\" data-image-title=\"rozlewiska_przy_po\u0142udniowym_bajkale_VOL3683\" data-image-description=\"\" data-medium-file=\"https:\/\/i0.wp.com\/www.volen.pl\/wp-content\/uploads\/2018\/07\/rozlewiska_przy_po%C5%82udniowym_bajkale_VOL3683.jpg?fit=1024%2C603&#038;ssl=1\" data-large-file=\"https:\/\/i0.wp.com\/www.volen.pl\/wp-content\/uploads\/2018\/07\/rozlewiska_przy_po%C5%82udniowym_bajkale_VOL3683.jpg?fit=2048%2C1207&#038;ssl=1\" src=\"https:\/\/i0.wp.com\/www.volen.pl\/wp-content\/uploads\/2018\/07\/rozlewiska_przy_po%C5%82udniowym_bajkale_VOL3683.jpg?w=230&#038;h=136&#038;ssl=1\" width=\"230\" height=\"136\" loading=\"lazy\" data-original-width=\"230\" data-original-height=\"136\" itemprop=\"http:\/\/schema.org\/image\" title=\"rozlewiska_przy_po\u0142udniowym_bajkale_VOL3683\" alt=\"rozlewiska_przy_po\u0142udniowym_bajkale_VOL3683\" style=\"width: 230px; height: 136px;\" \/> <\/a> <\/div> <\/div> <!-- close group --> <div class=\"gallery-group images-1\" style=\"width: 266px; height: 140px;\" data-original-width=\"266\" data-original-height=\"140\" > <div class=\"tiled-gallery-item tiled-gallery-item-large\" itemprop=\"associatedMedia\" itemscope itemtype=\"http:\/\/schema.org\/ImageObject\"> <a href=\"https:\/\/www.volen.pl\/?attachment_id=2869\" border=\"0\" itemprop=\"url\"> <meta itemprop=\"width\" content=\"262\"> <meta itemprop=\"height\" content=\"136\"> <img decoding=\"async\" class=\"\" data-attachment-id=\"2869\" data-orig-file=\"https:\/\/www.volen.pl\/wp-content\/uploads\/2018\/07\/bajka\u0142_zach\u00f3d_s\u0142o\u0144ca.jpg\" data-orig-size=\"2464,1278\" data-comments-opened=\"1\" data-image-meta=\"{&quot;aperture&quot;:&quot;0&quot;,&quot;credit&quot;:&quot;&quot;,&quot;camera&quot;:&quot;&quot;,&quot;caption&quot;:&quot;&quot;,&quot;created_timestamp&quot;:&quot;0&quot;,&quot;copyright&quot;:&quot;&quot;,&quot;focal_length&quot;:&quot;0&quot;,&quot;iso&quot;:&quot;0&quot;,&quot;shutter_speed&quot;:&quot;0&quot;,&quot;title&quot;:&quot;&quot;,&quot;orientation&quot;:&quot;0&quot;}\" data-image-title=\"bajka\u0142_zach\u00f3d_s\u0142o\u0144ca\" data-image-description=\"\" data-medium-file=\"https:\/\/i0.wp.com\/www.volen.pl\/wp-content\/uploads\/2018\/07\/bajka%C5%82_zach%C3%B3d_s%C5%82o%C5%84ca.jpg?fit=1024%2C531&#038;ssl=1\" data-large-file=\"https:\/\/i0.wp.com\/www.volen.pl\/wp-content\/uploads\/2018\/07\/bajka%C5%82_zach%C3%B3d_s%C5%82o%C5%84ca.jpg?fit=2048%2C1062&#038;ssl=1\" src=\"https:\/\/i0.wp.com\/www.volen.pl\/wp-content\/uploads\/2018\/07\/bajka%C5%82_zach%C3%B3d_s%C5%82o%C5%84ca.jpg?w=262&#038;h=136&#038;ssl=1\" width=\"262\" height=\"136\" loading=\"lazy\" data-original-width=\"262\" data-original-height=\"136\" itemprop=\"http:\/\/schema.org\/image\" title=\"bajka\u0142_zach\u00f3d_s\u0142o\u0144ca\" alt=\"bajka\u0142_zach\u00f3d_s\u0142o\u0144ca\" style=\"width: 262px; height: 136px;\" \/> <\/a> <\/div> <\/div> <!-- close group --> <\/div> <!-- close row --> <\/div><br \/>\nPo tych kilku dniach wyprawy zacz\u0105\u0142em wreszcie czu\u0107 pe\u0142ne zadowolenie. M\u00f3j brat zawsze powtarza\u0142, \u017ce jestem tak\u0105 osob\u0105, kt\u00f3ra lubi si\u0119 sponiewiera\u0107, a nie wypocz\u0105\u0107. Hmmm&#8230; To taki spos\u00f3b na wypoczynek po prostu.<\/p>\n","protected":false},"excerpt":{"rendered":"<p>Ruszyli\u015bmy znad jeziora G\u0119siego. Rano woda jeszcze lepsza do k\u0105pieli. Jechali\u015bmy w\u015br\u00f3d \u0142agodnie pofalowanych wzg\u00f3rz&#8230;<\/p>\n<div class=\"more-link-wrapper\"><a class=\"more-link\" href=\"https:\/\/www.volen.pl\/?p=2852\">Read the post<span class=\"screen-reader-text\">Bajka\u0142<\/span><\/a><\/div>\n","protected":false},"author":1,"featured_media":2870,"comment_status":"open","ping_status":"open","sticky":false,"template":"","format":"standard","meta":{"_crdt_document":"","jetpack_post_was_ever_published":false,"_jetpack_newsletter_access":"","_jetpack_dont_email_post_to_subs":false,"_jetpack_newsletter_tier_id":0,"_jetpack_memberships_contains_paywalled_content":false,"_jetpack_memberships_contains_paid_content":false,"footnotes":"","jetpack_publicize_message":"","jetpack_publicize_feature_enabled":true,"jetpack_social_post_already_shared":true,"jetpack_social_options":{"image_generator_settings":{"template":"highway","default_image_id":0,"font":"","enabled":false},"version":2}},"categories":[93,297],"tags":[307,306,205,301,211],"class_list":["post-2852","post","type-post","status-publish","format-standard","has-post-thumbnail","hentry","category-nawariata","category-bajkal","tag-307","tag-bajkal","tag-nawariata","tag-pchelka","tag-rosja","excerpt","zoom","full-without-featured","even","excerpt-0"],"jetpack_publicize_connections":[],"jetpack_featured_media_url":"https:\/\/i0.wp.com\/www.volen.pl\/wp-content\/uploads\/2018\/07\/rozlewiska_przy_po%C5%82udniowym_bajkale_VOL3683.jpg?fit=2464%2C1452&ssl=1","jetpack_shortlink":"https:\/\/wp.me\/s4lAri-bajkal","jetpack_sharing_enabled":true,"jetpack-related-posts":[{"id":2855,"url":"https:\/\/www.volen.pl\/?p=2855","url_meta":{"origin":2852,"position":0},"title":"rozczarowanie","author":"volen","date":"2018-07-12","format":false,"excerpt":"Zawsze 4 lipca przypomina mi si\u0119 film \"Dzie\u0144 Niepodleg\u0142o\u015bci\" z Willem Smithem, Jeffem Goldblumem i Billem Pullmanem. Ogl\u0105da\u0142em go kilka razy, wr\u0119cz do obrzydzenia. Znam go prawie na pami\u0119\u0107, a nie jest to jakie\u015b szczeg\u00f3lnie wybitne dzie\u0142o kinematografii. W ka\u017cdym razie zawsze mi si\u0119 on przypomina - taki jest ogromny\u2026","rel":"","context":"W \u201enawariata&quot;","block_context":{"text":"nawariata","link":"https:\/\/www.volen.pl\/?cat=93"},"img":{"alt_text":"","src":"https:\/\/i0.wp.com\/www.volen.pl\/wp-content\/uploads\/2018\/07\/olchon_szamanka_VOL3825.jpg?fit=1200%2C608&ssl=1&resize=350%2C200","width":350,"height":200,"srcset":"https:\/\/i0.wp.com\/www.volen.pl\/wp-content\/uploads\/2018\/07\/olchon_szamanka_VOL3825.jpg?fit=1200%2C608&ssl=1&resize=350%2C200 1x, https:\/\/i0.wp.com\/www.volen.pl\/wp-content\/uploads\/2018\/07\/olchon_szamanka_VOL3825.jpg?fit=1200%2C608&ssl=1&resize=525%2C300 1.5x, https:\/\/i0.wp.com\/www.volen.pl\/wp-content\/uploads\/2018\/07\/olchon_szamanka_VOL3825.jpg?fit=1200%2C608&ssl=1&resize=700%2C400 2x, https:\/\/i0.wp.com\/www.volen.pl\/wp-content\/uploads\/2018\/07\/olchon_szamanka_VOL3825.jpg?fit=1200%2C608&ssl=1&resize=1050%2C600 3x"},"classes":[]},{"id":2550,"url":"https:\/\/www.volen.pl\/?p=2550","url_meta":{"origin":2852,"position":1},"title":"Deszczowo","author":"volen","date":"2018-06-18","format":false,"excerpt":"Skorzysta\u0142em z bankomatu, wymienili\u015bmy walut\u0119 i uciekli\u015bmy z miasta. Doszed\u0142em do wniosku, \u017ce miasta mnie przygn\u0119biaj\u0105. Pojechali\u015bmy do miejsca zwanego Aksu - Zhabagly, ale \u017ce pogoda nie sprzyjaj\u0105ca, la\u0142o, jak z cebra, ruszyli\u015bmy na A\u0142maty. Po drodze, mimo wielu znak\u00f3w na niebie i ziemi, mimo przestr\u00f3g i z\u0142owr\u00f3\u017cbnych przepowiedni, Pawe\u0142\u2026","rel":"","context":"W \u201enawariata&quot;","block_context":{"text":"nawariata","link":"https:\/\/www.volen.pl\/?cat=93"},"img":{"alt_text":"","src":"https:\/\/i0.wp.com\/www.volen.pl\/wp-content\/uploads\/2018\/06\/VOL1971.jpg?fit=1200%2C795&ssl=1&resize=350%2C200","width":350,"height":200,"srcset":"https:\/\/i0.wp.com\/www.volen.pl\/wp-content\/uploads\/2018\/06\/VOL1971.jpg?fit=1200%2C795&ssl=1&resize=350%2C200 1x, https:\/\/i0.wp.com\/www.volen.pl\/wp-content\/uploads\/2018\/06\/VOL1971.jpg?fit=1200%2C795&ssl=1&resize=525%2C300 1.5x, https:\/\/i0.wp.com\/www.volen.pl\/wp-content\/uploads\/2018\/06\/VOL1971.jpg?fit=1200%2C795&ssl=1&resize=700%2C400 2x, https:\/\/i0.wp.com\/www.volen.pl\/wp-content\/uploads\/2018\/06\/VOL1971.jpg?fit=1200%2C795&ssl=1&resize=1050%2C600 3x"},"classes":[]},{"id":2584,"url":"https:\/\/www.volen.pl\/?p=2584","url_meta":{"origin":2852,"position":2},"title":"Kanion Szary\u0144ski","author":"volen","date":"2018-06-21","format":false,"excerpt":"W zasadzie ca\u0142y ten dzie\u0144 up\u0142yn\u0105\u0142 pod znakiem kanionu Szary\u0144skiego. Pi\u0119kne miejsce, warte odwiedzenia. Przy wyje\u017adzie spotkali\u015bmy dw\u00f3ch Polak\u00f3w na motorach, troch\u0119 pogadali\u015bmy i pop\u0119dzili\u015bmy w stron\u0119 granicy z Rosj\u0105. Nocleg, po\u0142\u0105czony z nieudan\u0105 pr\u00f3b\u0105 sklejenia zawiasu klapy, zrobili\u015bmy na polu nale\u017c\u0105cym do jakiej\u015b modliszki. Nie chcia\u0142a si\u0119 ode mnie\u2026","rel":"","context":"W \u201enawariata&quot;","block_context":{"text":"nawariata","link":"https:\/\/www.volen.pl\/?cat=93"},"img":{"alt_text":"","src":"https:\/\/i0.wp.com\/www.volen.pl\/wp-content\/uploads\/2018\/06\/20180603_192034.jpg?fit=1200%2C600&ssl=1&resize=350%2C200","width":350,"height":200,"srcset":"https:\/\/i0.wp.com\/www.volen.pl\/wp-content\/uploads\/2018\/06\/20180603_192034.jpg?fit=1200%2C600&ssl=1&resize=350%2C200 1x, https:\/\/i0.wp.com\/www.volen.pl\/wp-content\/uploads\/2018\/06\/20180603_192034.jpg?fit=1200%2C600&ssl=1&resize=525%2C300 1.5x, https:\/\/i0.wp.com\/www.volen.pl\/wp-content\/uploads\/2018\/06\/20180603_192034.jpg?fit=1200%2C600&ssl=1&resize=700%2C400 2x, https:\/\/i0.wp.com\/www.volen.pl\/wp-content\/uploads\/2018\/06\/20180603_192034.jpg?fit=1200%2C600&ssl=1&resize=1050%2C600 3x"},"classes":[]},{"id":2707,"url":"https:\/\/www.volen.pl\/?p=2707","url_meta":{"origin":2852,"position":3},"title":"Katu &#8211; Yaryk","author":"volen","date":"2018-06-27","format":false,"excerpt":"Bardzo s\u0142abo spa\u0142em. Wie\u015bci z domu spowodowa\u0142y, \u017ce nie mog\u0142em spa\u0107, przez co zm\u0119czenie wczoraj pokonan\u0105 tras\u0105 i dzik\u0105 wspinaczk\u0105 skumulowa\u0142o si\u0119 do kwadratu. Zjedli\u015bmy \u015bniadanie w towarzystwie dw\u00f3ch kobiet typu mongolskiego, po czym pojechali\u015bmy na Katu - Yaryk. Katu - Yaryk... My\u015bla\u0142em, \u017ce jest on bardziej w poziomie, ni\u017c\u2026","rel":"","context":"W \u201enawariata&quot;","block_context":{"text":"nawariata","link":"https:\/\/www.volen.pl\/?cat=93"},"img":{"alt_text":"","src":"https:\/\/i0.wp.com\/www.volen.pl\/wp-content\/uploads\/2018\/06\/VOL2844.jpg?fit=1200%2C795&ssl=1&resize=350%2C200","width":350,"height":200,"srcset":"https:\/\/i0.wp.com\/www.volen.pl\/wp-content\/uploads\/2018\/06\/VOL2844.jpg?fit=1200%2C795&ssl=1&resize=350%2C200 1x, https:\/\/i0.wp.com\/www.volen.pl\/wp-content\/uploads\/2018\/06\/VOL2844.jpg?fit=1200%2C795&ssl=1&resize=525%2C300 1.5x, https:\/\/i0.wp.com\/www.volen.pl\/wp-content\/uploads\/2018\/06\/VOL2844.jpg?fit=1200%2C795&ssl=1&resize=700%2C400 2x, https:\/\/i0.wp.com\/www.volen.pl\/wp-content\/uploads\/2018\/06\/VOL2844.jpg?fit=1200%2C795&ssl=1&resize=1050%2C600 3x"},"classes":[]},{"id":2438,"url":"https:\/\/www.volen.pl\/?p=2438","url_meta":{"origin":2852,"position":4},"title":"Piasek, woda i gaszenie po\u017caru","author":"volen","date":"2018-06-09","format":false,"excerpt":"Koniki, kt\u00f3re wieczorem nas odwiedzi\u0142y, rano pas\u0142y si\u0119 nieopodal. Ca\u0142y dzie\u0144 w trasie, a trasy kropkowane na naszej nawigacji nie s\u0105 sta\u0142ymi, to raczej z grubsza okre\u015blenie azymutu, sugestia kierunku. Kto\u015b, kto w spos\u00f3b maniakalny b\u0119dzie usi\u0142owa\u0142 trzyma\u0107 si\u0119 drogi z mapy, szybko sko\u0144czy na manowcach. Mi\u0142ym zaskoczeniem naszej trasy\u2026","rel":"","context":"W \u201enawariata&quot;","block_context":{"text":"nawariata","link":"https:\/\/www.volen.pl\/?cat=93"},"img":{"alt_text":"","src":"https:\/\/i0.wp.com\/www.volen.pl\/wp-content\/uploads\/2018\/06\/VOL1261.jpg?resize=350%2C200","width":350,"height":200,"srcset":"https:\/\/i0.wp.com\/www.volen.pl\/wp-content\/uploads\/2018\/06\/VOL1261.jpg?resize=350%2C200 1x, https:\/\/i0.wp.com\/www.volen.pl\/wp-content\/uploads\/2018\/06\/VOL1261.jpg?resize=525%2C300 1.5x, https:\/\/i0.wp.com\/www.volen.pl\/wp-content\/uploads\/2018\/06\/VOL1261.jpg?resize=700%2C400 2x, https:\/\/i0.wp.com\/www.volen.pl\/wp-content\/uploads\/2018\/06\/VOL1261.jpg?resize=1050%2C600 3x, https:\/\/i0.wp.com\/www.volen.pl\/wp-content\/uploads\/2018\/06\/VOL1261.jpg?resize=1400%2C800 4x"},"classes":[]},{"id":2483,"url":"https:\/\/www.volen.pl\/?p=2483","url_meta":{"origin":2852,"position":5},"title":"Jezioro Aralskie","author":"volen","date":"2018-06-13","format":false,"excerpt":"Po rytualnej k\u0105pieli b\u0142otnej w resztkach jeziora udali\u015bmy si\u0119 jego by\u0142ym dnem w kierunku wschodnim na Bersa - Kelmes, miejsca tajemniczego, groz\u0105 i zw\u0105tpieniem pisanego, kt\u00f3re obecnie jest rezerwatem natury, wcze\u015bniej za\u015b by\u0142o, podobno, skrywanym przez Sowiet\u00f3w tajnym laboratorium badawczym. Niestety, pr\u00f3ba sforsowania jeziora zako\u0144czy\u0142a si\u0119 fiaskiem po tym, jak\u2026","rel":"","context":"W \u201enawariata&quot;","block_context":{"text":"nawariata","link":"https:\/\/www.volen.pl\/?cat=93"},"img":{"alt_text":"","src":"https:\/\/i0.wp.com\/www.volen.pl\/wp-content\/uploads\/2018\/06\/VOL1668.jpg?fit=1200%2C795&ssl=1&resize=350%2C200","width":350,"height":200,"srcset":"https:\/\/i0.wp.com\/www.volen.pl\/wp-content\/uploads\/2018\/06\/VOL1668.jpg?fit=1200%2C795&ssl=1&resize=350%2C200 1x, https:\/\/i0.wp.com\/www.volen.pl\/wp-content\/uploads\/2018\/06\/VOL1668.jpg?fit=1200%2C795&ssl=1&resize=525%2C300 1.5x, https:\/\/i0.wp.com\/www.volen.pl\/wp-content\/uploads\/2018\/06\/VOL1668.jpg?fit=1200%2C795&ssl=1&resize=700%2C400 2x, https:\/\/i0.wp.com\/www.volen.pl\/wp-content\/uploads\/2018\/06\/VOL1668.jpg?fit=1200%2C795&ssl=1&resize=1050%2C600 3x"},"classes":[]}],"_links":{"self":[{"href":"https:\/\/www.volen.pl\/index.php?rest_route=\/wp\/v2\/posts\/2852","targetHints":{"allow":["GET"]}}],"collection":[{"href":"https:\/\/www.volen.pl\/index.php?rest_route=\/wp\/v2\/posts"}],"about":[{"href":"https:\/\/www.volen.pl\/index.php?rest_route=\/wp\/v2\/types\/post"}],"author":[{"embeddable":true,"href":"https:\/\/www.volen.pl\/index.php?rest_route=\/wp\/v2\/users\/1"}],"replies":[{"embeddable":true,"href":"https:\/\/www.volen.pl\/index.php?rest_route=%2Fwp%2Fv2%2Fcomments&post=2852"}],"version-history":[{"count":5,"href":"https:\/\/www.volen.pl\/index.php?rest_route=\/wp\/v2\/posts\/2852\/revisions"}],"predecessor-version":[{"id":2876,"href":"https:\/\/www.volen.pl\/index.php?rest_route=\/wp\/v2\/posts\/2852\/revisions\/2876"}],"wp:featuredmedia":[{"embeddable":true,"href":"https:\/\/www.volen.pl\/index.php?rest_route=\/wp\/v2\/media\/2870"}],"wp:attachment":[{"href":"https:\/\/www.volen.pl\/index.php?rest_route=%2Fwp%2Fv2%2Fmedia&parent=2852"}],"wp:term":[{"taxonomy":"category","embeddable":true,"href":"https:\/\/www.volen.pl\/index.php?rest_route=%2Fwp%2Fv2%2Fcategories&post=2852"},{"taxonomy":"post_tag","embeddable":true,"href":"https:\/\/www.volen.pl\/index.php?rest_route=%2Fwp%2Fv2%2Ftags&post=2852"}],"curies":[{"name":"wp","href":"https:\/\/api.w.org\/{rel}","templated":true}]}}