{"id":286,"date":"2014-03-04T14:29:17","date_gmt":"2014-03-04T13:29:17","guid":{"rendered":"http:\/\/www.volen.pl\/?p=286"},"modified":"2014-03-04T14:29:49","modified_gmt":"2014-03-04T13:29:49","slug":"wielka-czantoria","status":"publish","type":"post","link":"https:\/\/www.volen.pl\/?p=286","title":{"rendered":"Wielka Czantoria"},"content":{"rendered":"<p><a href=\"https:\/\/i0.wp.com\/www.volen.pl\/wp-content\/uploads\/2014\/03\/wielka-czantoria-_DSC0473.jpg?ssl=1\"><img data-recalc-dims=\"1\" loading=\"lazy\" decoding=\"async\" data-attachment-id=\"287\" data-permalink=\"https:\/\/www.volen.pl\/?attachment_id=287\" data-orig-file=\"https:\/\/i0.wp.com\/www.volen.pl\/wp-content\/uploads\/2014\/03\/wielka-czantoria-_DSC0473.jpg?fit=2048%2C1356&amp;ssl=1\" data-orig-size=\"2048,1356\" data-comments-opened=\"0\" data-image-meta=\"{&quot;aperture&quot;:&quot;0&quot;,&quot;credit&quot;:&quot;&quot;,&quot;camera&quot;:&quot;&quot;,&quot;caption&quot;:&quot;&quot;,&quot;created_timestamp&quot;:&quot;0&quot;,&quot;copyright&quot;:&quot;&quot;,&quot;focal_length&quot;:&quot;0&quot;,&quot;iso&quot;:&quot;0&quot;,&quot;shutter_speed&quot;:&quot;0&quot;,&quot;title&quot;:&quot;&quot;}\" data-image-title=\"wielka czantoria\" data-image-description=\"\" data-image-caption=\"\" data-large-file=\"https:\/\/i0.wp.com\/www.volen.pl\/wp-content\/uploads\/2014\/03\/wielka-czantoria-_DSC0473.jpg?fit=2048%2C1356&amp;ssl=1\" class=\"alignnone size-medium wp-image-287\" alt=\"wielka czantoria\" src=\"https:\/\/i0.wp.com\/www.volen.pl\/wp-content\/uploads\/2014\/03\/wielka-czantoria-_DSC0473.jpg?resize=1024%2C678&#038;ssl=1\" width=\"1024\" height=\"678\" srcset=\"https:\/\/i0.wp.com\/www.volen.pl\/wp-content\/uploads\/2014\/03\/wielka-czantoria-_DSC0473.jpg?resize=1024%2C678&amp;ssl=1 1024w, https:\/\/i0.wp.com\/www.volen.pl\/wp-content\/uploads\/2014\/03\/wielka-czantoria-_DSC0473.jpg?w=2048&amp;ssl=1 2048w\" sizes=\"auto, (max-width: 1000px) 100vw, 1000px\" \/><\/a><\/p>\n","protected":false},"excerpt":{"rendered":"","protected":false},"author":1,"featured_media":287,"comment_status":"closed","ping_status":"closed","sticky":false,"template":"","format":"image","meta":{"_crdt_document":"","jetpack_post_was_ever_published":false,"_jetpack_newsletter_access":"","_jetpack_dont_email_post_to_subs":false,"_jetpack_newsletter_tier_id":0,"_jetpack_memberships_contains_paywalled_content":false,"_jetpack_memberships_contains_paid_content":false,"footnotes":"","jetpack_publicize_message":"","jetpack_publicize_feature_enabled":true,"jetpack_social_post_already_shared":true,"jetpack_social_options":{"image_generator_settings":{"template":"highway","default_image_id":0,"font":"","enabled":false},"version":2}},"categories":[18],"tags":[11,13,12],"class_list":["post-286","post","type-post","status-publish","format-image","has-post-thumbnail","hentry","category-dreptak","tag-beskid-slaski","tag-czantoria-wielka","tag-gory","post_format-post-format-image","excerpt","zoom","full-without-featured","even","excerpt-0"],"jetpack_publicize_connections":[],"jetpack_featured_media_url":"https:\/\/i0.wp.com\/www.volen.pl\/wp-content\/uploads\/2014\/03\/wielka-czantoria-_DSC0473.jpg?fit=2048%2C1356&ssl=1","jetpack_shortlink":"https:\/\/wp.me\/p4lAri-4C","jetpack_sharing_enabled":true,"jetpack-related-posts":[{"id":99,"url":"https:\/\/www.volen.pl\/?p=99","url_meta":{"origin":286,"position":0},"title":"Wielka Czantoria","author":"volen","date":"2014-02-14","format":"gallery","excerpt":"","rel":"","context":"W \u201edreptak&quot;","block_context":{"text":"dreptak","link":"https:\/\/www.volen.pl\/?cat=18"},"img":{"alt_text":"","src":"https:\/\/i0.wp.com\/www.volen.pl\/wp-content\/uploads\/2014\/02\/Czantoria-2014-_DSC0447.jpg?fit=795%2C1200&ssl=1&resize=350%2C200","width":350,"height":200,"srcset":"https:\/\/i0.wp.com\/www.volen.pl\/wp-content\/uploads\/2014\/02\/Czantoria-2014-_DSC0447.jpg?fit=795%2C1200&ssl=1&resize=350%2C200 1x, https:\/\/i0.wp.com\/www.volen.pl\/wp-content\/uploads\/2014\/02\/Czantoria-2014-_DSC0447.jpg?fit=795%2C1200&ssl=1&resize=525%2C300 1.5x, https:\/\/i0.wp.com\/www.volen.pl\/wp-content\/uploads\/2014\/02\/Czantoria-2014-_DSC0447.jpg?fit=795%2C1200&ssl=1&resize=700%2C400 2x"},"classes":[]},{"id":208,"url":"https:\/\/www.volen.pl\/?p=208","url_meta":{"origin":286,"position":1},"title":"\u015amiertelne zm\u0119czenie","author":"volen","date":"2013-04-29","format":false,"excerpt":"Patrz\u0105c z perspektywy dnia dzisiejszego, t\u0119 tras\u0119 mo\u017cna spokojnie ochrzci\u0107 mianem z tytu\u0142u. Wsiedli\u015bmy z moj\u0105 choler\u0105 do poci\u0105gu, poczekali\u015bmy na Marcina i Ani\u0119, po czym ruszyli\u015bmy w drog\u0119. Na kt\u00f3rym\u015b z przystank\u00f3w Marcina ogarn\u0105\u0142 ch\u0142odny cie\u0144 przesz\u0142o\u015bci wraz ze swym partnerem, ale nie dali rady zepsu\u0107 nastroju. Bielsko przywita\u0142o\u2026","rel":"","context":"W \u201eBeskid \u015al\u0105ski 2013&quot;","block_context":{"text":"Beskid \u015al\u0105ski 2013","link":"https:\/\/www.volen.pl\/?cat=136"},"img":{"alt_text":"","src":"","width":0,"height":0},"classes":[]},{"id":3972,"url":"https:\/\/www.volen.pl\/?p=3972","url_meta":{"origin":286,"position":2},"title":"I sta\u0142 si\u0119 koniec","author":"volen","date":"2025-12-05","format":false,"excerpt":"Na pocz\u0105tku wypiera\u0142em t\u0119 bolesn\u0105 \u015bwiadomo\u015b\u0107 ko\u0144ca wa\u017cnego etapu w moim \u017cyciu. Wsta\u0142em, ogarn\u0105\u0142em jajecznic\u0119 (no, jak\u017ce by inaczej), ruszy\u0142em w drog\u0119. Wtedy w\u0142a\u015bnie dotar\u0142o do mnie w ca\u0142ej rozci\u0105g\u0142o\u015bci, \u017ce to koniec. \u017be to ju\u017c ostatni raz... Naszed\u0142 mnie taki nastr\u00f3j ko\u0144ca \u015bwiata Po jakim\u015b czasie, za Cie\u015blar\u00f3wk\u0105, podda\u0142em\u2026","rel":"","context":"W \u201eGSB&quot;","block_context":{"text":"GSB","link":"https:\/\/www.volen.pl\/?cat=457"},"img":{"alt_text":"","src":"https:\/\/i0.wp.com\/www.volen.pl\/wp-content\/uploads\/2025\/12\/IMG_20251205_155510.jpg?fit=900%2C1200&ssl=1&resize=350%2C200","width":350,"height":200,"srcset":"https:\/\/i0.wp.com\/www.volen.pl\/wp-content\/uploads\/2025\/12\/IMG_20251205_155510.jpg?fit=900%2C1200&ssl=1&resize=350%2C200 1x, https:\/\/i0.wp.com\/www.volen.pl\/wp-content\/uploads\/2025\/12\/IMG_20251205_155510.jpg?fit=900%2C1200&ssl=1&resize=525%2C300 1.5x, https:\/\/i0.wp.com\/www.volen.pl\/wp-content\/uploads\/2025\/12\/IMG_20251205_155510.jpg?fit=900%2C1200&ssl=1&resize=700%2C400 2x"},"classes":[]},{"id":104,"url":"https:\/\/www.volen.pl\/?p=104","url_meta":{"origin":286,"position":3},"title":"Skrzyczne","author":"volen","date":"2014-02-14","format":"gallery","excerpt":"","rel":"","context":"W \u201edreptak&quot;","block_context":{"text":"dreptak","link":"https:\/\/www.volen.pl\/?cat=18"},"img":{"alt_text":"","src":"https:\/\/i0.wp.com\/www.volen.pl\/wp-content\/uploads\/2014\/02\/Skrzyczne-2014-_DSC0672.jpg?fit=1200%2C795&ssl=1&resize=350%2C200","width":350,"height":200,"srcset":"https:\/\/i0.wp.com\/www.volen.pl\/wp-content\/uploads\/2014\/02\/Skrzyczne-2014-_DSC0672.jpg?fit=1200%2C795&ssl=1&resize=350%2C200 1x, https:\/\/i0.wp.com\/www.volen.pl\/wp-content\/uploads\/2014\/02\/Skrzyczne-2014-_DSC0672.jpg?fit=1200%2C795&ssl=1&resize=525%2C300 1.5x, https:\/\/i0.wp.com\/www.volen.pl\/wp-content\/uploads\/2014\/02\/Skrzyczne-2014-_DSC0672.jpg?fit=1200%2C795&ssl=1&resize=700%2C400 2x, https:\/\/i0.wp.com\/www.volen.pl\/wp-content\/uploads\/2014\/02\/Skrzyczne-2014-_DSC0672.jpg?fit=1200%2C795&ssl=1&resize=1050%2C600 3x"},"classes":[]},{"id":101,"url":"https:\/\/www.volen.pl\/?p=101","url_meta":{"origin":286,"position":4},"title":"Barania G\u00f3ra","author":"volen","date":"2014-02-14","format":"gallery","excerpt":"","rel":"","context":"W \u201edreptak&quot;","block_context":{"text":"dreptak","link":"https:\/\/www.volen.pl\/?cat=18"},"img":{"alt_text":"","src":"https:\/\/i0.wp.com\/www.volen.pl\/wp-content\/uploads\/2014\/02\/Barania-G%C3%B3ra-2014-DSC_0660.jpg?fit=1200%2C803&ssl=1&resize=350%2C200","width":350,"height":200,"srcset":"https:\/\/i0.wp.com\/www.volen.pl\/wp-content\/uploads\/2014\/02\/Barania-G%C3%B3ra-2014-DSC_0660.jpg?fit=1200%2C803&ssl=1&resize=350%2C200 1x, https:\/\/i0.wp.com\/www.volen.pl\/wp-content\/uploads\/2014\/02\/Barania-G%C3%B3ra-2014-DSC_0660.jpg?fit=1200%2C803&ssl=1&resize=525%2C300 1.5x, https:\/\/i0.wp.com\/www.volen.pl\/wp-content\/uploads\/2014\/02\/Barania-G%C3%B3ra-2014-DSC_0660.jpg?fit=1200%2C803&ssl=1&resize=700%2C400 2x, https:\/\/i0.wp.com\/www.volen.pl\/wp-content\/uploads\/2014\/02\/Barania-G%C3%B3ra-2014-DSC_0660.jpg?fit=1200%2C803&ssl=1&resize=1050%2C600 3x"},"classes":[]},{"id":209,"url":"https:\/\/www.volen.pl\/?p=209","url_meta":{"origin":286,"position":5},"title":"W g\u00f3ry!","author":"volen","date":"2013-04-28","format":false,"excerpt":"Ju\u017c za godzin par\u0119 wybywamy na d\u0142ugi weekend! Jedziemy - jak zawsze - przygotowani na wszystko, zupe\u0142nie bez planu. Nied\u0142ugo kolejne porcje ma\u0142ych, chrupkich informacji z naszej wyprawy, ma pada\u0107 i by\u0107 mokro. Smakowito\u015b\u0107 :) D\u0142ugiego weekendu dla ka\u017cdego!","rel":"","context":"W \u201eBeskid \u015al\u0105ski 2013&quot;","block_context":{"text":"Beskid \u015al\u0105ski 2013","link":"https:\/\/www.volen.pl\/?cat=136"},"img":{"alt_text":"","src":"","width":0,"height":0},"classes":[]}],"_links":{"self":[{"href":"https:\/\/www.volen.pl\/index.php?rest_route=\/wp\/v2\/posts\/286","targetHints":{"allow":["GET"]}}],"collection":[{"href":"https:\/\/www.volen.pl\/index.php?rest_route=\/wp\/v2\/posts"}],"about":[{"href":"https:\/\/www.volen.pl\/index.php?rest_route=\/wp\/v2\/types\/post"}],"author":[{"embeddable":true,"href":"https:\/\/www.volen.pl\/index.php?rest_route=\/wp\/v2\/users\/1"}],"replies":[{"embeddable":true,"href":"https:\/\/www.volen.pl\/index.php?rest_route=%2Fwp%2Fv2%2Fcomments&post=286"}],"version-history":[{"count":1,"href":"https:\/\/www.volen.pl\/index.php?rest_route=\/wp\/v2\/posts\/286\/revisions"}],"predecessor-version":[{"id":288,"href":"https:\/\/www.volen.pl\/index.php?rest_route=\/wp\/v2\/posts\/286\/revisions\/288"}],"wp:featuredmedia":[{"embeddable":true,"href":"https:\/\/www.volen.pl\/index.php?rest_route=\/wp\/v2\/media\/287"}],"wp:attachment":[{"href":"https:\/\/www.volen.pl\/index.php?rest_route=%2Fwp%2Fv2%2Fmedia&parent=286"}],"wp:term":[{"taxonomy":"category","embeddable":true,"href":"https:\/\/www.volen.pl\/index.php?rest_route=%2Fwp%2Fv2%2Fcategories&post=286"},{"taxonomy":"post_tag","embeddable":true,"href":"https:\/\/www.volen.pl\/index.php?rest_route=%2Fwp%2Fv2%2Ftags&post=286"}],"curies":[{"name":"wp","href":"https:\/\/api.w.org\/{rel}","templated":true}]}}