{"id":2980,"date":"2019-02-07T21:20:57","date_gmt":"2019-02-07T20:20:57","guid":{"rendered":"http:\/\/www.volen.pl\/?p=2980"},"modified":"2019-02-07T21:20:57","modified_gmt":"2019-02-07T20:20:57","slug":"biurokracja","status":"publish","type":"post","link":"https:\/\/www.volen.pl\/?p=2980","title":{"rendered":"Biurokracja"},"content":{"rendered":"<p>Odk\u0105d rodzaj ludzki przesta\u0142 w\u0119drowa\u0107 bez celu i zacz\u0105\u0142 uprawia\u0107 po\u017cywienie, spo\u0142ecze\u0144stwo zacz\u0119\u0142o si\u0119 komplikowa\u0107. Kiedy tylko przestali\u015bmy sypia\u0107 z kuzynami i zbudowali\u015bmy mury, \u015bwi\u0105tynie i par\u0119 przyzwoitych klub\u00f3w nocnych, spo\u0142ecze\u0144stwo sta\u0142o<br \/>\nsi\u0119 zbyt skomplikowane, \u017ceby jedna osoba ogarn\u0119\u0142a je ca\u0142e naraz i tak narodzi\u0142a si\u0119 biurokracja. Biurokracja rozk\u0142ada z\u0142o\u017cono\u015b\u0107 na seri\u0119 zaz\u0119biaj\u0105cych si\u0119 system\u00f3w. Nie musisz wiedzie\u0107, jak te systemy maj\u0105 si\u0119 do siebie ani nawet jak\u0105 funkcj\u0119 spe\u0142nia tw\u00f3j kawa\u0142ek systemu, po prostu robisz swoje i ca\u0142a maszyneria dzia\u0142a, skrzypi\u0105c przera\u017aliwie, ale dzia\u0142a. Im bardziej r\u00f3\u017cnorodne funkcje spe\u0142nia dana organizacja, tym bardziej skomplikowane staj\u0105 si\u0119 zaz\u0119biaj\u0105ce si\u0119 systemy i podsystemy. Je\u015bli odpowiadasz (tak jak policja sto\u0142eczna) za zapobieganie atakom terrorystycznym,<br \/>\n\u0142agodzenie rodzinnych awantur i pilnowanie, \u017ceby motocykli\u015bci nie zabijali przypadkowych os\u00f3b, systemy s\u0105 naprawd\u0119 bardzo skomplikowane.<\/p>\n<p>Ben Aaronovitch &#8211; Rzeki Londynu<\/p>\n","protected":false},"excerpt":{"rendered":"<p>Odk\u0105d rodzaj ludzki przesta\u0142 w\u0119drowa\u0107 bez celu i zacz\u0105\u0142 uprawia\u0107 po\u017cywienie, spo\u0142ecze\u0144stwo zacz\u0119\u0142o si\u0119 komplikowa\u0107.&#8230;<\/p>\n<div class=\"more-link-wrapper\"><a class=\"more-link\" href=\"https:\/\/www.volen.pl\/?p=2980\">Read the post<span class=\"screen-reader-text\">Biurokracja<\/span><\/a><\/div>\n","protected":false},"author":1,"featured_media":0,"comment_status":"open","ping_status":"open","sticky":false,"template":"","format":"standard","meta":{"_crdt_document":"","jetpack_post_was_ever_published":false,"_jetpack_newsletter_access":"","_jetpack_dont_email_post_to_subs":false,"_jetpack_newsletter_tier_id":0,"_jetpack_memberships_contains_paywalled_content":false,"_jetpack_memberships_contains_paid_content":false,"footnotes":"","jetpack_publicize_message":"","jetpack_publicize_feature_enabled":true,"jetpack_social_post_already_shared":true,"jetpack_social_options":{"image_generator_settings":{"template":"highway","default_image_id":0,"font":"","enabled":false},"version":2}},"categories":[17],"tags":[377,384,385,386],"class_list":["post-2980","post","type-post","status-publish","format-standard","hentry","category-cytaty","tag-aaronovitch","tag-biurokracja","tag-organizacja","tag-spoleczenstwo","excerpt","zoom","full-without-featured","even","excerpt-0"],"jetpack_publicize_connections":[],"jetpack_featured_media_url":"","jetpack_shortlink":"https:\/\/wp.me\/p4lAri-M4","jetpack_sharing_enabled":true,"jetpack-related-posts":[{"id":140,"url":"https:\/\/www.volen.pl\/?p=140","url_meta":{"origin":2980,"position":0},"title":"krzyk","author":"volen","date":"2014-02-20","format":false,"excerpt":"Nikt ju\u017c nikogo prawie nie s\u0142yszy, chocia\u017c wszyscy krzycz\u0105, wi\u0119c ka\u017cdy krzyczy coraz g\u0142o\u015bniej, \u017ceby by\u0107 us\u0142yszanym, co powi\u0119ksza tylko ha\u0142as i coraz bardziej uniemo\u017cliwia porozumienie. A w dodatku wszyscy nie tylko krzycz\u0105, ale i p\u0119dz\u0105, krzycz\u0105c. Oczywi\u015bcie nie maj\u0105 poj\u0119cia dok\u0105d, tak samo jak coraz mniejsze ma znaczenie, co\u2026","rel":"","context":"W \u201ez\u0142ote g\u0142oski&quot;","block_context":{"text":"z\u0142ote g\u0142oski","link":"https:\/\/www.volen.pl\/?cat=17"},"img":{"alt_text":"","src":"","width":0,"height":0},"classes":[]},{"id":2119,"url":"https:\/\/www.volen.pl\/?p=2119","url_meta":{"origin":2980,"position":1},"title":"Wielki odwr\u00f3t","author":"volen","date":"2016-11-18","format":false,"excerpt":"Zjad\u0142em kanapk\u0119 z sa\u0142atk\u0105, kawy sobie nie robi\u0142em, gdy\u017c o 8.00 otwierali stacj\u0119, dok\u0105d uda\u0142em si\u0119 po \u015bniadaniu. Kawa i wiadomo\u015bci. Otwarto drog\u0119 nr 1 na p\u00f3\u0142noc - jest szansa obejrze\u0107 Hvitserkur. To tylko 60km ode mnie. Droga oblodzona, dwa razy wiatr zakr\u0119ci\u0142 autem, jak ba\u0144k\u0105 mydlan\u0105. Po zje\u017adzie z\u2026","rel":"","context":"W \u201eIslandia: snj\u00f3r, \u00eds og eldur&quot;","block_context":{"text":"Islandia: snj\u00f3r, \u00eds og eldur","link":"https:\/\/www.volen.pl\/?cat=268"},"img":{"alt_text":"","src":"https:\/\/i0.wp.com\/www.volen.pl\/wp-content\/uploads\/2017\/05\/koniki-DSC_8557-1.jpg?fit=1200%2C593&ssl=1&resize=350%2C200","width":350,"height":200,"srcset":"https:\/\/i0.wp.com\/www.volen.pl\/wp-content\/uploads\/2017\/05\/koniki-DSC_8557-1.jpg?fit=1200%2C593&ssl=1&resize=350%2C200 1x, https:\/\/i0.wp.com\/www.volen.pl\/wp-content\/uploads\/2017\/05\/koniki-DSC_8557-1.jpg?fit=1200%2C593&ssl=1&resize=525%2C300 1.5x, https:\/\/i0.wp.com\/www.volen.pl\/wp-content\/uploads\/2017\/05\/koniki-DSC_8557-1.jpg?fit=1200%2C593&ssl=1&resize=700%2C400 2x, https:\/\/i0.wp.com\/www.volen.pl\/wp-content\/uploads\/2017\/05\/koniki-DSC_8557-1.jpg?fit=1200%2C593&ssl=1&resize=1050%2C600 3x"},"classes":[]},{"id":205,"url":"https:\/\/www.volen.pl\/?p=205","url_meta":{"origin":2980,"position":2},"title":"G\u0142os rozs\u0105dku","author":"volen","date":"2013-05-02","format":false,"excerpt":"Jako\u015b tak z dnia na dzie\u0144 od chwili urodzin przywyk\u0142em, by go nie s\u0142ucha\u0107, bo g\u0142os rozs\u0105dku z zasady wyklucza wi\u0119kszo\u015b\u0107 moich pomys\u0142\u00f3w. Musia\u0142em wybra\u0107 si\u0119 w Beskidy, by zobaczy\u0107 jak dzia\u0142a. Od rana przy \u015bniadaniu dziewcz\u0119ta usi\u0142owa\u0142y forsowa\u0107 sw\u00f3j pomys\u0142, by uda\u0107 si\u0119 na poniewierk\u0119 i spr\u00f3bowa\u0107 dotrze\u0107 do\u2026","rel":"","context":"W \u201eBeskid \u015al\u0105ski 2013&quot;","block_context":{"text":"Beskid \u015al\u0105ski 2013","link":"https:\/\/www.volen.pl\/?cat=136"},"img":{"alt_text":"","src":"","width":0,"height":0},"classes":[]},{"id":1312,"url":"https:\/\/www.volen.pl\/?p=1312","url_meta":{"origin":2980,"position":3},"title":"Sighi\u0219oara","author":"volen","date":"2015-08-10","format":false,"excerpt":"Przed kontynuacj\u0105 podr\u00f3\u017cy postanowili\u015bmy skorzysta\u0107 z hotelowego internetu, ale, podobnie jak w innych miejscach, akurat nie dzia\u0142a\u0142. To wielce zastanawiaj\u0105ca przypad\u0142o\u015b\u0107 globalnej sieci w Europie, \u017ce dzia\u0142a, a w\u0142a\u015bciwie to z\u0142e okre\u015blenie - \u017ce funkcjonuje jak PKP. Jako, \u017ce z internetu nici, poszli\u015bmy za\u017cy\u0107 och\u0142ody w falach Morza Czarnego. W\u2026","rel":"","context":"W \u201eBalkan eXpress&quot;","block_context":{"text":"Balkan eXpress","link":"https:\/\/www.volen.pl\/?cat=194"},"img":{"alt_text":"","src":"https:\/\/i0.wp.com\/www.volen.pl\/wp-content\/uploads\/2015\/08\/VOL0884.jpg?fit=1200%2C795&ssl=1&resize=350%2C200","width":350,"height":200,"srcset":"https:\/\/i0.wp.com\/www.volen.pl\/wp-content\/uploads\/2015\/08\/VOL0884.jpg?fit=1200%2C795&ssl=1&resize=350%2C200 1x, https:\/\/i0.wp.com\/www.volen.pl\/wp-content\/uploads\/2015\/08\/VOL0884.jpg?fit=1200%2C795&ssl=1&resize=525%2C300 1.5x, https:\/\/i0.wp.com\/www.volen.pl\/wp-content\/uploads\/2015\/08\/VOL0884.jpg?fit=1200%2C795&ssl=1&resize=700%2C400 2x, https:\/\/i0.wp.com\/www.volen.pl\/wp-content\/uploads\/2015\/08\/VOL0884.jpg?fit=1200%2C795&ssl=1&resize=1050%2C600 3x"},"classes":[]},{"id":3073,"url":"https:\/\/www.volen.pl\/?p=3073","url_meta":{"origin":2980,"position":4},"title":"\u017burawie","author":"volen","date":"2018-10-11","format":false,"excerpt":"W nocy pada\u0142o, namiot mokry. Wszystko wilgotne w \u015brodku, wi\u0119c zastosowa\u0142em sw\u00f3j stary spos\u00f3b, rozci\u0105gn\u0105\u0142em z ty\u0142u kabiny link\u0119. Jeden \u015bpiw\u00f3r suszy si\u0119 na siedzeniu, drugi (tak, wygodny jestem, lubi\u0119 mie\u0107 w miar\u0119 mi\u0119kko pod plecami) na tej lince. Leje, ci\u0105gle wilgo\u0107 s\u0105czy si\u0119 z nieba, \u015bwiate\u0142ka samochod\u00f3w z naprzeciwka\u2026","rel":"","context":"W \u201enawariata&quot;","block_context":{"text":"nawariata","link":"https:\/\/www.volen.pl\/?cat=93"},"img":{"alt_text":"","src":"https:\/\/i0.wp.com\/www.volen.pl\/wp-content\/uploads\/2023\/02\/20181007_082919_HDR-scaled.jpg?fit=1200%2C600&ssl=1&resize=350%2C200","width":350,"height":200,"srcset":"https:\/\/i0.wp.com\/www.volen.pl\/wp-content\/uploads\/2023\/02\/20181007_082919_HDR-scaled.jpg?fit=1200%2C600&ssl=1&resize=350%2C200 1x, https:\/\/i0.wp.com\/www.volen.pl\/wp-content\/uploads\/2023\/02\/20181007_082919_HDR-scaled.jpg?fit=1200%2C600&ssl=1&resize=525%2C300 1.5x, https:\/\/i0.wp.com\/www.volen.pl\/wp-content\/uploads\/2023\/02\/20181007_082919_HDR-scaled.jpg?fit=1200%2C600&ssl=1&resize=700%2C400 2x, https:\/\/i0.wp.com\/www.volen.pl\/wp-content\/uploads\/2023\/02\/20181007_082919_HDR-scaled.jpg?fit=1200%2C600&ssl=1&resize=1050%2C600 3x"},"classes":[]},{"id":204,"url":"https:\/\/www.volen.pl\/?p=204","url_meta":{"origin":2980,"position":5},"title":"Wielki powr\u00f3t.","author":"volen","date":"2013-05-03","format":false,"excerpt":"Rozpocz\u0105\u0142 si\u0119 do\u015b\u0107 niewinnie po\u015br\u00f3d wspania\u0142ych okoliczno\u015bci przyrody tej bardziej i tej mniej dzikiej. Morza szum, ptak\u00f3w \u015bpiew, z\u0142ota pla\u017ca po\u015br\u00f3d drzew\u2026 No odrobin\u0119 mnie ponios\u0142o, ptaki rzeczywi\u015bcie dar\u0142y chude gard\u0142a w niebog\u0142osy, mo\u017ce nie morze, ale woda, p\u0142yn\u0119\u0142a pod naszymi stopy, po\u015br\u00f3d drzew mo\u017cna by\u0142o jedynie spa\u015b\u0107 na zbity\u2026","rel":"","context":"W \u201eBeskid \u015al\u0105ski 2013&quot;","block_context":{"text":"Beskid \u015al\u0105ski 2013","link":"https:\/\/www.volen.pl\/?cat=136"},"img":{"alt_text":"","src":"","width":0,"height":0},"classes":[]}],"_links":{"self":[{"href":"https:\/\/www.volen.pl\/index.php?rest_route=\/wp\/v2\/posts\/2980","targetHints":{"allow":["GET"]}}],"collection":[{"href":"https:\/\/www.volen.pl\/index.php?rest_route=\/wp\/v2\/posts"}],"about":[{"href":"https:\/\/www.volen.pl\/index.php?rest_route=\/wp\/v2\/types\/post"}],"author":[{"embeddable":true,"href":"https:\/\/www.volen.pl\/index.php?rest_route=\/wp\/v2\/users\/1"}],"replies":[{"embeddable":true,"href":"https:\/\/www.volen.pl\/index.php?rest_route=%2Fwp%2Fv2%2Fcomments&post=2980"}],"version-history":[{"count":0,"href":"https:\/\/www.volen.pl\/index.php?rest_route=\/wp\/v2\/posts\/2980\/revisions"}],"wp:attachment":[{"href":"https:\/\/www.volen.pl\/index.php?rest_route=%2Fwp%2Fv2%2Fmedia&parent=2980"}],"wp:term":[{"taxonomy":"category","embeddable":true,"href":"https:\/\/www.volen.pl\/index.php?rest_route=%2Fwp%2Fv2%2Fcategories&post=2980"},{"taxonomy":"post_tag","embeddable":true,"href":"https:\/\/www.volen.pl\/index.php?rest_route=%2Fwp%2Fv2%2Ftags&post=2980"}],"curies":[{"name":"wp","href":"https:\/\/api.w.org\/{rel}","templated":true}]}}