{"id":2985,"date":"2019-03-05T21:28:55","date_gmt":"2019-03-05T20:28:55","guid":{"rendered":"http:\/\/www.volen.pl\/?p=2985"},"modified":"2019-03-05T21:28:55","modified_gmt":"2019-03-05T20:28:55","slug":"teoria-generalnego-bajzlu","status":"publish","type":"post","link":"https:\/\/www.volen.pl\/?p=2985","title":{"rendered":"Teoria generalnego bajzlu"},"content":{"rendered":"<p>Oczywi\u015bcie niekt\u00f3rzy ludzie utrzymuj\u0105, \u017ce<br \/>\nodwiedzali nas ju\u017c przybysze z przysz\u0142o\u015bci, o czym mia\u0142yby \u015bwiadczy\u0107 UFO, oraz \u017ce rz\u0105dy zamieszane s\u0105 w gigantyczn\u0105 zmow\u0119, aby nie wysz\u0142o to na jaw, chc\u0105c zachowa\u0107 przekazan\u0105 przez nich wiedz\u0119 naukow\u0105 wy\u0142\u0105cznie dla siebie. Wszystko, co mog\u0119 powiedzie\u0107, \u017ce je\u015bli rz\u0105dy faktycznie mia\u0142yby co\u015b ukrywa\u0107 to raczej nie na wiele si\u0119 im zda\u0142y u\u017cyteczne informacje pozyskane od kosmit\u00f3w. Jestem do\u015b\u0107 sceptyczny wobec teorii spiskowych, gdy\u017c uwa\u017cam, \u017ce teoria generalnego bajzlu jest znacznie bardziej prawdopodobna.<br \/>\nStephen Hawking &#8211; Kr\u00f3tkie odpowiedzi na wielkie pytania<\/p>\n","protected":false},"excerpt":{"rendered":"<p>Oczywi\u015bcie niekt\u00f3rzy ludzie utrzymuj\u0105, \u017ce odwiedzali nas ju\u017c przybysze z przysz\u0142o\u015bci, o czym mia\u0142yby \u015bwiadczy\u0107&#8230;<\/p>\n<div class=\"more-link-wrapper\"><a class=\"more-link\" href=\"https:\/\/www.volen.pl\/?p=2985\">Read the post<span class=\"screen-reader-text\">Teoria generalnego bajzlu<\/span><\/a><\/div>\n","protected":false},"author":1,"featured_media":0,"comment_status":"open","ping_status":"open","sticky":false,"template":"","format":"standard","meta":{"_crdt_document":"","jetpack_post_was_ever_published":false,"_jetpack_newsletter_access":"","_jetpack_dont_email_post_to_subs":false,"_jetpack_newsletter_tier_id":0,"_jetpack_memberships_contains_paywalled_content":false,"_jetpack_memberships_contains_paid_content":false,"footnotes":"","jetpack_publicize_message":"","jetpack_publicize_feature_enabled":true,"jetpack_social_post_already_shared":true,"jetpack_social_options":{"image_generator_settings":{"template":"highway","default_image_id":0,"font":"","enabled":false},"version":2}},"categories":[17],"tags":[371,389,387,388],"class_list":["post-2985","post","type-post","status-publish","format-standard","hentry","category-cytaty","tag-371","tag-fizyka","tag-hawking","tag-podroz-w-czasie","excerpt","zoom","full-without-featured","even","excerpt-0"],"jetpack_publicize_connections":[],"jetpack_featured_media_url":"","jetpack_shortlink":"https:\/\/wp.me\/p4lAri-M9","jetpack_sharing_enabled":true,"jetpack-related-posts":[{"id":3877,"url":"https:\/\/www.volen.pl\/?p=3877","url_meta":{"origin":2985,"position":0},"title":"Korbiel\u00f3w &#8211; W\u0119gierska G\u00f3rka","author":"volen","date":"2025-10-10","format":false,"excerpt":"W trasie s\u0142ucha\u0142em ciekawych podcast\u00f3w. \u017bona kaza\u0142a. Wiadomo. A jak \u017bona ka\u017ce, to M\u0105\u017c nie dyskutuje, lecz robi. Tak to dzia\u0142a. W drug\u0105 stron\u0119 podobno r\u00f3wnie\u017c, ali\u015bci na razie nie zauwa\u017cy\u0142em... Po jakim\u015b niezwykle dziwnie p\u0142yn\u0105cym czasie dojecha\u0142em do W\u0119gierskiej G\u00f3rki (czas, rzecz wzgl\u0119dna, wiadomo). Tu zatrzyma\u0142em si\u0119 u przesympatycznej\u2026","rel":"","context":"W \u201eGSB&quot;","block_context":{"text":"GSB","link":"https:\/\/www.volen.pl\/?cat=457"},"img":{"alt_text":"","src":"https:\/\/i0.wp.com\/www.volen.pl\/wp-content\/uploads\/2025\/11\/IMG_20251009_140521.jpg?fit=1200%2C900&ssl=1&resize=350%2C200","width":350,"height":200,"srcset":"https:\/\/i0.wp.com\/www.volen.pl\/wp-content\/uploads\/2025\/11\/IMG_20251009_140521.jpg?fit=1200%2C900&ssl=1&resize=350%2C200 1x, https:\/\/i0.wp.com\/www.volen.pl\/wp-content\/uploads\/2025\/11\/IMG_20251009_140521.jpg?fit=1200%2C900&ssl=1&resize=525%2C300 1.5x, https:\/\/i0.wp.com\/www.volen.pl\/wp-content\/uploads\/2025\/11\/IMG_20251009_140521.jpg?fit=1200%2C900&ssl=1&resize=700%2C400 2x, https:\/\/i0.wp.com\/www.volen.pl\/wp-content\/uploads\/2025\/11\/IMG_20251009_140521.jpg?fit=1200%2C900&ssl=1&resize=1050%2C600 3x"},"classes":[]},{"id":3073,"url":"https:\/\/www.volen.pl\/?p=3073","url_meta":{"origin":2985,"position":1},"title":"\u017burawie","author":"volen","date":"2018-10-11","format":false,"excerpt":"W nocy pada\u0142o, namiot mokry. Wszystko wilgotne w \u015brodku, wi\u0119c zastosowa\u0142em sw\u00f3j stary spos\u00f3b, rozci\u0105gn\u0105\u0142em z ty\u0142u kabiny link\u0119. Jeden \u015bpiw\u00f3r suszy si\u0119 na siedzeniu, drugi (tak, wygodny jestem, lubi\u0119 mie\u0107 w miar\u0119 mi\u0119kko pod plecami) na tej lince. Leje, ci\u0105gle wilgo\u0107 s\u0105czy si\u0119 z nieba, \u015bwiate\u0142ka samochod\u00f3w z naprzeciwka\u2026","rel":"","context":"W \u201enawariata&quot;","block_context":{"text":"nawariata","link":"https:\/\/www.volen.pl\/?cat=93"},"img":{"alt_text":"","src":"https:\/\/i0.wp.com\/www.volen.pl\/wp-content\/uploads\/2023\/02\/20181007_082919_HDR-scaled.jpg?fit=1200%2C600&ssl=1&resize=350%2C200","width":350,"height":200,"srcset":"https:\/\/i0.wp.com\/www.volen.pl\/wp-content\/uploads\/2023\/02\/20181007_082919_HDR-scaled.jpg?fit=1200%2C600&ssl=1&resize=350%2C200 1x, https:\/\/i0.wp.com\/www.volen.pl\/wp-content\/uploads\/2023\/02\/20181007_082919_HDR-scaled.jpg?fit=1200%2C600&ssl=1&resize=525%2C300 1.5x, https:\/\/i0.wp.com\/www.volen.pl\/wp-content\/uploads\/2023\/02\/20181007_082919_HDR-scaled.jpg?fit=1200%2C600&ssl=1&resize=700%2C400 2x, https:\/\/i0.wp.com\/www.volen.pl\/wp-content\/uploads\/2023\/02\/20181007_082919_HDR-scaled.jpg?fit=1200%2C600&ssl=1&resize=1050%2C600 3x"},"classes":[]},{"id":3133,"url":"https:\/\/www.volen.pl\/?p=3133","url_meta":{"origin":2985,"position":2},"title":"Cisn\u0119 z Cisnej na Koma\u0144cz\u0119, czyli czemu to \u017cubr jest kr\u00f3lem Bieszczad","author":"volen","date":"2023-03-17","format":false,"excerpt":"Gdzie\u015b zaraz za Rzeszowem zatrzyma\u0142em si\u0119, by w spokoju pokontemplowa\u0107 pobocze i uderzy\u0142 mnie osza\u0142amiaj\u0105cy \u015bwiergot ptak\u00f3w - znak, \u017ce nadesz\u0142a wiosna. U nas jej jeszcze nie wida\u0107 - stoj\u0105 dwa czy trzy zmarzni\u0119te \u017curawie i klekocz\u0105 z zimna dziobami. Jeszcze z trasy wykona\u0142em telefon do Bac\u00f3wki pod Honem -\u2026","rel":"","context":"W \u201eGSB&quot;","block_context":{"text":"GSB","link":"https:\/\/www.volen.pl\/?cat=457"},"img":{"alt_text":"Photo taken by Gregoire Dubois","src":"https:\/\/i0.wp.com\/www.volen.pl\/wp-content\/uploads\/2023\/03\/niedzwiedz.jpg?fit=1200%2C800&ssl=1&resize=350%2C200","width":350,"height":200,"srcset":"https:\/\/i0.wp.com\/www.volen.pl\/wp-content\/uploads\/2023\/03\/niedzwiedz.jpg?fit=1200%2C800&ssl=1&resize=350%2C200 1x, https:\/\/i0.wp.com\/www.volen.pl\/wp-content\/uploads\/2023\/03\/niedzwiedz.jpg?fit=1200%2C800&ssl=1&resize=525%2C300 1.5x, https:\/\/i0.wp.com\/www.volen.pl\/wp-content\/uploads\/2023\/03\/niedzwiedz.jpg?fit=1200%2C800&ssl=1&resize=700%2C400 2x, https:\/\/i0.wp.com\/www.volen.pl\/wp-content\/uploads\/2023\/03\/niedzwiedz.jpg?fit=1200%2C800&ssl=1&resize=1050%2C600 3x"},"classes":[]},{"id":2369,"url":"https:\/\/www.volen.pl\/?p=2369","url_meta":{"origin":2985,"position":3},"title":"\u015bnie\u017cnobia\u0142e klify Aktolagay","author":"volen","date":"2018-06-02","format":false,"excerpt":"Spora cz\u0119\u015b\u0107 trasy to same przejazdy, w czasie kt\u00f3rych nic si\u0119 nie dzieje, samoch\u00f3d \u0142yka kilometry, my py\u0142. Co jaki\u015b czas sier\u015b\u0107 (a przynajmniej wolimy tak my\u015ble\u0107) wielb\u0142\u0105d\u00f3w. Albo k\u00f3z. Wr\u00f3cili\u015bmy do Kulsary. Rano okaza\u0142o si\u0119, \u017ce rura wydechowa, kt\u00f3rej nie zd\u0105\u017cy\u0142em zespawa\u0107 przed wyjazdem, wisi na w\u0142osku. Przy okazji\u2026","rel":"","context":"W \u201enawariata&quot;","block_context":{"text":"nawariata","link":"https:\/\/www.volen.pl\/?cat=93"},"img":{"alt_text":"","src":"https:\/\/i0.wp.com\/www.volen.pl\/wp-content\/uploads\/2018\/06\/VOL0871.jpg?fit=1200%2C795&ssl=1&resize=350%2C200","width":350,"height":200,"srcset":"https:\/\/i0.wp.com\/www.volen.pl\/wp-content\/uploads\/2018\/06\/VOL0871.jpg?fit=1200%2C795&ssl=1&resize=350%2C200 1x, https:\/\/i0.wp.com\/www.volen.pl\/wp-content\/uploads\/2018\/06\/VOL0871.jpg?fit=1200%2C795&ssl=1&resize=525%2C300 1.5x, https:\/\/i0.wp.com\/www.volen.pl\/wp-content\/uploads\/2018\/06\/VOL0871.jpg?fit=1200%2C795&ssl=1&resize=700%2C400 2x, https:\/\/i0.wp.com\/www.volen.pl\/wp-content\/uploads\/2018\/06\/VOL0871.jpg?fit=1200%2C795&ssl=1&resize=1050%2C600 3x"},"classes":[]},{"id":3107,"url":"https:\/\/www.volen.pl\/?p=3107","url_meta":{"origin":2985,"position":4},"title":"Polska Antarktyda","author":"volen","date":"2023-01-27","format":false,"excerpt":"Pi\u0105tkowy poranek. Zmartwychwstanie. https:\/\/youtu.be\/5nWNUjOhU14 Jemy daktyle Aneta zrobi\u0142a \u015bniadanie na 8.30, o 10.00 wyszli\u015bmy z domku (Daniel zawsze pakuje si\u0119 3x...), \u017cwawym kroczkiem pensjonariuszy zak\u0142adu geriatrycznego ruszyli\u015bmy w stron\u0119 tutejszego sklepu spo\u017cywczego. Generalnie nie wieje od sprzedawczyni jak\u0105\u015b ogromn\u0105 sympati\u0105 do ludzi, wi\u0119c po kilku pr\u00f3bach odpu\u015bcili\u015bmy sobie pogaw\u0119dki i\u2026","rel":"","context":"W \u201eGSB&quot;","block_context":{"text":"GSB","link":"https:\/\/www.volen.pl\/?cat=457"},"img":{"alt_text":"","src":"https:\/\/i0.wp.com\/www.volen.pl\/wp-content\/uploads\/2023\/02\/IMG_20230127_152412-scaled.jpg?fit=1200%2C900&ssl=1&resize=350%2C200","width":350,"height":200,"srcset":"https:\/\/i0.wp.com\/www.volen.pl\/wp-content\/uploads\/2023\/02\/IMG_20230127_152412-scaled.jpg?fit=1200%2C900&ssl=1&resize=350%2C200 1x, https:\/\/i0.wp.com\/www.volen.pl\/wp-content\/uploads\/2023\/02\/IMG_20230127_152412-scaled.jpg?fit=1200%2C900&ssl=1&resize=525%2C300 1.5x, https:\/\/i0.wp.com\/www.volen.pl\/wp-content\/uploads\/2023\/02\/IMG_20230127_152412-scaled.jpg?fit=1200%2C900&ssl=1&resize=700%2C400 2x, https:\/\/i0.wp.com\/www.volen.pl\/wp-content\/uploads\/2023\/02\/IMG_20230127_152412-scaled.jpg?fit=1200%2C900&ssl=1&resize=1050%2C600 3x"},"classes":[]},{"id":3972,"url":"https:\/\/www.volen.pl\/?p=3972","url_meta":{"origin":2985,"position":5},"title":"I sta\u0142 si\u0119 koniec","author":"volen","date":"2025-12-05","format":false,"excerpt":"Na pocz\u0105tku wypiera\u0142em t\u0119 bolesn\u0105 \u015bwiadomo\u015b\u0107 ko\u0144ca wa\u017cnego etapu w moim \u017cyciu. Wsta\u0142em, ogarn\u0105\u0142em jajecznic\u0119 (no, jak\u017ce by inaczej), ruszy\u0142em w drog\u0119. Wtedy w\u0142a\u015bnie dotar\u0142o do mnie w ca\u0142ej rozci\u0105g\u0142o\u015bci, \u017ce to koniec. \u017be to ju\u017c ostatni raz... Naszed\u0142 mnie taki nastr\u00f3j ko\u0144ca \u015bwiata Po jakim\u015b czasie, za Cie\u015blar\u00f3wk\u0105, podda\u0142em\u2026","rel":"","context":"W \u201eGSB&quot;","block_context":{"text":"GSB","link":"https:\/\/www.volen.pl\/?cat=457"},"img":{"alt_text":"","src":"https:\/\/i0.wp.com\/www.volen.pl\/wp-content\/uploads\/2025\/12\/IMG_20251205_155510.jpg?fit=900%2C1200&ssl=1&resize=350%2C200","width":350,"height":200,"srcset":"https:\/\/i0.wp.com\/www.volen.pl\/wp-content\/uploads\/2025\/12\/IMG_20251205_155510.jpg?fit=900%2C1200&ssl=1&resize=350%2C200 1x, https:\/\/i0.wp.com\/www.volen.pl\/wp-content\/uploads\/2025\/12\/IMG_20251205_155510.jpg?fit=900%2C1200&ssl=1&resize=525%2C300 1.5x, https:\/\/i0.wp.com\/www.volen.pl\/wp-content\/uploads\/2025\/12\/IMG_20251205_155510.jpg?fit=900%2C1200&ssl=1&resize=700%2C400 2x"},"classes":[]}],"_links":{"self":[{"href":"https:\/\/www.volen.pl\/index.php?rest_route=\/wp\/v2\/posts\/2985","targetHints":{"allow":["GET"]}}],"collection":[{"href":"https:\/\/www.volen.pl\/index.php?rest_route=\/wp\/v2\/posts"}],"about":[{"href":"https:\/\/www.volen.pl\/index.php?rest_route=\/wp\/v2\/types\/post"}],"author":[{"embeddable":true,"href":"https:\/\/www.volen.pl\/index.php?rest_route=\/wp\/v2\/users\/1"}],"replies":[{"embeddable":true,"href":"https:\/\/www.volen.pl\/index.php?rest_route=%2Fwp%2Fv2%2Fcomments&post=2985"}],"version-history":[{"count":0,"href":"https:\/\/www.volen.pl\/index.php?rest_route=\/wp\/v2\/posts\/2985\/revisions"}],"wp:attachment":[{"href":"https:\/\/www.volen.pl\/index.php?rest_route=%2Fwp%2Fv2%2Fmedia&parent=2985"}],"wp:term":[{"taxonomy":"category","embeddable":true,"href":"https:\/\/www.volen.pl\/index.php?rest_route=%2Fwp%2Fv2%2Fcategories&post=2985"},{"taxonomy":"post_tag","embeddable":true,"href":"https:\/\/www.volen.pl\/index.php?rest_route=%2Fwp%2Fv2%2Ftags&post=2985"}],"curies":[{"name":"wp","href":"https:\/\/api.w.org\/{rel}","templated":true}]}}