{"id":2990,"date":"2019-07-03T08:41:04","date_gmt":"2019-07-03T06:41:04","guid":{"rendered":"http:\/\/www.volen.pl\/?p=2990"},"modified":"2019-07-03T08:41:04","modified_gmt":"2019-07-03T06:41:04","slug":"praktyczny-dowod-na-to-ze","status":"publish","type":"post","link":"https:\/\/www.volen.pl\/?p=2990","title":{"rendered":"Praktyczny dow\u00f3d na to, \u017ce"},"content":{"rendered":"<p><a target=\"_blank\" rel=\"noopener noreferrer\" href=\"https:\/\/www.bbc.com\/news\/blogs-news-from-elsewhere-48824181\">nie tylko mnie nosi po \u015bwiecie<\/a><\/p>\n","protected":false},"excerpt":{"rendered":"<p>nie tylko mnie nosi po \u015bwiecie<\/p>\n","protected":false},"author":1,"featured_media":0,"comment_status":"open","ping_status":"open","sticky":false,"template":"","format":"standard","meta":{"_crdt_document":"","jetpack_post_was_ever_published":false,"_jetpack_newsletter_access":"","_jetpack_dont_email_post_to_subs":false,"_jetpack_newsletter_tier_id":0,"_jetpack_memberships_contains_paywalled_content":false,"_jetpack_memberships_contains_paid_content":false,"footnotes":"","jetpack_publicize_message":"","jetpack_publicize_feature_enabled":true,"jetpack_social_post_already_shared":true,"jetpack_social_options":{"image_generator_settings":{"template":"highway","default_image_id":0,"font":"","enabled":false},"version":2}},"categories":[2],"tags":[390],"class_list":["post-2990","post","type-post","status-publish","format-standard","hentry","category-filozofia-uliczna","tag-lis-arktyka-podroz","excerpt","zoom","full-without-featured","even","excerpt-0"],"jetpack_publicize_connections":[],"jetpack_featured_media_url":"","jetpack_shortlink":"https:\/\/wp.me\/p4lAri-Me","jetpack_sharing_enabled":true,"jetpack-related-posts":[{"id":2276,"url":"https:\/\/www.volen.pl\/?p=2276","url_meta":{"origin":2990,"position":0},"title":"Rosja","author":"volen","date":"2018-05-18","format":false,"excerpt":"Dzisiaj nic si\u0119 nie dzia\u0142o. Ot wstali, pojechali, auto weso\u0142o warcza\u0142o... Trasa, jak trasa, rosyjska puta falowana i koleinowana wed\u0142ug zmiennych gust\u00f3w nast\u0119puj\u0105cych po sobie pokole\u0144 kierowc\u00f3w. Z nud\u00f3w, na przystanku, poszed\u0142em na normalny, zwyk\u0142y, dzieci\u0119cy plac zabaw, jakich wiele na ca\u0142ym \u015bwiecie. Za\u0142\u0105czam zdj\u0119cia dla potomno\u015bci. Bardzo fajne miejsce,\u2026","rel":"","context":"W \u201enawariata&quot;","block_context":{"text":"nawariata","link":"https:\/\/www.volen.pl\/?cat=93"},"img":{"alt_text":"","src":"https:\/\/i0.wp.com\/www.volen.pl\/wp-content\/uploads\/2018\/05\/20180518_130720.jpg?fit=1200%2C600&ssl=1&resize=350%2C200","width":350,"height":200,"srcset":"https:\/\/i0.wp.com\/www.volen.pl\/wp-content\/uploads\/2018\/05\/20180518_130720.jpg?fit=1200%2C600&ssl=1&resize=350%2C200 1x, https:\/\/i0.wp.com\/www.volen.pl\/wp-content\/uploads\/2018\/05\/20180518_130720.jpg?fit=1200%2C600&ssl=1&resize=525%2C300 1.5x, https:\/\/i0.wp.com\/www.volen.pl\/wp-content\/uploads\/2018\/05\/20180518_130720.jpg?fit=1200%2C600&ssl=1&resize=700%2C400 2x, https:\/\/i0.wp.com\/www.volen.pl\/wp-content\/uploads\/2018\/05\/20180518_130720.jpg?fit=1200%2C600&ssl=1&resize=1050%2C600 3x"},"classes":[]},{"id":4038,"url":"https:\/\/www.volen.pl\/?p=4038","url_meta":{"origin":2990,"position":1},"title":"O przesycie, deficycie i sa\u0142atce jarzynowej","author":"volen","date":"2026-04-16","format":false,"excerpt":"Przesyt. Co prawda nie tym konkretnym s\u0142owem, ale tak kolega opisa\u0142 sytuacj\u0119 w swoim zwi\u0105zku. Opowiedzia\u0142 o pr\u00f3bach wsp\u00f3lnego uk\u0142adania czasu na spotkania z partnerk\u0105. Przek\u0142ada\u0142 swoje zaj\u0119cia tak, by trafia\u0107 w jej grafik i komasowa\u0107 wsp\u00f3lny czas wolny. Pr\u00f3bowa\u0142 po prostu uk\u0142ada\u0107 dzie\u0144 tak, by jak najwi\u0119cej czasu sp\u0119dza\u0107\u2026","rel":"","context":"W \u201efilozofia uliczna&quot;","block_context":{"text":"filozofia uliczna","link":"https:\/\/www.volen.pl\/?cat=2"},"img":{"alt_text":"","src":"","width":0,"height":0},"classes":[]},{"id":467,"url":"https:\/\/www.volen.pl\/?p=467","url_meta":{"origin":2990,"position":2},"title":"\u10ed\u10d8\u10d0\u10dc\u10ed\u10d5\u10d4\u10da\u10d4\u10d1\u10d8\u10e1 &#8211; mr\u00f3weczki","author":"volen","date":"2014-03-31","format":false,"excerpt":"Pocz\u0105tek dnia, opr\u00f3cz \u015bniadania w mi\u0142ym towarzystwie, przyni\u00f3s\u0142 opady \u015bniegu. Nie przypuszczali\u015bmy, \u017ce b\u0119dzie tu tak zimowo. Nugzari i Gia zawie\u017ali nas do marszrutki, kt\u00f3ra okaza\u0142a si\u0119 marszrutk\u0105 do Poti, gdzie mieli\u015bmy si\u0119 przesi\u0105\u015b\u0107. Nie by\u0142oby nic do dodania, gdyby nie fakt, i\u017c ten wehiku\u0142 pozbawiony by\u0142 zupe\u0142nie amortyzator\u00f3w oraz\u2026","rel":"","context":"W \u201eGruzja 2014&quot;","block_context":{"text":"Gruzja 2014","link":"https:\/\/www.volen.pl\/?cat=133"},"img":{"alt_text":"","src":"https:\/\/i0.wp.com\/www.volen.pl\/wp-content\/uploads\/2014\/04\/zugdidi-golibroda-_DSC6428.jpg?fit=1200%2C795&ssl=1&resize=350%2C200","width":350,"height":200,"srcset":"https:\/\/i0.wp.com\/www.volen.pl\/wp-content\/uploads\/2014\/04\/zugdidi-golibroda-_DSC6428.jpg?fit=1200%2C795&ssl=1&resize=350%2C200 1x, https:\/\/i0.wp.com\/www.volen.pl\/wp-content\/uploads\/2014\/04\/zugdidi-golibroda-_DSC6428.jpg?fit=1200%2C795&ssl=1&resize=525%2C300 1.5x, https:\/\/i0.wp.com\/www.volen.pl\/wp-content\/uploads\/2014\/04\/zugdidi-golibroda-_DSC6428.jpg?fit=1200%2C795&ssl=1&resize=700%2C400 2x, https:\/\/i0.wp.com\/www.volen.pl\/wp-content\/uploads\/2014\/04\/zugdidi-golibroda-_DSC6428.jpg?fit=1200%2C795&ssl=1&resize=1050%2C600 3x"},"classes":[]},{"id":2657,"url":"https:\/\/www.volen.pl\/?p=2657","url_meta":{"origin":2990,"position":3},"title":"i rozst\u0105pi\u0142a si\u0119 ziemia A\u0142taju","author":"volen","date":"2018-06-25","format":false,"excerpt":"\u015aniadanie typowo hotelowe. Doszed\u0142em do wniosku, \u017ce s\u0105 cztery rodzaje jedzenia na tym \u015bwiecie: domowe, restauracyjne, hotelowe i szpitalne. To by\u0142o typowo hotelowe. W szpitalu po prostu nie daliby tej po\u0142owy \u0142y\u017ceczki klej\u0105cej substancji o zapachu wunderbauma.Po kr\u00f3tkiej je\u017adzie czo\u0142g. Przejecha\u0142 sobie na drug\u0105 stron\u0119 jezdni po starych oponach. Troch\u0119\u2026","rel":"","context":"W \u201enawariata&quot;","block_context":{"text":"nawariata","link":"https:\/\/www.volen.pl\/?cat=93"},"img":{"alt_text":"","src":"https:\/\/i0.wp.com\/www.volen.pl\/wp-content\/uploads\/2018\/06\/VOL2529.jpg?fit=1200%2C795&ssl=1&resize=350%2C200","width":350,"height":200,"srcset":"https:\/\/i0.wp.com\/www.volen.pl\/wp-content\/uploads\/2018\/06\/VOL2529.jpg?fit=1200%2C795&ssl=1&resize=350%2C200 1x, https:\/\/i0.wp.com\/www.volen.pl\/wp-content\/uploads\/2018\/06\/VOL2529.jpg?fit=1200%2C795&ssl=1&resize=525%2C300 1.5x, https:\/\/i0.wp.com\/www.volen.pl\/wp-content\/uploads\/2018\/06\/VOL2529.jpg?fit=1200%2C795&ssl=1&resize=700%2C400 2x, https:\/\/i0.wp.com\/www.volen.pl\/wp-content\/uploads\/2018\/06\/VOL2529.jpg?fit=1200%2C795&ssl=1&resize=1050%2C600 3x"},"classes":[]},{"id":3073,"url":"https:\/\/www.volen.pl\/?p=3073","url_meta":{"origin":2990,"position":4},"title":"\u017burawie","author":"volen","date":"2018-10-11","format":false,"excerpt":"W nocy pada\u0142o, namiot mokry. Wszystko wilgotne w \u015brodku, wi\u0119c zastosowa\u0142em sw\u00f3j stary spos\u00f3b, rozci\u0105gn\u0105\u0142em z ty\u0142u kabiny link\u0119. Jeden \u015bpiw\u00f3r suszy si\u0119 na siedzeniu, drugi (tak, wygodny jestem, lubi\u0119 mie\u0107 w miar\u0119 mi\u0119kko pod plecami) na tej lince. Leje, ci\u0105gle wilgo\u0107 s\u0105czy si\u0119 z nieba, \u015bwiate\u0142ka samochod\u00f3w z naprzeciwka\u2026","rel":"","context":"W \u201enawariata&quot;","block_context":{"text":"nawariata","link":"https:\/\/www.volen.pl\/?cat=93"},"img":{"alt_text":"","src":"https:\/\/i0.wp.com\/www.volen.pl\/wp-content\/uploads\/2023\/02\/20181007_082919_HDR-scaled.jpg?fit=1200%2C600&ssl=1&resize=350%2C200","width":350,"height":200,"srcset":"https:\/\/i0.wp.com\/www.volen.pl\/wp-content\/uploads\/2023\/02\/20181007_082919_HDR-scaled.jpg?fit=1200%2C600&ssl=1&resize=350%2C200 1x, https:\/\/i0.wp.com\/www.volen.pl\/wp-content\/uploads\/2023\/02\/20181007_082919_HDR-scaled.jpg?fit=1200%2C600&ssl=1&resize=525%2C300 1.5x, https:\/\/i0.wp.com\/www.volen.pl\/wp-content\/uploads\/2023\/02\/20181007_082919_HDR-scaled.jpg?fit=1200%2C600&ssl=1&resize=700%2C400 2x, https:\/\/i0.wp.com\/www.volen.pl\/wp-content\/uploads\/2023\/02\/20181007_082919_HDR-scaled.jpg?fit=1200%2C600&ssl=1&resize=1050%2C600 3x"},"classes":[]},{"id":4005,"url":"https:\/\/www.volen.pl\/?p=4005","url_meta":{"origin":2990,"position":5},"title":"Gniewko","author":"volen","date":"2026-03-06","format":false,"excerpt":"Gniewko zaakceptowa\u0142 moje warunki. - powiedzia\u0142em Ani. Chodzi\u0142o o to, \u017ce nie p\u00f3jdzie dzi\u015b do przedszkola, je\u015bli b\u0119dzie zachowywa\u0142 si\u0119 przyzwoicie. Na to wchodzi Gniewko i pyta: a co to znaczy \"przyzwoicie\"? kurtyna.","rel":"","context":"W \u201efilozofia uliczna&quot;","block_context":{"text":"filozofia uliczna","link":"https:\/\/www.volen.pl\/?cat=2"},"img":{"alt_text":"","src":"","width":0,"height":0},"classes":[]}],"_links":{"self":[{"href":"https:\/\/www.volen.pl\/index.php?rest_route=\/wp\/v2\/posts\/2990","targetHints":{"allow":["GET"]}}],"collection":[{"href":"https:\/\/www.volen.pl\/index.php?rest_route=\/wp\/v2\/posts"}],"about":[{"href":"https:\/\/www.volen.pl\/index.php?rest_route=\/wp\/v2\/types\/post"}],"author":[{"embeddable":true,"href":"https:\/\/www.volen.pl\/index.php?rest_route=\/wp\/v2\/users\/1"}],"replies":[{"embeddable":true,"href":"https:\/\/www.volen.pl\/index.php?rest_route=%2Fwp%2Fv2%2Fcomments&post=2990"}],"version-history":[{"count":0,"href":"https:\/\/www.volen.pl\/index.php?rest_route=\/wp\/v2\/posts\/2990\/revisions"}],"wp:attachment":[{"href":"https:\/\/www.volen.pl\/index.php?rest_route=%2Fwp%2Fv2%2Fmedia&parent=2990"}],"wp:term":[{"taxonomy":"category","embeddable":true,"href":"https:\/\/www.volen.pl\/index.php?rest_route=%2Fwp%2Fv2%2Fcategories&post=2990"},{"taxonomy":"post_tag","embeddable":true,"href":"https:\/\/www.volen.pl\/index.php?rest_route=%2Fwp%2Fv2%2Ftags&post=2990"}],"curies":[{"name":"wp","href":"https:\/\/api.w.org\/{rel}","templated":true}]}}